{"id":16462,"date":"2019-07-18T07:33:00","date_gmt":"2019-07-18T06:33:00","guid":{"rendered":"https:\/\/speyer24news.com\/?p=16462"},"modified":"2019-07-18T07:56:01","modified_gmt":"2019-07-18T06:56:01","slug":"polizei-17","status":"publish","type":"post","link":"https:\/\/speyer24news.com\/?p=16462","title":{"rendered":"Polizei"},"content":{"rendered":"<style type=\"text\/css\">\r\n\t.ads_top_disp{}\r\n\t.ads_top_corner_disp{ float:left; margin:0px 10px 10px 0px; }\r\n\t.ads_first_p_disp{}\r\n\t.ads_bottom_disp{}\r\n\t<\/style>\n<h2 class=\"wp-block-heading\">Polizeimeldungen vom Mittwoch (17.07.2019)<\/h2>\n\n\n\n<div class=\"wp-block-image\"><figure class=\"aligncenter\"><img decoding=\"async\" src=\"https:\/\/speyer24news.com\/wp-content\/uploads\/2019\/07\/Aktuelles-Polizeilogo.jpg\" alt=\"\" class=\"wp-image-16232\"\/><\/figure><\/div>\n\n\n\n<h4 class=\"wp-block-heading\">(B\u00f6hl-Iggelheim) &#8211; Unbekannter schl\u00e4gt Oberb\u00fcrgermeister von Hockenheim<\/h4>\n\n\n\n<h4 class=\"wp-block-heading\" style=\"text-align:center\">Nachtrag zur Pressemitteilung vom 16.07.2019<\/h4>\n\n\n\n<p>Im\n Zusammenhang mit dem Angriff auf den Oberb\u00fcrgermeister der Stadt \nHockenheim am vergangenen Dienstag, 15.07.2019, 20:30 Uhr, in \nB\u00f6hl-Iggelheim, bittet die Polizei zur Aufkl\u00e4rung der Straftat um Ihre \nMithilfe. <\/p>\n\n\n\n<p>Haben Sie in den letzten Wochen Beobachtungen gemacht, die im Zusammenhang mit der Straftat stehen k\u00f6nnten? <\/p>\n\n\n\n<p>Haben Sie am Abend des 15.07.2019 verd\u00e4chtige Personen \/ Fahrzeuge im Bereich der Forststra\u00dfe wahrgenommen? <\/p>\n\n\n\n<p>Der  Polizei liegt derzeit folgende aktuelle Beschreibung zum T\u00e4ter vor:<\/p>\n\n\n\n<ul><li>m\u00e4nnlich<\/li><li>30 &#8211; 40 Jahre alt<\/li><li>170-180 cm gro\u00df<\/li><li>nordafrikanisch-arabisches Erscheinungsbild<\/li><\/ul>\n\n\n\n<p>Sofern Sie diesbez\u00fcglich Beobachtungen gemacht haben,  werden Sie dringend gebeten, sich bei der Polizei zu melden. <\/p>\n\n\n\n<p>Sachdienliche Hinweise nimmt die Kriminalpolizei Ludwigshafen unter der Tel.-Nr. 0621\/963-2773, E-Mail <a href=\"mailto:zkiludwigshafen.k12@polizei.rlp.de\">zkiludwigshafen.k12@polizei.rlp.de<\/a> oder jede andere Polizeidienststelle entgegen. <\/p>\n\n\n\n<h4 class=\"wp-block-heading\">(Lustadt) &#8211; Diebstahl einer R\u00fcttelplatte<\/h4>\n\n\n\n<p>In der Nacht von Montag auf Dienstag wurde im Bereich der Lohngasse in  Lustadt eine gelbe R\u00fcttelplatte der Marke BOMAG entwendet. Die  R\u00fcttelplatte hat ein Gewicht von ca. 220 kg. Wir bitten Zeugen die etwas  beobachtet haben sich bei der Polizei in Germersheim zu melden. <\/p>\n\n\n\n<h4 class=\"wp-block-heading\">(Hatzenb\u00fchl) &#8211; Werkstattbrand in einer Scheune<\/h4>\n\n\n\n<div class=\"wp-block-image\"><figure class=\"aligncenter\"><img decoding=\"async\" loading=\"lazy\" width=\"800\" height=\"600\" src=\"https:\/\/speyer24news.com\/wp-content\/uploads\/2019\/07\/16.07.19-Hatzenb\u00fchl-Brand.jpg\" alt=\"\" class=\"wp-image-16463\" srcset=\"https:\/\/speyer24news.com\/wp-content\/uploads\/2019\/07\/16.07.19-Hatzenb\u00fchl-Brand.jpg 800w, https:\/\/speyer24news.com\/wp-content\/uploads\/2019\/07\/16.07.19-Hatzenb\u00fchl-Brand-300x225.jpg 300w, https:\/\/speyer24news.com\/wp-content\/uploads\/2019\/07\/16.07.19-Hatzenb\u00fchl-Brand-768x576.jpg 768w, https:\/\/speyer24news.com\/wp-content\/uploads\/2019\/07\/16.07.19-Hatzenb\u00fchl-Brand-678x509.jpg 678w, https:\/\/speyer24news.com\/wp-content\/uploads\/2019\/07\/16.07.19-Hatzenb\u00fchl-Brand-326x245.jpg 326w, https:\/\/speyer24news.com\/wp-content\/uploads\/2019\/07\/16.07.19-Hatzenb\u00fchl-Brand-80x60.jpg 80w\" sizes=\"(max-width: 800px) 100vw, 800px\" \/><figcaption>Brand in Hatzenb\u00fchl<\/figcaption><\/figure><\/div>\n\n\n\n<p>Die Integrierte Leitstelle Landau meldete der Polizeiinspektion W\u00f6rth  am Dienstag, dem 16.07.2019, um 07.40 Uhr, einen Scheunenbrand in der  Lindenstra\u00dfe. Die Freiwilligen Feuerwehren der Verbandsgemeinde Jockgrim  hatten das Feuer beim Eintreffen der Polizei bereits gel\u00f6scht. Im  r\u00fcckw\u00e4rtigen Bereich eines Wohnanwesens war eine Werkstatt in einer  Scheune in Brand geraten. Die Ursache des Feuers war vermutlich ein  technischer Defekt. Verletzt wurde niemand. Der entstandene Sachschaden  wurde auf etwa 3000 Euro gesch\u00e4tzt.<\/p>\n\n\n\n<h4 class=\"wp-block-heading\">(Erlenbach bei Kandel) &#8211; Radfahrerin bei Vorfahrtsmissachtung umgefahren<\/h4>\n\n\n\n<p>Ein 51-j\u00e4hriger Autofahrer befuhr am Dienstag, dem 16.07.2019, um 17.35  Uhr, die A 65 in Fahrtrichtung Karlsruhe, um von der Ausfahrt  Kandel-Nord nach links in Richtung Kandel abzubiegen. An der Einm\u00fcndung  in die Landstra\u00dfe 554 missachtete er beim Linksabbiegen die Vorfahrt  einer von links heranfahrenden, 56-j\u00e4hrigen Radfahrerin und stie\u00df mit  ihr zusammen. Die Frau st\u00fcrzte und verletzte sich so schwer, dass sie in  ein Krankenhaus verbracht werden musste. Die Verletzungen sind nicht  lebensbedrohlich. <\/p>\n\n\n\n<h4 class=\"wp-block-heading\">(W\u00f6rth am Rhein) &#8211; Illegale M\u00fcllentsorgung<\/h4>\n\n\n\n<p>Durch den zust\u00e4ndigen Revierleiter des Forstamts Kandel wurde der  Polizeiinspkektion W\u00f6rth am 16.07.2019 mitgeteilt, dass im Bienwald bei  B\u00fcchelberg erneut Bauschutt entsorgt wurde. Es wurde festgestellt, dass  bislang unbekannte T\u00e4ter Bauschutt, wie T\u00fcren, Fenster, D\u00e4mmmaterial und  Eternitplatten, welche m\u00f6glicherweise Asbest enthalten k\u00f6nnten, im  Waldabschnitt zwischen Langenberg und Schaidt illegal entsorgt haben.  Zeugen werden gebeten sich mit der Polizeiinspektion W\u00f6rth in Verbindung  zu setzen. <\/p>\n\n\n\n<h4 class=\"wp-block-heading\">(Berg \/ Pfalz) &#8211; Radfahrer st\u00fcrzt nach Spiegelber\u00fchrung<\/h4>\n\n\n\n<p>Am Dienstag, dem 16.07.2019, um 12.25 Uhr, befuhr ein 62-j\u00e4hriger  Radfahrer die Landstra\u00dfe in H\u00f6he der Ortschaft Berg in Fahrtrichtung  Hagenbach, als er von einem von einem \u00fcberholenden Auto am Lenker  gestreift wurde und anschlie\u00dfend st\u00fcrzte. Der 75-j\u00e4hrige Autofahrer  bemerkte den Ansto\u00df nicht, hielt allerdings an, weil er einen Knall  geh\u00f6rt hatte. Der Radfahrer erlitt leichte Sch\u00fcrfwunden und konnte seine  Fahrt fortsetzen. Der Lenker des Fahrrads und der rechte Au\u00dfenspiegel  des Autos wurden minimal besch\u00e4digt. <\/p>\n\n\n\n<h4 class=\"wp-block-heading\">(D\u00f6rrenbach) &#8211; Geschwindigkeitskontrolle<\/h4>\n\n\n\n<p>Am Dienstag, 16.07.2019, wurde zwischen 09:55 Uhr und 11:30 Uhr, auf  der B 38, eine Geschwindigkeitskontrolle durchgef\u00fchrt. Die  Geschwindigkeit ist aufgrund einer Bauma\u00dfnahme zwischen der K 22 und  Oberotterbach, auf 50Km\/h reduziert. Bei der Kontrolle wurden 9  Fahrzeugf\u00fchrer beanstandet. <\/p>\n\n\n\n<h4 class=\"wp-block-heading\">(Bad Bergzabern) &#8211; Unfallfl\u00fcchtiger gesucht<\/h4>\n\n\n\n<p>Am Dienstag, 16.07.2019, wurde zwischen 17:55 Uhr und 18:30 Uhr, auf  einem Parkplatz eines Einkaufsmarktes im Industriegebiet Im Weidfeld, an  einem Pkw VW Golf der linke hintere Radkasten besch\u00e4digt. Der  Sachschaden bel\u00e4uft sich auf 800.- Euro. Hinweise auf den Verursacher  bittet die Polizeiinspektion Bad Bergzabern unter Telefon 06343-93340  oder per email unter <a href=\"mailto:pibadbergzabern@polizei.rlp.de\">pibadbergzabern@polizei.rlp.de<\/a> zu melden. <\/p>\n\n\n\n<h4 class=\"wp-block-heading\">(M\u00fcnchweiler am Klingbach) &#8211; Halle beschmiert<\/h4>\n\n\n\n<div class=\"wp-block-image\"><figure class=\"aligncenter\"><img decoding=\"async\" loading=\"lazy\" width=\"800\" height=\"600\" src=\"https:\/\/speyer24news.com\/wp-content\/uploads\/2019\/07\/16.07.19-M\u00fcnchweiler-Grafitti2.jpg\" alt=\"\" class=\"wp-image-16464\" srcset=\"https:\/\/speyer24news.com\/wp-content\/uploads\/2019\/07\/16.07.19-M\u00fcnchweiler-Grafitti2.jpg 800w, https:\/\/speyer24news.com\/wp-content\/uploads\/2019\/07\/16.07.19-M\u00fcnchweiler-Grafitti2-300x225.jpg 300w, https:\/\/speyer24news.com\/wp-content\/uploads\/2019\/07\/16.07.19-M\u00fcnchweiler-Grafitti2-768x576.jpg 768w, https:\/\/speyer24news.com\/wp-content\/uploads\/2019\/07\/16.07.19-M\u00fcnchweiler-Grafitti2-678x509.jpg 678w, https:\/\/speyer24news.com\/wp-content\/uploads\/2019\/07\/16.07.19-M\u00fcnchweiler-Grafitti2-326x245.jpg 326w, https:\/\/speyer24news.com\/wp-content\/uploads\/2019\/07\/16.07.19-M\u00fcnchweiler-Grafitti2-80x60.jpg 80w\" sizes=\"(max-width: 800px) 100vw, 800px\" \/><\/figure><\/div>\n\n\n\n<p>Nachdem in den letzten Wochen mittels rosa Spr\u00fchfarbe im Ortsbereich  Klingenm\u00fcnster Stra\u00dfen, B\u00e4nke und Verkehrszeichen beschmiert wurden,  wurde nun auch die R\u00fcckseite des Jugendtreffs ebenfalls mit  Beleidigungen und sonstigen Straftaten verunziert. Der bisherige Schaden  d\u00fcrfte \u00fcber 1000.- EUR liegen. <\/p>\n\n\n\n<div class=\"wp-block-image\"><figure class=\"aligncenter\"><img decoding=\"async\" loading=\"lazy\" width=\"800\" height=\"600\" src=\"https:\/\/speyer24news.com\/wp-content\/uploads\/2019\/07\/16.07.19-M\u00fcnchweiler-Grafitti.jpg\" alt=\"\" class=\"wp-image-16465\" srcset=\"https:\/\/speyer24news.com\/wp-content\/uploads\/2019\/07\/16.07.19-M\u00fcnchweiler-Grafitti.jpg 800w, https:\/\/speyer24news.com\/wp-content\/uploads\/2019\/07\/16.07.19-M\u00fcnchweiler-Grafitti-300x225.jpg 300w, https:\/\/speyer24news.com\/wp-content\/uploads\/2019\/07\/16.07.19-M\u00fcnchweiler-Grafitti-768x576.jpg 768w, https:\/\/speyer24news.com\/wp-content\/uploads\/2019\/07\/16.07.19-M\u00fcnchweiler-Grafitti-678x509.jpg 678w, https:\/\/speyer24news.com\/wp-content\/uploads\/2019\/07\/16.07.19-M\u00fcnchweiler-Grafitti-326x245.jpg 326w, https:\/\/speyer24news.com\/wp-content\/uploads\/2019\/07\/16.07.19-M\u00fcnchweiler-Grafitti-80x60.jpg 80w\" sizes=\"(max-width: 800px) 100vw, 800px\" \/><\/figure><\/div>\n\n\n\n<h4 class=\"wp-block-heading\">(Landau) &#8211; Betrunken Auto gefahren<\/h4>\n\n\n\n<p>Bei einer Verkehrskontrolle wurde am fr\u00fchen Mittwochmorgen in Landau,  Im S\u00fcdring ein 35-j\u00e4hriger Pkw-Fahrer festgestellt. Ein Atemalkoholtest  ergab bei ihm 1,42 Promille Atemalkoholkonzentration. Eine Blutentnahme,  Sicherstellung von F\u00fchrerschein und Fahrzeugschl\u00fcssel sowie ein  Ermittlungsverfahren sind die Folge. <\/p>\n\n\n\n<h4 class=\"wp-block-heading\">(Landau) &#8211; Verkehrsunfall mit verletztem Radfahrer<\/h4>\n\n\n\n<p>Ein 15-j\u00e4hriger Radfahrer stie\u00df am Dienstagvormittag in der Arbotstra\u00dfe  in Landau gegen einen ordnungsgem\u00e4\u00df am rechten Fahrbahnrand geparkten  Pkw. Der Radfahrer hatte beim Vorbeifahren am Pkw den Abstand  falsch  eingesch\u00e4tzt, stie\u00df gegen den Pkw und st\u00fcrzte auf die Fahrbahn. Hierbei  zog er sich blutende Sch\u00fcrfwunden zu, die in einem Krankenhaus versorgt  wurden. <\/p>\n\n\n\n<h4 class=\"wp-block-heading\">(Landau) &#8211; Hausfriedensbruch, Sachbesch\u00e4digung und Diebstahl<\/h4>\n\n\n\n<p>Zu einem unbefugten Betreten des Freigel\u00e4ndes und des Daches der  Montessorischule in Landau kam es im Zeitraum vom 12.-16.7.2019. Hierbei  entwendeten bislang unbekannte T\u00e4ter mehrere Abseilhaken und ein  verschlossen abgestelltes Fahrrad vom Gel\u00e4nde. Die T\u00e4ter befanden sich  auch auf dem Dach des mehrst\u00f6ckigen Geb\u00e4udes. Dort besch\u00e4digten sie  einen Blitzableiter. Schuhabdr\u00fccke auf der auf dem Dach installierten  Photovoltaikanlage hinterlie\u00dfen die unbekannten T\u00e4ter ebenfalls. Ein  Schaden an der Photovoltaikanlage entstand nicht. Mitteilungen \u00fcber  m\u00f6gliche Wahrnehmungen im fraglichen Zeitraum bitte der Polizei Landau  unter 06341\/2870 oder per Email  <a href=\"mailto:pilandau@polizei.rlp.de\">pilandau@polizei.rlp.de<\/a> melden. <\/p>\n\n\n\n<h4 class=\"wp-block-heading\">(Flemlingen) &#8211; Schwerer Unfall mit 16-j\u00e4hrigem KRAD-Fahrer<\/h4>\n\n\n\n<p>Dienstagnachmittag (16.07.2019) verunfallte ein 16-j\u00e4hriger Fahrer aus  dem Kreis S\u00dcW mit seinem Kleinkraftrad auf der kurvenreichen Strecke der  L512 zwischen Hainfeld und Flemlingen. Der junge Mann sei ohne  Fremdeinwirkung gest\u00fcrzt, so berichteten Augenzeugen noch vor Ort der  Polizei. Bei dem Sturz verletzte sich der 16- J\u00e4hrige schwer und musste  im Krankenhaus notoperiert werden. <\/p>\n\n\n\n<h4 class=\"wp-block-heading\">(Rhodt) &#8211; Spiegel abrasiert und weitergefahren<\/h4>\n\n\n\n<p>Dienstagmittag (16.07.2019), zwischen 14:15h &#8211; 15:10h, besch\u00e4digte  vermutlich ein Fahrzeug einen in der Weinstra\u00dfe 58 ordnungsgem\u00e4\u00df  geparkten PKW am Au\u00dfenspiegel. Der bislang unbekannte Fahrer setzte  unbek\u00fcmmert seine Fahrt fort. Zeugen des Vorfalls werden gebeten sich  mit der Polizei in Edenkoben unter Tel. 06323 9550 in Verbindung zu  setzen. <\/p>\n\n\n\n<h4 class=\"wp-block-heading\">(Neustadt) &#8211; Ohne F\u00fchrerschein und Versicherung auf Roller unterwegs<\/h4>\n\n\n\n<p>Ein 23-j\u00e4hriger Neustadter wurde am Mittag des 16.07.2019 in der  Pulverturmstra\u00dfe beim Fahren eines Rollers angetroffen, an dem kein  Versicherungskennzeichen angebracht war. Der Fahrer ist nicht im Besitz  eines F\u00fchrerscheins. Die Weiterfahrt wurde unterbunden, die  Fahrzeugschl\u00fcssel bis zum Eigentumsnachweis sichergestellt. Ein  Strafverfahren wegen Fahren ohne Fahrerlaubnis sowie Versto\u00df gegen der  Pflichtversicherungsgesetz wurde eingeleitet. <\/p>\n\n\n\n<h4 class=\"wp-block-heading\">(Neustadt) &#8211; Ohne F\u00fchrerschein unterwegs und falsche Personalien angegeben<\/h4>\n\n\n\n<p>Am 16.07.2019 gegen 09:00 Uhr wurde eine 24-j\u00e4hrige Fahrerin aus  Neustadt in der Landauer Stra\u00dfe einer Verkehrskontrolle unterzogen, da  sie den Sicherheitsgurt nicht angelegt hatte. Sie f\u00fchrte keine  Personaldokumente mit, gab Personalien an und die \u00fcblichen \u00dcberpr\u00fcfungen  waren zun\u00e4chst unauff\u00e4llig. Im Laufe der weiteren Ermittlungen nach der  Verkehrskontrolle stellte sich heraus, dass die Frau die Personalien  ihrer Schwester den Polizeibeamten gegen\u00fcber angab und nicht im Besitz  einer Fahrerlaubnis ist. Die wurde ihr bereits 2016 durch die  Fahrerlaubnisbeh\u00f6rde entzogen. Gegen sie wurde ein Strafverfahren wegen  Fahren ohne Fahrerlaubnis sowie ein Ordnungswidrigkeitsverfahren wegen  falscher Personalienangabe eingeleitet. <\/p>\n\n\n\n<h4 class=\"wp-block-heading\">(Neustadt) &#8211; Au\u00dfenspiegel beim Vorbeifahren besch\u00e4digt und abgehauen<\/h4>\n\n\n\n<p>Im Zeitraum vom 15.07.2019 07:30 Uhr bis 16.07.2019 07:30 Uhr wurde in  der Alban-Haas-Stra\u00dfe der Aussenspiegel eines Renault Megane besch\u00e4digt,  der zum Parken am Stra\u00dfenrand abgestellt war. Der unbekannte  Fahrzeugf\u00fchrer blieb scheinbar am Aussenspiegel des Megan h\u00e4ngen und  setzte seine Fahrt fort, ohne sich um den Schaden zu k\u00fcmmern. Der  Sachschaden wird mit ca. 150 Euro angegeben. <\/p>\n\n\n\n<h4 class=\"wp-block-heading\">(Neustadt) &#8211; Verkehrskontrolle im Stadtgebiet<\/h4>\n\n\n\n<p>Am 16.07.2019 wurde am fr\u00fchen Morgen eine Verkehrskontrolle im Bereich  des ADAC-Kreisels in der Landauer Stra\u00dfe durchgef\u00fchrt. Hierbei wurden  zwei Fahrzeugf\u00fchrer beim Benutzen des Handys w\u00e4hrend der Fahrt erwischt,  zwei Verkehrsteilnehmer trugen keinen Sicherheitsgurt und ein Fahrzeug  war ohne g\u00fcltige T\u00dcV-Plakette unterwegs. Zudem wurden zwei  M\u00e4ngelberichte wegen M\u00e4ngel an Fahrzeugen ausgestellt. <\/p>\n\n\n\n<h4 class=\"wp-block-heading\">(Frankenthal) &#8211; Verkehrsunfallflucht I<\/h4>\n\n\n\n<p>Am 17.07.2019, gegen 06.10 Uhr, beobachtet ein Zeuge, wie im Starenweg,  H\u00f6he Hausnummer 17, ein bislang unbekannter Fahrzeugf\u00fchrer gegen den  Pkw Audi A3 der Gesch\u00e4digten f\u00e4hrt. Dieser wird hierbei am linken  Au\u00dfenspiegel besch\u00e4digt. Bei dem Verursacherfahrzeug soll es sich um  einen dunkelblauen Mercedes-Benz E-Klasse handeln. Der Schaden wird auf  etwa 100 Euro gesch\u00e4tzt. <\/p>\n\n\n\n<p>Die Polizei weist darauf hin, dass \nUnerlaubtes Entfernen vom Unfallort kein Kavaliersdelikt ist! Der \nfl\u00fcchtige Fahrer muss mit einer Geld- oder Freiheitsstrafe bis zu 3 \nJahren und evtl. mit einem F\u00fchrerscheinentzug rechnen. Au\u00dferdem kann der\n Fl\u00fcchtige den Kaskoschutz seiner Kfz-Versicherung verlieren und von \nseiner Versicherung an der Begleichung des Fremdschadens beteiligt \nwerden. Die Polizei r\u00e4t deshalb jeden Unfall zu melden. <\/p>\n\n\n\n<p>Wir wollen, dass Sie sicher Leben &#8211; ihre Polizei Frankenthal. <\/p>\n\n\n\n<p>Wer  sachdienliche Hinweise zu dem genannten Fall geben kann, wird gebeten  sich mit der Polizeiinspektion Frankenthal unter der Rufnummer  06233\/313-0 oder der Polizeiwache Maxdorf unter der Rufnummer  06237\/934-1100 in Verbindung zu setzen. Hinweise k\u00f6nnen auch per E-Mail  unter <a href=\"mailto:pifrankenthal@polizei.rlp.de\">pifrankenthal@polizei.rlp.de<\/a> an die Polizei \u00fcbermittelt werden. <\/p>\n\n\n\n<h4 class=\"wp-block-heading\">(Frankenthal) &#8211; Verkehrsunfallflucht II<\/h4>\n\n\n\n<p>Der Gesch\u00e4digte stellt seinen Pkw VW Golf am 16.07.2019, in der Zeit  von 12.00 bis 23.00 Uhr, in der M\u00f6rscher Stra\u00dfe, H\u00f6he Hausnummer 10, ab.  Als er wieder zu seinem Fahrzeug kommt, muss er feststellen, dass  dieses durch einen bislang unbekannten Fahrzeugf\u00fchrer hinten links an  der Sto\u00dfstange und am Radkasten besch\u00e4digt wurde. Der Schaden wird auf  etwa 1500 Euro gesch\u00e4tzt. <\/p>\n\n\n\n<p>Die Polizei weist darauf hin, dass \nUnerlaubtes Entfernen vom Unfallort kein Kavaliersdelikt ist! Der \nfl\u00fcchtige Fahrer muss mit einer Geld- oder Freiheitsstrafe bis zu 3 \nJahren und evtl. mit einem F\u00fchrerscheinentzug rechnen. Au\u00dferdem kann der\n Fl\u00fcchtige den Kaskoschutz seiner Kfz-Versicherung verlieren und von \nseiner Versicherung an der Begleichung des Fremdschadens beteiligt \nwerden. Die Polizei r\u00e4t deshalb jeden Unfall zu melden. <\/p>\n\n\n\n<p>Wir wollen, dass Sie sicher Leben &#8211; ihre Polizei Frankenthal. <\/p>\n\n\n\n<p>Wer\n sachdienliche Hinweise zu dem genannten Fall geben kann, wird gebeten \nsich mit der Polizeiinspektion Frankenthal unter der Rufnummer \n06233\/313-0 oder der Polizeiwache Maxdorf unter der Rufnummer \n06237\/934-1100 in Verbindung zu setzen. Hinweise k\u00f6nnen auch per E-Mail \nunter <a href=\"mailto:pifrankenthal@polizei.rlp.de\">pifrankenthal@polizei.rlp.de<\/a> an die Polizei \u00fcbermittelt werden. <\/p>\n\n\n\n<h4 class=\"wp-block-heading\">(Kleinniedesheim) &#8211; Diebstahl von Leichtkraftrad<\/h4>\n\n\n\n<p>Der Gesch\u00e4digte stellt sein Leichtkraftrad der Marke Aprilia am  16.07.2019, 03.00 Uhr bis 08.00 Uhr, in der Gartenstra\u00dfe, H\u00f6he  Hausnummer 16, ab. Als er wieder zur Abstell\u00f6rtlichkeit kommt, muss er  feststellen, dass bislang unbekannte T\u00e4ter das Leichtkraftrad entwendet  haben. Der Schaden wird auf etwa 1000 Euro gesch\u00e4tzt. <\/p>\n\n\n\n<p>Wer  sachdienliche Hinweise zu dem genannten Fall geben kann, wird gebeten  sich mit der Polizeiinspektion Frankenthal unter der Rufnummer  06233\/313-0 oder der Polizeiwache Maxdorf unter der Rufnummer  06237\/934-1100 in Verbindung zu setzen. Hinweise k\u00f6nnen auch per E-Mail  unter <a href=\"mailto:pifrankenthal@polizei.rlp.de\">pifrankenthal@polizei.rlp.de<\/a> an die Polizei \u00fcbermittelt werden. <\/p>\n\n\n\n<h4 class=\"wp-block-heading\">(Bobenheim-Roxheim) &#8211; Brand in Fl\u00fcchtlingsunterkunft<\/h4>\n\n\n\n<h4 class=\"wp-block-heading\">Gemeinsame Presseerkl\u00e4rung der Staatsanwaltschaft Frankenthal\/Pfalz und des Polizeipr\u00e4sidiums Rheinpfalz <\/h4>\n\n\n\n<h4 class=\"wp-block-heading\" style=\"text-align:center\">Zusatz zur Pressemeldung vom 16.07.2019<\/h4>\n\n\n\n<p>Zusammen  mit der Kriminalpolizei hat ein Brandgutachter am 16.07.2019 den  Brandort begangen. Nach dessen Einsch\u00e4tzung ist von einer Brandstiftung  auszugehen. Im Rahmen der weiteren Ermittlungen gegen den oder die  unbekannten T\u00e4ter soll auch gekl\u00e4rt werden, ob die Brandstiftung  vors\u00e4tzlich oder fahrl\u00e4ssig begangen wurde. Konkrete Anhaltspunkte f\u00fcr  ein fremdenfeindliches Motiv sind weiterhin nicht vorhanden. <\/p>\n\n\n\n<h4 class=\"wp-block-heading\">(Ludwigshafen) &#8211; Brennender M\u00fcllcontainer<\/h4>\n\n\n\n<p>Am 17.07.2019, gegen 03:20 Uhr, beobachtete ein Zeuge, dass zwei dunkel  gekleidete M\u00e4nner einen Papierm\u00fcllcontainer vor einem Mehrfamilienhaus  in der Werderstra\u00dfe anz\u00fcndeten. Nachdem der Zeuge auf sich aufmerksam  machte, rannten die beiden M\u00e4nner in Richtung Edigheimer Stra\u00dfe davon.  Die hinzugerufene Feuerwehr l\u00f6schte den brennenden Container. Er wurde  vollkommen zerst\u00f6rt. Sachdienliche Hinweise bitte an die  Polizeiinspektion Ludwigshafen 2  unter der Telefonnummer 0621 963-2222  oder per E-Mail <a href=\"mailto:piludwigshafen2@polizei.rlp.de\">piludwigshafen2@polizei.rlp.de<\/a>. <\/p>\n\n\n\n<h4 class=\"wp-block-heading\">(Ludwigshafen) &#8211; Versuchter Diebstahl eines Zigarettenautomaten<\/h4>\n\n\n\n<p>In der Zeit zwischen dem 15.07.2019, gegen 22:30 Uhr und dem  16.07.2019, gegen 21:30 Uhr, versuchten unbekannte T\u00e4ter einen  Zigarettenautomaten von einer Hauswand in der Stadtgartenstra\u00dfe zu  hebeln. Es gelang ihnen jedoch nicht, der Automat war nur einseitig aus  der Verankerung gel\u00f6st. Vermutlich sind sie bei der Tatausf\u00fchrung  gest\u00f6rt worden. Sachdienliche Hinweise bitte an die Polizeiinspektion  Ludwigshafen 2  unter der Telefonnummer 0621 963-2222 oder per E-Mail <a href=\"mailto:piludwigshafen2@polizei.rlp.de\">piludwigshafen2@polizei.rlp.de<\/a>. <\/p>\n\n\n\n<h4 class=\"wp-block-heading\">(Ludwigshafen) &#8211; Handy aus Auto gestohlen<\/h4>\n\n\n\n<p>Am 16.07.2019, zwischen 17:00 Uhr und 18:00 Uhr, stahlen unbekannte  T\u00e4ter ein Handy aus einem Auto, das in der Leuschnerstra\u00dfe geparkt war.  Die Polizeiinspektion Ludwigshafen 1 bittet um sachdienliche Hinweise  unter der Telefonnummer 0621 963-2122 oder per e-Mail <a href=\"mailto:piludwigshafen1@polizei.rlp.de\">piludwigshafen1@polizei.rlp.de<\/a> . <\/p>\n\n\n\n<h4 class=\"wp-block-heading\">(Ludwigshafen) &#8211; Businsassen bei Unfall verletzt<\/h4>\n\n\n\n<p>Am 16.07.2019, gegen 14:45 Uhr, fuhr ein Linienbus der Linie 84 auf der  Edigheimer Stra\u00dfe in Richtung Friesenheimer Stra\u00dfe. An der Kreuzung  Kurt-Schumacher-Stra\u00dfe kam es zu einem Unfall mit dem Auto eines  18-J\u00e4hrigen, der von rechts in die Kreuzung fuhr. Drei Businsassen  wurden verletzt und kamen ins Krankenhaus. An beiden Fahrzeugen entstand  Sachschaden. <\/p>\n\n\n\n<h4 class=\"wp-block-heading\">(Ludwigshafen) &#8211; Werkzeuge und Putzutensilien aus Keller gestohlen<\/h4>\n\n\n\n<p>In der Zeit zwischen dem 15.07.2019, gegen 19:00 Uhr und dem  16.07.2019, gegen 11:50 Uhr, stahlen unbekannte T\u00e4ter aus einem  Kellerabteil eines Mehrfamilienhauses in der Frankenthaler Stra\u00dfe  verschiedene Werkzeuge sowie Putzutensilien. Sachdienliche Hinweise  bitte an die Polizeiinspektion Ludwigshafen 2  unter der Telefonnummer  0621 963-2222 oder per E-Mail <a href=\"mailto:piludwigshafen2@polizei.rlp.de\">piludwigshafen2@polizei.rlp.de<\/a>. <\/p>\n\n\n\n<h4 class=\"wp-block-heading\">(Ludwigshafen) &#8211; Handtasche aus Fahrradkorb gestohlen<\/h4>\n\n\n\n<p>Am 16.07.2019, gegen 11:35 Uhr, fuhr eine 57-J\u00e4hrige mit ihrem Fahrrad  auf der Kaiser-Wilhelm-Stra\u00dfe \u00fcber die Berliner Stra\u00dfe in die  Bahnhofstra\u00dfe. Auf diesem Weg stahl ein unbekannter T\u00e4ter unbemerkt aus  ihrem Fahrradkorb ihre Handtasche, in der unter anderem zwei  Mobiltelefone sowie Bargeld waren. Die Polizeiinspektion Ludwigshafen 1  bittet um sachdienliche Hinweise unter der Telefonnummer 0621 963-2122  oder per e-Mail <a href=\"mailto:piludwigshafen1@polizei.rlp.de\">piludwigshafen1@polizei.rlp.de<\/a> . <\/p>\n\n\n\n<h4 class=\"wp-block-heading\">(Ludwigshafen) &#8211; Zigarettenautomat gestohlen<\/h4>\n\n\n\n<p>Am 16.07.2019, gegen 02:40 Uhr, beobachtete ein Zeuge, wie drei M\u00e4nner  einen Zigarettenautomaten von einer Geb\u00e4udewand in der Rheing\u00f6nheimer  Stra\u00dfe hebelten, diesen in einen wei\u00dfen Kastenwagen mit Mannheimer  Kennzeichen einluden und dann wegfuhren. Die Polizeiinspektion  Ludwigshafen 1 bittet um sachdienliche Hinweise unter der Telefonnummer  0621 963-2122 oder per e-Mail <a href=\"mailto:piludwigshafen1@polizei.rlp.de\">piludwigshafen1@polizei.rlp.de<\/a> . <\/p>\n\n\n\n<h4 class=\"wp-block-heading\">(Mannheim-Sch\u00f6nau) &#8211; Nach Palettendiebstahl T\u00e4ter festgenommen \/ Weitere Zeugen gesucht<\/h4>\n\n\n\n<p>Dank eines aufmerksamen Zeugen konnte in der Nacht von Montag auf Dienstag der Diebstahl mehrerer Paletten verhindert werden. <\/p>\n\n\n\n<p>Der  Anrufer teilte \u00fcber Notruf mit, dass er mehrere dunkel gekleidete  M\u00e4nner dabei beobachtete, wie diese um kurz vor 4 Uhr Paletten von einer  Baustelle in der Heilsberger Stra\u00dfe in einen Transporter einluden. Vor  Ort stellten die Beamten den bereits verschlossenen Transporter fest.  Ein 46-J\u00e4hriger entfernte sich schnellen Schrittes, konnte aber einer  Personenkontrolle unterzogen werden. Da die Ausrede, er sei spazieren,  aufgrund der zahlreichen Holzsplitter auf seiner Kleidung schnell  Zweifel nach sich zog, wurde er durchsucht. Dabei stellten die  Uniformierten den Schl\u00fcssel f\u00fcr den Transporter in der Jacke des Mannes  fest. Im Laderaum waren 22 Paletten geladen, weitere neun waren zum  Abtransport bereitgestellt worden. Das Fahrzeug und das Diebesgut wurden  sichergestellt, der Mann festgenommen. <\/p>\n\n\n\n<p>Der Polizeiposten  Mannheim-Sch\u00f6nau hat die weiteren Ermittlungen aufgenommen. Von den  anderen beteiligten M\u00e4nnern fehlt bislang jede Spur. Zeugen, werden  gebeten, sich unter 0621 773230 an die Ermittler zu wenden. <\/p>\n\n\n\n<h4 class=\"wp-block-heading\">(Heidelberg) &#8211; Nach Auseinandersetzung in Stra\u00dfenbahn Zeugen gesucht<\/h4>\n\n\n\n<div class=\"wp-block-image\"><figure class=\"aligncenter\"><img decoding=\"async\" src=\"https:\/\/speyer24news.com\/wp-content\/uploads\/2019\/07\/Zeugen-gesucht-Neutral-1.jpg\" alt=\"\" class=\"wp-image-15895\"\/><\/figure><\/div>\n\n\n\n<p>Zu einer k\u00f6rperlichen Auseinandersetzung kam es am sp\u00e4ten Dienstagabend in einer Stra\u00dfenbahn. Ein Mann wurde verletzt; der T\u00e4ter fl\u00fcchtete. <\/p>\n\n\n\n<p>Nach\n den Angaben des 33-j\u00e4hrigen Verletzten befand er sich mit seinen \nBegleitern in Bahn der Linie 5. auf dem Weg von Edingen-Neckarhausen \nnach Heidelberg-Wieblingen wobei er unvermittelt von einem unbekannten \nMann angegriffen und mehrmals auf den Hinterkopf geschlagen wurde. Als \nder 33-J\u00e4hrige den Stra\u00dfenbahnf\u00fchrer \u00fcber den Vorfall in Kenntnis \nsetzte, verlie\u00df der T\u00e4ter mit einer weiteren m\u00e4nnlichen Person den \nTatort. Warum der T\u00e4ter zuschlug, ermitteln nun die Beamten des \nPolizeipostens Wieblingen. <\/p>\n\n\n\n<p>Der Fl\u00fcchtige kann wie folgt  beschrieben werden: <\/p>\n\n\n\n<ul><li>m\u00e4nnlich<\/li><li>35 Jahre alt<\/li><li>1,68 m gro\u00df<\/li><li>kr\u00e4ftige Statur<\/li><li>s\u00fcdl\u00e4ndisches Erscheinungsbild<\/li><li>leicht gebr\u00e4unter Teint<\/li><li>rundliches Gesicht<\/li><li>schwarze nach hinten gegelte Haare<\/li><li>rote Stoffjacke und dunkelblaue Jeans<\/li><li>sprach Spanisch<\/li><\/ul>\n\n\n\n<p>Zeugen des Vorfalls, werden gebeten, sich unter 06221 3418-0 an die Ermittler zu wenden. <\/p>\n\n\n\n<h4 class=\"wp-block-heading\">(Heidelberg) &#8211; Gl\u00fcck im Ungl\u00fcck f\u00fcr Liegerad-Fahrer&#8230;<\/h4>\n\n\n\n<p>Ein Lkw-Fahrer erfasste am Dienstagabend gegen 18 Uhr ein  Liegerad-Fahrer und schleifte diesen rund 10 Meter mit. Gl\u00fccklicherweise  wurde der 46-J\u00e4hrige dabei nur leicht verletzt. Auf H\u00f6he der Kreuzung  Speyerer Stra\u00dfe\/Carl-Benz-Stra\u00dfe \u00fcbersah der Lkw-Fahrer beim Abbiegen  den auf dem Radweg ordnungsgem\u00e4\u00df fahrenden Zweiradfahrer. Da das  Liegerad eine vollst\u00e4ndige Verkleidung besa\u00df, wurde der Mann nur leicht  verletzt. Passanten wurden auf den Unfall aufmerksam und leisteten bis  zum Eintreffen der Rettungskr\u00e4fte Erste Hilfe. Der verst\u00e4ndigte Notarzt  sowie eine DRK-Besatzung k\u00fcmmerten sich um die beiden M\u00e4nner; eine  Einlieferung in ein Krankenhaus war nicht notwendig. <\/p>\n\n\n\n<p>An dem Liegerad sowie Lkw entstand Sachschaden von mehreren tausend Euro. <\/p>\n\n\n\n<p>Der aus dem Saarland stammende Verursacher sieht einer Anzeige bei der Staatsanwaltschaft entgegen. <\/p>\n\n\n\n<h4 class=\"wp-block-heading\">(Heidelberg-Kirchheim) &#8211; Polizisten beweisen ein gutes N\u00e4schen, Drogen auf Dach gefunden<\/h4>\n\n\n\n<div class=\"wp-block-image\"><figure class=\"aligncenter\"><img decoding=\"async\" loading=\"lazy\" width=\"640\" height=\"480\" src=\"https:\/\/speyer24news.com\/wp-content\/uploads\/2019\/07\/Drogen-Beispielbild.jpg\" alt=\"\" class=\"wp-image-16467\" srcset=\"https:\/\/speyer24news.com\/wp-content\/uploads\/2019\/07\/Drogen-Beispielbild.jpg 640w, https:\/\/speyer24news.com\/wp-content\/uploads\/2019\/07\/Drogen-Beispielbild-300x225.jpg 300w, https:\/\/speyer24news.com\/wp-content\/uploads\/2019\/07\/Drogen-Beispielbild-326x245.jpg 326w, https:\/\/speyer24news.com\/wp-content\/uploads\/2019\/07\/Drogen-Beispielbild-80x60.jpg 80w\" sizes=\"(max-width: 640px) 100vw, 640px\" \/><figcaption>Beispielbild einer Drogenbeschlagnahme<\/figcaption><\/figure><\/div>\n\n\n\n<p>Am Dienstag gegen 21 Uhr wurde eine Streifenwagenbesatzung in den  Langgarten in Kirchheim gerufen, da es dort in einem Mehrfamilienhaus  offenbar zu einer Ruhest\u00f6rung oder Streitereien kommen w\u00fcrde. <\/p>\n\n\n\n<p>Dort\n eingetroffen konnten die Beamten einen Mann vor einer Wohnung antreffen\n aus der deutlicher Marihuanageruch wahrnehmen war. Au\u00dferdem war aus der\n Wohnung die Klosp\u00fclung zu h\u00f6ren, weshalb die Beamten den Verdacht \nhegten, dass Bet\u00e4ubungsmittel entsorgt werden. <\/p>\n\n\n\n<p>Die Wohnungst\u00fcr wurde gewaltsam ge\u00f6ffnet. <\/p>\n\n\n\n<p>In der Wohnung wurden weitere neun M\u00e4nner im Alter von 22 bis 36 Jahren angetroffen. <\/p>\n\n\n\n<p>Bei\n der Durchsuchung der Wohnung konnte in der N\u00e4he des Balkons, auf \ndortigem Dach eine Plastikt\u00fcte gesichtet werden. Mit Hilfe der Feuerwehr\n und der Zuhilfenahme einer Drehleiter, konnte die T\u00fcte gesichert \nwerden. In ihr befanden sich insgesamt 247 Gramm Ecstasy-Tabletten. \nAu\u00dferdem lagen in der Wohnung weitere 29 zu Konsumeinheiten verpackte \nEcstasy-Tabletten. Des Weiteren wurden geringe Mengen an Marihuana \ngefunden und ein Safe, aus dem es stark nach Marihuana roch. Der Safe \nwurde beschlagnahmt und gewaltsam ge\u00f6ffnet. In ihm befanden sich weitere\n 300 Gramm Marihuana. <\/p>\n\n\n\n<p>Die zwei Mieter der Wohnung, ein \n25-j\u00e4hriger und ein 26-j\u00e4hriger Mann wurden vorl\u00e4ufig festgenommen und \nzum Polizeirevier Heidelberg-S\u00fcd verbracht. <\/p>\n\n\n\n<p>Nach R\u00fccksprache mit der Staatsanwaltschaft Heidelberg wurden die M\u00e4nner am Mittwoch wieder auf freien Fu\u00df gesetzt. <\/p>\n\n\n\n<p>Die Ermittlungen des Fachdezernats der Kriminalpolizeidirektion Heidelberg dauern an. <\/p>\n\n\n\n<h4 class=\"wp-block-heading\">(Schwetzingen \/ Rhein-Neckar-Kreis) &#8211; Mercedes besch\u00e4digt und gefl\u00fcchtet \/ Hinweise an die Schwetzinger Polizei<\/h4>\n\n\n\n<p>Einen auf dem Friedhofsparkplatz abgestellten Mercedes besch\u00e4digte am  Dienstag gegen 11 Uhr ein bislang unbekannter Autofahrer, richtete  betr\u00e4chtlichen Schaden an und fl\u00fcchtete danach einfach von der  Unfallstelle. Zum Zeitpunkt war der Parkplatz stark frequentiert, so  dass Zeugen den Vorfall beobachtet haben k\u00f6nnten. Die Gesch\u00e4digte hat  nun einen Schaden von 3.500 Euro zu regeln. Zeugen, die Hinweise auf den  Verursacher geben k\u00f6nnen, werden gebeten, sich mit dem Polizeirevier  Schwetzingen, Tel.: 06202\/288-0, in Verbindung zu setzen. <\/p>\n\n\n\n<h4 class=\"wp-block-heading\">(Hockenheim \/ Rhein-Neckar-Kreis) &#8211; 76-j\u00e4hriger Fahrradfahrer bei Sturz lebensgef\u00e4hrlich verletzt \/ Polizei sucht Zeugen<\/h4>\n\n\n\n<p>Ein 76-j\u00e4hriger Fahrradfahrer wurde am Dienstagnachmittag von  Verkehrsteilnehmern schwerverletzt, auf der Fahrbahn der K 4250 liegend,  aufgefunden. Die Verkehrsteilnehmer verst\u00e4ndigten sofort Polizei und  Rettungsdienst. Zudem leiteten sie bis zum Eintreffen der Rettungskr\u00e4fte  Erste-Hilfe-Ma\u00dfnahmen ein. <\/p>\n\n\n\n<p>Nach derzeitigem Erkenntnisstand war \nder Mann mit seinem Rennrad gegen 15.15 Uhr auf der K 4250 von der \nRheinbr\u00fccke B 39 in Richtung Ketsch unterwegs. Dabei war er offenbar, \naus unbekannten Gr\u00fcnden, gest\u00fcrzt und hatte sich schwere Verletzungen \nzugezogen. Er wurde nach not\u00e4rztlicher Erstversorgung in eine \nUnfallklinik geflogen. Nach Auskunft der \u00c4rzte ist Lebensgefahr derzeit \nnicht auszuschlie\u00dfen. <\/p>\n\n\n\n<p>Der Unfallhergang konnte bislang nicht  eindeutig gekl\u00e4rt werden. Daher sucht die Polizei dringend Zeugen, die  den Unfall und den Sturz des Mannes beobachtet haben und bittet diese,  sich bei der Verkehrspolizei Mannheim, Tel.: 0621\/174-4045 zu melden. <\/p>\n\n\n\n<h4 class=\"wp-block-heading\">(Sandhausen \/ Rhein-Neckar-Kreis) &#8211; Unterschiedliche Angaben der Beteiligten<\/h4>\n\n\n\n<p>Noch nicht ganz gekl\u00e4rt ist der Hergang eines Unfalls, der sich am  Dienstag gegen 15.40 Uhr in der Stra\u00dfe &#8222;Am Forst&#8220; ereignet hat. Ein  Autofahrer kollidierte beim Abbiegen in eine Grundst\u00fcckseinfahrt mit  einem 19-j\u00e4hrigen Yamaha-Fahrer, der sich dabei auch leichte  Verletzungen zugezogen hatte. <\/p>\n\n\n\n<p>Bei der Unfallaufnahme schilderten \nallerdings beide M\u00e4nner unterschiedliche Versionen bez\u00fcglich der \nVerursachung, so dass die Polizei auf Hinweise angewiesen ist. <\/p>\n\n\n\n<p>Zeugen,  die auf den Unfall aufmerksam wurden, werden gebeten, sich beim  Polizeirevier Wiesloch unter Tel.: 06222\/57090 zu melden. <\/p>\n\n\n\n<h4 class=\"wp-block-heading\">(Walldorf \/ Rhein-Neckar-Kreis) &#8211; Longboard-Fahrer kollidiert mit Skoda und st\u00fcrzt<\/h4>\n\n\n\n<p>Ein 18-J\u00e4hriger war am Dienstagabend gegen 19.30 Uhr mit seinem  Longboard in der Walldorfer Stra\u00dfe in Richtung Gutenbergring unterwegs,  als er vermutlich aufgrund eines Bedienfehlers st\u00fcrzte und mit einem  Skoda Octavia kollidierte. Der junge Mann zog sich dabei leichte  Verletzungen zu und wollte sich ggfs. selbstst\u00e4ndig in \u00e4rztliche  Behandlung begeben. W\u00e4hrend sein Longboard unbesch\u00e4digt blieb, schl\u00e4gt  der Schaden am Auto mit rund 2.000 Euro zu Buche. <\/p>\n\n\n\n<h4 class=\"wp-block-heading\">(Wiesloch \/ Rhein-Neckar-Kreis) &#8211; Pkw-Brand \/ Kommt technischer Defekt in Frage ?<\/h4>\n\n\n\n<p>Am Dienstagabend kurz nach 21.30 Uhr verst\u00e4ndigten Anwohner die  Rettungsleitstelle \u00fcber einen brennenden Fiat, der in der S\u00fcdl.  Zufahrtsstra\u00dfe geparkt war. Bei Eintreffen der Polizeistreife waren rund  ein Dutzend Wehrleute der Freiwilligen Feuerwehr Wiesloch bereits vor  Ort und l\u00f6schten das Feuer, das im Motorraum ausgebrochen war. Am Fiat  entstand Totalschaden. <\/p>\n\n\n\n<p>Bisherigen Ermittlungen zufolge d\u00fcrfte ein technischer Defekt brandurs\u00e4chlich gewesen sein. <\/p>\n\n\n\n<p>Die \u00dcberpr\u00fcfungen dauern allerdings derzeit noch an. <\/p>\n\n\n\n<h4 class=\"wp-block-heading\">(M\u00fchlhausen \/ Rhein-Neckar-Kreis) &#8211; Unbekannter schie\u00dft auf Katze \/ Polizei sucht Zeugen<\/h4>\n\n\n\n<figure class=\"wp-block-image\"><img decoding=\"async\" src=\"https:\/\/speyer24news.com\/wp-content\/uploads\/2019\/07\/Zeugen-gesucht-Neutral-2.jpg\" alt=\"\" class=\"wp-image-16469\"\/><\/figure>\n\n\n\n<p>Wie erst am Dienstagabend, 16.Juli bei der Polizei zur Anzeige gebracht  wurde, beschoss ein Unbekannter bereits Ende Juni in M\u00fchlhausen eine  Katze. Bei der Katze wurde Ende Juni ein Fremdk\u00f6rper im Schwanzansatz  festgestellt, der am 3. Juli operativ entfernt wurde. Dabei stellte sich  heraus, dass es sich bei dem Fremdk\u00f6rper um das Geschoss eines  Luftgewehrs handelte. Als die 39-j\u00e4hrige Besitzerin der Katze am  Dienstagabend auf der Treppe zum Garten ihres Anwesens in der  Schulstra\u00dfe ein weiteres Luftgewehr-Projektil aufgefunden hatte,  erstattete sie Anzeige bei der Polizei. <\/p>\n\n\n\n<p>Das Polizeirevier \nWiesloch ermittelt nun wegen Versto\u00dfes gegen das Tierschutzgesetz, \nSachbesch\u00e4digung und Versto\u00df gegen das Waffengesetz gegen den noch \nunbekannten T\u00e4ter. <\/p>\n\n\n\n<p>Zeugen, die verd\u00e4chtige Wahrnehmungen gemacht  haben und sachdienliche Hinweise zum Vorfall geben k\u00f6nnen, werden  gebeten, sich beim Polizeirevier Wiesloch, Tel.: 06222-5709-0 zu melden.  <\/p>\n\n\n\n<h4 class=\"wp-block-heading\">(Sinsheim \/ Rhein-Neckar-Kreis) &#8211; Polizei ermittelt wegen Sachbesch\u00e4digung und sucht Zeugen<\/h4>\n\n\n\n<p>Die Heckscheibe eines in der Zwingergasse Nr. 1 abgestellten grauen  Audi A 3 besch\u00e4digte am Dienstagabend gegen 20.30 Uhr ein bislang  Unbekannter mit einem Stein, so dass diese zu Bruch ging. Die  Gesch\u00e4digte befand sich in dem Fahrzeug, als sie einen lauten Schlag  wahrgenommen hatte. <\/p>\n\n\n\n<p>Beim anschlie\u00dfenden Schlie\u00dfen des Autos splitterte die Scheibe. <\/p>\n\n\n\n<p>Die Polizei geht zwischenzeitlich davon aus, dass der Stein mit einer Steinschleuder o.\u00c4. abgeschossen wurde. <\/p>\n\n\n\n<p>Die  H\u00f6he des Schadens ist derzeit noch nicht bekannt. Eine Person hat die  Gesch\u00e4digte nicht erkennen k\u00f6nnen. Die Beamten des Polizeireviers  Sinsheim ermitteln wegen Sachbesch\u00e4digung und bitten Zeugen, die evtl.  auf den Vorfall aufmerksam wurden oder gar eine Person gesehen haben,  sich unter Tel.: 07261\/6900 zu melden. <\/p>\n\n\n\n<h4 class=\"wp-block-heading\">(Reichartshausen \/ Rhein-Neckar-Kreis) &#8211; Sachbesch\u00e4digung in der Epfenbacher Stra\u00dfe \/ Polizei Sinsheim ermittelt und sucht Zeugen  Schaden: mehrere tausend Euro<\/h4>\n\n\n\n<p>Die Scheiben der Bushaltestelle in der Epfenbacher Stra\u00dfe besch\u00e4digten  \u00fcber die vergangenen Tage bislang unbekannte T\u00e4ter durch Tritte. Die  Besch\u00e4digung bemerkten am Montagmorgen Bauhofmitarbeiter und  verst\u00e4ndigten die Polizei. <\/p>\n\n\n\n<p>Anhand der bisherigen \u00dcberpr\u00fcfungen \nkonnte in Erfahrung gebracht werden, dass sich am vergangenen \nDonnerstag- oder Freitagmorgen (11.\/12.07.) zwei M\u00e4nner gegen 5.30 Uhr \nlautgr\u00f6lend in der Bushaltestelle aufgehalten hatten und gegen die \nScheibe gesprungen waren. Anschlie\u00dfend stieg das Duo in den Bus der \nLinie 797. <\/p>\n\n\n\n<p>Folgende Beschreibung liegt der Polizei vor: <\/p>\n\n\n\n<p><strong>1.  Person: <\/strong>Ca. 165 cm gro\u00df, trug dunkelblaue Jacke mit hellgr\u00fcnem  Rei\u00dfverschluss. Diese Person k\u00f6nnte sich durch den Sprung auch verletzt  haben. <\/p>\n\n\n\n<p><strong>2. Person: <\/strong>185 cm gro\u00df, schlank; helle Kleidung, trug ein blaues Basecap mit wei\u00dfem Emblem. <\/p>\n\n\n\n<p>Zeugen  oder Fahrg\u00e4ste der Linie 797, die auf die beschriebenen M\u00e4nner  aufmerksam wurden, werden gebeten, sich mit dem Polizeiposten Waibstadt,  Tel.: 07263\/910675, oder dem Polizeirevier Sinsheim, Tel.: 07261\/6900,  in Verbindung zu setzen. <\/p>\n\n\n\n<h4 class=\"wp-block-heading\">(Lobbach \/ Rhein-Neckar-Kreis) &#8211; Einbruch in Feuerwehrhaus \/ Zeugen gesucht!<\/h4>\n\n\n\n<p>In der Nacht von Dienstag auf Mittwoch verschafften sich bislang  unbekannte T\u00e4ter Zutritt in das Ger\u00e4tehaus der Freiwilligen Feuerwehr.  Die Einbrecher entwendeten dabei Ger\u00e4te im Wert von mehreren zehntausend  Euro. <\/p>\n\n\n\n<p>In der Zeit von 23 Uhr bis 11 Uhr demontierten der oder \ndie T\u00e4ter ein Gitter von der Au\u00dfenwand des Feuerwehrhauses im \nSportplatzweg 4 ab, hebelten das dahinter liegende Fenster auf und \ngelangten so in die R\u00e4umlichkeiten. Im Ger\u00e4tehaus entwendeten die \nEinbrecher hydraulische Einsatzger\u00e4te aus einem Feuerwehrfahrzeug, aber \nauch Motors\u00e4gen und Stromaggregate. Der Wert des Diebesguts liegt im \nhohen f\u00fcnfstelligen Bereich. <\/p>\n\n\n\n<p>Das Polizeirevier Neckargem\u00fcnd hat  gemeinsam mit der Kriminalpolizei Heidelberg die Ermittlungen  aufgenommen. Zeugen des Vorfalls oder Hinweisgeber, werden gebeten, sich  unter 06223 92540 an die Ermittler zu wenden. <\/p>\n\n\n\n<h4 class=\"wp-block-heading\">(Edingen-Neckarhausen \/ Rhein-Neckar-Kreis) &#8211; Giftk\u00f6der ausgelegt<\/h4>\n\n\n\n<p>Ein bislang Unbekannter hat am Mittwochmorgen in Edingen-Neckarhausen  K\u00f6der aus Hackfleisch ausgelegt. Der f\u00fcr Hunde vermeintliche  Leckerbissen ist allerdings mit blauem Granulat gef\u00fcllt! <\/p>\n\n\n\n<p>Mehrere \nSpazierg\u00e4nger wurden im laufe des Tages in der Robert-Walter-Stra\u00dfe und \ndem Starenweg auf die K\u00f6der aufmerksam und informierten die Polizei. Der\n vermeintliche giftige Inhalt der golfballgro\u00dfen Fleischb\u00e4llchen kann \nbislang nicht bestimmt werden. Bislang sind keine Tiere betroffen. Vom \nT\u00e4ter fehlt jede Spur. <\/p>\n\n\n\n<p>Wir bitten Hundebesitzer im genannten \nBereich wachsam zu sein und darauf zu achten, dass Ihr Hund nicht \nunkontrolliert Nahrung aufnimmt. Bei Verhaltensauff\u00e4lligkeiten des \nHundes oder bei Auftreten von Vergiftungserscheinungen sollte umgehend \nein Tierarzt aufgesucht werden. <\/p>\n\n\n\n<p>Zeugen oder Hinweisgeber, werden gebeten, sich bei den Beamten des Polizeireviers Ladenburg unter 06203 93050 zu melden. <\/p>\n","protected":false},"excerpt":{"rendered":"<div class=\"mh-excerpt\"><p>Polizeimeldungen vom Mittwoch (17.07.2019) (B\u00f6hl-Iggelheim) &#8211; Unbekannter schl\u00e4gt Oberb\u00fcrgermeister von Hockenheim Nachtrag zur Pressemitteilung vom 16.07.2019 Im Zusammenhang mit dem Angriff auf den Oberb\u00fcrgermeister der Stadt Hockenheim am vergangenen Dienstag, 15.07.2019, 20:30 Uhr, in B\u00f6hl-Iggelheim, <a class=\"mh-excerpt-more\" href=\"https:\/\/speyer24news.com\/?p=16462\" title=\"Polizei\">[&#8230;]<\/a><\/p>\n<\/div>","protected":false},"author":3,"featured_media":0,"comment_status":"open","ping_status":"open","sticky":false,"template":"","format":"standard","meta":{"_monsterinsights_skip_tracking":false,"_monsterinsights_sitenote_active":false,"_monsterinsights_sitenote_note":"","_monsterinsights_sitenote_category":0,"footnotes":""},"categories":[12],"tags":[61,63,105,53,102,213,55,103,106,427,62,104,979,1565],"aioseo_notices":[],"amp_enabled":true,"_links":{"self":[{"href":"https:\/\/speyer24news.com\/index.php?rest_route=\/wp\/v2\/posts\/16462"}],"collection":[{"href":"https:\/\/speyer24news.com\/index.php?rest_route=\/wp\/v2\/posts"}],"about":[{"href":"https:\/\/speyer24news.com\/index.php?rest_route=\/wp\/v2\/types\/post"}],"author":[{"embeddable":true,"href":"https:\/\/speyer24news.com\/index.php?rest_route=\/wp\/v2\/users\/3"}],"replies":[{"embeddable":true,"href":"https:\/\/speyer24news.com\/index.php?rest_route=%2Fwp%2Fv2%2Fcomments&post=16462"}],"version-history":[{"count":2,"href":"https:\/\/speyer24news.com\/index.php?rest_route=\/wp\/v2\/posts\/16462\/revisions"}],"predecessor-version":[{"id":16470,"href":"https:\/\/speyer24news.com\/index.php?rest_route=\/wp\/v2\/posts\/16462\/revisions\/16470"}],"wp:attachment":[{"href":"https:\/\/speyer24news.com\/index.php?rest_route=%2Fwp%2Fv2%2Fmedia&parent=16462"}],"wp:term":[{"taxonomy":"category","embeddable":true,"href":"https:\/\/speyer24news.com\/index.php?rest_route=%2Fwp%2Fv2%2Fcategories&post=16462"},{"taxonomy":"post_tag","embeddable":true,"href":"https:\/\/speyer24news.com\/index.php?rest_route=%2Fwp%2Fv2%2Ftags&post=16462"}],"curies":[{"name":"wp","href":"https:\/\/api.w.org\/{rel}","templated":true}]}}