{"id":16477,"date":"2019-07-18T09:39:58","date_gmt":"2019-07-18T08:39:58","guid":{"rendered":"https:\/\/speyer24news.com\/?p=16477"},"modified":"2019-07-18T09:40:00","modified_gmt":"2019-07-18T08:40:00","slug":"schifferstadt-10","status":"publish","type":"post","link":"https:\/\/speyer24news.com\/?p=16477","title":{"rendered":"Schifferstadt:"},"content":{"rendered":"<style type=\"text\/css\">\r\n\t.ads_top_disp{}\r\n\t.ads_top_corner_disp{ float:left; margin:0px 10px 10px 0px; }\r\n\t.ads_first_p_disp{}\r\n\t.ads_bottom_disp{}\r\n\t<\/style>\n<h2 class=\"wp-block-heading\">Vorhang auf f\u00fcr den Mitmachzirkus<\/h2>\n\n\n\n<p>Hereinspaziert \u2013 am <strong>Freitag, 19. Juli<\/strong> um 14 Uhr l\u00e4dt die Jugendpflege Schifferstadt zu einer Zirkusvorstellung der besonderen Art auf das Gel\u00e4nde des Jugendtreffs, Neust\u00fcckweg 1. <\/p>\n\n\n\n<p>Tellerdrehen, jonglieren, Fakir-F\u00e4higkeiten, Hula-Hoop, turnen am Trapez und mehr \u2013 die Teilnehmer des Mitmachzirkus pr\u00e4sentieren am Freitag, was sie zuvor eine Woche lang gelernt und einge\u00fcbt haben. <\/p>\n\n\n\n<p>Kinder, Eltern, Tanten und Onkel, Omas und Opas sowie Freunde sind herzlich eingeladen, die kleinen K\u00fcnstler in der Manege zu sehen und zu staunen.<\/p>\n\n\n\n<p>Der Eintritt ist frei, die Vorstellung dauert maximal zwei Stunden.<\/p>\n\n\n\n<p><em>Stadtverwaltung Schifferstadt<br>18.07.2019<\/em><\/p>\n\n\n\n<h2 class=\"wp-block-heading\">Familienforschung im Stadtarchiv<\/h2>\n\n\n\n<p>Am <strong>Montag, 22. Juli<\/strong> um 19 Uhr veranstaltet die Volkshochschule Rhein-Pfalz-Kreis im Stadtarchiv, Kirchenstra\u00dfe 20, den Gespr\u00e4chskreis Familienforschung unter der Leitung von Stadtarchivar Johann Benedom. Der Kreis bietet Hilfe bei der Erstellung eines Familienbuches oder einer Familientafel mit und ohne Computer. Anmeldungen sind direkt vor Ort m\u00f6glich.<\/p>\n\n\n\n<p>Informationen erhalten Interessierte bei der Stadtverwaltung Schifferstadt unter der Telefonnummer: 06235 44 302. <\/p>\n\n\n\n<p><em>Stadtverwaltung Schifferstadt<br>18.07.2019<\/em><\/p>\n\n\n\n<h2 class=\"wp-block-heading\">(Schiffer)STADTRADELN<\/h2>\n\n\n\n<h3 class=\"wp-block-heading\">F\u00fcr den Klimaschutz in die Pedale treten<\/h3>\n\n\n\n<div class=\"wp-block-image\"><figure class=\"aligncenter\"><img decoding=\"async\" loading=\"lazy\" width=\"800\" height=\"600\" src=\"https:\/\/speyer24news.com\/wp-content\/uploads\/2019\/07\/Stadtradeln-Team.jpg\" alt=\"\" class=\"wp-image-16480\" srcset=\"https:\/\/speyer24news.com\/wp-content\/uploads\/2019\/07\/Stadtradeln-Team.jpg 800w, https:\/\/speyer24news.com\/wp-content\/uploads\/2019\/07\/Stadtradeln-Team-300x225.jpg 300w, https:\/\/speyer24news.com\/wp-content\/uploads\/2019\/07\/Stadtradeln-Team-768x576.jpg 768w, https:\/\/speyer24news.com\/wp-content\/uploads\/2019\/07\/Stadtradeln-Team-678x509.jpg 678w, https:\/\/speyer24news.com\/wp-content\/uploads\/2019\/07\/Stadtradeln-Team-326x245.jpg 326w, https:\/\/speyer24news.com\/wp-content\/uploads\/2019\/07\/Stadtradeln-Team-80x60.jpg 80w\" sizes=\"(max-width: 800px) 100vw, 800px\" \/><figcaption>v.l.:  Radfahrer- und Fu\u00dfg\u00e4ngerbeauftragten Markus Dietz, B\u00fcrgermeisterin Ilona  Volk und Klimaschutzmanagerin Nicole D\u00f6rr<\/figcaption><\/figure><\/div>\n\n\n\n<p><strong>Vom 24. August bis zum 13. September 2019<\/strong> nehmen Schifferstadt und der gesamte Rhein-Pfalz-Kreis erstmalig an der Klima-B\u00fcndnis-Kampagne STADTRADELN teil. Die Idee: Mit dem Fahrrad Kilometer f\u00fcr den Klimaschutz sammeln. Alle k\u00f6nnen mitmachen und Schifferstadt so vielleicht zur fahrradaktivsten Newcomer-Kommune machen. Die Bestplatzierten gewinnen tolle Preise \u2013 und tragen ganz nebenbei zu einer lebenswerteren Umwelt bei.<\/p>\n\n\n\n<p>Und so geht\u00b4s: \u00dcber die Website <a href=\"https:\/\/www.stadtradeln.de\/schifferstadt\">https:\/\/www.stadtradeln.de\/schifferstadt<\/a> k\u00f6nnen Sie sich und ggf. ihr STADTRADELN-Team anmelden. Fehlt nur noch die STADTRADELN-App, mit der Sie Ihre Kilometer tracken k\u00f6nnen. Die gibt\u00b4s f\u00fcr iOS und Android. Damit auch was zusammenkommt, organisiert die Stadtverwaltung mehrere Radtouren. Neben dem Sammeln von klimafreundlichen Kilometern haben Radler au\u00dferdem die M\u00f6glichkeit die Stadtverwaltung \u00fcber die Meldeplattform RADar! auf st\u00f6rende und gef\u00e4hrliche Stellen im Radwegeverlauf aufmerksam zu machen. Auch die k\u00f6nnen ganz einfach \u00fcber die App gemeldet werden.  <\/p>\n\n\n\n<p>Etwa ein F\u00fcnftel der klimasch\u00e4dlichen Kohlendioxid-Emissionen in Deutschland entstehen im Verkehr, sogar ein Viertel der CO2-Emissionen des gesamten Verkehrs verursacht der inner\u00f6rtliche Verkehr. Wenn nur 30 % der Kurzstrecken bis sechs Kilometer in den Innenst\u00e4dten mit dem Fahrrad statt mit dem Auto gefahren werden, lie\u00dfen sich etwa 7,5 Millionen Tonnen CO2 vermeiden. \u201eHier wollen wir ansetzen und ein Zeichen setzen f\u00fcr mehr Klimaschutz und mehr Radverkehrsf\u00f6rderung\u201c, sagt B\u00fcrgermeisterin Ilona Volk, \u201ees w\u00e4re toll, wenn so viele wie m\u00f6glich mitmachen und ein paarmal \u00f6fter zum Fahrradhelm anstatt zum Autoschl\u00fcssel greifen.\u201c <\/p>\n\n\n\n<p>Mehr Informationen gibt\u00b4s unter <a href=\"http:\/\/www.stadtradeln.de\">www.stadtradeln.de<\/a>, <a href=\"http:\/\/www.facebook.com\/stadtradeln\">facebook.com\/stadtradeln<\/a> oder <a href=\"http:\/\/www.twitter.com\/stadtradeln\">twitter.com\/stadtradeln<\/a>.<\/p>\n\n\n\n<p>Bei R\u00fcckfragen wenden Sie sich gerne an Klimaschutzmanagerin Nicole D\u00f6rr unter Telefonnummer 06235 44239 oder per E-Mail an <a href=\"nicole.doerr@schifferstadt.de\">nicole.doerr@schifferstadt.de<\/a>.<\/p>\n\n\n\n<h3 class=\"wp-block-heading\">DAS STADTRADELN<\/h3>\n\n\n\n<div class=\"wp-block-image\"><figure class=\"aligncenter\"><img decoding=\"async\" src=\"https:\/\/speyer24news.com\/wp-content\/uploads\/2019\/07\/Stadtradeln-Logo.png\" alt=\"\" class=\"wp-image-15973\"\/><\/figure><\/div>\n\n\n\n<p>Der internationale Wettbewerb STADTRADELN des Klima-B\u00fcndnisses l\u00e4dt alle Mitglieder der Kommunalparlamente ein, als Vorbild f\u00fcr den Klimaschutz in die Pedale zu treten und sich f\u00fcr eine verst\u00e4rkte Radverkehrsf\u00f6rderung einzusetzen. Im Team mit B\u00fcrger<em>innen sollen sie m\u00f6glichst viele Fahrradkilometer f\u00fcr ihre Kommune sammeln. Die Kampagne will B\u00fcrger<\/em>innen f\u00fcr das Radfahren im Alltag sensibilisieren sowie die Themen Fahrradnutzung und Radverkehrsplanung st\u00e4rker in die kommunalen Parlamente einbringen. Seit 2017 k\u00f6nnen auch St\u00e4dte, Gemeinden und Landkreise au\u00dferhalb Deutschlands die Kampagne an 21 zusammenh\u00e4ngenden Tagen zwischen Mai und September durchf\u00fchren. Es gibt Auszeichnungen und hochwertige Preise zu gewinnen \u2013 vor allem aber eine lebenswerte Umwelt mit weniger Verkehrsbelastungen, weniger Abgasen und weniger L\u00e4rm.<\/p>\n\n\n\n<p><em>Stadtverwaltung Schifferstadt<br>18.07.2019<\/em><\/p>\n\n\n\n<h2 class=\"wp-block-heading\">Tipp aus Schifferstadt: Schlagerstar trotz H\u00f6rbehinderung<\/h2>\n\n\n\n<div class=\"wp-block-image\"><figure class=\"aligncenter\"><img decoding=\"async\" loading=\"lazy\" width=\"500\" height=\"498\" src=\"https:\/\/speyer24news.com\/wp-content\/uploads\/2019\/07\/Rita-Belmond.png\" alt=\"\" class=\"wp-image-16478\" srcset=\"https:\/\/speyer24news.com\/wp-content\/uploads\/2019\/07\/Rita-Belmond.png 500w, https:\/\/speyer24news.com\/wp-content\/uploads\/2019\/07\/Rita-Belmond-150x150.png 150w, https:\/\/speyer24news.com\/wp-content\/uploads\/2019\/07\/Rita-Belmond-300x300.png 300w\" sizes=\"(max-width: 500px) 100vw, 500px\" \/><\/figure><\/div>\n\n\n\n<p>Eine Schifferstadterin am Schlagerhimmel \u2013 gerade hat Rita Belmond ihre erste Single \u201eNur Ein Bisschen Liebe\u201c herausgebracht. Dass sie auf H\u00f6rger\u00e4te angewiesen ist, ist f\u00fcr sie kein Hindernis \u2013 vielmehr ein Ansporn.<\/p>\n\n\n\n<p>Die SWR Landeschau hat bereits \u00fcber Belmond berichtet: <a href=\"https:\/\/www.swrfernsehen.de\/landesschau-rp\/Von-Schifferstadt-in-den-Schlagerhimmel-Trotz-Hoerbehinderung-in-die-Hitparade,av-o1134716-100.html?fbclid=IwAR2RsAZjLeGPQSZkPH6gsJJOBstbz07MwPl4CduaCydoqaLzEdf5JxMVY3E \">https:\/\/www.swrfernsehen.de\/landesschau-rp\/Von-Schifferstadt-in-den-Schlagerhimmel-Trotz-Hoerbehinderung-in-die-Hitparade,av-o1134716-100.html?fbclid=IwAR2RsAZjLeGPQSZkPH6gsJJOBstbz07MwPl4CduaCydoqaLzEdf5JxMVY3E <\/a><\/p>\n\n\n\n<p>Weitere Infos sowie die Single zum Anh\u00f6ren finden Sie unter <a href=\"http:\/\/www.ritabelmond.info\/\">http:\/\/www.ritabelmond.info\/<\/a><\/p>\n\n\n\n<h3 class=\"wp-block-heading\">Gef\u00fchlvoll, romantisch und nat\u00fcrlich: Rita Belmond mit ihrer Deb\u00fctsingle!<\/h3>\n\n\n\n<div class=\"wp-block-image\"><figure class=\"aligncenter\"><img decoding=\"async\" loading=\"lazy\" width=\"500\" height=\"499\" src=\"https:\/\/speyer24news.com\/wp-content\/uploads\/2019\/07\/Rita-Belmond-Nur-ein-bischen-Liebe.png\" alt=\"\" class=\"wp-image-16479\" srcset=\"https:\/\/speyer24news.com\/wp-content\/uploads\/2019\/07\/Rita-Belmond-Nur-ein-bischen-Liebe.png 500w, https:\/\/speyer24news.com\/wp-content\/uploads\/2019\/07\/Rita-Belmond-Nur-ein-bischen-Liebe-150x150.png 150w, https:\/\/speyer24news.com\/wp-content\/uploads\/2019\/07\/Rita-Belmond-Nur-ein-bischen-Liebe-300x300.png 300w\" sizes=\"(max-width: 500px) 100vw, 500px\" \/><\/figure><\/div>\n\n\n\n<p>Rita Belmond wagt den Schritt in die Schlagerwelt und breitet mit dem Song \u201eNur ein bisschen Liebe\u201c, den Sie sowohl komponiert als auch getextet hat, ein Thema mit Zeitqualit\u00e4t aus.<\/p>\n\n\n\n<p>Ihre Debutsingle handelt von zwei Verliebten, die aufgrund von Job und Entfernung zwar ihre Lebensziele im Griff, aber keinerlei Zeit haben, das Pfl\u00e4nzchen der jungen Liebe zu pflegen. Immer ist etwas Anderes wichtiger als die Zweisamkeit und das Kennenlernen.<\/p>\n\n\n\n<p>Sicherlich ein Thema, das viele Schlagerfreunde kennen oder vielleicht sogar selbst erleben, besonders dann, wenn es schon der zweite oder dritte Anlauf ist, den richtigen Partner zu finden.<\/p>\n\n\n\n<p>Rita Belmond, l\u00e4sst sich nicht so leicht Steine in den Weg legen. Selbst zu Singen und dann auch noch professionelle Aufnahmen zu machen, war f\u00fcr Sie mehr als ein schwieriger Schritt.<\/p>\n\n\n\n<p>Rita besitzt nur noch ein geringes Resth\u00f6rverm\u00f6gen und tr\u00e4gt seit ihrer Kindheit H\u00f6rger\u00e4te, die ihr erm\u00f6glichen alles in etwa so wahrzunehmen, wie es ein Mensch von Natur aus k\u00f6nnen sollte.<\/p>\n\n\n\n<p>Sowohl technisch als auch emotional, waren die Tonaufnahmen eine Herausforderung im positiven Sinne. Rita Belmond wei\u00df seither, dass nur die St\u00e4rke des Willens z\u00e4hlt. Ihr Wille war stark genug, und Sie hat sich Etwas getraut und ihre Tr\u00e4ume erf\u00fcllt.<\/p>\n\n\n\n<p><em>Text: Stadtverwaltung Schifferstadt &amp; Rita Belmond Foto: Mike Music Records \/ Rita Belmond<br>18.07.2019<\/em><\/p>\n","protected":false},"excerpt":{"rendered":"<div class=\"mh-excerpt\"><p>Vorhang auf f\u00fcr den Mitmachzirkus Hereinspaziert \u2013 am Freitag, 19. Juli um 14 Uhr l\u00e4dt die Jugendpflege Schifferstadt zu einer Zirkusvorstellung der besonderen Art auf das Gel\u00e4nde des Jugendtreffs, Neust\u00fcckweg 1. Tellerdrehen, jonglieren, Fakir-F\u00e4higkeiten, Hula-Hoop, <a class=\"mh-excerpt-more\" href=\"https:\/\/speyer24news.com\/?p=16477\" title=\"Schifferstadt:\">[&#8230;]<\/a><\/p>\n<\/div>","protected":false},"author":3,"featured_media":0,"comment_status":"open","ping_status":"open","sticky":false,"template":"","format":"standard","meta":{"_monsterinsights_skip_tracking":false,"_monsterinsights_sitenote_active":false,"_monsterinsights_sitenote_note":"","_monsterinsights_sitenote_category":0,"footnotes":""},"categories":[126],"tags":[2222,1177,2225,2224,1221,2223],"aioseo_notices":[],"amp_enabled":true,"_links":{"self":[{"href":"https:\/\/speyer24news.com\/index.php?rest_route=\/wp\/v2\/posts\/16477"}],"collection":[{"href":"https:\/\/speyer24news.com\/index.php?rest_route=\/wp\/v2\/posts"}],"about":[{"href":"https:\/\/speyer24news.com\/index.php?rest_route=\/wp\/v2\/types\/post"}],"author":[{"embeddable":true,"href":"https:\/\/speyer24news.com\/index.php?rest_route=\/wp\/v2\/users\/3"}],"replies":[{"embeddable":true,"href":"https:\/\/speyer24news.com\/index.php?rest_route=%2Fwp%2Fv2%2Fcomments&post=16477"}],"version-history":[{"count":1,"href":"https:\/\/speyer24news.com\/index.php?rest_route=\/wp\/v2\/posts\/16477\/revisions"}],"predecessor-version":[{"id":16482,"href":"https:\/\/speyer24news.com\/index.php?rest_route=\/wp\/v2\/posts\/16477\/revisions\/16482"}],"wp:attachment":[{"href":"https:\/\/speyer24news.com\/index.php?rest_route=%2Fwp%2Fv2%2Fmedia&parent=16477"}],"wp:term":[{"taxonomy":"category","embeddable":true,"href":"https:\/\/speyer24news.com\/index.php?rest_route=%2Fwp%2Fv2%2Fcategories&post=16477"},{"taxonomy":"post_tag","embeddable":true,"href":"https:\/\/speyer24news.com\/index.php?rest_route=%2Fwp%2Fv2%2Ftags&post=16477"}],"curies":[{"name":"wp","href":"https:\/\/api.w.org\/{rel}","templated":true}]}}