{"id":16483,"date":"2019-07-18T09:58:47","date_gmt":"2019-07-18T08:58:47","guid":{"rendered":"https:\/\/speyer24news.com\/?p=16483"},"modified":"2019-07-18T09:58:48","modified_gmt":"2019-07-18T08:58:48","slug":"hassloch-11","status":"publish","type":"post","link":"https:\/\/speyer24news.com\/?p=16483","title":{"rendered":"Ha\u00dfloch:"},"content":{"rendered":"<style type=\"text\/css\">\r\n\t.ads_top_disp{}\r\n\t.ads_top_corner_disp{ float:left; margin:0px 10px 10px 0px; }\r\n\t.ads_first_p_disp{}\r\n\t.ads_bottom_disp{}\r\n\t<\/style>\n<h2 class=\"wp-block-heading\">Halbzeit beim Lesesommer \u2013 B\u00fccherei zieht ein erstes Zwischenfazit<\/h2>\n\n\n\n<div class=\"wp-block-image\"><figure class=\"aligncenter\"><img decoding=\"async\" loading=\"lazy\" width=\"500\" height=\"633\" src=\"https:\/\/speyer24news.com\/wp-content\/uploads\/2019\/07\/Lesesommer-2019.jpg\" alt=\"\" class=\"wp-image-16486\" srcset=\"https:\/\/speyer24news.com\/wp-content\/uploads\/2019\/07\/Lesesommer-2019.jpg 500w, https:\/\/speyer24news.com\/wp-content\/uploads\/2019\/07\/Lesesommer-2019-237x300.jpg 237w\" sizes=\"(max-width: 500px) 100vw, 500px\" \/><\/figure><\/div>\n\n\n\n<p>Der Lesesommer 2019 befindet sich in vollem Gange. Die inzwischen 12. Auflage der landesweiten Lesef\u00f6rderaktion ist am 17. Juni gestartet und l\u00e4uft <strong>noch bis zum 17. August<\/strong>. Damit ist die Halbzeit erreicht. Anlass genug, um aus Sicht der Ha\u00dflocher Gemeindeb\u00fccherei ein erstes Zwischenfazit zu ziehen.<\/p>\n\n\n\n<p>Nach Mitteilung von B\u00fcchereileiterin Gabi Pfadt haben sich bislang 223 Kinder und Jugendliche im Alter zwischen 6 und 16 Jahren f\u00fcr den Lesesommer bei Gemeindeb\u00fccherei angemeldet. Damit liegt die aktuelle Teilnehmerzahl auf dem Niveau des vergangenen Jahres. In 2018 hatten sich insgesamt 226 Kinder und Jugendliche an der Lesef\u00f6rderaktion beteiligt. \u201eDiese Zahl wird man auch in diesem Jahr wieder erreichen oder sogar noch \u00fcberbieten\u201c, zeigt sich der zust\u00e4ndige Dezernent und Erste Beigeordnete Tobias Meyer optimistisch. Schlie\u00dflich sind Anmeldungen noch bis zum Ende der Lesef\u00f6rderaktion m\u00f6glich. Die Anmeldung ist kostenlos. Entsprechende Informationen sowie die Lesesommer-Clubkarte bekommt man direkt in der B\u00fccherei.<\/p>\n\n\n\n<p>Insgesamt 19 ehrenamtliche Lesesommerpaten unterst\u00fctzen das B\u00fcchereiteam mit viel Engagement beim Zuh\u00f6ren der Buchvorstellungen. Jedes gelesene Buch wird im Anschluss mit dem jeweiligen Kind besprochen. Das geht in einem pers\u00f6nlichen Gespr\u00e4ch mit den Lesesommerpaten oder mittels Online-Buchtipp. Bisher wurden 443 B\u00fccher besprochen, davon 109 in Form des Online-Buchtipps. Insgesamt sind bisher 915 B\u00fccher von den teilnehmenden Kindern und Jugendlichen ausgeliehen worden. 598 B\u00fccher stehen eigens f\u00fcr den Lesesommer zur Verf\u00fcgung.<\/p>\n\n\n\n<p>Die Stimmung ist nach Mitteilung von B\u00fcchereileiterin Gabi Pfadt sehr gut. Die Kinder und Lesesommerpaten sind wieder mit Begeisterung dabei und auch die Eltern der teilnehmenden Kinder werden immer mehr involviert. So sind sie beispielsweise beim Ausleihen der B\u00fccherei dabei, einige Eltern kommen inzwischen sogar allein und geben im Auftrag ihres Kindes den ausgef\u00fcllten Online-Buchtipp ab, um sich den Stempel f\u00fcr die Clubkarte abzuholen. Auf diesem Weg habe man Eltern kennengelernt, die vorher noch nie in der B\u00fccherei waren, so Pfadt.<\/p>\n\n\n\n<p>Das B\u00fcchereiteam weist darauf hin, dass die Abgabe des Online-Buchtipps sowie die Buchbesprechungen nur zu bestimmten Zeiten m\u00f6glich sind. Diese sind Dienstag und Donnerstag zwischen 10:00 und 14:00 Uhr sowie Mittwoch und Freitag zwischen 14:00 und 18:00 Uhr. Die Zeiten sind auf dem Merkzettel f\u00fcr Lesesommer-Teilnehmer hinterlegt. Der Merkzettel wird mit der Anmeldung ausgeh\u00e4ndigt. Das Team der B\u00fccherei sowie die ehrenamtlichen Lesesommerpaten bitten Kinder und Eltern die Termine zu beachten und ausreichend Zeit f\u00fcr eine oder mehrere Buchbesprechungen mitzubringen. \u201eEs ist bedauerlich, wenn Kinder kurz vor Dienstschluss kommen und dann eventuell keine Zeit mehr f\u00fcr eine Buchbesprechung bleibt\u201c, so B\u00fcchereileiterin Gabi Pfadt.<\/p>\n\n\n\n<p>Der Abschluss des Lesesommers 2019 soll auch in diesem Jahr mit einem <strong>Abschlussfest <\/strong>begangen werden. Dieses wird am <strong>26. August<\/strong> um 16:30 Uhr in den R\u00e4umen der Gemeindeb\u00fccherei stattfinden. Im Rahmen des Abschlussfestes wird es auch diesmal wieder eine Verlosung und Preisverleihung geben, denn jeder Lesesommer-Teilnehmer hat die Chance auf tolle Preise, wenn man w\u00e4hrend des Aktionszeitraumes mindestens drei B\u00fccher gelesen hat. Wer an der Verlosung teilnehmen m\u00f6chte, muss seine Lesesommer-Clubkarte bis sp\u00e4testens zum 17. August (dem Ende des Lesesommers) in der B\u00fccherei abgeben.<\/p>\n\n\n\n<p><em>Gemeindeverwaltung Ha\u00dfloch<br>18.07.2019<\/em><\/p>\n\n\n\n<h2 class=\"wp-block-heading\">Das n\u00e4chste Tauschb\u00f6rsentreffen steht an<\/h2>\n\n\n\n<p>Das n\u00e4chste Tauschb\u00f6rsentreffen findet am <strong>Donnerstag, den 25.07.2019<\/strong> um 18.30 Uhr im Theodor-Friedrich-Haus statt.<\/p>\n\n\n\n<p>Unter dem Motto \u201eich kann was, ich gebb was, ich nemm was&#8220; werden die F\u00e4higkeiten der Teilnehmer eingesetzt, um anderen bei kleinen Problemen zu helfen: Rasenm\u00e4hen gegen Kuchenbacken, kleine Reparaturarbeiten an M\u00f6beln etc., bei Beh\u00f6rdeng\u00e4ngen\/Arztbesuchen behilflich sein usw. Jede\/r ist beim monatlichen Stammtisch willkommen, um sich zu treffen und eventuell um mitzumachen. F\u00fcr kleine Reparaturarbeiten sucht das Tauschb\u00f6rsenteam derzeit noch m\u00e4nnliche Mitstreiter.<\/p>\n\n\n\n<p>Fragen zur Tauschb\u00f6rse beantworten Renate K\u00e4b unter der Telefonnummer 06324 4965 und Nadja Wittmann unter 06324 9369952.<\/p>\n\n\n\n<p><em>Gemeindeverwaltung Ha\u00dfloch<br>18.07.2019<\/em><\/p>\n\n\n\n<h2 class=\"wp-block-heading\">Theater f\u00fcr Senioren im Pfalzbau<\/h2>\n\n\n\n<div class=\"wp-block-image\"><figure class=\"aligncenter\"><img decoding=\"async\" loading=\"lazy\" width=\"640\" height=\"482\" src=\"https:\/\/speyer24news.com\/wp-content\/uploads\/2019\/07\/Pfalzbau-LU.png\" alt=\"\" class=\"wp-image-16485\" srcset=\"https:\/\/speyer24news.com\/wp-content\/uploads\/2019\/07\/Pfalzbau-LU.png 640w, https:\/\/speyer24news.com\/wp-content\/uploads\/2019\/07\/Pfalzbau-LU-300x226.png 300w, https:\/\/speyer24news.com\/wp-content\/uploads\/2019\/07\/Pfalzbau-LU-326x245.png 326w, https:\/\/speyer24news.com\/wp-content\/uploads\/2019\/07\/Pfalzbau-LU-80x60.png 80w\" sizes=\"(max-width: 640px) 100vw, 640px\" \/><\/figure><\/div>\n\n\n\n<p><strong>Ludwigshafen \/ Ha\u00dfloch &#8211; <\/strong>Auch in der Theatersaison 2019\/2020 bietet das Seniorenb\u00fcro der Gemeinde Ha\u00dfloch wieder die Theaterfahrten zum Pfalzbau in Ludwigshafen an. Das Abonnement umfasst insgesamt sechs Vorstellungen f\u00fcr den Zeitraum Oktober 2019 bis Mai 2020. Mit dem Bus geht es bequem, ohne Parkplatzsuche oder lange Fu\u00dfwege, direkt vom Ha\u00dflocher Pfalzplatz zum Pfalzbau in Ludwigshafen. Die Programme zu den im Abonnement enthaltenen Vorstellungen sind im Seniorenb\u00fcro erh\u00e4ltlich oder k\u00f6nnen online unter <a href=\"http:\/\/www.hassloch.de\">www.hassloch.de<\/a> eingesehen werden. Seniorinnen und Senioren, die sich f\u00fcr die Theaterfahrten interessieren, k\u00f6nnen sich im Seniorenb\u00fcro bei Beate Gebhard-Diehl unter der Telefonnummer 06324-935 359 melden. <\/p>\n\n\n\n<p>Das Abonnement umfasst die sechs folgenden Veranstaltungen: <\/p>\n\n\n\n<h3 class=\"wp-block-heading\">13.10.2019 \u201eChaos auf Schloss Haversham\u201c <\/h3>\n\n\n\n<h4 class=\"wp-block-heading\">Kom\u00f6die von Henry Lewis, Jonathan Sayer &amp; Henry Shields \u2013 Fritz R\u00e9mond Theater im Zoo, Frankfurt<\/h4>\n\n\n\n<p>Hals- und Beinbruch stellen f\u00fcr diese Theatergruppe noch das geringste Problem dar! Wenn nicht nur Requisiten, sondern auch Darsteller verschwinden und zur Unzeit wieder auftauchen, die Technik versagt und das B\u00fchnenbild nach und nach in sich zusammenf\u00e4llt, dann handelt es sich um einen Theaterabend der feinsten englischen Kom\u00f6dien-Art. Einfach alles scheint sich gegen die Auff\u00fchrung von Mord auf Schloss Haversham verschworen zu haben.<\/p>\n\n\n\n<h3 class=\"wp-block-heading\">16.12.2019 \u201eEin Mann mit Charakter\u201c<\/h3>\n\n\n\n<h4 class=\"wp-block-heading\">Lustspiel von Wilfried Wroost \u2013 Ohnsorg-Theater Hamburg<\/h4>\n\n\n\n<p>B\u00e4ckermeister Heinrich Hinzpeter ist ein Mann mit Charakter. Deshalb hat er, als sein ehrloser Bruder nach Amerika ausgeb\u00fcxt ist, dessen schwangere Braut geheiratet. Die Ehe wurde allerdings sieben Jahre zuvor geschieden. Nun k\u00fcndigt der Bruder aus Brooklyn seinen Besuch an. Er m\u00f6chte seine Ehemalige wiedersehen. Heinrich Hinzpeter st\u00fcrzt sein Kommen in gro\u00dfe Verlegenheit. Denn dann wird Tochter Gisela erfahren, wer ihr richtiger Vater ist \u2013 eine Schmach f\u00fcr einen Mann von Charakter. Sein Griff in die Trickkiste stiftet heillose Verwirrung. Gut, dass Oma Dora den Knoten am Ende entwirrt.<\/p>\n\n\n\n<h3 class=\"wp-block-heading\">02.01.2020 \u201eEin Amerikaner in Paris\u201c<\/h3>\n\n\n\n<h4 class=\"wp-block-heading\">Musical von George und Ira Gershwin \u2013 EURO-STUDIO Landgraf<\/h4>\n\n\n\n<p>Das 2014 am Pariser Th\u00e9\u00e2tre du Ch\u00e2telet uraufgef\u00fchrte Gershwin-Tanzmusical \u201eEin Amerikaner in Paris\u201c, das auch am New Yorker Broadway 2015 und am Londoner West End 2017 ein Riesenerfolg war, ist inspiriert vom gleichnamigen Musicalfilm aus dem Jahr 1951 mit Gene Kelly und Leslie Caron. Der Filmtitel geht nat\u00fcrlich wiederum zur\u00fcck auf George Gershwins ber\u00fchmtes, 1928 uraufgef\u00fchrtes Orchesterwerk \u201eAn American in Paris\u201c, zu dem sich Gershwin durch seine Parisaufenthalte in den 1920ern angeregt f\u00fchlte. Das romantische Musical ist allerdings kein blo\u00dfes Remake des Films, sondern eine aufregende und ballettreiche Gershwin-Hommage.<\/p>\n\n\n\n<h3 class=\"wp-block-heading\">15.03.2020 \u201eM\u00e4nner\u201d<\/h3>\n\n\n\n<h4 class=\"wp-block-heading\">Ein Fu\u00dfballliederabend von Franz Wittenbrink \u2013 Pfalztheater Kaiserslautern<\/h4>\n\n\n\n<p>Wo ist ein Mann noch ein Mann? Im Fu\u00dfballstadion! Hier geht es um die letzten Dinge des Lebens: Liebe und Hass, Sieg oder Niederlage, wir oder die. Nach dem Spiel begegnen wir auf der Trib\u00fcne einer Handvoll Dagebliebener, denen die Worte des Kaisers Franz noch im Ohr klingen: \u201eGute Freunde kann niemand trennen \/ Gute Freunde sind nie allein \/ Weil sie eines im Leben k\u00f6nnen \/ F\u00fcreinander da zu sein\u201c. Franz Wittenbrings spezielle Form des \u201eLiederabends\u201c mit Handlung geht weit \u00fcber den traditionellen Charakter der Gattung hinaus. Seine Theaterabende haben mittlerweile Kultcharakter.<\/p>\n\n\n\n<h3 class=\"wp-block-heading\">29.03.2020 \u201eDie Fledermaus\u201c<\/h3>\n\n\n\n<h4 class=\"wp-block-heading\">Operette von Johann Strauss \u2013 Pfalztheater Kaiserslautern<\/h4>\n\n\n\n<p>Als \u201eRache der Fledermaus\u201c inszeniert Dr. Falke eine Revanche f\u00fcr einen Streich, bei dem ihn sein Freund Eisenstein nach einem Faschingsball dem Gel\u00e4chter der ganzen Stadt aussetzte. Auf dem Fest des Prinzen Orlofsky f\u00e4delt er eine Verkleidungs- und Verstellungskom\u00f6die ein, bei der Eisenstein in der Rolle eines Marquis Renard nicht nur seine Kammerzofe Adele im Gewand ihrer Herrin trifft, sondern auch heftigst mit einer ungarischen Gr\u00e4fin anb\u00e4ndelt, hinter deren Maske sich seine eigene Frau Rosalinde verbirgt. Zudem trinkt er Br\u00fcderschaft mit einem Chevalier Chagrin, der niemand anders ist als Gef\u00e4ngnisdirektor Frank, der Eisenstein l\u00e4ngst inhaftiert haben sollte. Am n\u00e4chsten Morgen trifft man sich im Gef\u00e4ngnis wieder, die Masken fallen. Im Katzenjammer bleibt die Erkenntnis: \u201eNur der Champagner war an allem schuld!\u201c<\/p>\n\n\n\n<h3 class=\"wp-block-heading\">03.05.2020 \u201eCabaret\u201c<\/h3>\n\n\n\n<h4 class=\"wp-block-heading\">Musical von John Kander (Musik) und Fred Ebb (Gesangstexte) \u2013 Pfalztheater Kaiserslautern<\/h4>\n\n\n\n<p>Das 1966 am Broadway uraufgef\u00fchrte Musical des Autorenteams John Kander und Fred Ebb ist l\u00e4ngst ein Klassiker des Genres geworden. Es vereint auf geradezu ideale Weise raffinierte Songs im Stil der 20er Jahre, von denen nicht wenige Welthits geworden sind, eine packende Geschichte und ein politisches Pl\u00e4doyer f\u00fcr eine freie, liberale Gesellschaft. Zus\u00e4tzliche Popularit\u00e4t gewann das Musical durch Bob Fosses Verfilmung aus dem Jahr 1972 mit Joel Grey als Conferencier und Liza Minelli als Sally Bowles.<\/p>\n\n\n\n<p><em>Gemeindeverwaltung Ha\u00dfloch<br>18.07.2019<\/em><\/p>\n","protected":false},"excerpt":{"rendered":"<div class=\"mh-excerpt\"><p>Halbzeit beim Lesesommer \u2013 B\u00fccherei zieht ein erstes Zwischenfazit Der Lesesommer 2019 befindet sich in vollem Gange. Die inzwischen 12. Auflage der landesweiten Lesef\u00f6rderaktion ist am 17. Juni gestartet und l\u00e4uft noch bis zum 17. <a class=\"mh-excerpt-more\" href=\"https:\/\/speyer24news.com\/?p=16483\" title=\"Ha\u00dfloch:\">[&#8230;]<\/a><\/p>\n<\/div>","protected":false},"author":3,"featured_media":16484,"comment_status":"open","ping_status":"open","sticky":false,"template":"","format":"standard","meta":{"_monsterinsights_skip_tracking":false,"_monsterinsights_sitenote_active":false,"_monsterinsights_sitenote_note":"","_monsterinsights_sitenote_category":0,"footnotes":""},"categories":[235],"tags":[180,1340,1341,2227,2229,2226,1631,2228],"aioseo_notices":[],"amp_enabled":true,"_links":{"self":[{"href":"https:\/\/speyer24news.com\/index.php?rest_route=\/wp\/v2\/posts\/16483"}],"collection":[{"href":"https:\/\/speyer24news.com\/index.php?rest_route=\/wp\/v2\/posts"}],"about":[{"href":"https:\/\/speyer24news.com\/index.php?rest_route=\/wp\/v2\/types\/post"}],"author":[{"embeddable":true,"href":"https:\/\/speyer24news.com\/index.php?rest_route=\/wp\/v2\/users\/3"}],"replies":[{"embeddable":true,"href":"https:\/\/speyer24news.com\/index.php?rest_route=%2Fwp%2Fv2%2Fcomments&post=16483"}],"version-history":[{"count":1,"href":"https:\/\/speyer24news.com\/index.php?rest_route=\/wp\/v2\/posts\/16483\/revisions"}],"predecessor-version":[{"id":16487,"href":"https:\/\/speyer24news.com\/index.php?rest_route=\/wp\/v2\/posts\/16483\/revisions\/16487"}],"wp:featuredmedia":[{"embeddable":true,"href":"https:\/\/speyer24news.com\/index.php?rest_route=\/wp\/v2\/media\/16484"}],"wp:attachment":[{"href":"https:\/\/speyer24news.com\/index.php?rest_route=%2Fwp%2Fv2%2Fmedia&parent=16483"}],"wp:term":[{"taxonomy":"category","embeddable":true,"href":"https:\/\/speyer24news.com\/index.php?rest_route=%2Fwp%2Fv2%2Fcategories&post=16483"},{"taxonomy":"post_tag","embeddable":true,"href":"https:\/\/speyer24news.com\/index.php?rest_route=%2Fwp%2Fv2%2Ftags&post=16483"}],"curies":[{"name":"wp","href":"https:\/\/api.w.org\/{rel}","templated":true}]}}