{"id":16627,"date":"2019-07-19T13:33:19","date_gmt":"2019-07-19T12:33:19","guid":{"rendered":"https:\/\/speyer24news.com\/?p=16627"},"modified":"2019-07-28T19:57:25","modified_gmt":"2019-07-28T18:57:25","slug":"brezelfest-speyer-2019-2","status":"publish","type":"post","link":"https:\/\/speyer24news.com\/?p=16627","title":{"rendered":"Brezelfest Speyer 2019"},"content":{"rendered":"<style type=\"text\/css\">\r\n\t.ads_top_disp{}\r\n\t.ads_top_corner_disp{ float:left; margin:0px 10px 10px 0px; }\r\n\t.ads_first_p_disp{}\r\n\t.ads_bottom_disp{}\r\n\t<\/style>\n<h2 class=\"wp-block-heading\">Sehen Sie hier die jeweils einzelnen Programmpunkten bei welchen wir dabei waren. Videos finden sie hier, f\u00fcr Fotoalben und ggf. Artikel bitte auf das jeweilige Foto klicken.<\/h2>\n\n\n\n<h2 class=\"wp-block-heading\" style=\"text-align:center\">Brezelfest Donnerstag<\/h2>\n\n\n\n<h3 class=\"wp-block-heading\">Er\u00f6ffnungsumzug und Fa\u00dfbieranstich (inklusive Artikel):<\/h3>\n\n\n\n<figure class=\"wp-block-image\"><a href=\"https:\/\/speyer24news.com\/?p=16069\" target=\"_blank\" rel=\"noreferrer noopener\"><img decoding=\"async\" loading=\"lazy\" width=\"800\" height=\"600\" src=\"https:\/\/speyer24news.com\/wp-content\/uploads\/2019\/07\/IMG_20190711_175930-2.jpg\" alt=\"\" class=\"wp-image-16628\" srcset=\"https:\/\/speyer24news.com\/wp-content\/uploads\/2019\/07\/IMG_20190711_175930-2.jpg 800w, https:\/\/speyer24news.com\/wp-content\/uploads\/2019\/07\/IMG_20190711_175930-2-300x225.jpg 300w, https:\/\/speyer24news.com\/wp-content\/uploads\/2019\/07\/IMG_20190711_175930-2-768x576.jpg 768w, https:\/\/speyer24news.com\/wp-content\/uploads\/2019\/07\/IMG_20190711_175930-2-678x509.jpg 678w, https:\/\/speyer24news.com\/wp-content\/uploads\/2019\/07\/IMG_20190711_175930-2-326x245.jpg 326w, https:\/\/speyer24news.com\/wp-content\/uploads\/2019\/07\/IMG_20190711_175930-2-80x60.jpg 80w\" sizes=\"(max-width: 800px) 100vw, 800px\" \/><\/a><\/figure>\n\n\n\n<p><strong>Video zum Er\u00f6ffnungsumzug in Facebook:<\/strong> <a href=\"https:\/\/www.facebook.com\/Speyer24News\/videos\/840689966302946\/\">https:\/\/www.facebook.com\/Speyer24News\/videos\/840689966302946\/<\/a><\/p>\n\n\n\n<figure class=\"wp-block-embed-youtube wp-block-embed is-type-video is-provider-youtube wp-embed-aspect-16-9 wp-has-aspect-ratio\"><div class=\"wp-block-embed__wrapper\">\n<iframe loading=\"lazy\" title=\"Er\u00f6ffnungsumzug zum Brezelfest 2019\" width=\"500\" height=\"281\" src=\"https:\/\/www.youtube.com\/embed\/7vN8DT206y4?feature=oembed\" frameborder=\"0\" allow=\"accelerometer; autoplay; encrypted-media; gyroscope; picture-in-picture\" allowfullscreen><\/iframe>\n<\/div><\/figure>\n\n\n\n<figure class=\"wp-block-embed-youtube wp-block-embed is-type-video is-provider-youtube wp-embed-aspect-16-9 wp-has-aspect-ratio\"><div class=\"wp-block-embed__wrapper\">\n<iframe loading=\"lazy\" title=\"Peitschenknaller\" width=\"500\" height=\"281\" src=\"https:\/\/www.youtube.com\/embed\/0Eqou0nVnmk?start=1&#038;feature=oembed\" frameborder=\"0\" allow=\"accelerometer; autoplay; encrypted-media; gyroscope; picture-in-picture\" allowfullscreen><\/iframe>\n<\/div><\/figure>\n\n\n\n<figure class=\"wp-block-embed-youtube wp-block-embed is-type-video is-provider-youtube wp-embed-aspect-16-9 wp-has-aspect-ratio\"><div class=\"wp-block-embed__wrapper\">\n<iframe loading=\"lazy\" title=\"Brezel Uwe begr\u00fc\u00dft die G\u00e4ste\" width=\"500\" height=\"281\" src=\"https:\/\/www.youtube.com\/embed\/Tv5o5NSF4ss?feature=oembed\" frameborder=\"0\" allow=\"accelerometer; autoplay; encrypted-media; gyroscope; picture-in-picture\" allowfullscreen><\/iframe>\n<\/div><\/figure>\n\n\n\n<figure class=\"wp-block-embed-youtube wp-block-embed is-type-video is-provider-youtube wp-embed-aspect-16-9 wp-has-aspect-ratio\"><div class=\"wp-block-embed__wrapper\">\n<iframe loading=\"lazy\" title=\"Oberb\u00fcrgermeisterin Seiler begr\u00fc\u00dft die G\u00e4ste...\" width=\"500\" height=\"281\" src=\"https:\/\/www.youtube.com\/embed\/EFeoicM1pKs?feature=oembed\" frameborder=\"0\" allow=\"accelerometer; autoplay; encrypted-media; gyroscope; picture-in-picture\" allowfullscreen><\/iframe>\n<\/div><\/figure>\n\n\n\n<figure class=\"wp-block-embed-youtube wp-block-embed is-type-video is-provider-youtube wp-embed-aspect-16-9 wp-has-aspect-ratio\"><div class=\"wp-block-embed__wrapper\">\n<iframe loading=\"lazy\" title=\"Fa\u00dfbieranstich beim Brezelfest 2019\" width=\"500\" height=\"281\" src=\"https:\/\/www.youtube.com\/embed\/4FAOqbfJlHI?feature=oembed\" frameborder=\"0\" allow=\"accelerometer; autoplay; encrypted-media; gyroscope; picture-in-picture\" allowfullscreen><\/iframe>\n<\/div><\/figure>\n\n\n\n<figure class=\"wp-block-embed-youtube wp-block-embed is-type-video is-provider-youtube wp-embed-aspect-16-9 wp-has-aspect-ratio\"><div class=\"wp-block-embed__wrapper\">\n<iframe loading=\"lazy\" title=\"Brezelhymne von R\u00fcdiger Kiktenko und Udo Sailer\" width=\"500\" height=\"281\" src=\"https:\/\/www.youtube.com\/embed\/l3GOkfqH6uI?feature=oembed\" frameborder=\"0\" allow=\"accelerometer; autoplay; encrypted-media; gyroscope; picture-in-picture\" allowfullscreen><\/iframe>\n<\/div><\/figure>\n\n\n\n<h2 class=\"wp-block-heading\" style=\"text-align:center\">Brezelfest Samstag<\/h2>\n\n\n\n<h3 class=\"wp-block-heading\">Anne Susan Sperling ist die neue Brezelk\u00f6nigin<\/h3>\n\n\n\n<div class=\"wp-block-image\"><figure class=\"aligncenter\"><a href=\"https:\/\/speyer24news.com\/?p=16238\" target=\"_blank\" rel=\"noreferrer noopener\"><img decoding=\"async\" loading=\"lazy\" width=\"800\" height=\"600\" src=\"https:\/\/speyer24news.com\/wp-content\/uploads\/2019\/07\/DSC04378-1.jpg\" alt=\"\" class=\"wp-image-16629\" srcset=\"https:\/\/speyer24news.com\/wp-content\/uploads\/2019\/07\/DSC04378-1.jpg 800w, https:\/\/speyer24news.com\/wp-content\/uploads\/2019\/07\/DSC04378-1-300x225.jpg 300w, https:\/\/speyer24news.com\/wp-content\/uploads\/2019\/07\/DSC04378-1-768x576.jpg 768w, https:\/\/speyer24news.com\/wp-content\/uploads\/2019\/07\/DSC04378-1-678x509.jpg 678w, https:\/\/speyer24news.com\/wp-content\/uploads\/2019\/07\/DSC04378-1-326x245.jpg 326w, https:\/\/speyer24news.com\/wp-content\/uploads\/2019\/07\/DSC04378-1-80x60.jpg 80w\" sizes=\"(max-width: 800px) 100vw, 800px\" \/><\/a><\/figure><\/div>\n\n\n\n<h2 class=\"wp-block-heading\" style=\"text-align:center\">Brezelfest Sonntag<\/h2>\n\n\n\n<h3 class=\"wp-block-heading\">Brezelfestl\u00e4ufe:<\/h3>\n\n\n\n<div class=\"wp-block-image\"><figure class=\"aligncenter\"><a href=\"https:\/\/speyer24news.com\/?p=16488\" target=\"_blank\" rel=\"noreferrer noopener\"><img decoding=\"async\" loading=\"lazy\" width=\"800\" height=\"600\" src=\"https:\/\/speyer24news.com\/wp-content\/uploads\/2019\/07\/DSC04228.jpg\" alt=\"\" class=\"wp-image-16519\" srcset=\"https:\/\/speyer24news.com\/wp-content\/uploads\/2019\/07\/DSC04228.jpg 800w, https:\/\/speyer24news.com\/wp-content\/uploads\/2019\/07\/DSC04228-300x225.jpg 300w, https:\/\/speyer24news.com\/wp-content\/uploads\/2019\/07\/DSC04228-768x576.jpg 768w, https:\/\/speyer24news.com\/wp-content\/uploads\/2019\/07\/DSC04228-678x509.jpg 678w, https:\/\/speyer24news.com\/wp-content\/uploads\/2019\/07\/DSC04228-326x245.jpg 326w, https:\/\/speyer24news.com\/wp-content\/uploads\/2019\/07\/DSC04228-80x60.jpg 80w\" sizes=\"(max-width: 800px) 100vw, 800px\" \/><\/a><\/figure><\/div>\n\n\n\n<figure class=\"wp-block-embed-youtube wp-block-embed is-type-video is-provider-youtube wp-embed-aspect-16-9 wp-has-aspect-ratio\"><div class=\"wp-block-embed__wrapper\">\n<iframe loading=\"lazy\" title=\"Start des Bambinilaufs beim Brezelfest 2019\" width=\"500\" height=\"281\" src=\"https:\/\/www.youtube.com\/embed\/EnjxYvhS6Aw?feature=oembed\" frameborder=\"0\" allow=\"accelerometer; autoplay; encrypted-media; gyroscope; picture-in-picture\" allowfullscreen><\/iframe>\n<\/div><\/figure>\n\n\n\n<figure class=\"wp-block-embed-youtube wp-block-embed is-type-video is-provider-youtube wp-embed-aspect-16-9 wp-has-aspect-ratio\"><div class=\"wp-block-embed__wrapper\">\n<iframe loading=\"lazy\" title=\"Kidslauf beim Brezelfest 2019\" width=\"500\" height=\"281\" src=\"https:\/\/www.youtube.com\/embed\/fKgl7Z6GGI4?feature=oembed\" frameborder=\"0\" allow=\"accelerometer; autoplay; encrypted-media; gyroscope; picture-in-picture\" allowfullscreen><\/iframe>\n<\/div><\/figure>\n\n\n\n<figure class=\"wp-block-embed-youtube wp-block-embed is-type-video is-provider-youtube wp-embed-aspect-16-9 wp-has-aspect-ratio\"><div class=\"wp-block-embed__wrapper\">\n<iframe loading=\"lazy\" title=\"Start des Brezelfestlauf 2019\" width=\"500\" height=\"281\" src=\"https:\/\/www.youtube.com\/embed\/yleRZMYmkt8?feature=oembed\" frameborder=\"0\" allow=\"accelerometer; autoplay; encrypted-media; gyroscope; picture-in-picture\" allowfullscreen><\/iframe>\n<\/div><\/figure>\n\n\n\n<h3 class=\"wp-block-heading\">Brezelfestumzug<\/h3>\n\n\n\n<div class=\"wp-block-image\"><figure class=\"aligncenter\"><a href=\"https:\/\/speyer24news.com\/?p=16362\"><img decoding=\"async\" loading=\"lazy\" width=\"800\" height=\"600\" src=\"https:\/\/speyer24news.com\/wp-content\/uploads\/2019\/07\/DSC04351-1.jpg\" alt=\"\" class=\"wp-image-16631\" srcset=\"https:\/\/speyer24news.com\/wp-content\/uploads\/2019\/07\/DSC04351-1.jpg 800w, https:\/\/speyer24news.com\/wp-content\/uploads\/2019\/07\/DSC04351-1-300x225.jpg 300w, https:\/\/speyer24news.com\/wp-content\/uploads\/2019\/07\/DSC04351-1-768x576.jpg 768w, https:\/\/speyer24news.com\/wp-content\/uploads\/2019\/07\/DSC04351-1-678x509.jpg 678w, https:\/\/speyer24news.com\/wp-content\/uploads\/2019\/07\/DSC04351-1-326x245.jpg 326w, https:\/\/speyer24news.com\/wp-content\/uploads\/2019\/07\/DSC04351-1-80x60.jpg 80w\" sizes=\"(max-width: 800px) 100vw, 800px\" \/><\/a><\/figure><\/div>\n\n\n\n<figure class=\"wp-block-embed-youtube wp-block-embed is-type-video is-provider-youtube wp-embed-aspect-16-9 wp-has-aspect-ratio\"><div class=\"wp-block-embed__wrapper\">\n<iframe loading=\"lazy\" title=\"Brezelfestumzug 2019 - Impressionen\" width=\"500\" height=\"281\" src=\"https:\/\/www.youtube.com\/embed\/72KG1UjSEh4?feature=oembed\" frameborder=\"0\" allow=\"accelerometer; autoplay; encrypted-media; gyroscope; picture-in-picture\" allowfullscreen><\/iframe>\n<\/div><\/figure>\n\n\n\n<figure class=\"wp-block-embed-youtube wp-block-embed is-type-video is-provider-youtube wp-embed-aspect-16-9 wp-has-aspect-ratio\"><div class=\"wp-block-embed__wrapper\">\n<iframe loading=\"lazy\" title=\"Brezelfestumzug 2019 - Impressionen\" width=\"500\" height=\"281\" src=\"https:\/\/www.youtube.com\/embed\/GuiYMtKmSxw?feature=oembed\" frameborder=\"0\" allow=\"accelerometer; autoplay; encrypted-media; gyroscope; picture-in-picture\" allowfullscreen><\/iframe>\n<\/div><\/figure>\n\n\n\n<figure class=\"wp-block-embed-youtube wp-block-embed is-type-video is-provider-youtube wp-embed-aspect-16-9 wp-has-aspect-ratio\"><div class=\"wp-block-embed__wrapper\">\n<iframe loading=\"lazy\" title=\"Brezelfestumzug 2019 - Impressionen\" width=\"500\" height=\"281\" src=\"https:\/\/www.youtube.com\/embed\/ay4nvLRCKoI?feature=oembed\" frameborder=\"0\" allow=\"accelerometer; autoplay; encrypted-media; gyroscope; picture-in-picture\" allowfullscreen><\/iframe>\n<\/div><\/figure>\n\n\n\n<figure class=\"wp-block-embed-youtube wp-block-embed is-type-video is-provider-youtube wp-embed-aspect-16-9 wp-has-aspect-ratio\"><div class=\"wp-block-embed__wrapper\">\n<iframe loading=\"lazy\" title=\"Brezelfestumzug 2019 - Impressionen\" width=\"500\" height=\"281\" src=\"https:\/\/www.youtube.com\/embed\/72KG1UjSEh4?feature=oembed\" frameborder=\"0\" allow=\"accelerometer; autoplay; encrypted-media; gyroscope; picture-in-picture\" allowfullscreen><\/iframe>\n<\/div><\/figure>\n\n\n\n<figure class=\"wp-block-embed-youtube wp-block-embed is-type-video is-provider-youtube wp-embed-aspect-16-9 wp-has-aspect-ratio\"><div class=\"wp-block-embed__wrapper\">\n<iframe loading=\"lazy\" title=\"Brezelfestumzug - Impressionen\" width=\"500\" height=\"281\" src=\"https:\/\/www.youtube.com\/embed\/YW8po0_-SG8?feature=oembed\" frameborder=\"0\" allow=\"accelerometer; autoplay; encrypted-media; gyroscope; picture-in-picture\" allowfullscreen><\/iframe>\n<\/div><\/figure>\n\n\n\n<figure class=\"wp-block-embed-youtube wp-block-embed is-type-video is-provider-youtube wp-embed-aspect-16-9 wp-has-aspect-ratio\"><div class=\"wp-block-embed__wrapper\">\n<iframe loading=\"lazy\" title=\"Brezelfestumzug 2019 - Impressionen\" width=\"500\" height=\"281\" src=\"https:\/\/www.youtube.com\/embed\/f4u6INYx-eA?feature=oembed\" frameborder=\"0\" allow=\"accelerometer; autoplay; encrypted-media; gyroscope; picture-in-picture\" allowfullscreen><\/iframe>\n<\/div><\/figure>\n\n\n\n<figure class=\"wp-block-embed-youtube wp-block-embed is-type-video is-provider-youtube wp-embed-aspect-16-9 wp-has-aspect-ratio\"><div class=\"wp-block-embed__wrapper\">\n<iframe loading=\"lazy\" title=\"Brezelfestumzug 2019 - Impressionen\" width=\"500\" height=\"281\" src=\"https:\/\/www.youtube.com\/embed\/uWoTId39n-w?feature=oembed\" frameborder=\"0\" allow=\"accelerometer; autoplay; encrypted-media; gyroscope; picture-in-picture\" allowfullscreen><\/iframe>\n<\/div><\/figure>\n\n\n\n<figure class=\"wp-block-embed-youtube wp-block-embed is-type-video is-provider-youtube wp-embed-aspect-16-9 wp-has-aspect-ratio\"><div class=\"wp-block-embed__wrapper\">\n<iframe loading=\"lazy\" title=\"Brezelfestumzug 2019 - Impressionen\" width=\"500\" height=\"281\" src=\"https:\/\/www.youtube.com\/embed\/xJvbRe1ra04?feature=oembed\" frameborder=\"0\" allow=\"accelerometer; autoplay; encrypted-media; gyroscope; picture-in-picture\" allowfullscreen><\/iframe>\n<\/div><\/figure>\n\n\n\n<figure class=\"wp-block-embed-youtube wp-block-embed is-type-video is-provider-youtube wp-embed-aspect-16-9 wp-has-aspect-ratio\"><div class=\"wp-block-embed__wrapper\">\n<iframe loading=\"lazy\" title=\"Brezelfestumzug 2019 - Impressionen\" width=\"500\" height=\"281\" src=\"https:\/\/www.youtube.com\/embed\/0HiVGwFTLGs?feature=oembed\" frameborder=\"0\" allow=\"accelerometer; autoplay; encrypted-media; gyroscope; picture-in-picture\" allowfullscreen><\/iframe>\n<\/div><\/figure>\n\n\n\n<figure class=\"wp-block-embed-youtube wp-block-embed is-type-video is-provider-youtube wp-embed-aspect-16-9 wp-has-aspect-ratio\"><div class=\"wp-block-embed__wrapper\">\n<iframe loading=\"lazy\" title=\"Brezelfestumzug 2019 - Impressionen\" width=\"500\" height=\"281\" src=\"https:\/\/www.youtube.com\/embed\/jAm6blYlVMA?feature=oembed\" frameborder=\"0\" allow=\"accelerometer; autoplay; encrypted-media; gyroscope; picture-in-picture\" allowfullscreen><\/iframe>\n<\/div><\/figure>\n\n\n\n<figure class=\"wp-block-embed-youtube wp-block-embed is-type-video is-provider-youtube wp-embed-aspect-16-9 wp-has-aspect-ratio\"><div class=\"wp-block-embed__wrapper\">\n<iframe loading=\"lazy\" title=\"Brezelfestumzug - Impressionen\" width=\"500\" height=\"281\" src=\"https:\/\/www.youtube.com\/embed\/meJpRBu7XBc?feature=oembed\" frameborder=\"0\" allow=\"accelerometer; autoplay; encrypted-media; gyroscope; picture-in-picture\" allowfullscreen><\/iframe>\n<\/div><\/figure>\n\n\n\n<h2 class=\"wp-block-heading\" style=\"text-align:center\">Brezelfest Montag<\/h2>\n\n\n\n<h3 class=\"wp-block-heading\">Brezelfestbildversteigerung<\/h3>\n\n\n\n<div class=\"wp-block-image\"><figure class=\"aligncenter\"><a href=\"https:\/\/speyer24news.com\/?p=16286\" target=\"_blank\" rel=\"noreferrer noopener\"><img decoding=\"async\" loading=\"lazy\" width=\"1000\" height=\"667\" src=\"https:\/\/speyer24news.com\/wp-content\/uploads\/2019\/07\/Brezelbild-3.jpg\" alt=\"\" class=\"wp-image-16632\" srcset=\"https:\/\/speyer24news.com\/wp-content\/uploads\/2019\/07\/Brezelbild-3.jpg 1000w, https:\/\/speyer24news.com\/wp-content\/uploads\/2019\/07\/Brezelbild-3-300x200.jpg 300w, https:\/\/speyer24news.com\/wp-content\/uploads\/2019\/07\/Brezelbild-3-768x512.jpg 768w\" sizes=\"(max-width: 1000px) 100vw, 1000px\" \/><\/a><\/figure><\/div>\n\n\n\n<figure class=\"wp-block-embed-youtube wp-block-embed is-type-video is-provider-youtube wp-embed-aspect-16-9 wp-has-aspect-ratio\"><div class=\"wp-block-embed__wrapper\">\n<iframe loading=\"lazy\" title=\"Brezelbildversteigerung Speyer 2019\" width=\"500\" height=\"281\" src=\"https:\/\/www.youtube.com\/embed\/9f1RrGNdGqc?feature=oembed\" frameborder=\"0\" allow=\"accelerometer; autoplay; encrypted-media; gyroscope; picture-in-picture\" allowfullscreen><\/iframe>\n<\/div><\/figure>\n\n\n\n<h3 class=\"wp-block-heading\">Fr\u00fchschoppen und Brezelfestrundgang<\/h3>\n\n\n\n<div class=\"wp-block-image\"><figure class=\"aligncenter\"><a href=\"https:\/\/speyer24news.com\/?p=16568\" target=\"_blank\" rel=\"noreferrer noopener\"><img decoding=\"async\" loading=\"lazy\" width=\"800\" height=\"600\" src=\"https:\/\/speyer24news.com\/wp-content\/uploads\/2019\/07\/IMG_20190715_142439-3.jpg\" alt=\"\" class=\"wp-image-16633\" srcset=\"https:\/\/speyer24news.com\/wp-content\/uploads\/2019\/07\/IMG_20190715_142439-3.jpg 800w, https:\/\/speyer24news.com\/wp-content\/uploads\/2019\/07\/IMG_20190715_142439-3-300x225.jpg 300w, https:\/\/speyer24news.com\/wp-content\/uploads\/2019\/07\/IMG_20190715_142439-3-768x576.jpg 768w, https:\/\/speyer24news.com\/wp-content\/uploads\/2019\/07\/IMG_20190715_142439-3-678x509.jpg 678w, https:\/\/speyer24news.com\/wp-content\/uploads\/2019\/07\/IMG_20190715_142439-3-326x245.jpg 326w, https:\/\/speyer24news.com\/wp-content\/uploads\/2019\/07\/IMG_20190715_142439-3-80x60.jpg 80w\" sizes=\"(max-width: 800px) 100vw, 800px\" \/><\/a><\/figure><\/div>\n\n\n\n<figure class=\"wp-block-embed-youtube wp-block-embed is-type-video is-provider-youtube wp-embed-aspect-16-9 wp-has-aspect-ratio\"><div class=\"wp-block-embed__wrapper\">\n<iframe loading=\"lazy\" title=\"Riesenradfahrt beim Brezelfest 2019\" width=\"500\" height=\"281\" src=\"https:\/\/www.youtube.com\/embed\/P4XLMm8VlxI?feature=oembed\" frameborder=\"0\" allow=\"accelerometer; autoplay; encrypted-media; gyroscope; picture-in-picture\" allowfullscreen><\/iframe>\n<\/div><\/figure>\n\n\n\n<h2 class=\"wp-block-heading\" style=\"text-align:center\">Brezelfestdienstag<\/h2>\n\n\n\n<figure class=\"wp-block-embed-youtube wp-block-embed is-type-video is-provider-youtube wp-embed-aspect-16-9 wp-has-aspect-ratio\"><div class=\"wp-block-embed__wrapper\">\n<iframe loading=\"lazy\" title=\"Abschlu\u00dffeuerwerk Brezelfest 2019\" width=\"500\" height=\"281\" src=\"https:\/\/www.youtube.com\/embed\/idmR74hLXtI?start=207&#038;feature=oembed\" frameborder=\"0\" allow=\"accelerometer; autoplay; encrypted-media; gyroscope; picture-in-picture\" allowfullscreen><\/iframe>\n<\/div><\/figure>\n\n\n\n<p><em>Foto,Video und Text: Speyer 24\/7 News, dak<br>19.07.2019<\/em><\/p>\n","protected":false},"excerpt":{"rendered":"<div class=\"mh-excerpt\"><p>Sehen Sie hier die jeweils einzelnen Programmpunkten bei welchen wir dabei waren. Videos finden sie hier, f\u00fcr Fotoalben und ggf. Artikel bitte auf das jeweilige Foto klicken. Brezelfest Donnerstag Er\u00f6ffnungsumzug und Fa\u00dfbieranstich (inklusive Artikel): Video <a class=\"mh-excerpt-more\" href=\"https:\/\/speyer24news.com\/?p=16627\" title=\"Brezelfest Speyer 2019\">[&#8230;]<\/a><\/p>\n<\/div>","protected":false},"author":3,"featured_media":16070,"comment_status":"open","ping_status":"open","sticky":false,"template":"","format":"standard","meta":{"_monsterinsights_skip_tracking":false,"_monsterinsights_sitenote_active":false,"_monsterinsights_sitenote_note":"","_monsterinsights_sitenote_category":0,"footnotes":""},"categories":[9],"tags":[1067,1849,1069,1068,1916,1914,1078,778,2231,6],"aioseo_notices":[],"amp_enabled":true,"_links":{"self":[{"href":"https:\/\/speyer24news.com\/index.php?rest_route=\/wp\/v2\/posts\/16627"}],"collection":[{"href":"https:\/\/speyer24news.com\/index.php?rest_route=\/wp\/v2\/posts"}],"about":[{"href":"https:\/\/speyer24news.com\/index.php?rest_route=\/wp\/v2\/types\/post"}],"author":[{"embeddable":true,"href":"https:\/\/speyer24news.com\/index.php?rest_route=\/wp\/v2\/users\/3"}],"replies":[{"embeddable":true,"href":"https:\/\/speyer24news.com\/index.php?rest_route=%2Fwp%2Fv2%2Fcomments&post=16627"}],"version-history":[{"count":1,"href":"https:\/\/speyer24news.com\/index.php?rest_route=\/wp\/v2\/posts\/16627\/revisions"}],"predecessor-version":[{"id":16634,"href":"https:\/\/speyer24news.com\/index.php?rest_route=\/wp\/v2\/posts\/16627\/revisions\/16634"}],"wp:featuredmedia":[{"embeddable":true,"href":"https:\/\/speyer24news.com\/index.php?rest_route=\/wp\/v2\/media\/16070"}],"wp:attachment":[{"href":"https:\/\/speyer24news.com\/index.php?rest_route=%2Fwp%2Fv2%2Fmedia&parent=16627"}],"wp:term":[{"taxonomy":"category","embeddable":true,"href":"https:\/\/speyer24news.com\/index.php?rest_route=%2Fwp%2Fv2%2Fcategories&post=16627"},{"taxonomy":"post_tag","embeddable":true,"href":"https:\/\/speyer24news.com\/index.php?rest_route=%2Fwp%2Fv2%2Ftags&post=16627"}],"curies":[{"name":"wp","href":"https:\/\/api.w.org\/{rel}","templated":true}]}}