{"id":16671,"date":"2019-07-19T17:52:31","date_gmt":"2019-07-19T16:52:31","guid":{"rendered":"https:\/\/speyer24news.com\/?p=16671"},"modified":"2019-07-19T17:52:33","modified_gmt":"2019-07-19T16:52:33","slug":"landkreis-germersheim-stadt-germersheim","status":"publish","type":"post","link":"https:\/\/speyer24news.com\/?p=16671","title":{"rendered":"Landkreis Germersheim &#038; Stadt Germersheim:"},"content":{"rendered":"<style type=\"text\/css\">\r\n\t.ads_top_disp{}\r\n\t.ads_top_corner_disp{ float:left; margin:0px 10px 10px 0px; }\r\n\t.ads_first_p_disp{}\r\n\t.ads_bottom_disp{}\r\n\t<\/style>\n<h2 class=\"wp-block-heading\">Kurse an der Kreisvolkshochschule Germersheim (KVHS GER):<\/h2>\n\n\n\n<div class=\"wp-block-image\"><figure class=\"aligncenter\"><img decoding=\"async\" src=\"https:\/\/speyer24news.com\/wp-content\/uploads\/2019\/07\/VHS.png\" alt=\"\" class=\"wp-image-16675\"\/><\/figure><\/div>\n\n\n\n<h2 class=\"wp-block-heading\"><strong>Veranstaltungen\nder Kreisvolkshochschule Germersheim<\/strong><\/h2>\n\n\n\n<p>Es wird darauf hingewiesen, dass zu\nallen nachstehend aufgef\u00fchrten Kursen und Vortr\u00e4gen eine<strong> Anmeldung unbedingt erforderlich <\/strong>ist. Kontaktadressen sind\nam Ende des Textes zu finden.<\/p>\n\n\n\n<p><strong>2019kv207<\/strong><strong><\/strong><\/p>\n\n\n\n<p><strong>\u201eN\u00e4hen\nund Schneidern &#8211; f\u00fcr Anf\u00e4nger und Fortgeschrittene &#8211; Kurs A\u201c &#8211; <\/strong>Kurs mit<strong> Dagmar Palluch:<\/strong> Germersheim, Ritter-von-Schmau\u00df-Str.\/Ecke\nParadeplatz, Seiteneingang der\nBerufsbildende Schule, EG, Saal E 06. Beginn: Dienstag, 13.08.2019, 18:30 &#8211; 21:30\nUhr. Dauer: 7 Termine, Kosten: 70,00\nEuro\/Person.<\/p>\n\n\n\n<p><strong>2019kv304<\/strong><strong><\/strong><\/p>\n\n\n\n<p><strong>\u201eFitness\nund R\u00fcckenschule f\u00fcr mehr Beweglichkeit im Alltag\u201c &#8211; <\/strong>Kurs mit<strong> Ursula Geusen:<\/strong> Germersheim, Tournuser\nPlatz, Sporthalle der\nEduard-Orth-Grundschule, bei der &#8222;Stadthalle&#8220; Germersheim.\nBeginn: Mittwoch, 14.08.2019, 18:00 &#8211; 19:00 Uhr. Dauer: 15 Termine, Kosten: 75,00 Euro\/Person.<\/p>\n\n\n\n<p><strong>2019kv263<\/strong><strong><\/strong><\/p>\n\n\n\n<p><strong>\u201eDas\nVerbraucherinsolvenzverfahren &#8211; Rechtsvortrag A\u201c &#8211; <\/strong>Kurs mit<strong> Michael M\u00fcnch:<\/strong> Germersheim, Ritter-von-Schmau\u00df-Str.\/Ecke\nParadeplatz, Seminarraum 1 in der KVHS\nGesch\u00e4ftsstelle. Beginn: Mittwoch,\n14.08.2019, 19:30 &#8211; 21:00 Uhr. Dauer: 1 Termin, Kosten: 10,00 Euro\/Person.<\/p>\n\n\n\n<p><strong>2019kv081<\/strong><strong><\/strong><\/p>\n\n\n\n<p><strong>\u201eInformationsabend<\/strong><\/p>\n\n\n\n<p><strong>Vorbereitungskurs\nzum nachtr\u00e4glichen Erwerb der Sekundarstufe I (Realschulabschluss)<\/strong><strong>\u201c\n&#8211; <\/strong>Kurs mit<strong> Karin\nTr\u00e4ber:<\/strong> Germersheim, August-Keiler-Str. 34, Goethe-Gymnasium, Ostbau, EG, Saal 081. Beginn: Mittwoch, 14.08.2019,\n18:00 &#8211; 19:30\nUhr. Dauer: 1 Termin, Kosten: kostenfrei Euro\/Person.<\/p>\n\n\n\n<p><strong>2019kv209<\/strong><strong><\/strong><\/p>\n\n\n\n<p><strong>\u201eLachen\n&#8211; Balsam f\u00fcr K\u00f6rper und Geist &#8211; Informationsabend\u201c &#8211; <\/strong>Kurs mit<strong> Simone Buchlaub:<\/strong> Germersheim, August-Keiler-Str.\n34, Goethe-Gymnasium, Ostbau, EG, Saal\n081. Beginn: Donnerstag, 15.08.2019, 18:30\n&#8211; 20:00 Uhr. Dauer: 1 Termin, Kosten: kostenfrei Euro\/Person.<\/p>\n\n\n\n<p><strong>2019kv332<\/strong><strong><\/strong><\/p>\n\n\n\n<p><strong>\u201eAugentraining\n&#8211; St\u00e4rkung der Sehkraft &#8211; am Vormittag\u201c &#8211; <\/strong>Kurs mit<strong> Gertrud Hertel:<\/strong> Germersheim, Ritter-von-Schmau\u00df-Str.\/Ecke\nParadeplatz, Seiteneingang der\nBerufsbildende Schule, EG, Saal E 07. Beginn: Freitag, 16.08.2019, 18:30 &#8211; 20:00\nUhr. Dauer: 7 Termine, Kosten: 50,00\nEuro\/Person.<\/p>\n\n\n\n<p><strong>2019kv297<\/strong><strong><\/strong><\/p>\n\n\n\n<p><strong>\u201eDeutsch\nA2 Teil 3\u201c &#8211; <\/strong>Kurs\nmit<strong> Katharina\nLederle:<\/strong> Germersheim, Ritter-von-Schmau\u00df-Str.\/Ecke Paradeplatz, Seiteneingang der Berufsbildende Schule, EG, Saal E 07.\nBeginn: Montag, 19.08.2019, 18:00 &#8211; 19:30 Uhr. Dauer: 28 Termine, Kosten: 101,00 Euro\/Person.<\/p>\n\n\n\n<p><strong>2019kv240<\/strong><strong><\/strong><\/p>\n\n\n\n<p><strong>\u201eDeutsch\nB1 \/ B2 &#8211; intensiv &#8211; am Vormittag\u201c &#8211; <\/strong>Kurs mit<strong> Mike R\u00f6tzel:<\/strong> Germersheim, Ritter-von-Schmau\u00df-Str.\/Ecke\nParadeplatz, Seiteneingang der\nBerufsbildende Schule, 1. OG, Saal 101. Beginn: Montag, 19.08.2019, 09:00 &#8211; 12:00\nUhr. Dauer: 56 Termine, Kosten: 336,00\nEuro\/Person.<\/p>\n\n\n\n<p><strong>2019kv298<\/strong><strong><\/strong><\/p>\n\n\n\n<p><strong>\u201eDeutsch\nA2 Teil 1 &#8211; mit Schwerpunkt Sprechen\u201c &#8211; <\/strong>Kurs mit<strong> Katharina Lederle:<\/strong> Germersheim, Ritter-von-Schmau\u00df-Str.\/Ecke\nParadeplatz, Seiteneingang der\nBerufsbildende Schule, EG, Saal E 07. Beginn: Montag, 19.08.2019, 19:30 &#8211; 21:00\nUhr. Dauer: 28 Termine, Kosten: 101,00\nEuro\/Person.<\/p>\n\n\n\n<p><strong>2019kv241<\/strong><strong><\/strong><\/p>\n\n\n\n<p><strong>\u201eDeutsch\nB2 Teil 2 &#8211; intensiv\u201c &#8211; <\/strong>Kurs\nmit<strong> Mike\nR\u00f6tzel:<\/strong> Germersheim, Ritter-von-Schmau\u00df-Str.\/Ecke Paradeplatz, Seiteneingang der Berufsbildende Schule, EG, Saal E 06.\nBeginn: Montag, 19.08.2019, 18:00 &#8211; 19:30 Uhr. Dauer: 28 Termine, Kosten: 84,00 Euro\/Person.<\/p>\n\n\n\n<p><strong>2019kv286<\/strong><strong><\/strong><\/p>\n\n\n\n<p><strong>\u201eXpert Business &#8211; Computerschreiben\u201c &#8211; <\/strong>Kurs mit<strong> Silke Bentz:<\/strong> Germersheim, Ritter-von-Schmau\u00df-Str.\/Ecke\nParadeplatz, EDV-Raum in der KVHS\nGesch\u00e4ftsstelle. Beginn: Montag, 19.08.2019, 17:00\n&#8211; 19:15 Uhr. Dauer: 7 Termine,\nKosten: 67,00 Euro\/Person.<\/p>\n\n\n\n<p>Eine <strong>Anmeldung<\/strong>\nist zu allen Veranstaltungen zwingend <strong>erforderlich<\/strong>\nbei der Gesch\u00e4ftsstelle der Kreisvolkshochschule Germersheim, Telefon\n07274-53334 oder -53382, E-Mail: <a href=\"mailto:vhs@kreis-germersheim.de\">vhs@kreis-germersheim.de<\/a> oder online \u00fcber ein Buchungsformular auf der Homepage\nunter www.kreis-germersheim.de\/kvhs.<\/p>\n\n\n\n<p><strong>Bitte beachten Sie unsere\n\u00d6ffnungszeiten:<\/strong><\/p>\n\n\n\n<p>Montag\nbis Freitag: 08:30 bis 12:00 Uhr, Dienstag: 13:30 bis 16:00 Uhr, Donnerstag:\n13:30 bis 18:00 Uhr, <\/p>\n\n\n\n<p>Annahmeschluss:\njeweils&nbsp;15 Minuten vor Ende der \u00d6ffnungszeiten.<\/p>\n\n\n\n<h2 class=\"wp-block-heading\">Erwerb der Sekundarstufe I\u201c (Realschulabschluss)<\/h2>\n\n\n\n<h3 class=\"wp-block-heading\">Vorbereitungskurs 2019 bis 2021     <\/h3>\n\n\n\n<p>Die KVHS Germersheim bietet einen Vorbereitungskurs zum nachtr\u00e4glichen Erwerb des Realschulabschlusses (Sekundarstufe I) an.<br>Mit einem staatlichen Realschulabschluss verbessern die Absolventen ihre beruflichen Ausbildungsm\u00f6glichkeiten und haben auch die M\u00f6glichkeit, das (Fach-)Abitur als weiteres Ausbildungsziel in Angriff zu nehmen. Der Vorbereitungslehrgang zum Realschulabschluss dauert etwa zwei Jahre. Der Unterricht findet montags bis freitags, jeweils von 18 bis 21.15 Uhr statt. Folgende F\u00e4cher werden unterrichtet: Deutsch, Englisch, Mathematik, Geschichte, Sozialkunde, Erdkunde, Biologie, Physik und Chemie.<\/p>\n\n\n\n<p><strong>Grundlagen des Vorbereitungskurses:<\/strong><br>Organisation und Unterricht des Vorbereitungskurses der Volkshochschule werden von der Landesverordnung \u201ePr\u00fcfung f\u00fcr Nichtsch\u00fclerinnen und Nichtsch\u00fcler zum nachtr\u00e4glichen Erwerb des qualifizierten Sekundarabschlusses I&#8220; und dem \u201eLehrplan f\u00fcr die Realschule Rheinland-Pfalz&#8220; in der jeweils g\u00fcltigen Fassung bestimmt.<\/p>\n\n\n\n<p><strong>Mindestteilnehmerzahl:<\/strong> 15 Personen<\/p>\n\n\n\n<p><strong>Anmeldung:<\/strong><br>Pers\u00f6nlich bei der Gesch\u00e4ftsstelle der Kreisvolkshochschule, Ritter-von-Schmau\u00df-Str. \/ Ecke Paradeplatz, 76726 Germersheim.<\/p>\n\n\n\n<p><strong>Mitzubringen sind:<\/strong> Personalausweis, ggf. Heiratsurkunde, letztes Abschlusszeugnis, ggf. Berufsausbildungsnachweis, tabellarischer Lebenslauf, Anmeldegeb\u00fchr<\/p>\n\n\n\n<p><strong>Info-Abend:<\/strong>    <strong>Mittwoch, 14. August 2019<\/strong>, 18 \u2013 19.30 Uhr (kostenfrei)<br>Ort:    Germersheim, August-Keiler-Str. 34, Goethe-Gymnasium, Ostbau, EG, Saal 081<\/p>\n\n\n\n<p><strong>Kursbeginn:    Montag, 19. August 2019, 18 \u2013 21.15 Uhr<\/strong><br>Unterrichtszeiten: Montag bis Freitag (t\u00e4glich 4 Unterrichtsstunden), samstags nach Planung<br>Ende:    voraussichtlich Sommer 2021<br>Anmeldegeb\u00fchr:    50 Euro<br>Geb\u00fchr:    1.500 Euro (Ratenzahlung m\u00f6glich) zzgl. Arbeitsb\u00fccher, ca. 325 Termine, 1.300 Ustd.<br>Ort:    Germersheim, August-Keiler-Str. 34, Goethe-Gymnasium, Ostbau, EG, Saal 081<\/p>\n\n\n\n<p><strong>Anmeldeschluss: Freitag, 16. August 2019, Infotelefon: 07274-53334<\/strong><\/p>\n\n\n\n<h2 class=\"wp-block-heading\"><strong>Vielfalt der KVHS<\/strong><\/h2>\n\n\n\n<p>Ob\nVortr\u00e4ge zum Immobilienrecht, zu Verbraucherinsolvenz oder Altersvorsorge,\nSprachkurse, Kurse zum N\u00e4hen oder zur Vorbereitung von Bewerbungsmappen,\nFitness- und Computerkurse oder Alphabetisierungskurse und Einb\u00fcrgerungstests,\ndie Kreisvolkshochschule Germersheim bietet zahlreiche Vortr\u00e4ge und Kurse zu\nden unterschiedlichsten Themen an. Informationen zum Programm gibt es im\nInternet unter <a href=\"http:\/\/www.kreis-germersheim.de\/kvhs\">www.kreis-germersheim.de\/kvhs<\/a>,\nAnmeldungen und Infos zu den Veranstaltungen bei der Gesch\u00e4ftsstelle der\nKreisvolkshochschule Germersheim, Ritter-von-Schmau\u00df-Str.\/Ecke Paradeplatz,\nSeiteneingang der Berufsbildenden Schule in Germersheim und unter Tel.\n07274\/53334.<\/p>\n\n\n\n<p><em>Kreisverwaltung Germersheim<br>19.07.2019<\/em><\/p>\n\n\n\n<h2 class=\"wp-block-heading\"><strong>\u201eUndercover\u201c\nin der S\u00fcdpfalz<\/strong><\/h2>\n\n\n\n<h3 class=\"wp-block-heading\"><strong>Geheimtipps bei Sommerhitze<\/strong><\/h3>\n\n\n\n<p>Ob beim Nachtklettern im Bienwald, bei einer Draisinenfahrt entlang ehemaliger Bahntrassen oder unterwegs auf den Rad- und Wanderwegen durch die Rheinauen: In der S\u00fcdpfalz geht es auch bei sommerlichen Temperaturen raus in die Natur \u2013 und das (fast) ohne Schwitzen. Ideal gelegen zwischen dem gr\u00f6\u00dften Waldgebiet der Pf\u00e4lzer Rheinebene und den schattigen Auw\u00e4ldern entlang des Rheinufers, sind Outdoor-Freunde hier zu jeder Tages- und Nachtzeit on Tour. F\u00fcr Abk\u00fchlung sorgt ein Besuch der historischen Gem\u00e4uer der Region, wie in der Festung in Germersheim oder bei einem Picknick in den alten Tabakschuppen.<\/p>\n\n\n\n<h3 class=\"wp-block-heading\"><strong>Per pedes und Pedalkraft durch schattige Au- und Urw\u00e4lder<\/strong><\/h3>\n\n\n\n<div class=\"wp-block-image\"><figure class=\"aligncenter\"><img decoding=\"async\" loading=\"lazy\" width=\"800\" height=\"533\" src=\"https:\/\/speyer24news.com\/wp-content\/uploads\/2019\/07\/Radler.jpg\" alt=\"\" class=\"wp-image-16673\" srcset=\"https:\/\/speyer24news.com\/wp-content\/uploads\/2019\/07\/Radler.jpg 800w, https:\/\/speyer24news.com\/wp-content\/uploads\/2019\/07\/Radler-300x200.jpg 300w, https:\/\/speyer24news.com\/wp-content\/uploads\/2019\/07\/Radler-768x512.jpg 768w\" sizes=\"(max-width: 800px) 100vw, 800px\" \/><\/figure><\/div>\n\n\n\n<p>Der zw\u00f6lf Kilometer lange Premiumwanderweg \u201eTreidlerweg\u201c f\u00fchrt Urlauber durch eine der wenigen international gesch\u00fctzten und noch \u00f6kologisch intakten Auenlandschaften. Unterwegs im sogenannten \u201ePf\u00e4lzer Urwald\u201c geht es vorbei an alten Eichen- und Buchenbest\u00e4nden Richtung Fluss. Hier bietet sich die seltene Gelegenheit der bedeutenden Wasser- und Handelsstra\u00dfe direkt entlang des Rheinufers zu folgen, bevor der Weg wieder zur\u00fcck in die urw\u00fcchsige H\u00f6rdter Rheinaue einbiegt. Die gro\u00dfgewachsenen Weiden, Pappeln, Eschen und Ulmen geben immer wieder den Blick auf versteckte Schwertlilienfelder, Gr\u00e4ser- und Schilffl\u00e4chen an den Altrheinarmen frei. Jede Menge Spa\u00df erleben Gruppen und Familien bei einer Fahrt mit der S\u00fcdpfalz-Draisinenbahn. Auf insgesamt 24 Kilometer geht es auf der stillgelegten Bahntrasse je nach Kondition mal flotter und mal gem\u00e4chlicher durch schattige W\u00e4lder, saftige Wiesen und weite Felder von Bornheim nach Westheim und zur\u00fcck. Unterwegs laden verschiedene Raststationen zu einem Halt f\u00fcr ein kleines Picknick ein. Im S\u00fcden der Region wartet der 12.000 Hektar gro\u00dfe Bienwald auf Naturliebhaber. Auf gef\u00fchrten Wander- und Radtouren des \u201eNaturf\u00fchrer Pfalz e.V.\u201c erfahren Besucher unterwegs in den weitl\u00e4ufigen Eichen-, Kiefern- und Bachauenw\u00e4ldern etwa was es mit den \u201edoppelst\u00f6ckigen\u201c Steinb\u00e4nken, der Mordallee und spitzen Drachenz\u00e4hnen auf sich hat oder folgen den Spuren von Wildkatze, Igel &amp; Co. Eine \u00dcbersicht zu allen Veranstaltungen und F\u00fchrungen gibt es unter <a href=\"http:\/\/www.naturfuehrer-pfalz.de.\">www.naturfuehrer-pfalz.de.<\/a><\/p>\n\n\n\n<h3 class=\"wp-block-heading\"><strong>Nachtaktiv in der S\u00fcdpfalz<\/strong><\/h3>\n\n\n\n<div class=\"wp-block-image\"><figure class=\"aligncenter\"><img decoding=\"async\" loading=\"lazy\" width=\"500\" height=\"702\" src=\"https:\/\/speyer24news.com\/wp-content\/uploads\/2019\/07\/AbenteuerPark-081v.jpg\" alt=\"\" class=\"wp-image-16674\" srcset=\"https:\/\/speyer24news.com\/wp-content\/uploads\/2019\/07\/AbenteuerPark-081v.jpg 500w, https:\/\/speyer24news.com\/wp-content\/uploads\/2019\/07\/AbenteuerPark-081v-214x300.jpg 214w\" sizes=\"(max-width: 500px) 100vw, 500px\" \/><\/figure><\/div>\n\n\n\n<p>Ein\nweiteres Sommer-Highlight im Bienwald ist das Nachtklettern im Abenteuerpark\nKandel. Ausgestattet mit Stirnlampe und Klettergurt erklimmen die Besucher in\nder D\u00e4mmerung luftige H\u00f6hen. Bunte Lichteffekte und die n\u00e4chtliche Stille\ndrumherum sorgen dabei f\u00fcr ein ganz besonderes Ambiente. Jeweils am 26. Juli,\n24. August und 13. September 2019 ist der Parcours in den Baumwipfeln bis 24\nUhr ge\u00f6ffnet. Gruppen k\u00f6nnen das Nachtklettern sogar exklusiv an individuellen\nTerminen buchen. Noch weiter nach oben geht es bei den Beobachtungsabenden in\nder Sternwarte Bellheim. W\u00e4hrend der rund einst\u00fcndigen F\u00fchrung mit Blick in die\nGalaxie, zeigen sich je nach Termin (9. August 2019 und 6. September 2019) und\nSternenkonstellation unterschiedliche Objekte vor den Teleskoplinsen. Am Seehof\nin Leimersheim hingegen erwacht das Maisfeld nach Einbruch der Dunkelheit zu\nneuem Leben. Dann begeben sich Gro\u00df und Klein zwischen 21 und 24 Uhr im\nLabyrinth auf die Suche nach dem richtigen Weg zur\u00fcck zum Anfang. Auf\nhistorischen Spuren wandeln die Teilnehmer, wenn die Nachtw\u00e4chter in\nLeimersheim oder Jockrim sie mit auf ihren Rundgang durch die alten Stra\u00dfen\nnehmen und von l\u00e4ngst vergangenen Zeiten erz\u00e4hlen. <\/p>\n\n\n\n<h3 class=\"wp-block-heading\"><strong>R\u00fcckzug in \u201ealte Gem\u00e4uer\u201c<\/strong><\/h3>\n\n\n\n<p>Auch in diesem Sommer bieten die altehrw\u00fcrden Gem\u00e4uer der illuminierten Festung Germersheim eine willkommene Abk\u00fchlung: So geht es jeden 1. und 3. Sonntag im Monat um 14 Uhr bei den \u00f6ffentlichen Stadt- und Festungsf\u00fchrungen durch die imposanten Festungsanlagen in die k\u00fchlen, unterirdischen Festungsg\u00e4nge. In Kandel durchzieht anl\u00e4sslich des 500-j\u00e4hrigen Jubil\u00e4ums des Kirchturms die Veranstaltungsreihe \u201eSt. Georg 500\u201c von Juni bis im November 2019 den Festkalender. Dabei locken Kirchenf\u00fchrungen, Turmbesichtigungen, Konzerte, Schauspiele und Ausstellungen die Besucher in die k\u00fchlen Kirchenr\u00e4ume. Ein Novum ist das sogenannte \u201eStockseel\u201c-Picknick am 1. September 2019. Dann verwandelt sich der alte Tabakschuppen, der fr\u00fcher zum Trocknen und k\u00fchl Lagern der Pflanzen verwendet wurde, in eine spannende Eventlocation mit Vortr\u00e4gen, F\u00fchrungen und Live-Musik. Hatzenb\u00fchl gilt als Wiege des deutschen Tabakanbaus. Durch den Ort f\u00fchrt ein eigener Themenweg mit Info-Tafeln. An verschiedenen Terminen im Sommer gibt es auch gef\u00fchrte Expertentouren auf dem Tabakweg. Weitere Informationen gibt es beim S\u00fcdpfalz-Tourismus Landkreis Germersheim e.V. unter Telefon 07274\/53300 oder auf <a href=\"http:\/\/www.suedpfalz-tourismus.de\">www.suedpfalz-tourismus.de<\/a>. Weitere News, Bilder und Videos auf <a href=\"https:\/\/www.facebook.com\/SuedpfalzTourismus\/\">Facebook<\/a>. <\/p>\n\n\n\n<p><em>Text: Kreisverwaltung Germersheim Foto: S\u00fcdpfalz-Tourismus Landkreis Germersheim e.V.<br>19.07.2019<\/em><\/p>\n\n\n\n<h2 class=\"wp-block-heading\">Verbraucherzentrale in Germersheim am 25. Juli, 01. August und 15. August geschlossen <\/h2>\n\n\n\n<p>Die Beratungsstelle der Verbraucherzentrale in Germersheim ist am 25. Juli,  01.August und 15. August 2019 geschlossen. Am 08. August und ab 22. August 2019 steht die Beraterin wie gewohnt donnerstags von 10 bis 15 Uhr f\u00fcr Fragen rund um Verbraucherrechte zur Verf\u00fcgung. F\u00fcr dringende Anfragen ist die Verbraucherzentrale in der Zwischenzeit unter der Rufnummer (06131) 28 48 0 erreichbar.<\/p>\n\n\n\n<h3 class=\"wp-block-heading\">\u00dcber die Verbraucherzentrale<\/h3>\n\n\n\n<p>Die Verbraucherzentrale Rheinland-Pfalz ist eine anbieterunabh\u00e4ngige, \u00fcberwiegend \u00f6ffentlich finanzierte, gemeinn\u00fctzige Organisation. Seit mehr als 50 Jahren informiert, ber\u00e4t und unterst\u00fctzt sie Verbraucherinnen und Verbraucher in Fragen des privaten Konsums und vertritt Verbraucherinteressen bei Unternehmen, Politik und Verb\u00e4nden. Die Verbraucherzentrale hat 18 Mitgliedsverb\u00e4nde und \u00fcber 90 Mitarbeiterinnen und Mitarbeiter. Vorstand ist Ulrike von der L\u00fche.<\/p>\n\n\n\n<p>Arbeitsschwerpunkte sind Verbraucherrecht, Telekommunikation und Medien, Versicherungen und Finanzdienstleistungen, Energie und Bauen, Lebensmittel und Ern\u00e4hrung sowie Gesundheit und Pflege. Anlaufstellen f\u00fcr pers\u00f6nliche Beratung  sind sechs Beratungsstellen und sechs St\u00fctzpunkte in Rheinland-Pfalz. Ratsuchende k\u00f6nnen sich auch telefonisch oder per E-Mail beraten lassen. Im Internet ist die Verbraucherzentrale unter <a href=\"http:\/\/www.verbraucherzentrale-rlp.de\">www.verbraucherzentrale-rlp.de<\/a> zu finden.<\/p>\n\n\n\n<p><em>Verbraucherzentrale Rheinland-Pfalz e.V., Beratungsst\u00fctzpunkt Germersheim<br>19.07.2019<\/em><\/p>\n\n\n\n<h2 class=\"wp-block-heading\">Lerncaf\u00e9: Ein offenes Grundbildungsangebot <\/h2>\n\n\n\n<p>Zusammen mit dem Projekt \u201eGrubiNetz\u201c m\u00f6chte die KVHS Germersheim f\u00fcr Erwachsene mit Grundbildungsbedarf den Weg zu Unterst\u00fctzungs- und Lernangeboten erleichtern. Das Angebot ist kostenfrei und offen f\u00fcr alle, die lesen und schreiben lernen wollen. Eine Anmeldung ist nicht n\u00f6tig, einfach vorbei kommen, denn ein Einstieg ist jederzeit m\u00f6glich.<\/p>\n\n\n\n<p>Das \u201eLerncaf\u00e9\u201c im EDV-Raum in der Gesch\u00e4ftsstelle der KVHS in Germersheim, Ritter-von-Schmau\u00df-Str.\/Ecke Paradeplatz (linker Seiteneingang der Berufsbildenden Schule) ist immer donnerstags in der Zeit von 16 bis 17.30 Uhr ge\u00f6ffnet. Neben einem Ort zum Lernen bietet das \u201eLerncaf\u00e9\u201c auch eine Ansprechperson, die beratend, unterst\u00fctzend und informierend t\u00e4tig ist. <\/p>\n\n\n\n<p><em>Kreisverwaltung Germersheim<br>19.07.2019<\/em><\/p>\n\n\n\n<h2 class=\"wp-block-heading\">Ausnahmegenehmigung zur Futternutzung von \u00f6kologischen Vorrangfl\u00e4chen<\/h2>\n\n\n\n<p>Aufgrund der starken Trockenheit und der damit verbundenen Futterknappheit wird f\u00fcr das <strong>gesamte Land Rheinland-Pfalz ab 16.07.2019 die Futternutzung von \u00f6kologischen Vorrangfl\u00e4chen zugelassen<\/strong>.<\/p>\n\n\n\n<p><strong>Brachliegende Fl\u00e4chen d\u00fcrfen nach Artikel 46 Absatz 2 Buchstabe a der Verordnung (EU) Nr. 1307\/2013 (Nutzcode 062) in Verbindung mit \u00a7 25 Abs. 2 der Direktzahlungen-Durchf\u00fchrungsverordnung durch Beweidung mit Tieren oder durch Schnittnutzung zu Futterzwecken genutzt werden.<\/strong><\/p>\n\n\n\n<p>Fl\u00e4chen mit Zwischenfr\u00fcchten-\u00d6VF\/Untersaaten-\u00d6VF d\u00fcrfen im Jahr der Antragstellung lediglich mit Schafen und Ziegen beweidet werden (\u00a7 31 Abs. 3 der Direktzahlungen-Durchf\u00fchrungsverordnung). Im Jahr nach der Antragstellung gilt \u00a7 5 Abs. 6 der Agrarzahlungen-Durchf\u00fchrungsverordnung. Nach Satz 2 dieser Regelung ist lediglich das Beweiden (mit Tieren) dieser Fl\u00e4chen zul\u00e4ssig. Eine Ausnahmeregelung, die eine Schnittnutzung zur Futtergewinnung oder das Beweiden (mit Tieren) im Antragsjahr erlaubt, ist rechtlich nicht zul\u00e4ssig.<\/p>\n\n\n\n<p>Die Futternutzung von Winterzwischenfr\u00fcchten als Nachbau nach Leguminosen-\u00d6VF richtet sich ausschlie\u00dflich nach \u00a7 5 Abs. 6 der Agrarzahlungen-Durchf\u00fchrungsverordnung. Nach Satz 2 dieser Regelung ist lediglich das Beweiden (mit Tieren, d. h. auch mit Rindern, Pferden, etc.) dieser Fl\u00e4chen zul\u00e4ssig (auch im Antragsjahr). Eine Ausnahmeregelung, die eine Schnittnutzung zur Futtergewinnung dieser Fl\u00e4chen erlaubt, ist rechtlich nicht zul\u00e4ssig. <\/p>\n\n\n\n<p>Bei Zwischenfr\u00fcchten\/Untersaaten\/Winterzwischenfr\u00fcchten als Nachbau von Leguminosen, welche alle nicht als \u00d6VF angemeldet wurden, ist eine Beweidung oder Schnittnutzung zul\u00e4ssig.<\/p>\n\n\n\n<p>F\u00fcr Fl\u00e4chen, welche nach \u00a7 32a der Direktzahlungen-Durchf\u00fchrungsverordnung als f\u00fcr Honigpflanzen genutztes Land angemeldet wurden, ist ab 1. Oktober lediglich eine Beweidung mit Schafen und Ziegen zul\u00e4ssig. Eine Ausnahmegenehmigung, die eine Schnittnutzung zur Futtergewinnung dieser Fl\u00e4chen erlaubt, ist rechtlich nicht zul\u00e4ssig.<\/p>\n\n\n\n<p>Nach \u00a7 28 Abs. 2 und \u00a7 29 Abs. 3 der Direktzahlungen-Durchf\u00fchrungsverordnung ist eine Beweidung oder Schnittnutzung von Pufferstreifen\/Feldr\u00e4ndern und Streifen von beihilfef\u00e4higen Hektarfl\u00e4chen an Waldr\u00e4ndern au\u00dferhalb des Sperrzeitraums nach \u00a7 5 Abs. 4 der Agrarzahlungen-Durchf\u00fchrungsverordnung (01.04. \u2013 30.06.) immer erlaubt.<\/p>\n\n\n\n<p>Informationen gibt es auf der Homepage des Landkreises Germersheim unter <a href=\"http:\/\/www.kreis-germersheim.de\/agrar\">www.kreis-germersheim.de\/agrar<\/a>.<\/p>\n\n\n\n<p><em>Kreisverwaltung Germersheim<br>19.07.2019<\/em><\/p>\n","protected":false},"excerpt":{"rendered":"<div class=\"mh-excerpt\"><p>Kurse an der Kreisvolkshochschule Germersheim (KVHS GER): Veranstaltungen der Kreisvolkshochschule Germersheim Es wird darauf hingewiesen, dass zu allen nachstehend aufgef\u00fchrten Kursen und Vortr\u00e4gen eine Anmeldung unbedingt erforderlich ist. Kontaktadressen sind am Ende des Textes zu <a class=\"mh-excerpt-more\" href=\"https:\/\/speyer24news.com\/?p=16671\" title=\"Landkreis Germersheim &#038; Stadt Germersheim:\">[&#8230;]<\/a><\/p>\n<\/div>","protected":false},"author":3,"featured_media":0,"comment_status":"open","ping_status":"open","sticky":false,"template":"","format":"standard","meta":{"_monsterinsights_skip_tracking":false,"_monsterinsights_sitenote_active":false,"_monsterinsights_sitenote_note":"","_monsterinsights_sitenote_category":0,"footnotes":""},"categories":[449],"tags":[2243,452,210,1664,1665,2244,451],"aioseo_notices":[],"amp_enabled":true,"_links":{"self":[{"href":"https:\/\/speyer24news.com\/index.php?rest_route=\/wp\/v2\/posts\/16671"}],"collection":[{"href":"https:\/\/speyer24news.com\/index.php?rest_route=\/wp\/v2\/posts"}],"about":[{"href":"https:\/\/speyer24news.com\/index.php?rest_route=\/wp\/v2\/types\/post"}],"author":[{"embeddable":true,"href":"https:\/\/speyer24news.com\/index.php?rest_route=\/wp\/v2\/users\/3"}],"replies":[{"embeddable":true,"href":"https:\/\/speyer24news.com\/index.php?rest_route=%2Fwp%2Fv2%2Fcomments&post=16671"}],"version-history":[{"count":1,"href":"https:\/\/speyer24news.com\/index.php?rest_route=\/wp\/v2\/posts\/16671\/revisions"}],"predecessor-version":[{"id":16676,"href":"https:\/\/speyer24news.com\/index.php?rest_route=\/wp\/v2\/posts\/16671\/revisions\/16676"}],"wp:attachment":[{"href":"https:\/\/speyer24news.com\/index.php?rest_route=%2Fwp%2Fv2%2Fmedia&parent=16671"}],"wp:term":[{"taxonomy":"category","embeddable":true,"href":"https:\/\/speyer24news.com\/index.php?rest_route=%2Fwp%2Fv2%2Fcategories&post=16671"},{"taxonomy":"post_tag","embeddable":true,"href":"https:\/\/speyer24news.com\/index.php?rest_route=%2Fwp%2Fv2%2Ftags&post=16671"}],"curies":[{"name":"wp","href":"https:\/\/api.w.org\/{rel}","templated":true}]}}