{"id":16677,"date":"2019-07-19T18:06:38","date_gmt":"2019-07-19T17:06:38","guid":{"rendered":"https:\/\/speyer24news.com\/?p=16677"},"modified":"2019-07-19T18:06:39","modified_gmt":"2019-07-19T17:06:39","slug":"speyer-verkehrsnotiz","status":"publish","type":"post","link":"https:\/\/speyer24news.com\/?p=16677","title":{"rendered":"Speyer \/ Verkehrsnotiz:"},"content":{"rendered":"<style type=\"text\/css\">\r\n\t.ads_top_disp{}\r\n\t.ads_top_corner_disp{ float:left; margin:0px 10px 10px 0px; }\r\n\t.ads_first_p_disp{}\r\n\t.ads_bottom_disp{}\r\n\t<\/style>\n<h2 class=\"wp-block-heading\"><strong>Beethovenstra\u00dfe gesperrt<\/strong><\/h2>\n\n\n\n<div class=\"wp-block-image\"><figure class=\"aligncenter\"><img decoding=\"async\" src=\"https:\/\/speyer24news.com\/wp-content\/uploads\/2019\/07\/Vollsperrung-1.jpg\" alt=\"\" class=\"wp-image-16678\"\/><\/figure><\/div>\n\n\n\n<p>Wegen  Baumpflegearbeiten der Stadt Speyer wird die Beethovenstra\u00dfe ab der  Ecke Bahnhofstra\u00dfe bis zur Hausnummer 3 <strong>am 23.07.2019 voraussichtlich  von 8:00 Uhr bis 14:00 Uhr<\/strong> f\u00fcr den Durchgangsverkehr gesperrt.<\/p>\n\n\n\n<p>F\u00fcr R\u00fcckfragen steht die Stra\u00dfenverkehrsbeh\u00f6rde unter den Rufnummern 14-2739, 14-2682&nbsp; oder 14-2492 zur Verf\u00fcgung.<\/p>\n\n\n\n<h2 class=\"wp-block-heading\">Friedrich-V\u00f6lcker-Weg gesperrt<\/h2>\n\n\n\n<p>Wegen Kanalarbeiten im Auftrag der Entsorgungsbetriebe Speyer wird der Friedrich-V\u00f6lcker-Weg auf H\u00f6he der Hausnummer 1 <strong>ab 29.07.2019 bis voraussichtlich 02.08.2019<\/strong> f\u00fcr den Durchgangsverkehr gesperrt. F\u00fcr R\u00fcckfragen steht die Stra\u00dfenverkehrsbeh\u00f6rde unter den Rufnummern 14-2739, 14-2682  oder 14-2492 zur Verf\u00fcgung.<\/p>\n\n\n\n<p><em>Stadt Speyer<br>19.07.2019<\/em><\/p>\n","protected":false},"excerpt":{"rendered":"<div class=\"mh-excerpt\"><p>Beethovenstra\u00dfe gesperrt Wegen Baumpflegearbeiten der Stadt Speyer wird die Beethovenstra\u00dfe ab der Ecke Bahnhofstra\u00dfe bis zur Hausnummer 3 am 23.07.2019 voraussichtlich von 8:00 Uhr bis 14:00 Uhr f\u00fcr den Durchgangsverkehr gesperrt. F\u00fcr R\u00fcckfragen steht die <a class=\"mh-excerpt-more\" href=\"https:\/\/speyer24news.com\/?p=16677\" title=\"Speyer \/ Verkehrsnotiz:\">[&#8230;]<\/a><\/p>\n<\/div>","protected":false},"author":3,"featured_media":0,"comment_status":"open","ping_status":"open","sticky":false,"template":"","format":"standard","meta":{"_monsterinsights_skip_tracking":false,"_monsterinsights_sitenote_active":false,"_monsterinsights_sitenote_note":"","_monsterinsights_sitenote_category":0,"footnotes":""},"categories":[47],"tags":[6,658,1114],"aioseo_notices":[],"amp_enabled":true,"_links":{"self":[{"href":"https:\/\/speyer24news.com\/index.php?rest_route=\/wp\/v2\/posts\/16677"}],"collection":[{"href":"https:\/\/speyer24news.com\/index.php?rest_route=\/wp\/v2\/posts"}],"about":[{"href":"https:\/\/speyer24news.com\/index.php?rest_route=\/wp\/v2\/types\/post"}],"author":[{"embeddable":true,"href":"https:\/\/speyer24news.com\/index.php?rest_route=\/wp\/v2\/users\/3"}],"replies":[{"embeddable":true,"href":"https:\/\/speyer24news.com\/index.php?rest_route=%2Fwp%2Fv2%2Fcomments&post=16677"}],"version-history":[{"count":1,"href":"https:\/\/speyer24news.com\/index.php?rest_route=\/wp\/v2\/posts\/16677\/revisions"}],"predecessor-version":[{"id":16680,"href":"https:\/\/speyer24news.com\/index.php?rest_route=\/wp\/v2\/posts\/16677\/revisions\/16680"}],"wp:attachment":[{"href":"https:\/\/speyer24news.com\/index.php?rest_route=%2Fwp%2Fv2%2Fmedia&parent=16677"}],"wp:term":[{"taxonomy":"category","embeddable":true,"href":"https:\/\/speyer24news.com\/index.php?rest_route=%2Fwp%2Fv2%2Fcategories&post=16677"},{"taxonomy":"post_tag","embeddable":true,"href":"https:\/\/speyer24news.com\/index.php?rest_route=%2Fwp%2Fv2%2Ftags&post=16677"}],"curies":[{"name":"wp","href":"https:\/\/api.w.org\/{rel}","templated":true}]}}