{"id":16786,"date":"2019-07-22T11:56:59","date_gmt":"2019-07-22T10:56:59","guid":{"rendered":"https:\/\/speyer24news.com\/?p=16786"},"modified":"2019-07-22T11:57:01","modified_gmt":"2019-07-22T10:57:01","slug":"schwetzingen-12","status":"publish","type":"post","link":"https:\/\/speyer24news.com\/?p=16786","title":{"rendered":"Schwetzingen:"},"content":{"rendered":"<style type=\"text\/css\">\r\n\t.ads_top_disp{}\r\n\t.ads_top_corner_disp{ float:left; margin:0px 10px 10px 0px; }\r\n\t.ads_first_p_disp{}\r\n\t.ads_bottom_disp{}\r\n\t<\/style>\n<h2 class=\"wp-block-heading\">Orgelspaziergang am Tag des offenen Denkmals<\/h2>\n\n\n\n<div class=\"wp-block-image\"><figure class=\"aligncenter\"><img decoding=\"async\" loading=\"lazy\" width=\"796\" height=\"824\" src=\"https:\/\/speyer24news.com\/wp-content\/uploads\/2019\/07\/Tag-des-offenen-Denkmals-horz.jpg\" alt=\"\" class=\"wp-image-16789\" srcset=\"https:\/\/speyer24news.com\/wp-content\/uploads\/2019\/07\/Tag-des-offenen-Denkmals-horz.jpg 796w, https:\/\/speyer24news.com\/wp-content\/uploads\/2019\/07\/Tag-des-offenen-Denkmals-horz-290x300.jpg 290w, https:\/\/speyer24news.com\/wp-content\/uploads\/2019\/07\/Tag-des-offenen-Denkmals-horz-768x795.jpg 768w\" sizes=\"(max-width: 796px) 100vw, 796px\" \/><\/figure><\/div>\n\n\n\n<p>Der Orgelspaziergang am Tag des offenen Denkmals wird am<strong> 8. September <\/strong>zum vierten Mal durchgef\u00fchrt, somit kann schon von einer Tradition die Rede sein. Der \u00fcberaus erfolgreiche Rundgang wartet erneut mit einem reichhaltigen Programm an den Stationen evangelischen Stadtkirche, katholische Kirche St. Pankratius und in der Schlosskapelle auf. Der musikalische Rundgang startet um 15 Uhr. <\/p>\n\n\n\n<p>Die Moderation \u00fcbernehmen auch dieses Jahr Dr. Barbara Gilsdorf und Wolfgang Schr\u00f6ck-Schmidt. In einer jeweils 30min\u00fctigen Pr\u00e4sentation bringen die Organisten, Kirchenmusikdirektor Detlev Helmer, Wolfgang Riedel und Heinz-Georg Saalm\u00fcller, \u201eihre\u201c Orgeln zum Klingen. Traditionell endet der musikalische Nachmittag mit einem Umtrunk. Leider entf\u00e4llt dieses Jahr aufgrund von Instandsetzungsarbeiten im Palais Hirsch die Beteiligung bzw. der \u201eTag der offenen T\u00fcr\u201c der Forschungsstelle s\u00fcdwestdeutsche Hofmusik der Heidelberger Akademie der Wissenschaften.<\/p>\n\n\n\n<p><strong><em>Die Teilnahme am Orgelspaziergang ist nur \u00fcber Tickets m\u00f6glich, die kostenfrei bei der Touristinformation Schwetzingen ausgegeben werden.<\/em><\/strong><\/p>\n\n\n\n<p><em>Stadtverwaltung Schwetzingen<br>22.07.2019<\/em><\/p>\n\n\n\n<h2 class=\"wp-block-heading\"><strong>Zum Geburtstag nur das Beste!<\/strong><\/h2>\n\n\n\n<div class=\"wp-block-image\"><figure class=\"aligncenter\"><img decoding=\"async\" loading=\"lazy\" width=\"800\" height=\"600\" src=\"https:\/\/speyer24news.com\/wp-content\/uploads\/2019\/07\/PK_OB-P\u00f6ltl_Gr\u00fcnstein_Simmert_Friedrich.jpg\" alt=\"\" class=\"wp-image-16787\" srcset=\"https:\/\/speyer24news.com\/wp-content\/uploads\/2019\/07\/PK_OB-P\u00f6ltl_Gr\u00fcnstein_Simmert_Friedrich.jpg 800w, https:\/\/speyer24news.com\/wp-content\/uploads\/2019\/07\/PK_OB-P\u00f6ltl_Gr\u00fcnstein_Simmert_Friedrich-300x225.jpg 300w, https:\/\/speyer24news.com\/wp-content\/uploads\/2019\/07\/PK_OB-P\u00f6ltl_Gr\u00fcnstein_Simmert_Friedrich-768x576.jpg 768w, https:\/\/speyer24news.com\/wp-content\/uploads\/2019\/07\/PK_OB-P\u00f6ltl_Gr\u00fcnstein_Simmert_Friedrich-678x509.jpg 678w, https:\/\/speyer24news.com\/wp-content\/uploads\/2019\/07\/PK_OB-P\u00f6ltl_Gr\u00fcnstein_Simmert_Friedrich-326x245.jpg 326w, https:\/\/speyer24news.com\/wp-content\/uploads\/2019\/07\/PK_OB-P\u00f6ltl_Gr\u00fcnstein_Simmert_Friedrich-80x60.jpg 80w\" sizes=\"(max-width: 800px) 100vw, 800px\" \/><figcaption>v.l.: B\u00fcrgermeister Rene P\u00f6ltl, die 1. Vorsitzende der Mozartgesellschaft Schwetzingen Rosa Gr\u00fcnstein, Simmert und der k\u00fcnstlerische Leiter Nikolaus Friedrich<\/figcaption><\/figure><\/div>\n\n\n\n<p>Die Schwetzinger Mozartgesellschaft feiert ihren 50. und\nLeopold Mozart, Vater ihres Namensgebers, feiert gar seinen 300. Geburtstag.\nZwei Jubil\u00e4en, die die Mozartgesellschaft zum Anlass nimmt, sich und Ihren\nZuh\u00f6rern ein besonders vielf\u00e4ltiges Mozartfest zu schenken. Gute alte Bekannte,\naber auch viele junge Talente, Alte Musik, aber auch Premieren und eine\nUrauff\u00fchrung werden an den drei Festival-Wochenenden zu erleben sein.<\/p>\n\n\n\n<p>Gleich zur Er\u00f6ffnung am 27. September wird dem Vater des Musikgenies zum Geburtstag gehuldigt. <strong>Bella Musica<\/strong>, 30 junge hochbegabte Musiker des Pre-Colleges der Universit\u00e4t Mozarteum Salzburg, begeben sich als Botschafter des europ\u00e4ischen Gedankens und der Musik auf die Europ\u00e4ischen Mozartwege und gastieren in Schwetzingen im Mozartsaal, wo der junge hochbegabte Komponist einst h\u00f6chstpers\u00f6nlich vorspielte. <br>Tags drauf geht es spannend weiter: Wegen Umbau-Arbeiten im eigenen Haus, hat das <strong>Theater Koblenz<\/strong> die Premiere seiner Neu-Inszenierung <strong>\u201eDon Giovanni\u201c<\/strong> ins Rokokotheater verlegt. Der Koblenzer Intendant und Regisseur der Oper Markus Dietze durchleuchtet den Mythos Don Giovanni, der vom amoralischen Verbrecher bis heute immer wieder zu einem leidenschaftlichen Verf\u00fchrer idealisiert wird. Begleitend dazu findet zwei Tage vor der Premiere in Kooperation mit der VHS Schwetzingen ein Opern-Talk statt. <br>Nach 2016 kommt f\u00fcr eine Konzert-Matinee am 29. September mit Schuberts gro\u00dfem Es-Dur-Trio abermals das niederl\u00e4ndische <strong>Van Baerle Trio<\/strong> aus Amsterdam nach Schwetzingen und komplettiert damit das erste Wochenende.<\/p>\n\n\n\n<div class=\"wp-block-image\"><figure class=\"aligncenter\"><img decoding=\"async\" loading=\"lazy\" width=\"500\" height=\"688\" src=\"https:\/\/speyer24news.com\/wp-content\/uploads\/2019\/07\/44-Schwetzinger-Mozartfest.png\" alt=\"\" class=\"wp-image-16788\" srcset=\"https:\/\/speyer24news.com\/wp-content\/uploads\/2019\/07\/44-Schwetzinger-Mozartfest.png 500w, https:\/\/speyer24news.com\/wp-content\/uploads\/2019\/07\/44-Schwetzinger-Mozartfest-218x300.png 218w\" sizes=\"(max-width: 500px) 100vw, 500px\" \/><\/figure><\/div>\n\n\n\n<p>Am zweiten Festival-Wochenende, vom 4.-6. Oktober spannt sich der Bogen von der Mannheimer Schule bis hin zur obligatorischen Urauff\u00fchrung. <br>Fl\u00f6tistin <strong>Amelie M\u00f6bius<\/strong>, <strong>Charlotte von Urff<\/strong> (Oboe) und Hornist <strong>Gustav Borggrefe<\/strong> \u2013 drei Stipendiaten der <strong>J\u00fcrgen Ponto-Stiftung<\/strong> \u2013 gestalten gemeinsam mit den <strong>Heidelberger Philharmonikern<\/strong> ein Konzert mit Werken von Anton Dimler, Johan Wendling und Franz Danzi, allesamt Mitglieder der Churf\u00fcrstlichen Hofkapelle Carl Theodors. Mit Begeisterung haben die jungen Musiker die ihnen bisher unbekannten Werke einstudiert, die eigens durch die Forschungsstelle S\u00fcdwestdeutsche Hofmusik in Schwetzingen f\u00fcr sie aufbereitet wurden.<br>Wiener Klassik in C \u2013 sowohl Dur als auch moll \u2013 entlockt <strong>Lisa Smirnova<\/strong> dem Fl\u00fcgel im Jagdsaal. Die Ausnahme-Pianistin, die bereits vor drei Jahren in Schwetzingen einen fulminanten Auftritt hinlegte, pr\u00e4sentiert in Ihrem Solo Recital Mozart, Haydn und Beethoven.<br>Im Auftrag des Schwetzinger Mozartfestes und auf Anregung des Klarinettisten <strong>Nikolaus Friedrich<\/strong> entstand das \u201eAssonanzen-Quintett f\u00fcr Bassettklarinette und Streich-Quartett\u201c vom Komponisten, und letzten Meistersch\u00fcler Bernd Alois Zimmermanns, <strong>York H\u00f6ller<\/strong>, das am Sonntag-Vormittag \u2013 eingerahmt von Haydn und Mozart \u2013 uraufgef\u00fchrt wird. Begleitet wird Friedrich vom <strong>Minguet Quartett<\/strong>, dass sich durch zahlreiche Urauff\u00fchrungen zu den Spezialisten f\u00fcr Komponisten des 21. Jahrhunderts z\u00e4hlen darf.<\/p>\n\n\n\n<p>Das Finale und dritte Wochenende des Festes wird am 11. Oktober in der Schlosskapelle durch Gambe und Cembalo eingel\u00e4utet: <strong>Jakob David Rattinger<\/strong> und <strong>Ralf Waldner<\/strong> erkunden mit ihren Instrumenten die Musik, die den jungen Mozart beeinflusst und gepr\u00e4gt hat. Die Wege zu Mozart f\u00fchren den Zuh\u00f6rer ins London von Carl Friedrich Abel und Johann Christian Bach, aber auch nach Frankreich zu Marin Marais.<br>Und zu guter Letzt ein besonderer H\u00f6hepunkt, sozusagen ein Festival im Festival. In seinen letzten Lebensjahren schuf Mozart zehn Streichquartette, die bis heute einen H\u00f6hepunkt der Gattung bilden. In drei aufeinander folgenden Konzerten am 12. Und 13. Oktober bietet sich nun die \u00e4u\u00dferst seltene Gelegenheit, diese Meisterwerke chronologisch als geschlossenen Zyklus zu erleben. Zwei empathische Ensembles \u2013 das <strong>Amaryllis Quartett<\/strong> und das <strong>Schumann Quartett<\/strong><em> \u2013 <\/em>haben sich auf dieses au\u00dfergew\u00f6hnliche Projekt eines <strong>Mozart-Streichquartettfestivals<\/strong> eingelassen. Die Aufteilung der Quartette erfolgt zudem nicht konzertweise, sondern quartettweise, sodass in einem Konzert beide Ensembles zu h\u00f6ren sind. Dieses anspruchsvolle Konzertformat mit Musikern von gro\u00dfer Ausstrahlungskraft verspricht ein wahres Mozartfest!<\/p>\n\n\n\n<p>Der Vorverkauf f\u00fcr das 44. Schwetzinger Mozartfestes l\u00e4uft\nbereits, ebenso f\u00fcr das Kinderkonzert \u201eKarneval der Tiere\u201c am ersten\nAdventswochenende und das Neujahrskonzert am 1. Januar 2020. Tickets sind\nerh\u00e4ltlich bei der Schwetzinger Zeitung sowie bei allen bekannten VVK-Stellen\nund online unter <a href=\"http:\/\/www.reservix.de\">www.reservix.de<\/a>.<\/p>\n\n\n\n<p>Weitere Informationen unter <a href=\"http:\/\/www.mozartgesellschaft-schwetzingen.de\">www.mozartgesellschaft-schwetzingen.de<\/a>. <\/p>\n\n\n\n<p><em>Mozartgesellschaft Schwetzingen e.V.<br>22.07.2019<\/em><\/p>\n","protected":false},"excerpt":{"rendered":"<div class=\"mh-excerpt\"><p>Orgelspaziergang am Tag des offenen Denkmals Der Orgelspaziergang am Tag des offenen Denkmals wird am 8. September zum vierten Mal durchgef\u00fchrt, somit kann schon von einer Tradition die Rede sein. Der \u00fcberaus erfolgreiche Rundgang wartet <a class=\"mh-excerpt-more\" href=\"https:\/\/speyer24news.com\/?p=16786\" title=\"Schwetzingen:\">[&#8230;]<\/a><\/p>\n<\/div>","protected":false},"author":3,"featured_media":0,"comment_status":"open","ping_status":"open","sticky":false,"template":"","format":"standard","meta":{"_monsterinsights_skip_tracking":false,"_monsterinsights_sitenote_active":false,"_monsterinsights_sitenote_note":"","_monsterinsights_sitenote_category":0,"footnotes":""},"categories":[477],"tags":[2291,2288,154,2290,2289,2287],"aioseo_notices":[],"amp_enabled":true,"_links":{"self":[{"href":"https:\/\/speyer24news.com\/index.php?rest_route=\/wp\/v2\/posts\/16786"}],"collection":[{"href":"https:\/\/speyer24news.com\/index.php?rest_route=\/wp\/v2\/posts"}],"about":[{"href":"https:\/\/speyer24news.com\/index.php?rest_route=\/wp\/v2\/types\/post"}],"author":[{"embeddable":true,"href":"https:\/\/speyer24news.com\/index.php?rest_route=\/wp\/v2\/users\/3"}],"replies":[{"embeddable":true,"href":"https:\/\/speyer24news.com\/index.php?rest_route=%2Fwp%2Fv2%2Fcomments&post=16786"}],"version-history":[{"count":1,"href":"https:\/\/speyer24news.com\/index.php?rest_route=\/wp\/v2\/posts\/16786\/revisions"}],"predecessor-version":[{"id":16790,"href":"https:\/\/speyer24news.com\/index.php?rest_route=\/wp\/v2\/posts\/16786\/revisions\/16790"}],"wp:attachment":[{"href":"https:\/\/speyer24news.com\/index.php?rest_route=%2Fwp%2Fv2%2Fmedia&parent=16786"}],"wp:term":[{"taxonomy":"category","embeddable":true,"href":"https:\/\/speyer24news.com\/index.php?rest_route=%2Fwp%2Fv2%2Fcategories&post=16786"},{"taxonomy":"post_tag","embeddable":true,"href":"https:\/\/speyer24news.com\/index.php?rest_route=%2Fwp%2Fv2%2Ftags&post=16786"}],"curies":[{"name":"wp","href":"https:\/\/api.w.org\/{rel}","templated":true}]}}