{"id":16821,"date":"2019-07-23T09:11:04","date_gmt":"2019-07-23T08:11:04","guid":{"rendered":"https:\/\/speyer24news.com\/?p=16821"},"modified":"2019-07-23T09:24:15","modified_gmt":"2019-07-23T08:24:15","slug":"verschiedens","status":"publish","type":"post","link":"https:\/\/speyer24news.com\/?p=16821","title":{"rendered":"Verschiedenes:"},"content":{"rendered":"<style type=\"text\/css\">\r\n\t.ads_top_disp{}\r\n\t.ads_top_corner_disp{ float:left; margin:0px 10px 10px 0px; }\r\n\t.ads_first_p_disp{}\r\n\t.ads_bottom_disp{}\r\n\t<\/style>\n<h2 class=\"wp-block-heading\">B 427 \u2013 Ausbau zwischen Bad Bergzabern und Birkenh\u00f6rdt; Stand der Bauarbeiten<\/h2>\n\n\n\n<h3 class=\"wp-block-heading\">Der LBM baut seit dem 11. Juli die B 427 zwischen Bad Bergzabern und Birkenh\u00f6rdt aus.<\/h3>\n\n\n\n<div class=\"wp-block-image\"><figure class=\"aligncenter\"><img decoding=\"async\" src=\"https:\/\/speyer24news.com\/wp-content\/uploads\/2019\/07\/lbm.png\" alt=\"\" class=\"wp-image-16823\"\/><\/figure><\/div>\n\n\n\n<p><strong>Bad Bergzabern \/ Birkenh\u00f6rdt \/ B 427 &#8211; <\/strong>Aktuell wird von der Einm\u00fcndung der K 12 weiter in Richtung Bad Bergzabern bis zur Einm\u00fcndung der L 492 (Anbindung von B\u00f6llenborn) die Asphaltdecke unter Vollsperrung erneuert.<\/p>\n\n\n\n<p>Seit dem 20. Juli 2019 k\u00f6nnen die Anlieger Blankenborn wieder \u00fcber die B 427 und K 12 aus Richtung Bad Bergzabern erreichen.<\/p>\n\n\n\n<p>Die Vollsperrung der B 427 nach Birkenh\u00f6rdt muss allerdings noch bis zum 31. Juli 2019 bestehen bleiben, da in der Ortsdurchfahrt von Birkenh\u00f6rdt die Fahrbahn im Kreuzungsbereich Hauptstra\u00dfe\/Sandstra\u00dfe wegen kurzfristig aufgetretener gravierender Sch\u00e4den erneuert werden muss.<\/p>\n\n\n\n<p>Ab dem 5. August 2019 beginnen dann die Arbeiten f\u00fcr den Ausbau der B 427 \u00f6stlich der Ortslage Birkenh\u00f6rdt.<\/p>\n\n\n\n<p>F\u00fcr diese Arbeiten wird der Verkehr in beiden Richtungen unter halbseitiger Sperrung mittels Baustellenampel gef\u00fchrt.<\/p>\n\n\n\n<p>Die Dauer der Bauarbeiten in diesem Bauabschnitt ist bis voraussichtlich November 2019 veranschlagt.<\/p>\n\n\n\n<p>Der LBM Speyer bittet die Verkehrsteilnehmer sowie die Anlieger f\u00fcr die mit der Sperrung verbundenen Behinderungen w\u00e4hrend der Bauzeit um Verst\u00e4ndnis.<\/p>\n\n\n\n<p><em>Landesbetrieb Mobilit\u00e4t Speyer<br>23.07.2019<\/em><\/p>\n","protected":false},"excerpt":{"rendered":"<div class=\"mh-excerpt\"><p>B 427 \u2013 Ausbau zwischen Bad Bergzabern und Birkenh\u00f6rdt; Stand der Bauarbeiten Der LBM baut seit dem 11. Juli die B 427 zwischen Bad Bergzabern und Birkenh\u00f6rdt aus. Bad Bergzabern \/ Birkenh\u00f6rdt \/ B 427 <a class=\"mh-excerpt-more\" href=\"https:\/\/speyer24news.com\/?p=16821\" title=\"Verschiedenes:\">[&#8230;]<\/a><\/p>\n<\/div>","protected":false},"author":3,"featured_media":0,"comment_status":"open","ping_status":"open","sticky":false,"template":"","format":"standard","meta":{"_monsterinsights_skip_tracking":false,"_monsterinsights_sitenote_active":false,"_monsterinsights_sitenote_note":"","_monsterinsights_sitenote_category":0,"footnotes":""},"categories":[1453],"tags":[2312,1403,2313,2311,385,2310,384,2314],"aioseo_notices":[],"amp_enabled":true,"_links":{"self":[{"href":"https:\/\/speyer24news.com\/index.php?rest_route=\/wp\/v2\/posts\/16821"}],"collection":[{"href":"https:\/\/speyer24news.com\/index.php?rest_route=\/wp\/v2\/posts"}],"about":[{"href":"https:\/\/speyer24news.com\/index.php?rest_route=\/wp\/v2\/types\/post"}],"author":[{"embeddable":true,"href":"https:\/\/speyer24news.com\/index.php?rest_route=\/wp\/v2\/users\/3"}],"replies":[{"embeddable":true,"href":"https:\/\/speyer24news.com\/index.php?rest_route=%2Fwp%2Fv2%2Fcomments&post=16821"}],"version-history":[{"count":3,"href":"https:\/\/speyer24news.com\/index.php?rest_route=\/wp\/v2\/posts\/16821\/revisions"}],"predecessor-version":[{"id":16830,"href":"https:\/\/speyer24news.com\/index.php?rest_route=\/wp\/v2\/posts\/16821\/revisions\/16830"}],"wp:attachment":[{"href":"https:\/\/speyer24news.com\/index.php?rest_route=%2Fwp%2Fv2%2Fmedia&parent=16821"}],"wp:term":[{"taxonomy":"category","embeddable":true,"href":"https:\/\/speyer24news.com\/index.php?rest_route=%2Fwp%2Fv2%2Fcategories&post=16821"},{"taxonomy":"post_tag","embeddable":true,"href":"https:\/\/speyer24news.com\/index.php?rest_route=%2Fwp%2Fv2%2Ftags&post=16821"}],"curies":[{"name":"wp","href":"https:\/\/api.w.org\/{rel}","templated":true}]}}