{"id":16826,"date":"2019-07-23T09:22:21","date_gmt":"2019-07-23T08:22:21","guid":{"rendered":"https:\/\/speyer24news.com\/?p=16826"},"modified":"2019-07-23T09:22:23","modified_gmt":"2019-07-23T08:22:23","slug":"vermisstensuche-5","status":"publish","type":"post","link":"https:\/\/speyer24news.com\/?p=16826","title":{"rendered":"Vermisstensuche:"},"content":{"rendered":"<style type=\"text\/css\">\r\n\t.ads_top_disp{}\r\n\t.ads_top_corner_disp{ float:left; margin:0px 10px 10px 0px; }\r\n\t.ads_first_p_disp{}\r\n\t.ads_bottom_disp{}\r\n\t<\/style>\n<h2 class=\"wp-block-heading\">84-J\u00e4hrige aus Frankenthal vermisst<\/h2>\n\n\n\n<div class=\"wp-block-image\"><figure class=\"aligncenter\"><img decoding=\"async\" loading=\"lazy\" width=\"450\" height=\"380\" src=\"https:\/\/speyer24news.com\/wp-content\/uploads\/2019\/07\/Vermisste_Skrzypski.jpg\" alt=\"\" class=\"wp-image-16828\" srcset=\"https:\/\/speyer24news.com\/wp-content\/uploads\/2019\/07\/Vermisste_Skrzypski.jpg 450w, https:\/\/speyer24news.com\/wp-content\/uploads\/2019\/07\/Vermisste_Skrzypski-300x253.jpg 300w\" sizes=\"(max-width: 450px) 100vw, 450px\" \/><\/figure><\/div>\n\n\n\n<p><strong>(Frankenthal) &#8211; <\/strong>Seit Montag, den 22.07.2019, gegen 12:00 Uhr, wird die 84-j\u00e4hrige Waltraud Skrzypski aus Frankenthal vermisst. <\/p>\n\n\n\n<p>Frau Skrzypski ist dement, sehr schwerh\u00f6rig und sie ist an ihren Rollator angewiesen.<\/p>\n\n\n\n<p><strong>Personenbeschreibung Frau Skrzypski:<\/strong><\/p>\n\n\n\n<ul><li>graue kurze Haare<\/li><li>Brille<\/li><li>st\u00e4mmig<\/li><li>Trug eine schwarze Hose und <\/li><li>ein wei\u00dfes T-Shirt<\/li><li>Zudem hat sie einen weinroten Rollator mit schwarzer Sitzfl\u00e4che.<\/li><\/ul>\n\n\n\n<p>Sachdienliche Hinweise nimmt die Kriminalpolizei Ludwigshafen unter der Telefonnummer 0621\/963-2773 oder per Email <a href=\"kiludwigshafen@polizei.rlp.de\">kiludwigshafen@polizei.rlp.de<\/a> entgegen.<\/p>\n\n\n\n<p><em>Polizeipr\u00e4sidium Rheinpfalz<br>23.07.2019<\/em><\/p>\n","protected":false},"excerpt":{"rendered":"<div class=\"mh-excerpt\"><p>84-J\u00e4hrige aus Frankenthal vermisst (Frankenthal) &#8211; Seit Montag, den 22.07.2019, gegen 12:00 Uhr, wird die 84-j\u00e4hrige Waltraud Skrzypski aus Frankenthal vermisst. Frau Skrzypski ist dement, sehr schwerh\u00f6rig und sie ist an ihren Rollator angewiesen. Personenbeschreibung <a class=\"mh-excerpt-more\" href=\"https:\/\/speyer24news.com\/?p=16826\" title=\"Vermisstensuche:\">[&#8230;]<\/a><\/p>\n<\/div>","protected":false},"author":3,"featured_media":0,"comment_status":"open","ping_status":"open","sticky":false,"template":"","format":"standard","meta":{"_monsterinsights_skip_tracking":false,"_monsterinsights_sitenote_active":false,"_monsterinsights_sitenote_note":"","_monsterinsights_sitenote_category":0,"footnotes":""},"categories":[12],"tags":[60,1881,1117,2315],"aioseo_notices":[],"amp_enabled":true,"_links":{"self":[{"href":"https:\/\/speyer24news.com\/index.php?rest_route=\/wp\/v2\/posts\/16826"}],"collection":[{"href":"https:\/\/speyer24news.com\/index.php?rest_route=\/wp\/v2\/posts"}],"about":[{"href":"https:\/\/speyer24news.com\/index.php?rest_route=\/wp\/v2\/types\/post"}],"author":[{"embeddable":true,"href":"https:\/\/speyer24news.com\/index.php?rest_route=\/wp\/v2\/users\/3"}],"replies":[{"embeddable":true,"href":"https:\/\/speyer24news.com\/index.php?rest_route=%2Fwp%2Fv2%2Fcomments&post=16826"}],"version-history":[{"count":1,"href":"https:\/\/speyer24news.com\/index.php?rest_route=\/wp\/v2\/posts\/16826\/revisions"}],"predecessor-version":[{"id":16829,"href":"https:\/\/speyer24news.com\/index.php?rest_route=\/wp\/v2\/posts\/16826\/revisions\/16829"}],"wp:attachment":[{"href":"https:\/\/speyer24news.com\/index.php?rest_route=%2Fwp%2Fv2%2Fmedia&parent=16826"}],"wp:term":[{"taxonomy":"category","embeddable":true,"href":"https:\/\/speyer24news.com\/index.php?rest_route=%2Fwp%2Fv2%2Fcategories&post=16826"},{"taxonomy":"post_tag","embeddable":true,"href":"https:\/\/speyer24news.com\/index.php?rest_route=%2Fwp%2Fv2%2Ftags&post=16826"}],"curies":[{"name":"wp","href":"https:\/\/api.w.org\/{rel}","templated":true}]}}