{"id":16831,"date":"2019-07-23T11:08:53","date_gmt":"2019-07-23T10:08:53","guid":{"rendered":"https:\/\/speyer24news.com\/?p=16831"},"modified":"2020-01-16T09:33:52","modified_gmt":"2020-01-16T08:33:52","slug":"winterbus-wird-zur-sozialen-anlaufstelle-armut","status":"publish","type":"post","link":"https:\/\/speyer24news.com\/?p=16831","title":{"rendered":"Winterbus wird zur sozialen Anlaufstelle Armut"},"content":{"rendered":"<style type=\"text\/css\">\r\n\t.ads_top_disp{}\r\n\t.ads_top_corner_disp{ float:left; margin:0px 10px 10px 0px; }\r\n\t.ads_first_p_disp{}\r\n\t.ads_bottom_disp{}\r\n\t<\/style>\n<h2 class=\"wp-block-heading\">Festplatzkiosk soll dabei zentrale Anlaufstelle werden und weitere Funktionen \u00fcbernehmen<\/h2>\n\n\n\n<h4 class=\"wp-block-heading\"><em>Von Daniel Kemmerich<\/em><\/h4>\n\n\n\n<div class=\"wp-block-image\"><figure class=\"aligncenter\"><img decoding=\"async\" loading=\"lazy\" width=\"800\" height=\"600\" src=\"https:\/\/speyer24news.com\/wp-content\/uploads\/2019\/07\/DSC04512-1.jpg\" alt=\"\" class=\"wp-image-16832\" srcset=\"https:\/\/speyer24news.com\/wp-content\/uploads\/2019\/07\/DSC04512-1.jpg 800w, https:\/\/speyer24news.com\/wp-content\/uploads\/2019\/07\/DSC04512-1-300x225.jpg 300w, https:\/\/speyer24news.com\/wp-content\/uploads\/2019\/07\/DSC04512-1-768x576.jpg 768w, https:\/\/speyer24news.com\/wp-content\/uploads\/2019\/07\/DSC04512-1-678x509.jpg 678w, https:\/\/speyer24news.com\/wp-content\/uploads\/2019\/07\/DSC04512-1-326x245.jpg 326w, https:\/\/speyer24news.com\/wp-content\/uploads\/2019\/07\/DSC04512-1-80x60.jpg 80w\" sizes=\"(max-width: 800px) 100vw, 800px\" \/><figcaption>v.l.: Oberb\u00fcrgermeisterin Stefanie Seiler und Stefan Wagner<\/figcaption><\/figure><\/div>\n\n\n\n<p><strong>Speyer \/ Festplatz \u2013<\/strong> Es gibt Menschen, die reden und es gibt Stefan Wagner. Bekannt durch die \u201eMahlzeit\u201c Speyer, bei welcher er lange Zeit aktiv war, hat er letztes Jahr den \u201eWinterbus\u201c ins Leben gerufen. Mit diesem wurden bekannte Stellen, an denen sich Obdachlose aufhalten, angefahren und diese mit Schlafs\u00e4cken und Kleidung versorgt sowie in den ehemaligen Kiosk am Festplatz eingeladen.<\/p>\n\n\n\n<p>In diesem gab es dann hei\u00dfen Kaffee\/Tee und etwas zum essen. Au\u00dferdem wurde auf den Menschen hinter dem Schicksal eingegangen und so manchem geholfen, sich doch um eine Wohnung zu bewerben, denn \u201eniemand wird obdachlos geboren\u201c.<\/p>\n\n\n\n<p>Dieses niederschwellige Angebot kam so gut an, dass es in diesem Jahr als feste \u201eAnlaufstelle Armut\u201c weitergef\u00fchrt werden soll. Hierf\u00fcr muss der in die Jahre gekommene Kiosk dringend saniert werden. So ist das Dach undicht, die W\u00e4nde sehen nicht sonderlich ansprechend aus, eine Dusch- und Waschm\u00f6glichkeit gibt es gar nicht. Und gerade dies w\u00e4re ein vorrangiges Ziel, Hygiene anzubieten. So verbringen Obdachlose  jeden Tag viel Zeit bei der Suche nach Essen und einem Schlafplatz, die Hygiene k\u00e4me dabei dann oft zu kurz.<\/p>\n\n\n\n<div class=\"wp-block-image\"><figure class=\"aligncenter\"><img decoding=\"async\" loading=\"lazy\" width=\"800\" height=\"600\" src=\"https:\/\/speyer24news.com\/wp-content\/uploads\/2019\/07\/Kiosk-1.jpg\" alt=\"\" class=\"wp-image-16833\" srcset=\"https:\/\/speyer24news.com\/wp-content\/uploads\/2019\/07\/Kiosk-1.jpg 800w, https:\/\/speyer24news.com\/wp-content\/uploads\/2019\/07\/Kiosk-1-300x225.jpg 300w, https:\/\/speyer24news.com\/wp-content\/uploads\/2019\/07\/Kiosk-1-768x576.jpg 768w, https:\/\/speyer24news.com\/wp-content\/uploads\/2019\/07\/Kiosk-1-678x509.jpg 678w, https:\/\/speyer24news.com\/wp-content\/uploads\/2019\/07\/Kiosk-1-326x245.jpg 326w, https:\/\/speyer24news.com\/wp-content\/uploads\/2019\/07\/Kiosk-1-80x60.jpg 80w\" sizes=\"(max-width: 800px) 100vw, 800px\" \/><\/figure><\/div>\n\n\n\n<p>Hier m\u00f6chten Stefan Wagner und sein Team aus einem Dutzend Ehrenamtlichen ansetzen und gerne eine, nach M\u00f6glichkeit jederzeit von au\u00dfen begehbare, Dusche schaffen. Im Kiosk selbst soll es eine Waschmaschine und einen Trockner geben, um seine Kleidung reinigen zu k\u00f6nnen. Nat\u00fcrlich wird es immer noch Hei\u00df- und Kaltgetr\u00e4nke sowie etwas zu essen geben. So wird erhofft, schnell in Kontakt zu kommen und dem Menschen hinter dem Offensichtlichen zu helfen.<\/p>\n\n\n\n<p>So ist geplant, auch andere soziale Einrichtungen wie die Tafel, die Mahlzeit und auch Wohnraumsicherung und Co. Gespr\u00e4chszeiten dort anbieten zu lassen. Dies alles anonym, ohne Angabe von Daten und eben ohne jeden Zwang. \u201eDer Schritt die Treppe hoch\u201c sei f\u00fcr viele schon eine Herausforderung und man m\u00f6chte bewusst niederschwellig bleiben. \u201eDer Mensch soll sich als Mensch und nicht als Bittsteller willkommen f\u00fchlen\u201c.<\/p>\n\n\n\n<p>Dass \u00fcber solche Projekte und Initiativen viel gesprochen wird, ist bekannt, leider wird in den seltensten F\u00e4llen auch wirklich etwas gemacht. Hier kommt die neue Oberb\u00fcrgermeisterin Stefanie Seiler (SPD) ins Spiel. Bereits beim Winterbus zeigte sie sich beeindruckt von dem Engagement von Stefan Wagner und seinem Team. Mit Antritt als Oberb\u00fcrgermeisterin wurde sie u.a. auch Vorsitzende der st\u00e4dtischen Bauchhen\u00df-Spies-Stiftung (<a href=\"https:\/\/www.speyer.de\/sv_speyer\/de\/Rathaus\/Stiftungen\/Bauchhen%C3%9F-Spies-Stiftung\/\">https:\/\/www.speyer.de\/sv_speyer\/de\/Rathaus\/Stiftungen\/Bauchhen%C3%9F-Spies-Stiftung\/<\/a>). Diese 1965 ins Leben gerufene Stiftung hat das satzungsm\u00e4\u00dfige Ziel, Arme und Hilfsbed\u00fcrftige zu unterst\u00fctzen.<\/p>\n\n\n\n<div class=\"wp-block-image\"><figure class=\"aligncenter\"><img decoding=\"async\" loading=\"lazy\" width=\"800\" height=\"600\" src=\"https:\/\/speyer24news.com\/wp-content\/uploads\/2019\/07\/Kiosk-3.jpg\" alt=\"\" class=\"wp-image-16834\" srcset=\"https:\/\/speyer24news.com\/wp-content\/uploads\/2019\/07\/Kiosk-3.jpg 800w, https:\/\/speyer24news.com\/wp-content\/uploads\/2019\/07\/Kiosk-3-300x225.jpg 300w, https:\/\/speyer24news.com\/wp-content\/uploads\/2019\/07\/Kiosk-3-768x576.jpg 768w, https:\/\/speyer24news.com\/wp-content\/uploads\/2019\/07\/Kiosk-3-678x509.jpg 678w, https:\/\/speyer24news.com\/wp-content\/uploads\/2019\/07\/Kiosk-3-326x245.jpg 326w, https:\/\/speyer24news.com\/wp-content\/uploads\/2019\/07\/Kiosk-3-80x60.jpg 80w\" sizes=\"(max-width: 800px) 100vw, 800px\" \/><\/figure><\/div>\n\n\n\n<p>Und so sieht sie die Aufgabe bestens erf\u00fcllt, wenn aus dieser Stiftung Mittel f\u00fcr den ca. 50.000.-\u20ac teuren Um- und Ausbau flie\u00dfen werden. So k\u00f6nnen k\u00fcnftig Menschen im Herzen Speyers und nicht an den Rand gedr\u00e4ngt, einen zentrale Anlaufstelle vorfinden, wo ihnen geholfen wird. Denn \u201eArmut kann jeden treffen\u201c und schnell wird man aus dem gewohnten Leben gerissen, wie Stefan Wagner betont. Er selbst habe diese Erfahrung bereits machen m\u00fcssen und ist daher umso engagierter, Anderen zu helfen, wieder \u201ein geregelte  Bahnen\u201c zu kommen.<\/p>\n\n\n\n<p>Dass hierbei niederschwellige Angebote wie der \u201eWinterbus\u201c die richtigen seien, haben sie im letzten Jahr gemerkt. Es wurden viele Kontakte gekn\u00fcpft, die fortbestehen und auch die Spendenbereitschaft der Speyer\/innen sei \u00fcberragend gewesen. \u00dcber kostenloses Haarschneiden bis hin zu warmen Schlafs\u00e4cken und Kleidung wurde vieles geleistet und gespendet. Aber obwohl es eine kleine Kleiderkammer geben soll, weist Stefan Wagner darauf hin, dass Spenden bei Caritas und Kleiderkammer \u201ebesser aufgehoben\u201c sein. So arbeiten beide eng mit ihm zusammen, k\u00f6nnen aber die Arbeit und Lagerung einfach besser bew\u00e4ltigen.<\/p>\n\n\n\n<p>Wer spenden m\u00f6chte, kann dies gerne an die Stadt Speyer machen unter dem <strong>Verwendungszweck \u201eSoziale Anlaufstelle\u201c<\/strong>. So kommen alle Gelder dort an, wo sie gebraucht werden und der Umbau wird hoffentlich bis sp\u00e4testens zur kalten Jahreszeit fertig gestellt sein. Ab dann soll der Kiosk mindestens 2x pro Woche vormittags ge\u00f6ffnet sein. Bewusst vormittags, um nicht mit anderen Stellen wie \u201eTafel\u201c oder \u201eMahlzeit\u201c in Konkurrenz zu treten. <\/p>\n\n\n\n<div class=\"wp-block-image\"><figure class=\"aligncenter\"><img decoding=\"async\" loading=\"lazy\" width=\"800\" height=\"600\" src=\"https:\/\/speyer24news.com\/wp-content\/uploads\/2019\/07\/Kiosk-4.jpg\" alt=\"\" class=\"wp-image-16835\" srcset=\"https:\/\/speyer24news.com\/wp-content\/uploads\/2019\/07\/Kiosk-4.jpg 800w, https:\/\/speyer24news.com\/wp-content\/uploads\/2019\/07\/Kiosk-4-300x225.jpg 300w, https:\/\/speyer24news.com\/wp-content\/uploads\/2019\/07\/Kiosk-4-768x576.jpg 768w, https:\/\/speyer24news.com\/wp-content\/uploads\/2019\/07\/Kiosk-4-678x509.jpg 678w, https:\/\/speyer24news.com\/wp-content\/uploads\/2019\/07\/Kiosk-4-326x245.jpg 326w, https:\/\/speyer24news.com\/wp-content\/uploads\/2019\/07\/Kiosk-4-80x60.jpg 80w\" sizes=\"(max-width: 800px) 100vw, 800px\" \/><\/figure><\/div>\n\n\n\n<p>Wie wichtig so etwas in einem reichen Land wie Deutschland leider ist, sieht man an den stetig steigenden Zahlen der Nutzer der \u201eTafel\u201c oder der \u201eMahlzeit\u201c. Obdachlose selbst werden in keiner Statistik erfasst, also ist dies eine Grauzone. Aber es gibt bereits 140 Menschen in Speyer, die ihre Post an einer sozialen Einrichtung abholen, also keinen eigenen Briefkasten besitzen. Also wird es bestimmt noch mehr Menschen geben, die \u201eauf der Stra\u00dfe\u201c oder in Schreberg\u00e4rten und auf Campingpl\u00e4tzen leben.<\/p>\n\n\n\n<p>Wir w\u00fcnschen Stefan Wagner und seinem Team auf jeden Fall viel Erfolg und werden die Entwicklungen weiter begleiten. Es ist sch\u00f6n, dass es Menschen wie ihn und seine Helfer gibt, die Speyer jeden Tag ein wenig lebenswerter machen. <\/p>\n\n\n\n<h4 class=\"wp-block-heading\">Sehen Sie hier ein Video mit Stefan Wagner zu seinen Vorstellungen der \u201esozialen Anlaufstelle\u201c:<\/h4>\n\n\n\n<figure class=\"wp-block-embed-youtube wp-block-embed is-type-video is-provider-youtube wp-embed-aspect-16-9 wp-has-aspect-ratio\"><div class=\"wp-block-embed__wrapper\">\n<iframe loading=\"lazy\" title=\"Winterbus \/ Schnittstelle Armut Speyer\" width=\"500\" height=\"281\" src=\"https:\/\/www.youtube.com\/embed\/H94Oq0eNBoM?feature=oembed\" frameborder=\"0\" allow=\"accelerometer; autoplay; encrypted-media; gyroscope; picture-in-picture\" allowfullscreen><\/iframe>\n<\/div><\/figure>\n\n\n\n<p><em>Lektorin: Speyer 24\/7 News, ank Foto &amp; Video: Speyer 24\/7 News, dak<br>23.07.2019<\/em><\/p>\n","protected":false},"excerpt":{"rendered":"<div class=\"mh-excerpt\"><p>Festplatzkiosk soll dabei zentrale Anlaufstelle werden und weitere Funktionen \u00fcbernehmen Von Daniel Kemmerich Speyer \/ Festplatz \u2013 Es gibt Menschen, die reden und es gibt Stefan Wagner. Bekannt durch die \u201eMahlzeit\u201c Speyer, bei welcher er <a class=\"mh-excerpt-more\" href=\"https:\/\/speyer24news.com\/?p=16831\" title=\"Winterbus wird zur sozialen Anlaufstelle Armut\">[&#8230;]<\/a><\/p>\n<\/div>","protected":false},"author":3,"featured_media":0,"comment_status":"open","ping_status":"open","sticky":false,"template":"","format":"standard","meta":{"_monsterinsights_skip_tracking":false,"_monsterinsights_sitenote_active":false,"_monsterinsights_sitenote_note":"","_monsterinsights_sitenote_category":0,"footnotes":""},"categories":[9],"tags":[2320,699,2319,2316,6,2318,2317],"aioseo_notices":[],"amp_enabled":true,"_links":{"self":[{"href":"https:\/\/speyer24news.com\/index.php?rest_route=\/wp\/v2\/posts\/16831"}],"collection":[{"href":"https:\/\/speyer24news.com\/index.php?rest_route=\/wp\/v2\/posts"}],"about":[{"href":"https:\/\/speyer24news.com\/index.php?rest_route=\/wp\/v2\/types\/post"}],"author":[{"embeddable":true,"href":"https:\/\/speyer24news.com\/index.php?rest_route=\/wp\/v2\/users\/3"}],"replies":[{"embeddable":true,"href":"https:\/\/speyer24news.com\/index.php?rest_route=%2Fwp%2Fv2%2Fcomments&post=16831"}],"version-history":[{"count":1,"href":"https:\/\/speyer24news.com\/index.php?rest_route=\/wp\/v2\/posts\/16831\/revisions"}],"predecessor-version":[{"id":16836,"href":"https:\/\/speyer24news.com\/index.php?rest_route=\/wp\/v2\/posts\/16831\/revisions\/16836"}],"wp:attachment":[{"href":"https:\/\/speyer24news.com\/index.php?rest_route=%2Fwp%2Fv2%2Fmedia&parent=16831"}],"wp:term":[{"taxonomy":"category","embeddable":true,"href":"https:\/\/speyer24news.com\/index.php?rest_route=%2Fwp%2Fv2%2Fcategories&post=16831"},{"taxonomy":"post_tag","embeddable":true,"href":"https:\/\/speyer24news.com\/index.php?rest_route=%2Fwp%2Fv2%2Ftags&post=16831"}],"curies":[{"name":"wp","href":"https:\/\/api.w.org\/{rel}","templated":true}]}}