{"id":16972,"date":"2019-07-24T07:47:12","date_gmt":"2019-07-24T06:47:12","guid":{"rendered":"https:\/\/speyer24news.com\/?p=16972"},"modified":"2019-07-24T07:50:01","modified_gmt":"2019-07-24T06:50:01","slug":"polizei-21","status":"publish","type":"post","link":"https:\/\/speyer24news.com\/?p=16972","title":{"rendered":"Polizei:"},"content":{"rendered":"<style type=\"text\/css\">\r\n\t.ads_top_disp{}\r\n\t.ads_top_corner_disp{ float:left; margin:0px 10px 10px 0px; }\r\n\t.ads_first_p_disp{}\r\n\t.ads_bottom_disp{}\r\n\t<\/style>\n<h2 class=\"wp-block-heading\">Polizeimeldungen vom Dienstag (23.07.2019)<\/h2>\n\n\n\n<div class=\"wp-block-image\"><figure class=\"aligncenter\"><img decoding=\"async\" src=\"https:\/\/speyer24news.com\/wp-content\/uploads\/2019\/07\/Aktuelles-Polizeilogo-1.jpg\" alt=\"\" class=\"wp-image-16637\"\/><\/figure><\/div>\n\n\n\n<h4 class=\"wp-block-heading\">(Speyer) &#8211; Versto\u00df gegen das Bet\u00e4ubungsmittelgesetz<\/h4>\n\n\n\n<p>Nach  Beendigung einer Fu\u00dfstreife im Sch\u00fctzenpark konnten die Beamten am Montagabend hinter der Stadthalle eine m\u00e4nnliche Person beobachten, die sich augenscheinlich in einem Geb\u00fcsch verstecken wollte. Im Rahmen der  folgenden Personenkontrolle und Durchsuchung konnte bei dem 35-j\u00e4hrigen  Mann aus Alzey in einer Hosentasche eine kleine T\u00fcte mit Marihuanabl\u00fcten  aufgefunden und sichergestellt werden. <\/p>\n\n\n\n<h4 class=\"wp-block-heading\">(Speyer) &#8211; Fahren ohne Fahrerlaubnis<\/h4>\n\n\n\n<p>Ein  vierr\u00e4driges Fahrzeug, Fiat Pride, mit Versicherungskennzeichen wurde  am Montagnachmittag in der Lessingstra\u00dfe kontrolliert. Der  54-j\u00e4hrige Fahrer aus Speyer konnte nicht nur die erforderliche  Erlaubnis zum F\u00fchren dieses Gef\u00e4hrts nicht vorweisen, bei ihm wurden  auch drogentypische Auffallerscheinungen festgestellt. Nach  entsprechender Belehrung r\u00e4umte er den Konsum von THC ein, weshalb ihm  eine Blutprobe entnommen wurde. <\/p>\n\n\n\n<h4 class=\"wp-block-heading\">(Germersheim) &#8211; Einbruch in eine B\u00e4ckereifiliale<\/h4>\n\n\n\n<p>In der Nacht von Freitag auf Samstag gegen 3 Uhr wurde ein Zeuge auf  einen Einbruch in eine B\u00e4ckereifiliale in der Ludwigstra\u00dfe in  Germersheim aufmerksam. Der T\u00e4ter konnte beobachtet werden wie er die  Glast\u00fcr des Eingangs zertr\u00fcmmerte. Der fl\u00fcchtende T\u00e4ter wurde durch  Zeugen noch zu Fu\u00df und mit dem PKW verfolgt, verloren diesen jedoch im  Bereich Sandstra\u00dfe aus den Augen. Nach R\u00fccksprache mit dem  Verantwortlichen der B\u00e4ckerei wurde nichts entwendet, jedoch entstand  hoher Sachschaden. Der T\u00e4ter kann beschrieben werden als:<\/p>\n\n\n\n<ul><li>m\u00e4nnlich<\/li><li>ca.  170-180cm gro\u00df<\/li><li>blaue Jeans<\/li><li>Er trug eine helle M\u00fctze<\/li><\/ul>\n\n\n\n<p>Zeugenhinweise nimmt die Polizeiinspektion Germersheim telefonisch unter 07274\/9580  oder per Mail an <a href=\"mailto:pigermersheim@polizei.rlp.de\">pigermersheim@polizei.rlp.de<\/a> entgegen.<\/p>\n\n\n\n<h4 class=\"wp-block-heading\">(Bad Bergzabern) &#8211; Fahrzeugvandalismus<\/h4>\n\n\n\n<p>In der Nacht von Montag auf Dienstag, 22.07.\/23.07.19, wurden im  Stadtgebiet Bad Bergzabern mehrere Fahrzeuge besch\u00e4digt. In der  Haydnstra\u00dfe wurde an einem Pkw Audi die Heckscheibe, an einem Pkw  Mercedes in der Theodor-Heuss-Stra\u00dfe, die Scheibe der Fahrert\u00fcr  eingeschlagen. An einem grauen Pkw VW Passat in der Kurtalstra\u00dfe,  schlugen die T\u00e4ter mit einem Gegenstand die Scheibe der Beifahrert\u00fcr  ein. An einem Peugeot Transporter, geparkt in der Steinfelder Stra\u00dfe,  schlugen die bislang unbekannten T\u00e4ter die Scheibe der Fahrert\u00fcr ein. An  den Fahrzeugen entstand ein Sachschaden in H\u00f6he von circa 2000.- Euro.  Hinweise auf den oder die bislang unbekannten T\u00e4ter nimmt die  Polizeiinspektion Bad Bergzabern, unter Telefon 06343\/93340 oder per  unter <a href=\"mailto:pibadbergzabern@polizei.rlp.de\">pibadbergzabern@polizei.rlp.de<\/a>, oder jede andere Polizeidienststelle entgegen. <\/p>\n\n\n\n<h4 class=\"wp-block-heading\">(Bad Bergzabern) &#8211; \u00dcberholvorgang mit Folgen<\/h4>\n\n\n\n<p>Am Montag, 22.07.2019, gegen 18:50 Uhr, befuhren eine 60-j\u00e4hrige und  eine 46-j\u00e4hrige Pkw-Fahrerin die B 427 von Hergersweiler in Richtung  Oberhausen. Beide Fahrzeugf\u00fchrerinnen wollte einen langsam  vorausfahrenden Pkw \u00fcberholen. Die 46-j\u00e4hrige Audi-Fahrerin befand sich  nach ihren Angaben gerade im \u00dcberholvorgang, als die 60-j\u00e4hrige  Nissan-Fahrerin ebenfalls zum \u00dcberholen ansetzte. Hierbei kam es zum  Zusammensto\u00df der beiden Fahrzeuge. Es entstand ein Sachschaden in H\u00f6he  von 4500.- Euro. <\/p>\n\n\n\n<h4 class=\"wp-block-heading\">(Bad Bergzabern) &#8211; Sachbesch\u00e4digung an PKW<\/h4>\n\n\n\n<p>In der Nacht v. Freitag, d. 19. auf Samstag, d. 20.7. wurde an einem in  der Kapeller Stra\u00dfe unmittelbar neben dem T\u00dcV-Gel\u00e4nde abgestellten  Kombi die Frontscheibe vermutlich mittels eines Hammers, Steins oder  \u00e4hnlichen Gegenstands die Windschutzscheibe eingeschlagen. <\/p>\n\n\n\n<p>Zeugen melden sich bitte der Polizei Bad Bergzabern unter der 06343-9334-0 oder per E-Mail unter <a href=\"mailto:pibadbergzabern@polizei.rlp.de\">pibadbergzabern@polizei.rlp.de<\/a> <\/p>\n\n\n\n<h4 class=\"wp-block-heading\">(Landau) &#8211; K\u00f6rperverletzung, Hausfriedensbruch, Widerstand gegen Vollstreckungsbeamte<\/h4>\n\n\n\n<p>Widerstand gegen Polizeibeamte leistete ein amtsbekannter 23-j\u00e4hriger  Mann in Landau am Hauptbahnhof  am Montagnachmittag. Nach einer  vorausgegangen K\u00f6rperverletzung und Hausfriedensbruch im Verkaufsraum  f\u00fcr Backwaren im Geb\u00e4ude des Hauptbahnhofes durch den 23-j\u00e4hrigen wurde  die Anzeige von der Bundespolizei aufgenommen. Im Verlauf der  Anzeigenaufnahme wurde der unter Alkoholeinfluss stehende 23-J\u00e4hrige  zunehmend aggressiv. Im weiteren Verlauf schlug er gegen die zur  Unterst\u00fctzung angeforderten Polizeibeamten. Er musste gefesselt und zur  Dienststelle transportiert werden, wo er w\u00fcste Beleidigungen und  Bedrohungen gegen die eingesetzten Polizeibeamten aussprach. Nach einer  Blutentnahme musste er aufgrund seines Zustandes in das Pfalzklinikum  eingewiesen werden. <\/p>\n\n\n\n<h4 class=\"wp-block-heading\">(Landau) &#8211; Verkehrskontrollen in Landau<\/h4>\n\n\n\n<p>Am Dienstag wurde in Landau in der Drachenfelsstra\u00dfe die zul\u00e4ssige  H\u00f6chstgeschwindigkeit  von 30km\/h \u00fcberwacht. Es mussten 6  Pkw-Fahrer\/-innen verwarnt bzw. angezeigt werden. Die h\u00f6chste gemessene  Geschwindigkeit betrug 60km\/h. Bei einer weiteren Kontrolle fiel in der  Wei\u00dfquartierstra\u00dfe ein BMW auf, dessen Front- und R\u00fccklichter schwarz  lasiert und somit nicht vorschriftsm\u00e4\u00dfig waren. Auch hier wird der  Pkw-Halter angezeigt und muss die originale Beleuchtungseinrichtung  wieder einbauen. <\/p>\n\n\n\n<h4 class=\"wp-block-heading\">(Landau) &#8211; Sachbesch\u00e4digung durch Graffiti<\/h4>\n\n\n\n<p>In der Nacht zum Samstag wurde auf mehrere Fensterscheiben des  Rathauses in der Marktstra\u00dfe in Landau ein Graffiti &#8222;1312&#8220; aufgetragen.  Die Graffitis konnten mit herk\u00f6mmlichem Reinigungsmittel entfernt  werden. Durch den Reinigungsaufwand der Graffiti entstand ein Schaden  von ca. 100EUR.  Hinweise auf die unbekannten T\u00e4ter nimmt die Polizei  Landau unter Tel. Nr. 06341\/2870 oder per Email unter <a href=\"mailto:pilandau@polizei.rlp.de\">pilandau@polizei.rlp.de<\/a> entgegen. <\/p>\n\n\n\n<h4 class=\"wp-block-heading\">(Freimersheim) &#8211; Ein Fall von Betrug<\/h4>\n\n\n\n<p>Die 53-j\u00e4hrige Gesch\u00e4digte aus Freimersheim engagierte \u00fcber das  Internet einen Kammerj\u00e4ger mit dem angeblichen Firmensitz in Neustadt.  Nach der Auftragsvergabe wurde die Gesch\u00e4digte mehrmals vertr\u00f6stet,  vereinbarte Termine wurden nicht eingehalten. Daf\u00fcr aber erhielt die  Gesch\u00e4digte eine Rechnung \u00fcber 99EUR von eben dieser Firma mit dem  Firmensitz in Bayern. Die Polizei warnt vor vorschnellen  Auftragsvergaben unbekannter Firmen aus Internetrecherchen. Weitere  Tipps wie Sie sich vor Betr\u00fcgern sch\u00fctzen k\u00f6nnen, finden Sie unter <a rel=\"noreferrer noopener\" target=\"_blank\" href=\"http:\/\/www.polizei-beratung.de\">www.polizei-beratung.de<\/a> <\/p>\n\n\n\n<h4 class=\"wp-block-heading\">(Edenkoben) &#8211; Stark betrunkener Radfahrer<\/h4>\n\n\n\n<p>Am 22.07.2019 gegen 19:55 Uhr fiel Beamten der Polizei Edenkoben ein  Radfahrer auf, der die Staatsstra\u00dfe in den Edenkoben befuhr und stark  alkoholisiert erschien. Ein durchgef\u00fchrter Atemalkoholtest best\u00e4tigte  die Vermutung-dieser ergab \u00fcber 2 Promille. Der 59-j\u00e4hrige Radfahrer aus  Maikammer wurde zur Entnahme einer Blutprobe zur Dienststelle  verbracht. Ihm droht nun eine Strafanzeige wegen Trunkenheit im  Stra\u00dfenverkehr. In den letzten Tagen und Wochen fallen immer wieder  Fahrradfahrer mit hohen Alkoholwerten auf, welche sich der Folgen nicht  bewusst sind. Nach derzeitig geltender Rechtsprechung gilt ein  Fahrradfahrer ab einem Alkoholwert von 1,6 Promille als  absolut  fahrunt\u00fcchtig und macht sich nach \u00a7 316 StGB strafbar. Bereits mit einem  Alkoholwert zwischen  0,3 Promille und 1,59 Promille ist eine  Strafbarkeit nach \u00a7 316 StGB m\u00f6glich, wenn eine &#8222;relative  Fahrunt\u00fcchtigkeit&#8220; vorliegt. Ein Fahrzeugf\u00fchrer ist, im Gegensatz zu der  &#8222;absoluten Fahrunt\u00fcchtigkeit&#8220; ab 1,6 Promille,  &#8222;relativ Fahrunt\u00fcchtig&#8220;  wenn zu der Alkoholisierung eine sogenannte Ausfallerscheinung, wie  z.B. das Fahren in Schlangenlinien oder die Verursachung eines  Verkehrsunfalls hinzukommt. <\/p>\n\n\n\n<p>Eine Entziehung der Fahrerlaubnis  durch die Fahrerlaubnisbeh\u00f6rde ist auch dann m\u00f6glich, wenn ein  F\u00fchrerscheininhaber alkoholisiert mit einem nicht  f\u00fchrerscheinpflichtigen Fahrzeug, z.B. einem Fahrrad, am \u00f6ffentlichen  Stra\u00dfenverkehr teilnimmt und sich hieraus Hinweise auf eine Nichteignung  zum F\u00fchren von Kraftfahrzeugen ergeben. <\/p>\n\n\n\n<h4 class=\"wp-block-heading\">(Kirrweiler) &#8211; Pferde sind los<\/h4>\n\n\n\n<p>Durch einen Spazierg\u00e4nger wurden am 22.07.2019 gegen 06:20 Uhr der  Polizei Edenkoben mehrere Pferde gemeldet, die sich nicht mehr bei  Kirrweiler auf der Weide befinden, sondern daneben grasen. Zun\u00e4chst war  der eigentliche Halter nicht vor Ort und auch nicht zu ermitteln.  Dankenswerterweise erkl\u00e4rte sich ein anderer Halter aus dem Nachbarort  bereit, sich um die Tiere zu k\u00fcmmern. Er fing sie ein und brachte sie  auf einer Weide unter. Im Nachgang konnte dann doch der Halter der  Pferde ausfindig gemacht werden <\/p>\n\n\n\n<h4 class=\"wp-block-heading\">(Maikammer \/ Parkplatz Totenkopfh\u00fctte) &#8211; Gesch\u00e4digter Unfallgegner gesucht<\/h4>\n\n\n\n<p>Gesucht wird der Halter eines vermutlich grauen  PKW\u00b4s, welcher gestern  am 21.07.2019 gegen 13:30 Uhr seinen PKW auf dem Parkplatz zur  Totenkopfh\u00fctte an der L514 abgestellt hatte. Das Fahrzeug m\u00fcsste am Heck  (Beifahrerseite) besch\u00e4digt sein. Die Polizei Edenkoben ermittelt in  dieser Sache wegen einer Verkehrsunfallflucht, die durch den Verursacher  erst am Folgetag selbstst\u00e4ndig angezeigt wurde. <\/p>\n\n\n\n<p>Unfallzeugen  bzw. der Halter des besch\u00e4digten Fahrzeugs werden gebeten sich mit der  Polizeiinspektion Edenkoben unter 06323-9550 oder <a href=\"mailto:piedenkoben@polizei.rlp.de\">piedenkoben@polizei.rlp.de<\/a> in Verbindung zu setzen. <\/p>\n\n\n\n<h4 class=\"wp-block-heading\">(Neustadt) &#8211; Tankstelle nicht besetzt \/ Zapfs\u00e4ulen aber in Betrieb<\/h4>\n\n\n\n<p>Ein 36-j\u00e4hriger Neustadter fuhr am 22.07.2019 gegen 23:30 Uhr eine  Tankstelle in Neustadt an um zu Tanken. Der eigentliche Tankvorgang war  problemlos. Als er jedoch zum Bezahlen schreiten wollte, stellte er  fest, dass die Tankstelle nicht mehr besetzt war.  Er rief die Polizei,  die dann die P\u00e4chterin der Tankstelle informierte. Sie kam vor Ort,  schaltete die Zapfs\u00e4ulen ab und regelte die Zahlungsmodalit\u00e4ten mit dem  36-J\u00e4hrigen. <\/p>\n\n\n\n<h4 class=\"wp-block-heading\">(Neustadt) &#8211; Ohne Helm mit Motorrad gegen Einbahnstra\u00dfe<\/h4>\n\n\n\n<p>Am 22.07.2019 fuhr ein 54-j\u00e4hriger Neustadter mit seinem Motorrad ohne  Helm in der Neumayerstra\u00dfe entgegen der vorgegebenen Fahrtrichtung. Im  Rahmen der Verkehrskontrolle erh\u00e4rtete sich der Verdacht auf die  Einnahme von Drogen. Der 54-J\u00e4hrige f\u00fchrte verschreibungspflichtige  Medikamente sowie 2,7 gr Marihuana mit sich. Ein Drogenvortest verlief  positiv auf THC. Ihm wurde ein Blutprobe entnommen und ein  Strafverfahren eingeleitet. <\/p>\n\n\n\n<h4 class=\"wp-block-heading\">(Neustadt) &#8211; Mit E-Tretroller ohne Versicherungsschutz unterwegs<\/h4>\n\n\n\n<p>Ein 26-j\u00e4hriger Neustadter wurde am 22.07.2019 gegen 12:00 Uhr in der  Branchweilerhofstra\u00dfe kontrolliert, da er mit einem E-Tretroller auf dem  B\u00fcrgersteig unterwegs war. Hierbei wurde festgestellt, dass der Roller  nicht versichert ist. Ein Strafverfahren wegen Versto\u00df gegen das  Pflichtversicherungsgesetz wurde eingeleitet. <\/p>\n\n\n\n<h4 class=\"wp-block-heading\">(Neustadt) &#8211; Verkehrsunfallflucht \/ Fassade im Klemmhof besch\u00e4digt<\/h4>\n\n\n\n<p>Vermutlich ein unbekannter LKW-Fahrer besch\u00e4digte in der Zeit vom  19.07.2019 15:00 Uhr  bis 22.07.2019 09:30 Uhr eine Hausfassade in der  Landschreibereistra\u00dfe und entfernte sich unerlaubt von der Unfallstelle.  Der Putz wurde in einer H\u00f6he von ca. vier Metern abgetragen. Die  Schadensh\u00f6he wird mit ca. 1000 Euro angegeben. <\/p>\n\n\n\n<h4 class=\"wp-block-heading\">(Neustadt) &#8211; Verkehrskontrollen im Dienstbezirk<\/h4>\n\n\n\n<p>Am 22.07.2019 gegen 09:00 Uhr kontrollierte die Polizei Neustadt die  Geschwindigkeit in der 70-km\/h-Zone auf der B39 bei Geinsheim. 13  Fahrzeugf\u00fchrer hielten sich nicht an die Geschwindigkeit. Die gemessene  H\u00f6chstgeschwindigkeit lag bei 106 km\/h. <\/p>\n\n\n\n<p>In der Amalienstra\u00dfe \nwurden gestern morgen ebenfalls mehrere Verkehrsteilnehmer kontrolliert.\n Hier waren sechs Fahrzeugf\u00fchrer w\u00e4hrend der Fahrt mit ihrem Handy \nbesch\u00e4ftigt und 11 Autofahrer verzichteten auf den Sicherheitsgurt. <\/p>\n\n\n\n<h4 class=\"wp-block-heading\">(Neustadt) &#8211; WIR SIND MOBIL \/ Verkehrssicherheitsprogramm f\u00fcr die Generation 65 plus<\/h4>\n\n\n\n<div class=\"wp-block-image\"><figure class=\"aligncenter\"><img decoding=\"async\" loading=\"lazy\" width=\"800\" height=\"600\" src=\"https:\/\/speyer24news.com\/wp-content\/uploads\/2019\/07\/Wir-sind-Mobil.jpg\" alt=\"\" class=\"wp-image-16973\" srcset=\"https:\/\/speyer24news.com\/wp-content\/uploads\/2019\/07\/Wir-sind-Mobil.jpg 800w, https:\/\/speyer24news.com\/wp-content\/uploads\/2019\/07\/Wir-sind-Mobil-300x225.jpg 300w, https:\/\/speyer24news.com\/wp-content\/uploads\/2019\/07\/Wir-sind-Mobil-768x576.jpg 768w, https:\/\/speyer24news.com\/wp-content\/uploads\/2019\/07\/Wir-sind-Mobil-678x509.jpg 678w, https:\/\/speyer24news.com\/wp-content\/uploads\/2019\/07\/Wir-sind-Mobil-326x245.jpg 326w, https:\/\/speyer24news.com\/wp-content\/uploads\/2019\/07\/Wir-sind-Mobil-80x60.jpg 80w\" sizes=\"(max-width: 800px) 100vw, 800px\" \/><\/figure><\/div>\n\n\n\n<p>Im Verlauf des ersten Halbjahres 2019 fanden auf dem Gel\u00e4nde des  Flugsportvereins Lachen-Speyerdorf bereits vier Veranstaltungen des  Seniorensicherheitsprogramms WIR SIND MOBIL statt. Der Flugsportverein  stellt seinem Parkplatz daf\u00fcr in dankenswerter Weise zur Verf\u00fcgung.  Hintergrund ist die hohe Herausforderung an die Wahrnehmung, die  Reaktionsf\u00e4higkeit und die Aufmerksamkeit im Alter. <\/p>\n\n\n\n<p>Der \ndemografische Wandel f\u00fchrt in den n\u00e4chsten Jahren zu einer deutlichen \nZunahme von Seniorinnen und Senioren und damit einhergehend wird auch \neine Zunahme von Verkehrsunf\u00e4llen unter Seniorenbeteiligung \nprognostiziert. <\/p>\n\n\n\n<p>Schwerpunkt in der Verkehrssicherheitsarbeit der \nPD Neustadt sind daher u.a. die &#8222;Senioren im Stra\u00dfenverkehr&#8220;. Mit der \nPr\u00e4ventionsreihe WIR SIND MOBIL werden die Seniorinnen und Senioren der \nGeneration 65 plus f\u00fcr die weitere Teilnahme am Stra\u00dfenverkehr \nvorbereitet und auch sensibilisiert. So fanden sich an den \nVeranstaltungstagen insgesamt \u00fcber 30 Teilnehmerinnen und Teilnehmer mit\n ihren Fahrzeugen auf dem Flugplatzgel\u00e4nde ein. <\/p>\n\n\n\n<p>Die \nThemenbereiche Rechtliche Neuerungen, Nutzung von technischen \nHilfsmitteln im KFZ, Erkennen und Entgegenwirken von k\u00f6rperlichen \nEinschr\u00e4nkungen( insbesondere Seh- und H\u00f6rf\u00e4higkeit ), Sehen und Gesehen\n werden sowie die Problematik bei der Einnahme von Medikamenten in \nZusammenhang mit der Teilnahme am Stra\u00dfenverkehr wurden behandelt. \nDanach wurden fahrpraktische \u00dcbungen durchgef\u00fchrt, die jeder Teilnehmer \nmit seinem eigenen Fahrzeug absolvierte. Im Hinblick auf diese \u00dcbungen \nkonnte man sich bei Tests an einem Bremswegsimulator ausprobieren, die \nin Zusammenarbeit mit der Kreisverkehrswacht Bad-D\u00fcrkheim-S\u00fcd erfolgten.\n Die praktischen \u00dcbungen erfolgten zu den Themenbereichen 1) Toter \nWinkel, hinter, vor, seitlich eines PKW 2) Optimale Sitzposition, \nrichtiges Gurtanlegen i.V.m. Airbag, Ein- und Ausstiegshilfe 3) \nUnfallsimulation, Absicherung einer Unfallstelle, Warndreieck, \nVerbandskasten, Warnwesten (Mitf\u00fchrpflicht seit 01.07.2014), 4) \nR\u00fcckw\u00e4rtsfahren unter Zuhilfenahme der Au\u00dfenspiegel 5) Brems\u00fcbung mit \nErkl\u00e4rung und Wirkungsweise von ABS \/ Bremsassistent <\/p>\n\n\n\n<p>Alle \nTeilnehmerinnen und Teilnehmer waren mit gro\u00dfer Begeisterung bei der \nSache. Jeder war am Ende des Veranstaltungstages davon \u00fcberzeugt etwas \nf\u00fcr seine eigene Sicherheit getan zu haben. Fast ausnahmslos wurde \nbest\u00e4tigt, nun mit einem neuen Sicherheitsgef\u00fchl in sein Fahrzeug zu \nsteigen, mit dem Bewusstsein Gefahrensituationen besser meistern zu \nk\u00f6nnen. Die Veranstaltungsreihe wird in diesem Jahr mit weiteren \nTerminen fortgesetzt und wird u.a. in den \u00f6rtlichen Presseorganen \nangek\u00fcndigt. Maximal k\u00f6nnen 12 Personen teilnehmen. <\/p>\n\n\n\n<h4 class=\"wp-block-heading\">(Ha\u00dfloch) &#8211; Verfolgungsfahrt mit Roller<\/h4>\n\n\n\n<p>Am sp\u00e4ten Donnerstagabend des 18.07.2019 sollte gegen 23:30 Uhr im  S\u00e4gm\u00fchlweg in Ha\u00dfloch ein Rollerfahrer einer Verkehrskontrolle  unterzogen werden. Der Fahrer entzog sich zun\u00e4chst durch Flucht mit  seinem 125er Roller der Kontrolle. Die Verfolgung ging \u00fcber  Wirtschaftswege und die K 14 bis nach Lachen-Speyerdorf, wo er  schlie\u00dflich angehalten werden konnte. Im Rahmen der Kontrolle stellte  sich heraus, dass der 55j\u00e4hrige Neustadter nicht im Besitz einer  Fahrerlaubnis ist. Zudem war er laut Atemalkoholtest mit 1,27 Promille  alkoholisiert. Bei der Durchsuchung der Person und seiner Sachen konnten  12 Gramm Amphetamin und 1 Gramm Marihuana sichergestellt werden. Dem  Fahrer wurde eine Blutprobe entnommen. Gegen ihn wurden mehrere  Strafverfahren eingeleitet. W\u00e4hrend der Verfolgung kam es zu keiner  Gef\u00e4hrdung anderer Verkehrsteilnehmer. <\/p>\n\n\n\n<h4 class=\"wp-block-heading\">(Bad D\u00fcrkheim) &#8211; Pkw-Fahrerin prallte gegen Baum<\/h4>\n\n\n\n<p>Eine 34-j\u00e4hrige Mercedes-Fahrerin befuhr am 22.07.19, gegen 22:10 Uhr,  die B 37 von Bad D\u00fcrkheim kommend in Richtung Ortsteil Hausen. Kurz vor  dem Ortseingang Hausen verlor sie vermutlich aus Unachtsamkeit die  Kontrolle \u00fcber ihr Fahrzeug, kam nach rechts von der Fahrbahn ab, fuhr  gegen ein Verkehrszeichen und prallte gegen einen Baum. Hierbei zog sie  sich schwere Verletzungen zu. Sie wurde bis zum Eintreffen des Notarztes  durch einen zuf\u00e4llig vorbeigekommenen Arzt versorgt. Anschlie\u00dfend wurde  sie mit dem Krankenwagen in ein Krankenhaus eingeliefert. Der Pkw war  nicht mehr fahrbereit und musste abgeschleppt werden. Der entstandene  Gesamtschaden wird auf ca. 30.000,- Euro gesch\u00e4tzt. <\/p>\n\n\n\n<h4 class=\"wp-block-heading\">(Gr\u00fcnstadt) &#8211; Trunkenheit am Steuer<\/h4>\n\n\n\n<p>Aufgrund eines Hinweises wurde am Dienstagmittag ein 58-J\u00e4hriger mit seinem PKW in  Kindenheim kontrolliert. Aus dem Fzg-Innern kam den Beamten eine  regelrechte Alkoholfahne entgegen. Ein Test ergab einen Atemalkoholwert  von \u00fcber 1,5 Promille. Auch der 58-J\u00e4hrige musste mit zur Blutentnahme. <\/p>\n\n\n\n<h4 class=\"wp-block-heading\">(Gr\u00fcnstadt) &#8211; Zu schneller Roller-Fahrer unter Drogeneinwirkung<\/h4>\n\n\n\n<p>Einer Streife der PI Gr\u00fcnstadt fiel am Dienstagmorgen ein 35-j\u00e4hriger Rollerfahrer auf,  der auf der L 453 Richtung Tiefenthal mit knapp 50 km\/h unterwegs war.  Den notwendigen F\u00fchrerschein konnte der Mann aus Gr\u00fcnstadt nicht  vorzeigen. Bei der Kontrolle zeigte der Fahrer drogentypische  Auff\u00e4lligkeiten &#8211; Alkoholgeruch konnte auch festgestellt werden. Der  35-J\u00e4hrige gab zu, gestern gekifft zu haben. Ihm wurde eine Blutprobe  genommen. <\/p>\n\n\n\n<h4 class=\"wp-block-heading\">(Gr\u00fcnstadt) &#8211; Mobilfunkmast an der A6 aufgebrochen<\/h4>\n\n\n\n<p>Der Gesch\u00e4digte meldete am Vormittag des 22.07. den Einbruch an einem  Mobilfunkmast in der Gemarkung Laumersheim, N\u00e4he der Autobahn. Er  stellte fest, dass kurz nach Mitternacht ein T\u00fcralarm ausgel\u00f6st wurde (=  vermutliche Tatzeit). Unbekannte hatten die Drahtt\u00fcr einer Umz\u00e4unung  aufgehebelt und au\u00dfen angebrachte Schaltschr\u00e4nke aufgebrochen. Aus den  Schr\u00e4nken wurden technische Schalteinheiten und Akkus gestohlen.  Vorhandene Kabel wurden einfach abgeschnitten. Die Sendeeinrichtung ist  allerdings nicht betroffen. Der Schaden wird im 5-stelligen Bereich  vermutet. Die Polizei bittet um Hinweise aus der Bev\u00f6lkerung. Vielleicht  hat jemand in der Nacht zum 22.07.2019 im Bereich Laumersheim  verd\u00e4chtige Wahrnehmungen gemacht. Hinweise bitte an die Polizei  Gr\u00fcnstadt: 06359 93120. <\/p>\n\n\n\n<h4 class=\"wp-block-heading\">(Frankenthal) &#8211; Verkehrsunfallflucht aufgekl\u00e4rt<\/h4>\n\n\n\n<p>Durch einen aufmerksamen Zeugen, kann eine Verkehrsunfallflucht, welche  sich am 22.07.2019, um 15:55 Uhr, in der He\u00dfheimer Stra\u00dfe von  Frankenthal ereignet, wahrscheinlich aufgekl\u00e4rt werden. Der Zeuge  beobachtet den Fahrer eines Opel Corsa, wie dieser beim Ausparken einen  ebenfalls zum Parken abgestellten Opel Corsa besch\u00e4digt und sich  anschlie\u00dfend von der Unfallstelle entfernt. An dem geparkten Opel Corsa  entsteht ein Sachschaden von ca. 400,- EUR im Heckbereich. Ein  Ermittlungsverfahren wegen Verkehrsunfallflucht wird eingeleitet.  Aufgrund des Zeugenhinweises kann ein Fahrzeug ermittelt werden, bei  welchem es sich um den fl\u00fcchtigen Opel Corsa handelt d\u00fcrfte. Die  Ermittlungen dauern derzeit noch an. <\/p>\n\n\n\n<p>Die Polizei weist darauf \nhin, dass Unerlaubtes Entfernen vom Unfallort kein Kavaliersdelikt ist! \nDer fl\u00fcchtige Fahrer muss mit einer Geld- oder Freiheitsstrafe bis zu \ndrei Jahren und evtl. mit einem F\u00fchrerscheinentzug rechnen. Au\u00dferdem \nkann der Fl\u00fcchtige den Kaskoschutz seiner Kfz-Versicherung verlieren und\n von seiner Versicherung an der Begleichung des Fremdschadens beteiligt \nwerden. Die Polizei r\u00e4t deshalb jeden Unfall zu melden. <\/p>\n\n\n\n<p>Wer  sachdienliche Hinweise zu dem genannten Fall geben kann, wird gebeten  sich mit der Polizeiinspektion Frankenthal unter der Rufnummer  06233\/313-0 oder der Polizeiwache Maxdorf unter der Rufnummer  06237\/934-1100 in Verbindung zu setzen. Hinweise k\u00f6nnen auch per E-Mail  unter <a href=\"mailto:pifrankenthal@polizei.rlp.de\">pifrankenthal@polizei.rlp.de<\/a> an die Polizei \u00fcbermittelt werden. <\/p>\n\n\n\n<h4 class=\"wp-block-heading\">(Frankenthal) &#8211; 84-J\u00e4hrige aus Frankenthal vermisst<\/h4>\n\n\n\n<div class=\"wp-block-image\"><figure class=\"aligncenter\"><img decoding=\"async\" loading=\"lazy\" width=\"450\" height=\"380\" src=\"https:\/\/speyer24news.com\/wp-content\/uploads\/2019\/07\/Vermisste_Skrzypski.jpg\" alt=\"\" class=\"wp-image-16828\" srcset=\"https:\/\/speyer24news.com\/wp-content\/uploads\/2019\/07\/Vermisste_Skrzypski.jpg 450w, https:\/\/speyer24news.com\/wp-content\/uploads\/2019\/07\/Vermisste_Skrzypski-300x253.jpg 300w\" sizes=\"(max-width: 450px) 100vw, 450px\" \/><\/figure><\/div>\n\n\n\n<p>Seit Montag, den 22.07.2019, gegen 12:00 Uhr, wird die 84-j\u00e4hrige  Waltraud Skrzypski aus Frankenthal vermisst. Frau Skrzypski ist dement,  sehr schwerh\u00f6rig und sie ist an ihren Rollator angewiesen. <\/p>\n\n\n\n<ul><li>Sie hat graue kurze Haare<\/li><li>eine Brille und <\/li><li>ist st\u00e4mmig<\/li><li>Sie trug eine schwarze Hose  und <\/li><li>ein wei\u00dfes T-Shirt. <\/li><li>Zudem hat sie einen weinroten Rollator mit  schwarzer Sitzfl\u00e4che. <\/li><\/ul>\n\n\n\n<p>Sachdienliche Hinweise nimmt die Kriminalpolizei Ludwigshafen unter der Telefonnummer 0621\/963-2773 oder per Email <a href=\"mailto:kiludwigshafen@polizei.rlp.de\">kiludwigshafen@polizei.rlp.de<\/a> entgegen. <\/p>\n\n\n\n<h4 class=\"wp-block-heading\">(Ludwigshafen) &#8211; Bargeld aus Lieferfahrzeug einer Tabakfirma gestohlen<\/h4>\n\n\n\n<p>Am 23.07.2019, gegen 12:15 Uhr, lie\u00df ein Mitarbeiter einer Tabakfirma  sein Fahrzeug auf dem Berliner Platz unverschlossen f\u00fcr einen kurzen  Augenblick aus den Augen. Diesen Moment nutzten zwei unbekannte T\u00e4ter  und stahlen Bargeld in H\u00f6he von mehreren tausend Euro aus dem Fahrzeug.  Ein Zeuge konnte die beiden auf der Flucht beobachten als diese noch  einige Scheine verloren. Die beiden unbekannten T\u00e4ter waren etwa 1,85m  gro\u00df, hatten helle kurze Haare und eine kr\u00e4ftige Statur. Die  Polizeiinspektion Ludwigshafen 1 bittet um sachdienliche Hinweise unter  der Telefonnummer 0621 963-2122 oder per e-Mail <a href=\"mailto:piludwigshafen1@polizei.rlp.de\">piludwigshafen1@polizei.rlp.de<\/a> . <\/p>\n\n\n\n<h4 class=\"wp-block-heading\">(Ludwigshafen) &#8211; Spielautomaten zerschlagen<\/h4>\n\n\n\n<p>In der Nacht vom 22.07.2019 auf den 23.07.2019 kamen ein 57-J\u00e4hriger  und ein 24-J\u00e4hriger in eine Kneipe in der Bahnhofstra\u00dfe. Als die  Mitarbeiterin der Kneipe ihnen mitteilte, dass der 24-J\u00e4hrige Hausverbot  habe und er deshalb die Kneipe verlassen m\u00fcsse, zog der 24-J\u00e4hrige  einen Hammer hervor und schlug auf die Spielautomaten ein. Dann gab er  den Hammer dem 57-J\u00e4hrigen, der ebenfalls auf die Spielautomaten  einschlug. Anschlie\u00dfend verlie\u00dfen beide die Lokalit\u00e4t. Als die  alarmierten Polizeibeamten eintrafen, um den Sachverhalt aufzunehmen,  erschien der 57-J\u00e4hrige wieder in der Kneipe. Ihm wurde ein Platzverweis  erteilt. Der Schaden an den insgesamt vier besch\u00e4digten Spielautomaten  bel\u00e4uft sich auf etwa 15.000 Euro. <\/p>\n\n\n\n<h4 class=\"wp-block-heading\">(Ludwigshafen) &#8211; Streit w\u00e4hrend eines Einparkvorgangs eskaliert<\/h4>\n\n\n\n<p>Am 22.07.2019, gegen 23:30 Uhr, versuchte eine Frau in der Schanzstra\u00dfe  einzuparken. Ihr 39-j\u00e4hriger Mann und ihr 17-j\u00e4hriger Sohn halfen ihr  dabei durch Einweisen. W\u00e4hrend des Parkvorgangs musste ein Auto mit f\u00fcnf  Personen warten. Als es zu P\u00f6beleien durch die 18 &#8211; 23-J\u00e4hrigen  Insassen gegen den 39-J\u00e4hrigen und seinen 17-j\u00e4hrigen Sohn kam, ging der  39-J\u00e4hrige zu dem 21-j\u00e4hrigen Beifahrer des Autos und schlug ihm ins  Gesicht. Daraufhin stiegen ein 18-J\u00e4hriger, ein 22-J\u00e4hriger, ein  23-J\u00e4hriger sowie der 21-J\u00e4hrige Beifahrer aus dem Auto aus und schlugen  und traten sowohl den 39-J\u00e4hrigen als auch seinen 17-j\u00e4hrigen Sohn.  Sowohl Vater als auch Sohn erlitten Verletzungen am ganzen K\u00f6rper und  mussten ins Krankenhaus gebracht werden. Die 18 &#8211; 23-J\u00e4hrigen fl\u00fcchteten  zun\u00e4chst mit dem Auto, stellten sich aber kurze Zeit sp\u00e4ter der  Polizei. Ein Atemalkoholtest ergab bei dem 18-J\u00e4hrigen 1,26 Promille,  bei dem 22-J\u00e4hrigen 1,44 Promille und bei dem 23-J\u00e4hrigen 1,03 Promille.  <\/p>\n\n\n\n<h4 class=\"wp-block-heading\">(Ludwigshafen) &#8211; Brand einer Garage<\/h4>\n\n\n\n<p>Aus bislang ungekl\u00e4rter Ursache kam es am Montag, 22.07.2019 gegen 22  Uhr, im Pater-Kolb-Weg zu einem Garagenbrand, der auf das Dach eines  angebauten Einfamilienhauses \u00fcbergriff. Der Brand konnte durch die  Feuerwehr gel\u00f6scht werden. Es wurde niemand verletzt. Ersten Sch\u00e4tzungen  zufolge entstand ein Sachschaden von etwa 150.000 Euro. <\/p>\n\n\n\n<p>Die kriminalpolizeilichen Ermittlungen dauern an. <\/p>\n\n\n\n<h4 class=\"wp-block-heading\">(Ludwigshafen) &#8211; Randalierender 33-J\u00e4hriger<\/h4>\n\n\n\n<p>Am 22.07.2019, gegen 20:50 Uhr, randalierte ein 33-J\u00e4hriger auf der  Schanzstra\u00dfe. In stark alkoholisiertem Zustand drohte er, sich vor die  fahrenden Autos auf der Stra\u00dfe zu werfen. Die eintreffenden  Polizeibeamten versuchten ihn festzuhalten bis der angeforderte  Rettungswagen kam. In dieser Wartezeit fing der 33-J\u00e4hrige erneut an zu  schreien, versuchte, sich zu befreien und trat gegen ein geparktes Auto.   Zudem beleidigte er die Polizeibeamten und trat mehrmals in ihre  Richtung, verletzte sie jedoch nicht. Als der Krankenwagen kam, wurde er  ins Krankenhaus gebracht. Ein Atemalkoholtest ergab 2,4 Promille. <\/p>\n\n\n\n<h4 class=\"wp-block-heading\">(Ludwigshafen) &#8211; Parfum gestohlen<\/h4>\n\n\n\n<p>Am 22.07.2019, gegen 19:45 Uhr, beobachtete ein Ladendetektiv in einem  Drogeriemarkt am Rathausplatz, wie ein Mann mehrere Parfum Flacons  einsteckte und den Drogeriemarkt verlie\u00df, ohne zu bezahlen. Als der  Ladendetektiv ihn ansprach und festhielt, versuchte sich der 23-J\u00e4hrige  mit H\u00e4nden und F\u00fc\u00dfen zu befreien und zu fl\u00fcchten, was ihm jedoch nicht  gelang. In seiner Tasche waren sechs Parfum Flacons im Wert von \u00fcber 500  Euro. <\/p>\n\n\n\n<h4 class=\"wp-block-heading\">(Ludwigshafen) &#8211; T-Shirts gestohlen<\/h4>\n\n\n\n<p>Am 22.07.2019, gegen 17:45 Uhr, beobachtete ein Ladendetektiv in einem  Bekleidungsgesch\u00e4ft in der Rheingalerie zwei M\u00e4nner, die mehrere  T-Shirts einsteckten und ohne zu bezahlen das Gesch\u00e4ft verlie\u00dfen. Die  informierten Polizeibeamten nahmen die beiden M\u00e4nner vor der  Rheingalerie fest und mit zur Dienststelle. Alle T-Shirts waren von der  Firma Lacoste im Wert von \u00fcber 500 Euro. Nach Durchf\u00fchrung der  polizeilichen Ma\u00dfnahmen wurden der 22-J\u00e4hrige und der 24-J\u00e4hrige wieder  auf freien Fu\u00df gelassen. <\/p>\n\n\n\n<h4 class=\"wp-block-heading\">(Ludwigshafen) &#8211; Versuchter Einbruch in Wohnung<\/h4>\n\n\n\n<p>Am 22.07.2019, zwischen 06:30 Uhr und 16:30 Uhr, versuchten unbekannte  T\u00e4ter in eine Wohnung in der Sternstra\u00dfe einzubrechen. Es gelang ihnen  jedoch nicht, die T\u00fcr aufzuhebeln. Sachdienliche Hinweise nimmt die  Kriminalpolizei Ludwigshafen unter der Telefonnummer 0621\/963-2773 oder  per Email <a href=\"mailto:kiludwigshafen@polizei.rlp.de\">kiludwigshafen@polizei.rlp.de<\/a> entgegen. <\/p>\n\n\n\n<h4 class=\"wp-block-heading\">(Ludwigshafen) &#8211; Gegen Stra\u00dfenbahn gefahren<\/h4>\n\n\n\n<p>Am 22.07.2019, gegen 14:00 Uhr, fuhr ein 40-J\u00e4hriger mit seinem Auto  neben einer Stra\u00dfenbahn auf der Saarlandstra\u00dfe in Richtung Innenstadt.  An der Kreuzung Saarlandstra\u00dfe \/ Rottstra\u00dfe kam er aus bislang  unbekannten Gr\u00fcnden von der Fahrbahn nach links ab und stie\u00df gegen den  vorderen Teil der Stra\u00dfenbahn. Verletzt wurde niemand. Am Auto des  40-J\u00e4hrigen entstand ein Schaden von etwa 2.500 Euro. Der Schaden an der  Stra\u00dfenbahn bel\u00e4uft sich auf etwa 1.500 Euro. <\/p>\n\n\n\n<h4 class=\"wp-block-heading\">(Ludwigshafen) &#8211; Mehrere Autos besch\u00e4digt<\/h4>\n\n\n\n<p>Am 20.07.2019, zwischen 08:00 Uhr und 10:00 Uhr, zerkratzten unbekannte  T\u00e4ter die komplette linke Fahrzeugseite eines Autos, das in der  Wei\u00dfenburger Stra\u00dfe geparkt war. Der Schaden bel\u00e4uft sich auf etwa 800  Euro. Am 22.07.2019, zwischen 02:00 Uhr und 11:00 Uhr, zerkratzten  unbekannte T\u00e4ter die komplette rechte Fahrzeugseite eines Audi, der in  der B\u00fcrgermeister-Kutterer-Stra\u00dfe geparkt war. Der Schaden bel\u00e4uft sich  auf etwa 7.000 Euro. In der Zeit zwischen dem 19.07.2019, gegen 12:30  Uhr und dem 22.07.2019, gegen 12:30 Uhr, zerkratzten unbekannte T\u00e4ter  die Vorder- und Hintert\u00fcren auf beiden Fahrzeugseiten und zerstachen  alle vier Reifen eines Ford, der am Danziger Platz geparkt war. Die  Polizeiinspektion Ludwigshafen 1 bittet um sachdienliche Hinweise unter  der Telefonnummer 0621 963-2122 oder per e-Mail <a href=\"mailto:piludwigshafen1@polizei.rlp.de\">piludwigshafen1@polizei.rlp.de<\/a>. <\/p>\n\n\n\n<h4 class=\"wp-block-heading\">(Mannheim) &#8211; Zwei Leichtverletzte nach Verkehrsunfall auf der B38a<\/h4>\n\n\n\n<p>Am Dienstag gegen 17.20 Uhr,  verlor ein 28-j\u00e4hriger BMW Alpina Fahrer  aus Ludwigshafen die Kontrolle \u00fcber sein Fahrzeug, als er von der  Mallaustra\u00dfe kommend auf die B38a, in Fahrtrichtung Feudenheim, auffuhr.  Er prallte er erst gegen die Mittelleitplanke und kollidierte im  Anschluss mit einem 20-j\u00e4hrigen AUDI Fahrer. Ein Notarzt wurde mit einem  Rettungshubschrauber eingeflogen, konnte aber Entwarnung geben. Beide  Fahrer waren lediglich leicht verletzt und kamen mit einem Rettungswagen  in ein nahe gelegenes Krankenhaus. Damit der Rettungshubschrauber  landen konnte, wurde die B38a kurzzeitig in beide Fahrtrichtungen  gesperrt. An den beiden Fahrzeugen und der Leitplanke entstand ein  gesch\u00e4tzter Sachschaden von ca. 30.000 Euro. <\/p>\n\n\n\n<h4 class=\"wp-block-heading\">(Mannheim) &#8211; Zwei Autofahrer unter Drogeneinfluss&#8230; Fahrzeugschl\u00fcssel jeweils beschlagnahmt, Anzeigen bei der Justiz folgen<\/h4>\n\n\n\n<p>Innerhalb einer Stunde stoppten Beamte des Polizeireviers  Mannheim-K\u00e4fertal in der Nacht zum Dienstag gleich zwei unter  Drogenwirkung stehende Autofahrer. <\/p>\n\n\n\n<p>Kurz vor 2 Uhr wurden die \nKollegen auf einen mit \u00fcberh\u00f6hter Geschwindigkeit fahrenden VW Golf in \nder Rollb\u00fchlstra\u00dfe aufmerksam und kontrollierten den 25-j\u00e4hrigen Fahrer \naus Mannheim. Den Verdacht der Drogenbeeinflussung wurde sogleich durch \neinen Test best\u00e4tigt. Der junge Mann \u00e4u\u00dferte, vor kurzem &#8222;gekifft&#8220; zu \nhaben. <\/p>\n\n\n\n<p>Auf der Dienststelle waren Blutentnahme, Beschlagnahme der\n Autoschl\u00fcssel sowie die Anzeige f\u00e4llig. Beim Verlassen der Dienststelle\n lie\u00df er zudem folgenden Satz los: &#8222;Seit zehn Jahren fahre ich schon so;\n jetzt wurde ich halt erwischt&#8220;. <\/p>\n\n\n\n<p>Eine Stunde sp\u00e4ter stoppte eine \nStreife dann einen AMG-Mercedes, der von einem 25-J\u00e4hrigen aus Viernheim\n gesteuert wurde. Drogentypische Anzeichen stellten die Beamten fest, \nzudem wirkte der Mann sehr nerv\u00f6s und genervt von der Ma\u00dfnahme. Er wurde\n im weiteren Verlauf zunehmend aggressiver, als Recherchen ergaben, dass\n der 25-J\u00e4hrige bereits zum wiederholten Male im laufenden Jahr unter \nDrogeneinfluss fuhr sowie wegen Drogenkonsums\/-handels aktenkundig ist. <\/p>\n\n\n\n<p>Ihm  wurde ebenfalls eine Blutprobe entnommen und die Autoschl\u00fcssel  entzogen. Eine Meldung an die F\u00fchrerscheinstelle zwecks Eignung sowie  eine Anzeige an die Staatsanwaltschaft werden vorgelegt. <\/p>\n\n\n\n<p><\/p>\n\n\n\n<h4 class=\"wp-block-heading\">(Mannheim) &#8211; 29-J\u00e4hriger und 31-J\u00e4hriger wegen des dringenden Verdachts  des Diebstahls im besonders schweren Fall auf Antrag der  Staatsanwaltschaft Mannheim in Untersuchungshaft<\/h4>\n\n\n\n<figure class=\"wp-block-image\"><img decoding=\"async\" src=\"https:\/\/speyer24news.com\/wp-content\/uploads\/2019\/07\/Festnahme-2.jpg\" alt=\"\" class=\"wp-image-16643\"\/><\/figure>\n\n\n\n<p><strong>Gemeinsame Pressemitteilung der Staatsanwaltschaft und des Polizeipr\u00e4sidiums Mannheim (vgl. Pressemeldung des Polizeipr\u00e4sidiums Mannheim vom 19.07.2019, 11.51 Uhr) <\/strong><\/p>\n\n\n\n<p>Auf\n Antrag der Staatsanwaltschaft Mannheim erlie\u00df das Amtsgericht Mannheim \nHaftbefehle gegen zwei Italiener im Alter von 29 und 31 Jahren. <\/p>\n\n\n\n<p>Beide\n sollen sich in der Nacht vom 13. auf 14. Juli Zutritt zu einem Anwesen \nin  der M\u00f6hlstra\u00dfe verschafft haben. Dort sollen sie ein hochwertiges \nDamenfahrrad aus einem mit einem Schloss gesicherten Kellerabteil \ngestohlen haben um dieses zu einem sp\u00e4teren Zeitpunkt weiterver\u00e4u\u00dfern zu\n k\u00f6nnen. <\/p>\n\n\n\n<p>Au\u00dferdem sollen die beiden dringend Tatverd\u00e4chtigen in \nder Schulstra\u00dfe durch \u00dcberwinden eines Hoftorschlosses in eine \nHofeinfahrt gelangt sein und dort ein ebenso hochwertiges Trekkingrad \ngestohlen haben. <\/p>\n\n\n\n<p>Zu Guter Letzt wird den beiden M\u00e4nnern \nvorgeworfen in der Nacht von Sonntag auf Montag sich Zutritt zu den \nKellerr\u00e4umlichkeiten eines Geb\u00e4udekomplexes in der Germaniastra\u00dfe und \neines Komplexes in der Steubenstra\u00dfe verschafft zu haben um dort auf \nDiebestour zu gehen. <\/p>\n\n\n\n<p>Hieran wurden die beiden dringend \nTatverd\u00e4chtigen jedoch von der Polizei gehindert. Die beiden M\u00e4nner \nwurden am Montag gegen 02.15 Uhr auf frischer Tat vorl\u00e4ufig \nfestgenommen. <\/p>\n\n\n\n<p>Die Beschuldigten wurden auf Antrag der \nStaatsanwaltschaft Mannheim am Dienstagmorgen dem Ermittlungsrichter des\n Amtsgerichts Mannheim vorgef\u00fchrt. Dieser erlie\u00df gegen beide Haftbefehle\n wegen besonders schweren Fall des Diebstahls. Die Beschuldigten wurden \ndanach in Justizvollzugsanstalten eingeliefert. <\/p>\n\n\n\n<p>Die Ermittlungen der Staatsanwaltschaft Mannheim und des Polizeireviers Mannheim-Neckarau dauern an. <\/p>\n\n\n\n<h4 class=\"wp-block-heading\">(Mannheim-Innenstadt) &#8211; Gastst\u00e4tte in der Mannheimer Innenstadt ausgebrannt \/ Hoher Sachschaden<\/h4>\n\n\n\n<p>Am Mittwochmorgen, gegen 01.20 Uhr, ging bei der Berufsfeuerwehr  Mannheim die Meldung ein, dass in der Mannheimer Innenstadt, im Quadrat P  7, ein Lokal brennen w\u00fcrde. Beim Eintreffen von Polizei und Feuerwehr  wurde festgestellt, dass ein in der K\u00fcrf\u00fcrstenpassage befindliches Lokal  in Vollbrand stand. Der Brand konnte durch die Berufsfeuerwehr  Mannheim, die mit einem L\u00f6schzug vor Ort war, rasch unter Kontrolle  gebracht und gel\u00f6scht werden, so dass ein \u00dcbergreifen auf andere  Ladengesch\u00e4fte verhindert wurde. Aus dem Objekt, welches von Gewerbe-  und Ladengesch\u00e4ften gepr\u00e4gt ist, konnten sich 2 dortige  Bewohner  selbst\u00e4ndig ins Freie begeben. Verletzt wurde niemand. Zur Sicherheit  und zur L\u00fcftung mussten 5 weitere Ladengesch\u00e4fte gewaltsam ge\u00f6ffnet  werden. Der Schaden wird auf mehr als 100 000,- Euro gesch\u00e4tzt. Die  Brandursache ist derzeit noch unklar. F\u00fcr die Dauer der L\u00f6scharbeiten  musste die Fre\u00dfgasse komplett gesperrt werden. Hier ergaben sich nur  geringf\u00fcgige Verkehrsbeeintr\u00e4chtigungen. Die Kriminalpolizei hat die  Ermittlungen \u00fcbernommen. <\/p>\n\n\n\n<h4 class=\"wp-block-heading\">(Mannheim-Innenstadt) &#8211; Gruppe bel\u00e4stigt Frau und schl\u00e4gt auf Helfer ein, Zeugen gesucht!<\/h4>\n\n\n\n<figure class=\"wp-block-image\"><img decoding=\"async\" src=\"https:\/\/speyer24news.com\/wp-content\/uploads\/2019\/07\/Zeugen-gesucht-Neutral-2.jpg\" alt=\"\" class=\"wp-image-16469\"\/><\/figure>\n\n\n\n<p>Am Dienstag gegen 01 Uhr wartete eine 28-j\u00e4hrige Frau an der  Haltestelle Paradeplatz auf eine Stra\u00dfenbahn in Richtung Hauptbahnhof.  An der Haltestelle befand sich eine Gruppe von vier bis f\u00fcnf  Jugendlichen. Einer aus der Gruppe sprach die Frau an und machte ihr  sexuelle Avancen. Die Frau wies den Jugendlichen mehrfach ab. <\/p>\n\n\n\n<p>Als\n ca. 15 Minuten sp\u00e4ter die Stra\u00dfenbahn kam, setzte sich die 28-J\u00e4hrige \nabsichtlich weit weg von der Gruppe. Der Jugendliche kam erneut zu ihr \nund wiederholte seine Ann\u00e4hrungsversuche. Die Frau wies ihn erneut ab \nund betonte, dass sie in Ruhe gelassen werden wollte. <\/p>\n\n\n\n<p>Ein neben \nder Frau sitzender 48-j\u00e4hriger Fahrgast unterst\u00fctzte die 28-J\u00e4hrige und \nforderte den aufdringlichen Jugendlichen auf zu verschwinden.  Der \nJugendliche stand sodann auf und ber\u00fchrte hierbei das Knie der Frau, \nworauf diese laut schrie. <\/p>\n\n\n\n<p>Nun kam es zum Streit zwischen dem \n48-J\u00e4hrigen dem Jugendlichen und einem weiteren Jugendlichen aus der \nGruppe, der hinzukam. In dessen Verlauf schlugen die zwei Jugendlichen \nauf den 48-j\u00e4hrigen Mann ein. Dieser erlitt eine Platzwunde an der \nSchl\u00e4fe. <\/p>\n\n\n\n<p>An der Haltestelle Hauptbahnhof stieg die Gruppe \nzun\u00e4chst aus, beleidigte die Frau und versuchte diese noch zu treten, \nwas misslang, weil der zweite jugendliche Treter diese verfehlte und \nst\u00fcrzte. <\/p>\n\n\n\n<p>Die Frau fuhr weiter bis zur Haltestelle Konrad-Adenauer-Br\u00fccke und verst\u00e4ndigte dort die Polizei. <\/p>\n\n\n\n<p>Eine Fahndung nach den T\u00e4tern wurde eingeleitet f\u00fchrte jedoch nicht zur Ergreifung von Tatverd\u00e4chtigen. <\/p>\n\n\n\n<p>Der Ermittlungsdienst des Polizeireviers Mannheim-Innenstadt \u00fcbernahm die Sachbearbeitung. <\/p>\n\n\n\n<p>Die Personen aus der Gruppe wurden wie folgt beschrieben: <\/p>\n\n\n\n<p><strong>Hauptt\u00e4ter:  <\/strong><\/p>\n\n\n\n<ul><li>17-20 Jahre<\/li><li>orientalisches Aussehen<\/li><li>schwarze kurze, an der Seite abrasierte Haare<\/li><li>schmale Statur<\/li><li>markante blaue, lange Cargohose<\/li><li> olivfarbenes T-Shirt mit &#8222;Alpha Industries&#8220; Aufdruck<\/li><li>dunkle Schuhe <\/li><\/ul>\n\n\n\n<p><strong>Zweiter  T\u00e4ter:  <\/strong><\/p>\n\n\n\n<ul><li>17-20 Jahre<\/li><li>orientalisches Aussehen<\/li><li>schmale Statur<\/li><li>2-3 cm  lange dunkle Haare<\/li><li>grauer langer Pulli<\/li><li>schwarze lange Trainingshose von Adidas mit typischen wei\u00dfen Streifen an der Seite <\/li><\/ul>\n\n\n\n<p><strong>Weiteres  Gruppenmitglied: <\/strong><\/p>\n\n\n\n<ul><li>17-20 Jahre<\/li><li>orientalisches Aussehen<\/li><li>gr\u00f6\u00dfer als die  beiden anderen T\u00e4ter<\/li><li>schwarze kurze an der Seite abrasierte Haare<\/li><li> schwarzes T-Shirt<\/li><li>kurze graue Adidas Hose mit typisch wei\u00dfen Streifen  an der Seite<\/li><li>wei\u00dfe Turnschuhe <\/li><\/ul>\n\n\n\n<p>Zeugen des Vorfalls und Personen, die Hinweise auf die T\u00e4ter geben k\u00f6nnen, werden gebeten, sich unter 0621 12580 zu melden. <\/p>\n\n\n\n<h4 class=\"wp-block-heading\">(Mannheim-Neckarstadt) &#8211; Vier Fahrzeuge bei Brand besch\u00e4digt, hoher Sachschaden, Zeugen gesucht!<\/h4>\n\n\n\n<p> Am Dienstag gegen 17.15 Uhr wurden Polizei und Feuerwehr verst\u00e4ndigt,  da offensichtlich ein Lkw in der Fardelystra\u00dfe in Brand stehen w\u00fcrde. <\/p>\n\n\n\n<p>Beim Eintreffen der ersten Funkwagenbesatzung waren die L\u00f6scharbeiten der Feuerwehr bereits in vollem Gange. <\/p>\n\n\n\n<p>Nach\n derzeitigem Kenntnisstand geriet ein geparkter 7,5 Tonner aus bislang \nunbekannter Ursache in Vollbrand und brannte vollst\u00e4ndig aus. Weitere \ndrei Fahrzeuge, darunter ein 3,5 Tonner, ein 7,49 Tonner und ein \nSprinter sowie eine Stra\u00dfenlaterne wurden durch den Brand ebenfalls \nbesch\u00e4digt. <\/p>\n\n\n\n<p>Es entstand ein Sachschaden von mindestens 100.000 Euro. Bislang wurden keine Personensch\u00e4den bekannt. <\/p>\n\n\n\n<p>W\u00e4hrend\n des Brandes zog der Rauch in die DB-Haltestation-Neckarstadt, der \noberhalb der Fardelystra\u00dfe auf einer Br\u00fccke entlang f\u00fchrenden DB-Trasse.\n Die Station wurde stark verrust. <\/p>\n\n\n\n<p>Die L\u00f6scharbeiten wurden zwischenzeitlich eingestellt. <\/p>\n\n\n\n<p>Ermittlungen\n zur Brandursache wurden aufgenommen und dauern an. Au\u00dferdem werden \nUntersuchungen gef\u00fchrt, ob ein Schaden an dem nahegelegenen \nBr\u00fcckenpfeiler entstand. <\/p>\n\n\n\n<p>Die Polizei Mannheim-Neckarstadt sucht  nun Zeugen des Brandes, die eventuell auch Hinweise auf die Brandursache  geben k\u00f6nnen. Diese m\u00f6gen sich unter 0621 33010 melden. <\/p>\n\n\n\n<h4 class=\"wp-block-heading\">(Mannheim-Jungbusch) &#8211; Bedrohungslage in Moschee<\/h4>\n\n\n\n<p>Am Montagvormittag ging gegen 10.30 Uhr beim Vorsitzenden der Yavuz  Sultan Selim Moschee am Luisenring in Mannheim eine E-Mail ein, in der  Unbekannte mit einer Bombe drohten. In der Mail wurde die Z\u00fcndung eines  Sprengk\u00f6rpers in den Nachmittagsstunden angek\u00fcndigt. Die  Verantwortlichen alarmierten unverz\u00fcglich die Polizei, die die Moschee  r\u00e4umen lie\u00df und die Umgebung absperrte. Bei der anschlie\u00dfenden  Durchsuchung, in die auch ein Sprengstoffsuchhund einbezogen war,  konnten keine verd\u00e4chtigen Gegenst\u00e4nde aufgefunden werden. Nach  Abschluss der Ma\u00dfnahmen, in die auch Beamte des Landeskriminalamtes  Baden-W\u00fcrttemberg involviert waren, blieb die Moschee bis zum Abend  geschlossen. Ein sch\u00e4digendes Ereignis trat nicht ein. <\/p>\n\n\n\n<p>Die weiteren Ermittlungen der Staatsanwaltschaft Karlsruhe und der Kriminalpolizeidirektion Heidelberg dauern an. <\/p>\n\n\n\n<h4 class=\"wp-block-heading\">(Schwetzingen \/ Rhein-Neckar-Kreis) &#8211; Unfallflucht in der Hockenheimer Landstra\u00dfe  Zeugen gesucht<\/h4>\n\n\n\n<p>Einen auf dem Parkplatz eines Lebensmittelmarktes in der Hockenheimer  Landstra\u00dfe geparkten Mini Cooper besch\u00e4digte am Montagabend ein bislang  unbekannter Autofahrer und entfernte sich danach unerlaubt. Die  Gesch\u00e4digte stellte ihr Auto gegen 18.45 Uhr ab und musste bei R\u00fcckkehr,  etwa gegen 19.20 Uhr, die Besch\u00e4digungen feststellen. Sie hat nun einen  Schaden von 1.000 Euro zu regeln. Die Beamten des Polizeireviers  Schwetzingen ermitteln wegen Unfallflucht und nehmen unter Tel.:  06202\/2880 sachdienliche Hinweise entgegen. <\/p>\n\n\n\n<h4 class=\"wp-block-heading\">(Schwetzingen \/ Ketsch \/ Rhein-Neckar-Kreis) &#8211; Fl\u00e4chenbrand f\u00fchrt zu Sichtbehinderung auf der BAB 6<\/h4>\n\n\n\n<p>Aufgrund Selbstentz\u00fcndung geriet am Dienstag gegen 20 Uhr ein  Misthaufen n\u00f6rdlich der Anschlussstelle Schwetzingen \/ Hockenheim, in  Brand. Betroffen war eine Fl\u00e4che von ca. 20 auf 4m. Die freiwilligen  Feuerwehren Ketsch und Schwetzingen waren jeweils mit einem L\u00f6schzug im  Einsatz und konnten das Feuer schnell unter Kontrolle bringen. Dabei  halfen ihnen auch drei Traktoren, die dort Glutnester freilegten.  W\u00e4hrend der L\u00f6scharbeiten zogen Rauschschwaden \u00fcber die BAB 6 in  Richtung Ketsch, wodurch es auf der BAB 6 zu Sichtbehinderungen kam.  Anwohner in Ketsch wurden mittels einer Warnmeldung aufgefordert Fenster  und T\u00fcren geschlossen zu halten. Eine Gef\u00e4hrdung f\u00fcr die Bev\u00f6lkerung  bestand nicht. Gegen 23 Uhr war der Brand gel\u00f6scht. <\/p>\n\n\n\n<h4 class=\"wp-block-heading\">(Hockenheim \/ Rhein-Neckar-Kreis) &#8211; Handtasche aus Peugeot gestohlen \/ Hoher Diebstahlsschaden<\/h4>\n\n\n\n<p>Die Gesch\u00e4digte brachte lediglich ihren Einkaufswagen von ihrem  Fahrzeug zur\u00fcck, als dies ein bislang unbekannter T\u00e4ter nutzte und die  aus dem unverschlossenen Peugeot auf dem Beifahrersitz abgelegte  Handtasche entwendete. <\/p>\n\n\n\n<p>Der Diebstahl ereignete sich am Montag \ngegen 13.30 Uhr auf dem GLOBUS-Parkplatz in der Speyerer Stra\u00dfe. In der \nHandtasche befanden sich das Portmonee der Gesch\u00e4digten mit mehreren \ntausend Euro Bargeld, diversen Ausweispapieren, EC-Karten und sonstigen \nUtensilien. <\/p>\n\n\n\n<p>Der Unbekannte muss die Frau genau beobachtet haben,  denn der Diebstahl spielte sich innerhalb weniger Sekunden ab. Zeugen  bzw. Kunden des Marktes, die evtl. auf den Vorfall aufmerksam wurden,  werden gebeten, sich beim Polizeirevier Hockenheim, Tel.: 06205\/2860-0,  zu melden. <\/p>\n\n\n\n<h4 class=\"wp-block-heading\">(Sandhausen \/ Rhein-Neckar-Kreis) &#8211; Verursacher entfernt sich&#8230; Polizei sucht daher Zeugen<\/h4>\n\n\n\n<p>Zeugen sucht die Wieslocher Polizei zu einem Vorfall, der sich am  Montagfr\u00fch auf der L 598\/K 4156 ereignet und sich der Verursacher  unerlaubt entfernt hat. Ein Autofahrer war gegen 7.30 Uhr auf der L 598  von Walldorf kommend in Richtung Heidelberg gefahren, wollte nach rechts  abbiegen, musste aber wegen eines Ampelr\u00fcckstaus anhalten. W\u00e4hrend des  Wartens dr\u00e4ngte sich ein bislang unbekannter Autofahrer rechts vorbei,  so dass es in der Folge zur Ber\u00fchrung der Autos kam. Der Fahrer k\u00fcmmerte  sich allerdings nicht und setzte seine Fahrt unbeeindruckt fort. <\/p>\n\n\n\n<p>Nach bisherigen Erkenntnissen m\u00fcsste es sich um einen silbernen VW oder Audi mit dem Kennzeichen HD-R&#8230; gehandelt haben. <\/p>\n\n\n\n<p>Die\n Beamten des Polizeireviers Wiesloch haben zwischenzeitlich die \nErmittlungen aufgenommen und erhoffen sich von den ebenfalls haltenden \nAutofahrern Hinweise auf den Fl\u00fcchtigen. Diese Hinweise werden unter \nTel.: 06222\/57090  entgegen genommen. <\/p>\n\n\n\n<h4 class=\"wp-block-heading\">(Walldorf \/ Rhein-Neckar-Kreis) &#8211; Geparktes Auto gestreift und anschlie\u00dfend gefl\u00fcchtet \/ Zeugen gesucht<\/h4>\n\n\n\n<p>Ein bislang unbekannter Autofahrer streifte am Montag (22.07.) zwischen  13.30 und 15.50 Uhr einen in der Beethovenstra\u00dfe abgestellten gelben  Mazda an der Sto\u00dfstange und am Radlauf. Ohne sich um den Schaden in H\u00f6he  von mehreren Hundert Euro zu k\u00fcmmern, entfernte sich der Verursacher  von der Unfallstelle. Zeugen, die sachdienliche Hinweise auf den  Unfallverursacher geben k\u00f6nnen, werden gebeten sich unter Telefon  06222\/57090 bei der Polizei in Wiesloch zu melden. <\/p>\n\n\n\n<h4 class=\"wp-block-heading\">(Walldorf \/ Rhein-Neckar-Kreis) &#8211; 80-j\u00e4hriger Autofahrer verursacht Unfall \/ Beide Fahrzeuge nicht mehr fahrbereit, Schaden 6.000 Euro<\/h4>\n\n\n\n<p>Ein 80-j\u00e4hriger Seat Ibiza-Fahrer befuhr am Montagmorgen kurz vor 10  Uhr die Wieslocher Stra\u00dfe von der L 723 kommend und achtete beim  Linksabbiegen in Richtung Walldorf nicht auf den entgegenkommenden  Lkw-Fahrer. Es kam in der Folge zum Zusammensto\u00df, wobei sich beide  Fahrer verletzten und nach der Erstversorgung an der Unfallstelle in  einem Krankenhaus weiterbehandelt werden mussten. <\/p>\n\n\n\n<p>Ihre nicht mehr  fahrbereiten Fahrzeuge wurden in Eigenauftrag von der Unfallstelle  abtransportiert. Die Polizei beziffert den Unfallschaden auf 6.000 Euro.  <\/p>\n\n\n\n<h4 class=\"wp-block-heading\">(Wiesloch \/ Rhein-Neckar-Kreis) &#8211; Yamaha-Fahrer st\u00fcrzt und verletzt sich Wer hat den Unfall beobachtet ?<\/h4>\n\n\n\n<p>Ein 21-j\u00e4hriger Yamaha-Fahrer war am Montagabend gegen 20.30 Uhr im  Kreisverkehr der Walldorfer Stra\u00dfe\/Staatsbahnhofstra\u00dfe unterwegs, als er  aus bislang nicht bekannten Gr\u00fcnden st\u00fcrzte und sich auch nicht  unerheblich verletzte. <\/p>\n\n\n\n<p>Er fuhr jedoch nach Hause, schilderte den \nVorfall seinen Vater, der ihn anschlie\u00dfend in ein Krankenhaus \neinlieferte und auch die Polizei \u00fcber den Unfall in Kenntnis setzte. <\/p>\n\n\n\n<p>Nach\n Angaben des 21-J\u00e4hrigen soll eine Stra\u00dfenverschmutzung urs\u00e4chlich f\u00fcr \nseinen Sturz gewesen sein. Die Beamten des Polizeireviers Wiesloch \nfuhren noch am Abend die Unfall\u00f6rtlichkeit an, konnten allerdings keine \nVerschmutzung der Fahrbahn feststellen. <\/p>\n\n\n\n<p>Die \u00dcberpr\u00fcfungen der Polizei dauern noch an. <\/p>\n\n\n\n<p>Zeugen,\n die evtl. Hinweise &#8211; auch im Hinblick auf einen m\u00f6glichen &#8222;Verursacher&#8220;\n der Verschmutzung &#8211; geben k\u00f6nnen, werden gebeten, sich mit dem \nPolizeirevier Wiesloch, Tel.: 06222\/57090, oder dem Verkehrskommissariat\n Heidelberg, Tel.: 0621\/174-4140, in Verbindung zu setzen. <\/p>\n\n\n\n<h4 class=\"wp-block-heading\">(Wiesloch \/ Rhein-Neckar-Kreis) &#8211; Unbekannter packt Frau am Arm und k\u00fcsst sie mehrfach gegen ihren Willen, Zeugen gesucht!<\/h4>\n\n\n\n<div class=\"wp-block-image\"><figure class=\"aligncenter\"><img decoding=\"async\" src=\"https:\/\/speyer24news.com\/wp-content\/uploads\/2019\/07\/Zeugen-gesucht-Neutral-2.jpg\" alt=\"\" class=\"wp-image-16469\"\/><\/figure><\/div>\n\n\n\n<p>Bereits am Sonntag gegen 01.15 Uhr lief eine 27-j\u00e4hrige Frau die  Walldorfer Stra\u00dfe und Staatsbahnhofstra\u00dfe entlang und wurde dort von  einem bislang unbekannten T\u00e4ter bel\u00e4stigt. <\/p>\n\n\n\n<p>Die Frau leidet unter \neiner Erkrankung, weshalb sie meist in einem Rollstuhl unterwegs ist, \nzum Tatzeitpunkt schob sie jedoch ihren Rollstuhl. <\/p>\n\n\n\n<p>Nach \nderzeitigem Kenntnisstand sprach ein Mann die Frau bereits am Busbahnhof\n an und stellte sich selbst als Pakistaner vor. Als die Frau vom Bahnhof\n weglief, packte der unbekannter Mann die Frau an den Armen und k\u00fcsste \ndiese mehrfach gegen ihren Willen auf den Mund. Die Frau versuchte sich \naus dem Griff des Fremden zu befreien, worauf dieser sie los lie\u00df und \ndie 27-J\u00e4hrige auf den Boden fiel. Der T\u00e4ter fl\u00fcchtete dann zu Fu\u00df in \nRichtung In den Wein\u00e4ckern. <\/p>\n\n\n\n<p>Die Frau lief zur\u00fcck zum Busbahnhof und verst\u00e4ndigte die Polizei. <\/p>\n\n\n\n<p>Trotz eingeleiteten Fahndungsma\u00dfnahmen konnte keine Tatverd\u00e4chtiger gefasst werden. <\/p>\n\n\n\n<p>Der fl\u00fcchtige T\u00e4ter wurde wie folgt beschrieben: <\/p>\n\n\n\n<ul><li>25 &#8211; 32 Jahre<\/li><li>170 bis 175 cm<\/li><li>indischer Ph\u00e4notyp<\/li><li>sprach Englisch<\/li><li>gr\u00fcnes T-Shirt <\/li><\/ul>\n\n\n\n<p>Die Ermittlungen in dieser Sache \u00fcbernahmen Beamte der Kriminalpolizeidirektion Heidelberg. <\/p>\n\n\n\n<p>diese  suchen nun Zeugen und oder Personen, die Hinweise auf den fl\u00fcchtigen  T\u00e4ter geben k\u00f6nnen. diese werden gebeten, sich unter 0621 174 4444 zu  melden. <\/p>\n\n\n\n<h4 class=\"wp-block-heading\">(St. Leon-Rot \/ A 6 \/ Rhein-Neckar-Kreis) &#8211; Auffahrunfall \/ Zwei Lkw beteiligt &#8211; eine leichtverletzte Person<\/h4>\n\n\n\n<p>Eine leichtverletzte Person und Sachschaden in H\u00f6he von rund 70.000  Euro sind das Ergebnis eines Verkehrsunfalls am Dienstagvormittag auf  der A 6 bei Walldorf. Ein 28-j\u00e4hriger Mann war kurz nach 10 Uhr mit  seinem Lastwagen auf der A 6 in Richtung Heilbronn unterwegs. Zwischen  dem Autobahndreieck Hockenheim und dem Autobahnkreuz Walldorf musste ein  vorausfahrender 46-J\u00e4hriger mit seinem Lkw-Anh\u00e4nger-Gespann staubedingt  abbremsen. Der 28-J\u00e4hrige versuchte noch, nach links auszuweichen,  konnte eine Kollision aber nicht mehr vermeiden. Er erlitt bei dem  Zusammensto\u00df erlitt er leichte Verletzungen und wurde vorsorglich zur  Behandlung in ein Krankenhaus eingeliefert. Sein Lastwagen ist nicht  mehr fahrbereit. Die Bergungsarbeiten dauern derzeit noch an. Hierzu  sind der mittlere und rechte Fahrstreifen voll gesperrt. <\/p>\n\n\n\n<p>Momentan  staut sich der Verkehr auf der A 6 auf rund 8 Kilometern, auf der A 61  ist ein R\u00fcckstau von 2 bis 3 Kilometern L\u00e4nge zu verzeichnen. <\/p>\n\n\n\n<h4 class=\"wp-block-heading\">(Weinheim \/ Rhein-Neckar-Kreis) &#8211; Strohballen bei M\u00e4harbeiten in Brand geraten \/ Feuerwehr im Einsatz<\/h4>\n\n\n\n<p>Am Dienstag kurz nach 15 Uhr gerieten auf einem Feld zwischen dem  Segelflugplatz und der A 5 an der Stra\u00dfe &#8222;Weid&#8220; bei M\u00e4harbeiten mehrere  Strohballen in Brand. Die Rauchs\u00e4ule war weithin sichtbar. Die Feuerwehr  musste bei den L\u00f6scharbeiten auch einen Bagger einsetzen  und hatte den  Brand gegen 15.45 Uhr unter Kontrolle. Die Brandursache ist derzeit  noch unklar, die Ermittlungen dazu hat das Polizeirevier Weinheim  \u00fcbernommen. <\/p>\n\n\n\n<h4 class=\"wp-block-heading\">(Weinheim \/ Rhein-Neckar-KReis) &#8211;  Duo klaut iPhones und fl\u00fcchtet \/ Fahndung der Polizei ohne Erfolg &#8211; Polizei bittet um Hinweise<\/h4>\n\n\n\n<p>Am Montagnachmittag kurz nach 16.10 Uhr betraten zwei M\u00e4nner den  Telekom-Shop in der Hauptstra\u00dfe, gr\u00fc\u00dften zun\u00e4chst freundlich, rissen  dann jedoch vier iPhones von der Diebstahlssicherung und fl\u00fcchteten in  Richtung REWE-Einkaufsmarkt in der Grundelbachstra\u00dfe. <\/p>\n\n\n\n<p>Die \nMitarbeiterin alarmierte umgehend die Weinheimer Polizei, die sofort \neine Fahndung nach dem Duo einleitete. Unweit konnten zwei M\u00e4nner, ein \n24-J\u00e4hriger sowie ein 35-J\u00e4hriger aus Gorxheimertal, angetroffen und \nauch kontrolliert werden. Das Diebesgut f\u00fchrten die M\u00e4nner, deren \nPersonalien erhoben wurden, allerdings nicht mit. Die Ermittlungen \ndauern aktuell noch an. <\/p>\n\n\n\n<p>Die iPhones haben einen Wert von mehreren tausend Euro. <\/p>\n\n\n\n<p>Zeugen\n bzw. Passanten, die am Montagnachmittag auf den Vorfall aufmerksam \nwurden und ggfs. Hinweise geben k\u00f6nnen, werden gebeten, sich mit dem \nPolizeirevier Weinheim, Tel.: 06201\/10030, in Verbindung zu setzen. <\/p>\n","protected":false},"excerpt":{"rendered":"<div class=\"mh-excerpt\"><p>Polizeimeldungen vom Dienstag (23.07.2019) (Speyer) &#8211; Versto\u00df gegen das Bet\u00e4ubungsmittelgesetz Nach Beendigung einer Fu\u00dfstreife im Sch\u00fctzenpark konnten die Beamten am Montagabend hinter der Stadthalle eine m\u00e4nnliche Person beobachten, die sich augenscheinlich in einem Geb\u00fcsch verstecken <a class=\"mh-excerpt-more\" href=\"https:\/\/speyer24news.com\/?p=16972\" title=\"Polizei:\">[&#8230;]<\/a><\/p>\n<\/div>","protected":false},"author":3,"featured_media":0,"comment_status":"open","ping_status":"open","sticky":false,"template":"","format":"standard","meta":{"_monsterinsights_skip_tracking":false,"_monsterinsights_sitenote_active":false,"_monsterinsights_sitenote_note":"","_monsterinsights_sitenote_category":0,"footnotes":""},"categories":[12],"tags":[61,63,105,53,102,213,55,103,106,427,62,104,979,1565],"aioseo_notices":[],"amp_enabled":true,"_links":{"self":[{"href":"https:\/\/speyer24news.com\/index.php?rest_route=\/wp\/v2\/posts\/16972"}],"collection":[{"href":"https:\/\/speyer24news.com\/index.php?rest_route=\/wp\/v2\/posts"}],"about":[{"href":"https:\/\/speyer24news.com\/index.php?rest_route=\/wp\/v2\/types\/post"}],"author":[{"embeddable":true,"href":"https:\/\/speyer24news.com\/index.php?rest_route=\/wp\/v2\/users\/3"}],"replies":[{"embeddable":true,"href":"https:\/\/speyer24news.com\/index.php?rest_route=%2Fwp%2Fv2%2Fcomments&post=16972"}],"version-history":[{"count":2,"href":"https:\/\/speyer24news.com\/index.php?rest_route=\/wp\/v2\/posts\/16972\/revisions"}],"predecessor-version":[{"id":16975,"href":"https:\/\/speyer24news.com\/index.php?rest_route=\/wp\/v2\/posts\/16972\/revisions\/16975"}],"wp:attachment":[{"href":"https:\/\/speyer24news.com\/index.php?rest_route=%2Fwp%2Fv2%2Fmedia&parent=16972"}],"wp:term":[{"taxonomy":"category","embeddable":true,"href":"https:\/\/speyer24news.com\/index.php?rest_route=%2Fwp%2Fv2%2Fcategories&post=16972"},{"taxonomy":"post_tag","embeddable":true,"href":"https:\/\/speyer24news.com\/index.php?rest_route=%2Fwp%2Fv2%2Ftags&post=16972"}],"curies":[{"name":"wp","href":"https:\/\/api.w.org\/{rel}","templated":true}]}}