{"id":16980,"date":"2019-07-25T07:18:01","date_gmt":"2019-07-25T06:18:01","guid":{"rendered":"https:\/\/speyer24news.com\/?p=16980"},"modified":"2019-07-25T07:21:21","modified_gmt":"2019-07-25T06:21:21","slug":"germersheim-und-landkreis-germersheim-3","status":"publish","type":"post","link":"https:\/\/speyer24news.com\/?p=16980","title":{"rendered":"Germersheim und Landkreis Germersheim:"},"content":{"rendered":"<style type=\"text\/css\">\r\n\t.ads_top_disp{}\r\n\t.ads_top_corner_disp{ float:left; margin:0px 10px 10px 0px; }\r\n\t.ads_first_p_disp{}\r\n\t.ads_bottom_disp{}\r\n\t<\/style>\n<h2 class=\"wp-block-heading\">Kreisvolkshochschule (KVHS):<\/h2>\n\n\n\n<figure class=\"wp-block-image\"><img decoding=\"async\" src=\"https:\/\/speyer24news.com\/wp-content\/uploads\/2019\/07\/VHS-1.png\" alt=\"\" class=\"wp-image-16981\"\/><\/figure>\n\n\n\n<h2 class=\"wp-block-heading\"><strong>N\u00e4hen\nund Schneidern f\u00fcr Anf\u00e4nger und Fortgeschrittene <\/strong><\/h2>\n\n\n\n<p>Im Fachbereich \u201eTextiles Gestalten\u201c bietet die Kreisvolkshochschule <strong>ab Dienstag, 13.08.2019<\/strong>, 18.30 \u2013 21.30 Uhr, in Germersheim, Seiteneingang der Berufsbildende Schule, Ritter \u2013von-Schmau\u00df-Str.\/Ecke Paradeplatz, EG Saal E 06, einen N\u00e4hkurs f\u00fcr Anf\u00e4nger\/innen und Fortgeschrittene an. <\/p>\n\n\n\n<p>Anf\u00e4nger\/innen\nerlernen vor allem den Umgang mit der eigenen N\u00e4hmaschine (Koffern\u00e4hmaschine)\nund Grundkenntnisse der Schneiderei. \u00c4nderungstechniken werden ebenfalls vermittelt.\nAuch geeignet f\u00fcr ehemalige Teilnehmer\/innen, die ihre Grundkenntnisse festigen\nund ihre Fertigkeiten erweitern wollen. Stoffe k\u00f6nnen g\u00fcnstig im Kurs erworben\nwerden. <\/p>\n\n\n\n<p>Der Kurs steht unter der Leitung von Dagmar Palluch, umfasst 7 Termine und kostet pro Person 70 Euro zzgl. Materialkosten. Eine Anmeldung ist erforderlich bei der Gesch\u00e4ftsstelle der Kreisvolkshochschule Germersheim, Ritter \u2013von-Schmau\u00df-Str.\/Ecke Paradeplatz, Tel. 07274\/53334 bzw. 53382, per E-Mail: <a href=\"mailto:vhs@kreis-germersheim.de\">vhs@kreis-germersheim.de<\/a> oder \u00fcber das Buchungsformular auf unserer Homepage: <a href=\"http:\/\/www.kreis-germersheim.de\/kvhs\">www.kreis-germersheim.de\/kvhs<\/a>.<\/p>\n\n\n\n<h2 class=\"wp-block-heading\"><strong>Lach-Yoga <\/strong><\/h2>\n\n\n\n<h3 class=\"wp-block-heading\"><strong>Lachen &#8211; Balsam f\u00fcr\nK\u00f6rper und Geist &#8211; Informationsabend<\/strong><strong>\n(kostenfreie Schnupperstunde)<\/strong><\/h3>\n\n\n\n<p>\u201eLach-Yoga\u201c, Lachen &#8211; Balsam f\u00fcr K\u00f6rper und Geist: f\u00fcr diesen Kurs (<strong>Beginn ab 22.08.2019<\/strong>, 4 Termine) bietetdie Kreisvolkshochschule vorab am Donnerstag, 15. August 2019 von 18.30 bis 20 Uhr in Germersheim, August-Keiler-Str. 34, Goethe-Gymnasium, Ostbau, EG, Saal 081, eine kostenlose Schnupperstunde an.<\/p>\n\n\n\n<p>In dieser Schnupperstunde wird den\nTeilnehmenden durch kleine \u00dcbungen die Wirkung von Lach-Yoga aufgezeigt.\nAlleine dadurch, dass beim L\u00e4cheln die Mundwinkel nach oben gezogen werden,\nregistriert das Gehirn durch die Aktivierung der Muskulatur, dass der Mensch\ngl\u00fccklich ist. Das wiederum f\u00fchrt dazu, dass Gl\u00fcckshormone (Endorphine)\nausgesch\u00fcttet werden, die Lungen eine extra Portion Sauerstoff bekommen und wir\nuns gel\u00f6st und entspannt f\u00fchlen. <\/p>\n\n\n\n<p>Die Schnupperstunde findet unter der Leitung von Simone Buchlaub statt und ist f\u00fcr alle Teilnehmer <strong>kostenfrei<\/strong>. Eine Anmeldung ist trotzdem erforderlich bei der Gesch\u00e4ftsstelle der Kreisvolkshochschule Germersheim, Tel. 07274\/53334 bzw. 53382, E-Mail: <a href=\"mailto:vhs@kreis-germersheim.de\">vhs@kreis-germersheim.de<\/a> oder online \u00fcber das Buchungsformular: <a href=\"http:\/\/www.kreis-germersheim.de\/kvhs\">www.kreis-germersheim.de\/kvhs<\/a>.<\/p>\n\n\n\n<h3 class=\"wp-block-heading\"><strong>Augentraining &#8211; St\u00e4rkung der\nSehkraft <\/strong><\/h3>\n\n\n\n<p>Die Kreisvolkshochschule Germersheim bietet <strong>ab Freitag, 16.08.2019<\/strong> von 18.30 bis 20 Uhr den Kurs \u201eAugentraining &#8211; St\u00e4rkung der Sehkraft\u201c an. Er findet statt in Germersheim, Ritter-von-Schmau\u00df-Str.,\/Ecke Paradeplatz, Seiteneingang der Berufsbildende Schule, EG, Saal E 07. <\/p>\n\n\n\n<p>Immer mehr Menschen leiden an Einschr\u00e4nkungen des\nSehverm\u00f6gens und ben\u00f6tigen eine Sehhilfe. Durch die zunehmende Bildschirmarbeit\nwerden die Augen ebenfalls beansprucht. In dem Kurs lernen die Teilnehmer\/innen,\nwie sie ihre Sehkraft st\u00e4rken und Sehschw\u00e4chen vorbeugen k\u00f6nnen. Im praktischen\nTeil erhalten die Kursteilnehmer\/innen \u00dcbungen zur Lockerung und St\u00e4rkung der\nAugenmuskulatur sowie zum gezielten Sehtraining, die man auch zu Hause oder bei\nder Arbeit ausf\u00fchren kann. Spezielle Entspannungstechniken k\u00f6nnen helfen, das\nZusammenspiel zwischen Augen und K\u00f6rper zu optimieren. Vor Kursbesuch ist es\nratsam, die Ursache von Sehproblemen generell fachmedizinisch abzukl\u00e4ren, da\ndie individuellen anatomischen Voraussetzungen bei diesem Augentraining nicht\nber\u00fccksichtigt werden k\u00f6nnen.<\/p>\n\n\n\n<p>Dieser Kurs unter der Leitung von Gertrud Hertel geht \u00fcber 7 Termine und kostet 50 Euro pro Person. Anmeldung und Informationen bei der Gesch\u00e4ftsstelle der Kreisvolkshochschule, Ritter-von-Schmau\u00df-Str.,\/Ecke Paradeplatz, Tel. 07274-53334 oder -53382, E-Mail: <a href=\"mailto:vhs@kreis-germersheim.de\">vhs@kreis-germersheim.de<\/a> oder online \u00fcber das Buchungsformular: <a href=\"http:\/\/www.kreis-germersheim.de\/kvhs\">www.kreis-germersheim.de\/kvhs<\/a>. <\/p>\n\n\n\n<p><em>Kreisverwaltung Germersheim \/ Kreisvolkshochschule<br>25.07.2019<\/em><\/p>\n\n\n\n<h2 class=\"wp-block-heading\"><strong>Landesweiter\nProbealarm<\/strong><\/h2>\n\n\n\n<h3 class=\"wp-block-heading\"><strong>Warn-App KATWARN testet wieder am 5. August<\/strong><\/h3>\n\n\n\n<div class=\"wp-block-image\"><figure class=\"aligncenter\"><img decoding=\"async\" loading=\"lazy\" width=\"580\" height=\"290\" src=\"https:\/\/speyer24news.com\/wp-content\/uploads\/2019\/07\/KATWARN.jpg\" alt=\"\" class=\"wp-image-16983\" srcset=\"https:\/\/speyer24news.com\/wp-content\/uploads\/2019\/07\/KATWARN.jpg 580w, https:\/\/speyer24news.com\/wp-content\/uploads\/2019\/07\/KATWARN-300x150.jpg 300w\" sizes=\"(max-width: 580px) 100vw, 580px\" \/><\/figure><\/div>\n\n\n\n<p>Der n\u00e4chste Probealarm des elektronischen Warn- und\nInformationssystems KATWARN wird am <strong>Montag,\n5. August 2019, 11 Uhr<\/strong>, ausgel\u00f6st. Dreimal j\u00e4hrlich erfolgt\nein Probealarm mit dem Katastrophenwarnsystem KATWARN:<\/p>\n\n\n\n<ul><li>am ersten Montag im April um 11 Uhr durch\ndie Landkreise und kreisfreien St\u00e4dte,<\/li><li>am ersten Montag im August um 11 Uhr durch\ndie Integrierten Leitstellen bzw. um 11.15 Uhr durch das Land Rheinland-Pfalz\nund<\/li><li>am ersten Montag im Dezember um 11 Uhr\ndurch das Land Rheinland-Pfalz<\/li><\/ul>\n\n\n\n<p>Wenn\nalso die Mobiltelefone klingeln, gibt es keinen Grund zur Beunruhigung, da es\nsich lediglich um einen Test handelt. \u00dcberpr\u00fcft wird\ndie Funktionsf\u00e4higkeit der \u201eWarnung der Bev\u00f6lkerung\u201c. KATWARN wird im Bereich\nder Integrierten Leitstelle Landau mit den Landkreisen Germersheim, S\u00fcdliche\nWeinstra\u00dfe und S\u00fcdwestpfalz sowie den St\u00e4dten Landau, Pirmasens und Zweibr\u00fccken\neingesetzt. Das System ist eine Erg\u00e4nzung zu den bestehenden Informationswegen.<\/p>\n\n\n\n<p>Bei Gefahrensituationen wie Hochwasser, Gro\u00dfbr\u00e4nden oder\nIndustrieunf\u00e4llen ist es mit KATWARN zus\u00e4tzlich zu den etablierten Warnungen\ndurch Polizei, Feuerwehr sowie Fernsehen und Rundfunk m\u00f6glich, den B\u00fcrgerinnen\nund B\u00fcrgern per Smartphone-App Warnungen und Verhaltenshinweise zu geben.\nAu\u00dferdem \u00fcbermittelt die Anwendung Warnungen zu \u201eextremen Unwettern\u201c des\nDeutschen Wetterdienstes. Im Ernstfall wird \u00fcber KATWARN dar\u00fcber informiert,\nwie sich die B\u00fcrgerinnen und B\u00fcrger verhalten sollen.<\/p>\n\n\n\n<p>Die Anmeldung\nund Nutzung des Warnsystems mit Smartphone oder Handy ist freiwillig und\nkostenlos. Das Besondere an diesem System: KATWARN sendet Warnungen ortsgenau,\nd.h. nur an die Nutzer, die wirklich betroffen sind. Daf\u00fcr nutzt es eine\nspezielle Ortungsfunktion der Smartphones, die sich auch bei ausgeschalteter\nApp im Hintergrund aktualisiert.<\/p>\n\n\n\n<p>Die \u201eKATWARN\u201c-App steht kostenlos zur Verf\u00fcgung:<\/p>\n\n\n\n<ul><li>f\u00fcr das iPhone\nim App Store<\/li><li>f\u00fcr Android Phones im Google Play Store<\/li><li>f\u00fcr Windows\nPhones im Windows Store<\/li><\/ul>\n\n\n\n<p>Alternativ bietet KATWARN kostenlose Warnungen mit eingeschr\u00e4nkter Funktonalit\u00e4t auch per SMS\/E-Mail zum Gebiet einer registrierten Postleizahl. SMS an Servicenummer 0163\/7558842: \u201eKATWARN 12345 mustermann@mail.de\u201c (f\u00fcr Postleizahl 12345 und optional Email). Weitere Informationen zum Warnsystem KATWARN unter <a href=\"http:\/\/www.katwarn.de\">www.katwarn.de<\/a>.<\/p>\n\n\n\n<p><em>Kreisverwaltung Germersheim<br>25.07.2019<\/em><\/p>\n\n\n\n<h2 class=\"wp-block-heading\"><strong>S\u00fcdpfalz zwischen \u201eOh\u201c und \u201eMmmh\u201c<\/strong><\/h2>\n\n\n\n<div class=\"wp-block-image\"><figure class=\"aligncenter\"><img decoding=\"async\" loading=\"lazy\" width=\"800\" height=\"533\" src=\"https:\/\/speyer24news.com\/wp-content\/uploads\/2019\/07\/Radler-1.jpg\" alt=\"\" class=\"wp-image-16982\" srcset=\"https:\/\/speyer24news.com\/wp-content\/uploads\/2019\/07\/Radler-1.jpg 800w, https:\/\/speyer24news.com\/wp-content\/uploads\/2019\/07\/Radler-1-300x200.jpg 300w, https:\/\/speyer24news.com\/wp-content\/uploads\/2019\/07\/Radler-1-768x512.jpg 768w\" sizes=\"(max-width: 800px) 100vw, 800px\" \/><\/figure><\/div>\n\n\n\n<h3 class=\"wp-block-heading\"><strong>Von\nFescht zu Fescht \u2013 Genuss-Pendeln mit dem Rad<\/strong><\/h3>\n\n\n\n<p><a>Radfahrer pendeln in der <\/a><a href=\"https:\/\/www.suedpfalz-tourismus.de\/\">S\u00fcdpfalz<\/a> nicht nur zwischen Bienwald,\nRheinauen &amp; Co., sondern auch zwischen zahlreichen Festen entlang der\nRadtouren. So \u201ehoppen\u201c sie etwa auf dem Riesling-Zander-Radweg von Weingut zu\nWeingut Richtung Rheinebene oder verbinden auf dem Kraut- und R\u00fcben-Radweg an\neinem Wochenende das \u201eWoi- und G\u00e4sselfescht\u201c mit dem \u201eZ\u00e4sk\u00e4mer Zwewwlfescht\u201c\nund dem Dampfnudelfest. Unterwegs durch die S\u00fcdpfalz folgen Genie\u00dfer den\nverschiedenen Thementouren und kombinieren dabei ganz nach Lust und Geschmack\nverschiedene Feste mit Besuchen bei \u00fcber 40 Winzern und Direktvermarktern.<\/p>\n\n\n\n<h3 class=\"wp-block-heading\"><strong>Der Festkalender auf\ndem Kraut-und-R\u00fcben-Radweg<\/strong><\/h3>\n\n\n\n<p>Vorbei\nan Weinbergen, Getreide- und Tabakfeldern, Obstplantagen und Gem\u00fcse\u00e4ckern\nfolgen Genussradfahrer dem knapp 140 Kilometer langen Kraut-und-R\u00fcben-Radweg.\nSozusagen vom Acker auf den Teller bieten entlang des Radwegs zahlreiche\nPartner typische regionale Spezialit\u00e4ten zur Verkostung an. Mit verschiedenen\nFesten ist das ganze Jahr \u00fcber f\u00fcr Programm entlang des Weges gesorgt: beispielsweise\ndas Woi- und G\u00e4sselfescht in Weingarten vom 2. bis zum 4. August. Gleichzeitig\nfeiern die S\u00fcdpf\u00e4lzer ihre Zwiebel auf dem traditionellen \u201eZ\u00e4sk\u00e4mer\nZwewwlfescht\u201c und in Freckenfeld dreht sich beim Dampfnudelfest alles um die\nK\u00f6stlichkeiten aus Hefeteig. So pilgern die Radler am ersten August-Wochenende\nvon Fest zu Fest und genie\u00dfen die Landschaften der S\u00fcdpfalz genauso wie die\nverschiedenen Kreationen der Pf\u00e4lzer K\u00fcche. Im September verbinden\nWeinliebhaber unterwegs auf dem Kraut- und R\u00fcbenweg das Wein- und Kelterfest in\nZeiskam vom 20. bis 22. September und das \u201eFest des Federwei\u00dfen\u201c in Kandel am\n21. und 22. September. <\/p>\n\n\n\n<h3 class=\"wp-block-heading\"><strong>Wein-Hopping auf dem\nRiesling-Zander-Radweg<\/strong><\/h3>\n\n\n\n<p>Auf\nrund 35 Kilometer f\u00fchrt der Riesling-Zander-Radweg einmal quer durch die\nS\u00fcdpfalz \u2013 vom Rand des Pf\u00e4lzerwalds, durch romantische D\u00f6rfer \u00fcber die sanft\ngeschwungenen Weinberge und entlang von fruchtbaren Gem\u00fcsefeldern bis zu den\nurspr\u00fcnglichen Rheinauen. Gem\u00fctliche Weinstuben und feine Restaurants laden die\nRadwanderer zum Genie\u00dfen und Verweilen ein. Die einzelnen Weing\u00fcter\nveranstalten zudem regelm\u00e4\u00dfig eigene Feste. Einen Pf\u00e4lzer Schoppen Schorle kann\nman auch auf einem der vielen Feste genie\u00dfen: etwa beim Sommernachtsfest in\nHatzenb\u00fchl am 25. August oder beim Stadtfest in Kandel vom 30. August bis 1.\nSeptember.&nbsp; <\/p>\n\n\n\n<h3 class=\"wp-block-heading\"><strong>Festsommer am\nRheinradweg<\/strong><\/h3>\n\n\n\n<p>Entlang\ndes Rheins geht es auf der <a href=\"https:\/\/www.suedpfalz-tourismus.de\/radeln-wandern\/radfahren\/radwege\/rheinradweg.html\">EuroVelo 15<\/a> zwischen Speyer\nund Karlsruhe hin und her. Unterwegs auf der S\u00fcdpfalz-Etappe passieren Radler\naber nicht nur die urspr\u00fcngliche Rheinauenlandschaft, sondern unter anderem\nauch die Festungsstadt Germersheim. Hier findet vom 7. bis 9. September das\nGermersheimer Stra\u00dfenfest statt. Etwas weiter flussaufw\u00e4rts wird es rockig beim\n\u201eRock &amp; Bikes\u201c Musikfestival in Kuhardt, Maximiliansau l\u00e4dt zur \u201ePfortzer\nKerwe\u201c vom 24. bis 26. August und Neuburg feiert mit den Festtagen am\nSchiffermast vom 6. bis zum 8. September 2019 sein 800-j\u00e4hriges Jubil\u00e4um.<\/p>\n\n\n\n<h3 class=\"wp-block-heading\"><strong>Kombi-Tipp: Zwei\nTouren \u2013 zwei Feste<\/strong><\/h3>\n\n\n\n<p>Aber nicht nur die Feste sind einen kulinarischen Stopp wert. So kehren die Urlauber auf der \u201e<a href=\"https:\/\/www.suedpfalz-tourismus.de\/radeln-wandern\/radfahren\/radwege\/radeln-von-hof-zu-hof.html\">Von Hof zu Hof<\/a>\u201c Tour bei den Direktvermarktern und Winzerh\u00f6fen des Landkreises ein und kosten regionale K\u00f6stlichkeiten und edle Tropfen aus eigenem Anbau. Am <a href=\"https:\/\/www.suedpfalz-tourismus.de\/genuss-wein\/genuss-events\/tag-der-offenen-hoefe.html\">Tag der offenen H\u00f6fe<\/a> am 1. September 2019 laden die Betriebe entlang der Bauerntheke in der Verbandsgemeinde Kandel mit vielen Attraktionen f\u00fcr Klein und Gro\u00df zum Schlemmen und Genie\u00dfen ein. Ideal f\u00fcr Genussradler sind auch die vielen Kombinationsm\u00f6glichkeiten innerhalb des Radwegenetzes.  Weitere Informationen gibt es beim S\u00fcdpfalz-Tourismus Landkreis Germersheim e.V. unter Telefon 07274\/53300 oder auf <a href=\"http:\/\/www.suedpfalz-tourismus.de\">www.suedpfalz-tourismus.de<\/a>. Weitere News, Bilder und Videos auf <a href=\"https:\/\/www.facebook.com\/SuedpfalzTourismus\/\">Facebook<\/a><\/p>\n\n\n\n<p><em>Text: Kreisverwaltung Germersheim Foto: S\u00fcdpfalz-Tourismus Landkreis Germersheim e.V.<br>25.07.2019<\/em><\/p>\n","protected":false},"excerpt":{"rendered":"<div class=\"mh-excerpt\"><p>Kreisvolkshochschule (KVHS): N\u00e4hen und Schneidern f\u00fcr Anf\u00e4nger und Fortgeschrittene Im Fachbereich \u201eTextiles Gestalten\u201c bietet die Kreisvolkshochschule ab Dienstag, 13.08.2019, 18.30 \u2013 21.30 Uhr, in Germersheim, Seiteneingang der Berufsbildende Schule, Ritter \u2013von-Schmau\u00df-Str.\/Ecke Paradeplatz, EG Saal E <a class=\"mh-excerpt-more\" href=\"https:\/\/speyer24news.com\/?p=16980\" title=\"Germersheim und Landkreis Germersheim:\">[&#8230;]<\/a><\/p>\n<\/div>","protected":false},"author":3,"featured_media":0,"comment_status":"open","ping_status":"open","sticky":false,"template":"","format":"standard","meta":{"_monsterinsights_skip_tracking":false,"_monsterinsights_sitenote_active":false,"_monsterinsights_sitenote_note":"","_monsterinsights_sitenote_category":0,"footnotes":""},"categories":[449],"tags":[253,210,684,1664,1665,774,2328,451,523],"aioseo_notices":[],"amp_enabled":true,"_links":{"self":[{"href":"https:\/\/speyer24news.com\/index.php?rest_route=\/wp\/v2\/posts\/16980"}],"collection":[{"href":"https:\/\/speyer24news.com\/index.php?rest_route=\/wp\/v2\/posts"}],"about":[{"href":"https:\/\/speyer24news.com\/index.php?rest_route=\/wp\/v2\/types\/post"}],"author":[{"embeddable":true,"href":"https:\/\/speyer24news.com\/index.php?rest_route=\/wp\/v2\/users\/3"}],"replies":[{"embeddable":true,"href":"https:\/\/speyer24news.com\/index.php?rest_route=%2Fwp%2Fv2%2Fcomments&post=16980"}],"version-history":[{"count":2,"href":"https:\/\/speyer24news.com\/index.php?rest_route=\/wp\/v2\/posts\/16980\/revisions"}],"predecessor-version":[{"id":16985,"href":"https:\/\/speyer24news.com\/index.php?rest_route=\/wp\/v2\/posts\/16980\/revisions\/16985"}],"wp:attachment":[{"href":"https:\/\/speyer24news.com\/index.php?rest_route=%2Fwp%2Fv2%2Fmedia&parent=16980"}],"wp:term":[{"taxonomy":"category","embeddable":true,"href":"https:\/\/speyer24news.com\/index.php?rest_route=%2Fwp%2Fv2%2Fcategories&post=16980"},{"taxonomy":"post_tag","embeddable":true,"href":"https:\/\/speyer24news.com\/index.php?rest_route=%2Fwp%2Fv2%2Ftags&post=16980"}],"curies":[{"name":"wp","href":"https:\/\/api.w.org\/{rel}","templated":true}]}}