{"id":16992,"date":"2019-07-25T08:13:26","date_gmt":"2019-07-25T07:13:26","guid":{"rendered":"https:\/\/speyer24news.com\/?p=16992"},"modified":"2019-07-25T08:13:28","modified_gmt":"2019-07-25T07:13:28","slug":"luisenpark-herzogenriedpark-mannheim-5","status":"publish","type":"post","link":"https:\/\/speyer24news.com\/?p=16992","title":{"rendered":"Luisenpark &#038; Herzogenriedpark Mannheim:"},"content":{"rendered":"<style type=\"text\/css\">\r\n\t.ads_top_disp{}\r\n\t.ads_top_corner_disp{ float:left; margin:0px 10px 10px 0px; }\r\n\t.ads_first_p_disp{}\r\n\t.ads_bottom_disp{}\r\n\t<\/style>\n<div class=\"wp-block-image\"><figure class=\"aligncenter\"><img decoding=\"async\" src=\"https:\/\/speyer24news.com\/wp-content\/uploads\/2019\/07\/LuPa-1.jpg\" alt=\"\" class=\"wp-image-16994\"\/><\/figure><\/div>\n\n\n\n<h1 class=\"wp-block-heading\" style=\"text-align:center\">Luisenpark:<\/h1>\n\n\n\n<h2 class=\"wp-block-heading\">Carminho \u201cMaria\u201d \u2013 Fado in Vollendung<\/h2>\n\n\n\n<div class=\"wp-block-image\"><figure class=\"aligncenter\"><img decoding=\"async\" loading=\"lazy\" width=\"500\" height=\"657\" src=\"https:\/\/speyer24news.com\/wp-content\/uploads\/2019\/07\/Carminho_1MB.jpg\" alt=\"\" class=\"wp-image-16995\" srcset=\"https:\/\/speyer24news.com\/wp-content\/uploads\/2019\/07\/Carminho_1MB.jpg 500w, https:\/\/speyer24news.com\/wp-content\/uploads\/2019\/07\/Carminho_1MB-228x300.jpg 228w\" sizes=\"(max-width: 500px) 100vw, 500px\" \/><\/figure><\/div>\n\n\n\n<p>Fado ist ihr Leben, und kaum eine andere S\u00e4ngerin verleiht dieser portugiesischen Form des Liedes so viel Kraft, Leidenschaft und Tiefe wie CARMINHO. Mit ihrem neuen Album \u201eMaria\u201c beehrt sie zum Spielzeitauftakt den Seeb\u00fchnenzauber im Luisenpark.<\/p>\n\n\n\n<p><strong>Fr., 26.7.2019, 20 Uhr<br>Seeb\u00fchnenzauber Luisenpark<\/strong><\/p>\n\n\n\n<p>Hier k\u00f6nnen Sie eine kleine Kostprobe genie\u00dfen: <a href=\"https:\/\/www.carminhomusic.com\">https:\/\/www.carminhomusic.com<\/a><\/p>\n\n\n\n<h2 class=\"wp-block-heading\">The Edge &#8211; The U2 Tribute Band<\/h2>\n\n\n\n<h3 class=\"wp-block-heading\">Cover-Konzert auf der Seeb\u00fchne<\/h3>\n\n\n\n<div class=\"wp-block-image\"><figure class=\"aligncenter\"><img decoding=\"async\" loading=\"lazy\" width=\"800\" height=\"534\" src=\"https:\/\/speyer24news.com\/wp-content\/uploads\/2019\/07\/the-edge.jpg\" alt=\"\" class=\"wp-image-16996\" srcset=\"https:\/\/speyer24news.com\/wp-content\/uploads\/2019\/07\/the-edge.jpg 800w, https:\/\/speyer24news.com\/wp-content\/uploads\/2019\/07\/the-edge-300x200.jpg 300w, https:\/\/speyer24news.com\/wp-content\/uploads\/2019\/07\/the-edge-768x513.jpg 768w\" sizes=\"(max-width: 800px) 100vw, 800px\" \/><\/figure><\/div>\n\n\n\n<p>Die 2013 gegr\u00fcndete Band \u201eThe Edge\u201c hat sich zum Ziel gesetzt die Lebendigkeit, Energie und musikalische Variation der Musik der irischen Rockband U2 live auf die B\u00fchnen zu bringen. <\/p>\n\n\n\n<p>Joti Pechlivanos (git., voc.), Ralph Ross (keyb.), J\u00f6rg Fischer (bs., voc.) und Stefan Dieterich (dr.) bewegen sich klanglich dabei so nahe am Original, dass man glatt meinen k\u00f6nnte, U2 pers\u00f6nlich st\u00fcnde vor einem. Frank Starzmann (voc.), der die Gesangslines von Bono mit der Muttermilch aufgenommen zu haben scheint, setzt dem Ganzen mit seiner unverwechselbaren Stimme das I-T\u00fcpfelchen auf.<\/p>\n\n\n\n<p>Hier wird jede Note im Sinne des Originals mit v\u00f6lliger Hingabe zelebriert. Von den delaybetonten Gitarrenkl\u00e4ngen, dem warmen Bass, dem Bass Pedal Sound aus den 80ern, dem typischen CP-80 Pianosound von The Edge bis hin zu den authentischen Rhythmen. Die f\u00fcnf Musiker scheinen sich gesucht und gefunden zu haben. Seit dem Debut-Konzert im Juli 2013 begeistern THE EDGE ihr Publikum und sind st\u00e4ndig dabei neue Ideen in ihre Live-Show einflie\u00dfen zu lassen. Von den bekannten Klassikern wie \u201eSunday, Bloody Sunday\u201c, \u201eWith Or Without You\u201c, \u201eStill Haven\u00b4t Found\u201c, \u201ePride\u201c oder \u201eOne\u201c bis hin zu aktuellen Songs wie \u201eEvery Breaking Wave\u201c: THE EDGE lassen in ihrer 2,5-st\u00fcndigen Performance keinen Hit aus und \u00fcberraschen den noch nicht eingefleischten U2-Fan mit einer erstaunlich breitbandigen Musik aus der Schaffenszeit von U2 seit Mitte der Siebziger bis heute.<\/p>\n\n\n\n<p><strong>So., 28.7.2019, 15 Uhr<br>Seeb\u00fchne Luisenpark<\/strong><\/p>\n\n\n\n<h3 class=\"wp-block-heading\">Der einw\u00f6chige Sommerferienkurs im Freizeithaus von Mo., 29.7.2019, 10 Uhr &#8211;  Fr., 2.8.2019, 17 Uhr (\u201eErobert den Luisenpark! Beim gro\u00dfen Sommerabenteuer\u201c) \u2013 ist leider bereits ausgebucht!<\/h3>\n\n\n\n<h3 class=\"wp-block-heading\">Auch unser Ferienkurs der Gr\u00fcnen Schule (\u201eEinmal Mittelalter und zur\u00fcck \u2013 Vom Leben mit Tieren und Pflanzen\u201c) von Di., 30.7.2019, 9 Uhr &#8211;  Do., 1.8.2019, ist leider schon AUSGEBUCHT. <\/h3>\n\n\n\n<h2 class=\"wp-block-heading\">Gemeinsam G\u00e4rtnern im Luisenpark<\/h2>\n\n\n\n<div class=\"wp-block-image\"><figure class=\"aligncenter\"><img decoding=\"async\" loading=\"lazy\" width=\"800\" height=\"530\" src=\"https:\/\/speyer24news.com\/wp-content\/uploads\/2019\/07\/Stammg\u00e4rtnerinnen-der-Dienstagsg\u00e4rtner.jpg\" alt=\"\" class=\"wp-image-16257\" srcset=\"https:\/\/speyer24news.com\/wp-content\/uploads\/2019\/07\/Stammg\u00e4rtnerinnen-der-Dienstagsg\u00e4rtner.jpg 800w, https:\/\/speyer24news.com\/wp-content\/uploads\/2019\/07\/Stammg\u00e4rtnerinnen-der-Dienstagsg\u00e4rtner-300x199.jpg 300w, https:\/\/speyer24news.com\/wp-content\/uploads\/2019\/07\/Stammg\u00e4rtnerinnen-der-Dienstagsg\u00e4rtner-768x509.jpg 768w\" sizes=\"(max-width: 800px) 100vw, 800px\" \/><\/figure><\/div>\n\n\n\n<p>Jeden Dienstag, nachmittags von 14\u201316 Uhr, treffen sich seit neuestem Luisenparkfans, Gartenbegeisterte, Natur-Interessierte, Blumenliebhaber und alle mit und ohne eigenen Garten, die Lust auf\u2019s G\u00e4rtnern haben, um gemeinsam den gr\u00fcnen Daumen trainieren.<\/p>\n\n\n\n<p>Jetzt in der Freiluftsaison hei\u00dft es &#8222;ran an den Spaten&#8220; mit verschiedenen Projekten, die die &#8222;gemeinsam-G\u00e4rtnern-Gruppe&#8220; im Luisenpark je nach Jahreszeit und Witterung bearbeitet. So gab es bisher schon eine komplette kleine Parkfl\u00e4che, die die Hobby-G\u00e4rtner von der Rodung des Altbestandes \u00fcber die Bodenbearbeitung und Planung bis zur Bepflanzung mit neuen Geh\u00f6lzen und Stauden als Gemeinsam-G\u00e4rtnern-Projekt bearbeitet haben. Der Staudenkarten wurde &#8222;beackert&#8220;, Beetfl\u00e4chen umgestaltet oder auch im Hortensiengarten gearbeitet. Das Ganze geschieht nat\u00fcrlich immer unter fachkundiger Anleitung von Profi-G\u00e4rtnern aus dem Luisenpark, schlie\u00dflich sind wir direkt an der g\u00e4rtnerischen Quelle! Daneben gibt es Informationen aus erster Hand rund um Pflege und Anbau von bestimmten Pflanzen. Fragen aus dem eigenen Garten werden nat\u00fcrlich auch beantwortet.  <\/p>\n\n\n\n<p>Egal also, ob Gartenlaie oder Experte, egal welchen Alters: Alle, die Spa\u00df am gemeinsamen G\u00e4rtnern haben, treffen sich immer dienstags um 14 Uhr. Nach einem Informationsteil geht es an die praktische Arbeit (au\u00dfer bei den Vortr\u00e4gen &amp; F\u00fchrungen, hier bleibt es bei der Theorie!). Am besten immer in arbeitsf\u00e4higer, bequemer Kleidung kommen &amp; Handschuhe und Schere mitbringen!<\/p>\n\n\n\n<p>Lust, mitzumachen? Kommen Sie einfach vorbei, wir freuen uns auf Sie!<\/p>\n\n\n\n<p><strong>30. Juli, 14 Uhr, Treffpunkt: Hortensiengarten am Eingang Fernmeldeturm.<\/strong><\/p>\n\n\n\n<h2 class=\"wp-block-heading\">Gymnastik f\u00fcr Senioren<\/h2>\n\n\n\n<p>Kr\u00e4ftige Muskeln, geschmeidige Gelenke: Ein pfiffiges Gymnastikprogramm wirkt wie ein Jungbrunnen und sorgt auch im Alter f\u00fcr beschwerdefreie Beweglichkeit. Und weil es in der Gruppe mehr Spa\u00df macht, l\u00e4dt unser Team Freizeithaus zur Fitnessstunde! \u201eGolden Agers\u201c und wer sonst noch Lust hat, ist herzlich eingeladen mit flie\u00dfenden, rhythmischen Bewegungen zu Musik Kraft und neue Energie zu tanken. <\/p>\n\n\n\n<p><strong>Jeden Donnerstag, 14.30 Uhr im Freizeithaus<\/strong><\/p>\n\n\n\n<p><em>Bei diesem Angebot kann man einfach teilnehmen, eine Anmeldung ist nicht erforderlich!<\/em><\/p>\n\n\n\n<h2 class=\"wp-block-heading\">Yoga auf dem Stuhl <\/h2>\n\n\n\n<p>Diese besondere Form des Yoga ist nahezu alters- und gewichtsunabh\u00e4ngig, perfekt f\u00fcr erste Versuche von Yoga-Anf\u00e4ngern und selbst f\u00fcr Menschen im Rollstuhl geeignet. F\u00fcr viele \u00dcbungen sorgt der Stuhl f\u00fcr eine gewisse Sicherheit. Ins \u201eDaily Business\u201c des B\u00fcroalltags ist Chair Yoga locker zu integrieren. Eine kurze Pause f\u00fcr ein paar entspannende Asanas und der Energieschub ist garantiert!<\/p>\n\n\n\n<p><em>Jeden Dienstag, 14.30 Uhr im Freizeithaus<\/em><\/p>\n\n\n\n<p><em>Bei diesem Angebot kann man einfach teilnehmen, eine Anmeldung ist nicht erforderlich!<\/em><\/p>\n\n\n\n<h1 class=\"wp-block-heading\" style=\"text-align:center\">Herzogenriedpark<\/h1>\n\n\n\n<h2 class=\"wp-block-heading\">Y\u00e9Y \u2013 Sunday Beats<\/h2>\n\n\n\n<h3 class=\"wp-block-heading\">in Kooperation mit der Popakademie Baden-W\u00fcrttemberg, Mannheim<\/h3>\n\n\n\n<div class=\"wp-block-image\"><figure class=\"aligncenter\"><img decoding=\"async\" loading=\"lazy\" width=\"800\" height=\"533\" src=\"https:\/\/speyer24news.com\/wp-content\/uploads\/2019\/07\/YeY_Bandfoto.jpg\" alt=\"\" class=\"wp-image-16997\" srcset=\"https:\/\/speyer24news.com\/wp-content\/uploads\/2019\/07\/YeY_Bandfoto.jpg 800w, https:\/\/speyer24news.com\/wp-content\/uploads\/2019\/07\/YeY_Bandfoto-300x200.jpg 300w, https:\/\/speyer24news.com\/wp-content\/uploads\/2019\/07\/YeY_Bandfoto-768x512.jpg 768w\" sizes=\"(max-width: 800px) 100vw, 800px\" \/><\/figure><\/div>\n\n\n\n<p>Y\u0117Y ist bunt. Und macht Laune. Orientalisch gew\u00fcrzt. Mit viel Bass. Y\u0117Y &#8211; das ist organischer Deep House. Eine Begegnung zwischen elektronischen Dance Tracks und orientalischer Musik. Welten verschmelzen &#8211; und das live! Producer und S\u00e4nger David K\u00f6nig, Percussionist Santino Scavelli und U\u011fur K\u00f6se an der t\u00fcrkischen E-Gitarre Ba\u011flama erschaffen etwas Neues, das gleichzeitig vertraut klingt. Eine Reise durch tanzende Beats und aufgehende Sonnen. Y\u0117Y!<\/p>\n\n\n\n<p><strong>So., 28.7.2019, 15 Uhr<br>Konzertmuschel Herzogenriedpark<\/strong><\/p>\n\n\n\n<h2 class=\"wp-block-heading\">Letzter Tierspaziergang vor der Sommerpause<\/h2>\n\n\n\n<h3 class=\"wp-block-heading\">Mit Esel &amp; Pony \u00fcber die Wiese<\/h3>\n\n\n\n<div class=\"wp-block-image\"><figure class=\"aligncenter\"><img decoding=\"async\" src=\"https:\/\/speyer24news.com\/wp-content\/uploads\/2019\/07\/Tierspazierg\u00e4nge-Herzogenriedpark.jpg\" alt=\"\" class=\"wp-image-16998\"\/><\/figure><\/div>\n\n\n\n<p>Immer donnerstags um 14.30 Uhr gibt es Tierspazierg\u00e4nge und auf Wunsch auch gerne eine &#8222;Niko-Spezialf\u00fchrung&#8220; durch die \u201eNutztierarche\u201c! Bei den Spazierg\u00e4ngen mit Tieren holt Cheftierpfleger Niko Xanthopoulos Ponys oder Esel aus ihrem Gehege und f\u00fchrt die Tiere zum Rundgang gemeinsam mit Interessierten durch den Herzogenriedpark. Vor allem f\u00fcr Kinder, die im st\u00e4dtischen Umfeld eher wenig Gelegenheit haben, mit Tieren auf in nahen Kontakt zu kommen, ist dies spannend. Bei dieser entspannten Version der Tierbegegnung wird der Tierpfleger auch Geschichten rund um das Tier erz\u00e4hlen. Kinder k\u00f6nnen beobachten, wie sich etwa die Ponys auf der Wiese austoben. Und streicheln darf man nat\u00fcrlich auch mal!<br>\nErg\u00e4nzend dazu wird es f\u00fcr Wissbegierige, die mehr \u00fcber die archaischen, alten Tierrasen erfahren wollen, die es im Herzogenriedpark zu sehen gibt, im w\u00f6chentlichen Wechsel ebenfalls donnerstags um 14.30 Uhr eine &#8222;Niko-Spezialf\u00fchrung&#8220; durch die \u201eNutztierarche\u201c, bekannt als Bauernhof geben. Dabei erz\u00e4hlt der Tierpfleger aus Leidenschaft viel interessantes zu den verschiedenen Arten und Rassen, nat\u00fcrlich inklusive seiner lustigen Anekdoten, die sich in den Jahren, die er im Herzogenriedpark arbeitet, so angesammelt haben\u2026<\/p>\n\n\n\n<p><em>Treffpunkt ist am Bauernhof.<\/em>  <\/p>\n\n\n\n<p><em>Beide Angebote sind kostenlos und unbezahlbar!<\/em><\/p>\n\n\n\n<p><em>Bei schlechtem Wetter entfallen sie.<\/em><\/p>\n\n\n\n<p><strong>Do., 25.7.2019, 14.30 Uhr<\/strong><\/p>\n\n\n\n<h4 class=\"wp-block-heading\">Von 29.7. bis 18.8. m\u00fcssen die Tierspazierg\u00e4nge ausfallen und gehen in die Sommerpause!<\/h4>\n\n\n\n<p><em>Stadtpark Mannheim gemeinn\u00fctzige GmbH<br>25.07.2019<\/em><\/p>\n","protected":false},"excerpt":{"rendered":"<div class=\"mh-excerpt\"><p>Luisenpark: Carminho \u201cMaria\u201d \u2013 Fado in Vollendung Fado ist ihr Leben, und kaum eine andere S\u00e4ngerin verleiht dieser portugiesischen Form des Liedes so viel Kraft, Leidenschaft und Tiefe wie CARMINHO. Mit ihrem neuen Album \u201eMaria\u201c <a class=\"mh-excerpt-more\" href=\"https:\/\/speyer24news.com\/?p=16992\" title=\"Luisenpark &#038; Herzogenriedpark Mannheim:\">[&#8230;]<\/a><\/p>\n<\/div>","protected":false},"author":3,"featured_media":0,"comment_status":"open","ping_status":"open","sticky":false,"template":"","format":"standard","meta":{"_monsterinsights_skip_tracking":false,"_monsterinsights_sitenote_active":false,"_monsterinsights_sitenote_note":"","_monsterinsights_sitenote_category":0,"footnotes":""},"categories":[11],"tags":[2336,611,2335,1677,2024,1598,279,280,601,56,600,2341,1679,2337,609,2338,2340,2339,1678,1599],"aioseo_notices":[],"amp_enabled":true,"_links":{"self":[{"href":"https:\/\/speyer24news.com\/index.php?rest_route=\/wp\/v2\/posts\/16992"}],"collection":[{"href":"https:\/\/speyer24news.com\/index.php?rest_route=\/wp\/v2\/posts"}],"about":[{"href":"https:\/\/speyer24news.com\/index.php?rest_route=\/wp\/v2\/types\/post"}],"author":[{"embeddable":true,"href":"https:\/\/speyer24news.com\/index.php?rest_route=\/wp\/v2\/users\/3"}],"replies":[{"embeddable":true,"href":"https:\/\/speyer24news.com\/index.php?rest_route=%2Fwp%2Fv2%2Fcomments&post=16992"}],"version-history":[{"count":1,"href":"https:\/\/speyer24news.com\/index.php?rest_route=\/wp\/v2\/posts\/16992\/revisions"}],"predecessor-version":[{"id":16999,"href":"https:\/\/speyer24news.com\/index.php?rest_route=\/wp\/v2\/posts\/16992\/revisions\/16999"}],"wp:attachment":[{"href":"https:\/\/speyer24news.com\/index.php?rest_route=%2Fwp%2Fv2%2Fmedia&parent=16992"}],"wp:term":[{"taxonomy":"category","embeddable":true,"href":"https:\/\/speyer24news.com\/index.php?rest_route=%2Fwp%2Fv2%2Fcategories&post=16992"},{"taxonomy":"post_tag","embeddable":true,"href":"https:\/\/speyer24news.com\/index.php?rest_route=%2Fwp%2Fv2%2Ftags&post=16992"}],"curies":[{"name":"wp","href":"https:\/\/api.w.org\/{rel}","templated":true}]}}