{"id":17026,"date":"2019-07-25T10:24:06","date_gmt":"2019-07-25T09:24:06","guid":{"rendered":"https:\/\/speyer24news.com\/?p=17026"},"modified":"2019-07-25T10:24:06","modified_gmt":"2019-07-25T09:24:06","slug":"wirtschaft-finanzen-13","status":"publish","type":"post","link":"https:\/\/speyer24news.com\/?p=17026","title":{"rendered":"Wirtschaft &#038; Finanzen:"},"content":{"rendered":"<style type=\"text\/css\">\r\n\t.ads_top_disp{}\r\n\t.ads_top_corner_disp{ float:left; margin:0px 10px 10px 0px; }\r\n\t.ads_first_p_disp{}\r\n\t.ads_bottom_disp{}\r\n\t<\/style>\n<h2 class=\"wp-block-heading\">Flugplatz und Stadtwerke kooperieren<\/h2>\n\n\n\n<h3 class=\"wp-block-heading\">E-Ladestation jetzt auch am Flugplatz Speyer<\/h3>\n\n\n\n<div class=\"wp-block-image\"><figure class=\"aligncenter\"><img decoding=\"async\" loading=\"lazy\" width=\"800\" height=\"573\" src=\"https:\/\/speyer24news.com\/wp-content\/uploads\/2019\/07\/220719Flugplatz03-V2.jpg\" alt=\"\" class=\"wp-image-17027\" srcset=\"https:\/\/speyer24news.com\/wp-content\/uploads\/2019\/07\/220719Flugplatz03-V2.jpg 800w, https:\/\/speyer24news.com\/wp-content\/uploads\/2019\/07\/220719Flugplatz03-V2-300x215.jpg 300w, https:\/\/speyer24news.com\/wp-content\/uploads\/2019\/07\/220719Flugplatz03-V2-768x550.jpg 768w\" sizes=\"(max-width: 800px) 100vw, 800px\" \/><figcaption> Gemeinsam aktiv in Sachen E-Mobilit\u00e4t:  SWS-Gesch\u00e4ftsf\u00fchrer Wolfgang B\u00fchring (links) und Roland Kern,  Gesch\u00e4ftsf\u00fchrer des Speyerer Flugplatzes Foto: SWS<\/figcaption><\/figure><\/div>\n\n\n\n<p>Mit der Installation einer E-Ladestation auf dem Flugplatz haben die Stadtwerke Speyer (SWS) einen weiteren Beitrag zur E-Ladeinfrastruktur in der Stadt geleistet. Seit 2010 optimieren die SWS diese fl\u00e4chendeckend. \u201eIn Speyer gibt es mehr \u00f6ffentliche E-Ladepunkte als in vielen gr\u00f6\u00dferen St\u00e4dten in der Region\u201c, betonte SWS-Gesch\u00e4ftsf\u00fchrer Wolfgang B\u00fchring bei der offiziellen Inbetriebnahme am 22. Juli. Insgesamt 14 E-Ladestationen h\u00e4tten die SWS in Speyer und Otterstadt mittlerweile installiert.<\/p>\n\n\n\n<p>Zuversichtlich \u00e4u\u00dferte sich B\u00fchring die weitere Entwicklung betreffend. \u201eWir sind gerade dabei, im Stadtgebiet drei Turbo-E-Ladestationen in Betrieb zu nehmen, damit k\u00f6nnen Fahrzeuge der Zukunft in nur 20 Minuten beladen werden\u201c, stellte er fest und erg\u00e4nzte: \u201eWir sind im Umland die Ersten, die solche Turbo-Lader anbieten.\u201c Verk\u00fcrzte Ladezeiten und erh\u00f6hte Reichweiten von neuen Elektroautos seien wesentliche Vorteile, die es an die Kunden heranzutragen gelte.<\/p>\n\n\n\n<figure class=\"wp-block-image\"><img decoding=\"async\" src=\"https:\/\/speyer24news.com\/wp-content\/uploads\/2019\/07\/Flugplatz_Speyer-Logo.png\" alt=\"\" class=\"wp-image-17029\"\/><\/figure>\n\n\n\n<p>Roland Kern, Gesch\u00e4ftsf\u00fchrer des Speyerer Flugplatzes, unterstrich die Bereitschaft des Flugplatzes, aktiv einen Beitrag zur Unterst\u00fctzung der Ziele \u201eF\u00f6rderung der Elektromobilit\u00e4t\u201c zu leisten. Der Flugplatz habe, so Kern, vor \u00fcber einem Jahr zwei Elektro-Motorroller angeschafft, um Piloten eine M\u00f6glichkeit anzubieten, vom Flugplatz aus \u201eelektrisch\u201c in die Stadt und das nahe Umland zu kommen. Das Angebot werde gut angenommen und stehe auch Speyerer B\u00fcrgern zur Verf\u00fcgung. P\u00fcnktlich zur Inbetriebnahme der Lades\u00e4ule hat nun der Flugplatz einen Kleinwagen der Marke Renault geleast, der tageweise interessierten Piloten zu einem Einf\u00fchrungspreis zur Verf\u00fcgung gestellt werden kann.<\/p>\n\n\n\n<p>\u201eDieses Angebot richtet sich auch an interessierte Speyerer B\u00fcrger, die am Flugplatz Speyer f\u00fcr einen Tag ein Elektrofahrzeug mieten k\u00f6nnen\u201c, sagte Kern. So w\u00e4re es m\u00f6glich, die Vorteile eines solchen Fahrzeugs insbesondere im Stadtverkehr zu testen. Das Fahrzeug k\u00f6nne im geladenem Zustand etwa 230 Kilometer zur\u00fccklegen, so Kern.<\/p>\n\n\n\n<div class=\"wp-block-image\"><figure class=\"alignleft is-resized\"><img decoding=\"async\" loading=\"lazy\" src=\"https:\/\/speyer24news.com\/wp-content\/uploads\/2019\/07\/App2drive-Logo.png\" alt=\"\" class=\"wp-image-17028\" width=\"256\" height=\"80\" srcset=\"https:\/\/speyer24news.com\/wp-content\/uploads\/2019\/07\/App2drive-Logo.png 400w, https:\/\/speyer24news.com\/wp-content\/uploads\/2019\/07\/App2drive-Logo-300x94.png 300w\" sizes=\"(max-width: 256px) 100vw, 256px\" \/><\/figure><\/div>\n\n\n\n<p>Gemietet werden kann das Fahrzeug mit der App2Drive App bzw unter der Website: <a href=\"https:\/\/www.app2drive.com\/\">https:\/\/www.app2drive.com\/<\/a><\/p>\n\n\n\n<p><em>Stadtwerke Speyer GmbH<br>25.07.2019<\/em><\/p>\n","protected":false},"excerpt":{"rendered":"<div class=\"mh-excerpt\"><p>Flugplatz und Stadtwerke kooperieren E-Ladestation jetzt auch am Flugplatz Speyer Mit der Installation einer E-Ladestation auf dem Flugplatz haben die Stadtwerke Speyer (SWS) einen weiteren Beitrag zur E-Ladeinfrastruktur in der Stadt geleistet. Seit 2010 optimieren <a class=\"mh-excerpt-more\" href=\"https:\/\/speyer24news.com\/?p=17026\" title=\"Wirtschaft &#038; Finanzen:\">[&#8230;]<\/a><\/p>\n<\/div>","protected":false},"author":3,"featured_media":0,"comment_status":"open","ping_status":"open","sticky":false,"template":"","format":"standard","meta":{"_monsterinsights_skip_tracking":false,"_monsterinsights_sitenote_active":false,"_monsterinsights_sitenote_note":"","_monsterinsights_sitenote_category":0,"footnotes":""},"categories":[29],"tags":[2356,1446,2354,2355,31,1442,33,32],"aioseo_notices":[],"amp_enabled":true,"_links":{"self":[{"href":"https:\/\/speyer24news.com\/index.php?rest_route=\/wp\/v2\/posts\/17026"}],"collection":[{"href":"https:\/\/speyer24news.com\/index.php?rest_route=\/wp\/v2\/posts"}],"about":[{"href":"https:\/\/speyer24news.com\/index.php?rest_route=\/wp\/v2\/types\/post"}],"author":[{"embeddable":true,"href":"https:\/\/speyer24news.com\/index.php?rest_route=\/wp\/v2\/users\/3"}],"replies":[{"embeddable":true,"href":"https:\/\/speyer24news.com\/index.php?rest_route=%2Fwp%2Fv2%2Fcomments&post=17026"}],"version-history":[{"count":1,"href":"https:\/\/speyer24news.com\/index.php?rest_route=\/wp\/v2\/posts\/17026\/revisions"}],"predecessor-version":[{"id":17030,"href":"https:\/\/speyer24news.com\/index.php?rest_route=\/wp\/v2\/posts\/17026\/revisions\/17030"}],"wp:attachment":[{"href":"https:\/\/speyer24news.com\/index.php?rest_route=%2Fwp%2Fv2%2Fmedia&parent=17026"}],"wp:term":[{"taxonomy":"category","embeddable":true,"href":"https:\/\/speyer24news.com\/index.php?rest_route=%2Fwp%2Fv2%2Fcategories&post=17026"},{"taxonomy":"post_tag","embeddable":true,"href":"https:\/\/speyer24news.com\/index.php?rest_route=%2Fwp%2Fv2%2Ftags&post=17026"}],"curies":[{"name":"wp","href":"https:\/\/api.w.org\/{rel}","templated":true}]}}