{"id":17081,"date":"2019-07-27T07:28:31","date_gmt":"2019-07-27T06:28:31","guid":{"rendered":"https:\/\/speyer24news.com\/?p=17081"},"modified":"2019-07-27T07:43:50","modified_gmt":"2019-07-27T06:43:50","slug":"geschwindigkeitskontrolle-blitzer-3","status":"publish","type":"post","link":"https:\/\/speyer24news.com\/?p=17081","title":{"rendered":"Geschwindigkeitskontrolle \/ Blitzer:"},"content":{"rendered":"<style type=\"text\/css\">\r\n\t.ads_top_disp{}\r\n\t.ads_top_corner_disp{ float:left; margin:0px 10px 10px 0px; }\r\n\t.ads_first_p_disp{}\r\n\t.ads_bottom_disp{}\r\n\t<\/style>\n<h2 class=\"wp-block-heading\">Radarkontrollen f\u00fcr die Woche vom 29. Juli bis 4. August 2019<\/h2>\n\n\n\n<figure class=\"wp-block-image\"><img decoding=\"async\" src=\"https:\/\/speyer24news.com\/wp-content\/uploads\/2019\/07\/Radarkontrolle_1.jpg\" alt=\"\" class=\"wp-image-16653\"\/><\/figure>\n\n\n\n<p><strong>(Ludwigshafen) &#8211;<\/strong> Die Stadt Ludwigshafen nimmt in folgenden Stadtteilen Radarkontrollen vor.<\/p>\n\n\n\n<ul><li>Montag, 29. Juli: Edigheim, Pfingstweide und Friesenheim<\/li><li>Dienstag, 30. Juli: Rheing\u00f6nheim, Mundenheim und West<\/li><li>Mittwoch, 31. Juli: S\u00fcd, Oggersheim und Ruchheim<\/li><li>Donnerstag, 1. August: Oppau, Nord und Gartenstadt<\/li><li>Freitag, 2. August: Mitte, S\u00fcd und Mundenheim<\/li><li>Samstag, 3. August: Oggersheim und Gartenstadt<\/li><\/ul>\n\n\n\n<p>Kurzfristige \u00c4nderungen beh\u00e4lt sich der Bereich Stra\u00dfenverkehr vor. Kontrollen k\u00f6nnen auch kurzfristig an anderen Stellen statt-finden.<\/p>\n\n\n\n<p><em>Stadt Ludwigshafen am Rhein<br>27.07.2019<\/em><\/p>\n\n\n\n<h2 class=\"wp-block-heading\">Geschwindigkeitskontrollen in der Woche vom 29. Juli bis 2. August<\/h2>\n\n\n\n<figure class=\"wp-block-image\"><img decoding=\"async\" src=\"https:\/\/speyer24news.com\/wp-content\/uploads\/2019\/07\/Kontrolle-BaW\u00fc.jpg\" alt=\"\" class=\"wp-image-16654\"\/><\/figure>\n\n\n\n<p><strong>(Mannheim) &#8211; <\/strong>Die Stadt Mannheim f\u00fchrt vom 29. Juli bis 2. August in folgenden Stra\u00dfen Radarkontrollen durch:<\/p>\n\n\n\n<ul><li> Auf dem Sand<\/li><li> Badenweilerstra\u00dfe (Spielstra\u00dfe)<\/li><li> Birkenauer Stra\u00dfe<\/li><li> Brandenburger Stra\u00dfe<\/li><li> B\u00e4ckerweg<\/li><li> Dornheimer Ring<\/li><li> Flamml\u00e4nder Stra\u00dfe<\/li><li> Fred-Joachim-Schoeps-Stra\u00dfe<\/li><li> Johannisberger Stra\u00dfe<\/li><li> Karolingerweg<\/li><li> Kolmarer Stra\u00dfe<\/li><li> Kornblumenstra\u00dfe<\/li><li> Langlachweg<\/li><li> Pforzheimer Stra\u00dfe<\/li><li> Rastatter Stra\u00dfe<\/li><li> Rohrlachstra\u00dfe<\/li><li> Schlettstadter Stra\u00dfe<\/li><li> Suebenheimer Allee<\/li><li> Th\u00fcringer Stra\u00dfe<\/li><li> Wormser Stra\u00dfe<\/li><li> Z\u00e4hringer Stra\u00dfe<\/li><li> Zeitzer Weg<\/li><\/ul>\n\n\n\n<p>Kurzfristige \u00c4nderungen oder zus\u00e4tzliche Messstellen sind aus aktuellem Anlass m\u00f6glich.<\/p>\n\n\n\n<p><em>Stadt Mannheim<br>27.07.2019<\/em><\/p>\n","protected":false},"excerpt":{"rendered":"<div class=\"mh-excerpt\"><p>Radarkontrollen f\u00fcr die Woche vom 29. Juli bis 4. August 2019 (Ludwigshafen) &#8211; Die Stadt Ludwigshafen nimmt in folgenden Stadtteilen Radarkontrollen vor. Montag, 29. Juli: Edigheim, Pfingstweide und Friesenheim Dienstag, 30. Juli: Rheing\u00f6nheim, Mundenheim und <a class=\"mh-excerpt-more\" href=\"https:\/\/speyer24news.com\/?p=17081\" title=\"Geschwindigkeitskontrolle \/ Blitzer:\">[&#8230;]<\/a><\/p>\n<\/div>","protected":false},"author":3,"featured_media":0,"comment_status":"open","ping_status":"open","sticky":false,"template":"","format":"standard","meta":{"_monsterinsights_skip_tracking":false,"_monsterinsights_sitenote_active":false,"_monsterinsights_sitenote_note":"","_monsterinsights_sitenote_category":0,"footnotes":""},"categories":[64],"tags":[18,19,947,28,779,227,17,949,1310,948],"aioseo_notices":[],"amp_enabled":true,"_links":{"self":[{"href":"https:\/\/speyer24news.com\/index.php?rest_route=\/wp\/v2\/posts\/17081"}],"collection":[{"href":"https:\/\/speyer24news.com\/index.php?rest_route=\/wp\/v2\/posts"}],"about":[{"href":"https:\/\/speyer24news.com\/index.php?rest_route=\/wp\/v2\/types\/post"}],"author":[{"embeddable":true,"href":"https:\/\/speyer24news.com\/index.php?rest_route=\/wp\/v2\/users\/3"}],"replies":[{"embeddable":true,"href":"https:\/\/speyer24news.com\/index.php?rest_route=%2Fwp%2Fv2%2Fcomments&post=17081"}],"version-history":[{"count":2,"href":"https:\/\/speyer24news.com\/index.php?rest_route=\/wp\/v2\/posts\/17081\/revisions"}],"predecessor-version":[{"id":17088,"href":"https:\/\/speyer24news.com\/index.php?rest_route=\/wp\/v2\/posts\/17081\/revisions\/17088"}],"wp:attachment":[{"href":"https:\/\/speyer24news.com\/index.php?rest_route=%2Fwp%2Fv2%2Fmedia&parent=17081"}],"wp:term":[{"taxonomy":"category","embeddable":true,"href":"https:\/\/speyer24news.com\/index.php?rest_route=%2Fwp%2Fv2%2Fcategories&post=17081"},{"taxonomy":"post_tag","embeddable":true,"href":"https:\/\/speyer24news.com\/index.php?rest_route=%2Fwp%2Fv2%2Ftags&post=17081"}],"curies":[{"name":"wp","href":"https:\/\/api.w.org\/{rel}","templated":true}]}}