{"id":17106,"date":"2019-07-27T11:14:51","date_gmt":"2019-07-27T10:14:51","guid":{"rendered":"https:\/\/speyer24news.com\/?p=17106"},"modified":"2019-07-27T11:14:53","modified_gmt":"2019-07-27T10:14:53","slug":"1-fc-08-hassloch-3","status":"publish","type":"post","link":"https:\/\/speyer24news.com\/?p=17106","title":{"rendered":"1. FC 08 Ha\u00dfloch"},"content":{"rendered":"<style type=\"text\/css\">\r\n\t.ads_top_disp{}\r\n\t.ads_top_corner_disp{ float:left; margin:0px 10px 10px 0px; }\r\n\t.ads_first_p_disp{}\r\n\t.ads_bottom_disp{}\r\n\t<\/style>\n<h2 class=\"wp-block-heading\">Verbandspokal &#8211; 08er eine Runde weiter<\/h2>\n\n\n\n<p><strong>(Edenkoben \/ Ha\u00dfloch) &#8211; <\/strong>Als einzige Mannschaft aus unserer Region erhielt der 1. FC 08 Ha\u00dfloch in der ersten Verbandspokalrunde kein Freilos, sah sich aber am Mittwochabend in Edenkoben vor keine gro\u00dfe Probleme gestellt. <\/p>\n\n\n\n<p>08-Trainer Andreas Brill spielte zwar nicht selbst mit, wagte aber ansonsten keine Experimente. Nach Patrick Coenens Treffer zur 1:0-Halbzeitf\u00fchrung trafen noch die Ha\u00dflocher Kaan Temizkan (57.), der erstmals bei einem Pflichtspiel in der Startformation ber\u00fccksichtigte Ibrahim Mastrorocco (64,) und Bogdan Griszhaber (89.) mit einem wundersch\u00f6nen Tor f\u00fcr die G\u00e4ste. <\/p>\n\n\n\n<p>In der zweiten Runde gastieren die 08er am kommenden <strong>Mittwoch, 31. Juli, 19.30 Uhr<\/strong>, beim Ligarivalen VTG Queichhambach.<\/p>\n\n\n\n<p><em>1 FC 08 Ha\u00dfloch, J\u00fcrgen H\u00fcrle<br>27.07.2019<\/em><\/p>\n","protected":false},"excerpt":{"rendered":"<div class=\"mh-excerpt\"><p>Verbandspokal &#8211; 08er eine Runde weiter (Edenkoben \/ Ha\u00dfloch) &#8211; Als einzige Mannschaft aus unserer Region erhielt der 1. FC 08 Ha\u00dfloch in der ersten Verbandspokalrunde kein Freilos, sah sich aber am Mittwochabend in Edenkoben <a class=\"mh-excerpt-more\" href=\"https:\/\/speyer24news.com\/?p=17106\" title=\"1. FC 08 Ha\u00dfloch\">[&#8230;]<\/a><\/p>\n<\/div>","protected":false},"author":3,"featured_media":15410,"comment_status":"open","ping_status":"open","sticky":false,"template":"","format":"standard","meta":{"_monsterinsights_skip_tracking":false,"_monsterinsights_sitenote_active":false,"_monsterinsights_sitenote_note":"","_monsterinsights_sitenote_category":0,"footnotes":""},"categories":[317],"tags":[320,318,180],"aioseo_notices":[],"amp_enabled":true,"_links":{"self":[{"href":"https:\/\/speyer24news.com\/index.php?rest_route=\/wp\/v2\/posts\/17106"}],"collection":[{"href":"https:\/\/speyer24news.com\/index.php?rest_route=\/wp\/v2\/posts"}],"about":[{"href":"https:\/\/speyer24news.com\/index.php?rest_route=\/wp\/v2\/types\/post"}],"author":[{"embeddable":true,"href":"https:\/\/speyer24news.com\/index.php?rest_route=\/wp\/v2\/users\/3"}],"replies":[{"embeddable":true,"href":"https:\/\/speyer24news.com\/index.php?rest_route=%2Fwp%2Fv2%2Fcomments&post=17106"}],"version-history":[{"count":1,"href":"https:\/\/speyer24news.com\/index.php?rest_route=\/wp\/v2\/posts\/17106\/revisions"}],"predecessor-version":[{"id":17107,"href":"https:\/\/speyer24news.com\/index.php?rest_route=\/wp\/v2\/posts\/17106\/revisions\/17107"}],"wp:featuredmedia":[{"embeddable":true,"href":"https:\/\/speyer24news.com\/index.php?rest_route=\/wp\/v2\/media\/15410"}],"wp:attachment":[{"href":"https:\/\/speyer24news.com\/index.php?rest_route=%2Fwp%2Fv2%2Fmedia&parent=17106"}],"wp:term":[{"taxonomy":"category","embeddable":true,"href":"https:\/\/speyer24news.com\/index.php?rest_route=%2Fwp%2Fv2%2Fcategories&post=17106"},{"taxonomy":"post_tag","embeddable":true,"href":"https:\/\/speyer24news.com\/index.php?rest_route=%2Fwp%2Fv2%2Ftags&post=17106"}],"curies":[{"name":"wp","href":"https:\/\/api.w.org\/{rel}","templated":true}]}}