{"id":17110,"date":"2019-07-27T11:56:48","date_gmt":"2019-07-27T10:56:48","guid":{"rendered":"https:\/\/speyer24news.com\/?p=17110"},"modified":"2019-07-27T11:56:50","modified_gmt":"2019-07-27T10:56:50","slug":"landau-9","status":"publish","type":"post","link":"https:\/\/speyer24news.com\/?p=17110","title":{"rendered":"Landau:"},"content":{"rendered":"<style type=\"text\/css\">\r\n\t.ads_top_disp{}\r\n\t.ads_top_corner_disp{ float:left; margin:0px 10px 10px 0px; }\r\n\t.ads_first_p_disp{}\r\n\t.ads_bottom_disp{}\r\n\t<\/style>\n<h2 class=\"wp-block-heading\">Rekordhitze in Landau: Wasserwerte im Schwanenweiher weiter stabil \u2013Langzeitpumpversuch pr\u00fcft mittelfristige Brunnenl\u00f6sung<\/h2>\n\n\n\n<div class=\"wp-block-image\"><figure class=\"aligncenter\"><img decoding=\"async\" loading=\"lazy\" width=\"800\" height=\"531\" src=\"https:\/\/speyer24news.com\/wp-content\/uploads\/2019\/07\/Info-369-Schwanenweiher.jpg\" alt=\"\" class=\"wp-image-17113\" srcset=\"https:\/\/speyer24news.com\/wp-content\/uploads\/2019\/07\/Info-369-Schwanenweiher.jpg 800w, https:\/\/speyer24news.com\/wp-content\/uploads\/2019\/07\/Info-369-Schwanenweiher-300x199.jpg 300w, https:\/\/speyer24news.com\/wp-content\/uploads\/2019\/07\/Info-369-Schwanenweiher-768x510.jpg 768w\" sizes=\"(max-width: 800px) 100vw, 800px\" \/><figcaption> Der Schwanenweiher in Landau. Das innerst\u00e4dtische Gew\u00e4sser soll mittelfristig saniert werden.<\/figcaption><\/figure><\/div>\n\n\n\n<p>Entwarnung kann noch nicht gegeben werden, aber die Wasserwerte des Landauer Schwanenweihers sind trotz der aktuellen Rekordtemperaturen vorerst stabil. Das st\u00e4dtische Umweltamt l\u00e4sst t\u00e4glich Messungen durchf\u00fchren, um schnell reagieren zu k\u00f6nnen, sollten die Werte schlechter bzw. gef\u00e4hrlich f\u00fcr die dort lebenden Fische werden. <\/p>\n\n\n\n<p>Im Rahmen der Sanierungsplanung des Schwanenweihers und der Umgestaltung des Ostparks wurde bei der Struktur- und Genehmigungsdirektion (SGD) S\u00fcd in Neustadt ein sogenannter Langzeitpumpversuch beantragt. Dabei wird gepr\u00fcft, ob aus dem Grundwasserbrunnen an der S\u00fcdseite des Gew\u00e4ssers ausreichend Wasser gef\u00f6rdert werden kann, um den Weiher das ganze Jahr \u00fcber mit Wasser zu versorgen \u2013 und damit die Queich gerade im Sommer bei niedrigem Pegelstand zu schonen. Dieser Antrag wurde von der SGD jetzt genehmigt. Am kommenden Montag, 29. Juli, wird der Pumpversuch gestartet.<\/p>\n\n\n\n<p><em>Stadt Landau in der Pfalz<br>27.07.2019<\/em><\/p>\n\n\n\n<h2 class=\"wp-block-heading\">47. Nu\u00dfdorfer Weinkerwe von 2. bis 6. August \u2013 Schoppenb\u00e4hnel verkehrt im 20-Minuten-Takt zwischen Landau und Nu\u00dfdorf<\/h2>\n\n\n\n<div class=\"wp-block-image\"><figure class=\"aligncenter\"><img decoding=\"async\" loading=\"lazy\" width=\"500\" height=\"686\" src=\"https:\/\/speyer24news.com\/wp-content\/uploads\/2019\/07\/Info-370-Weinkerwe-Nu\u00dfdorf.jpg\" alt=\"\" class=\"wp-image-17112\" srcset=\"https:\/\/speyer24news.com\/wp-content\/uploads\/2019\/07\/Info-370-Weinkerwe-Nu\u00dfdorf.jpg 500w, https:\/\/speyer24news.com\/wp-content\/uploads\/2019\/07\/Info-370-Weinkerwe-Nu\u00dfdorf-219x300.jpg 219w\" sizes=\"(max-width: 500px) 100vw, 500px\" \/><figcaption> Zum Wohl, die Pfalz: Von Freitag, 2. August,  bis Dienstag, 6. August, l\u00e4dt das Landauer Stadtdorf Nu\u00dfdorf zu seiner  47. Weinkerwe. <\/figcaption><\/figure><\/div>\n\n\n\n<p>Zum Wohl, die Pfalz: Nu\u00dfdorf ist das n\u00e4chste Landauer Stadtdorf, das seine Weinkerwe feiert. Am <strong>Freitag, 2. August<\/strong>, wird die Kerwe mit dem obligatorischen Fassanstich durch Oberb\u00fcrgermeister Thomas Hirsch, Ortsvorsteher Dr. Thorsten S\u00f6gding und die Landauer Weinprinzessin Alicia I. er\u00f6ffnet. Die Kerwe findet am Feuerwehrhaus, im Kerwehof der Landjugend in der Kirchstra\u00dfe 44, im historischen Schulhof, im Garten der Villa Hochd\u00f6rffer, im Weingut M\u00fcnch und im WEIN.GUT.PAN statt.<\/p>\n\n\n\n<p>Wie auch schon in den vergangenen Jahren pendelt das Schoppenb\u00e4hnel von Freitag bis Montag alle 20 Minuten vom Alten Messplatz in Landau nach Nu\u00dfdorf: Am Freitag von 17 bis 1 Uhr, am Samstag von 17:30 bis 2 Uhr, am Sonntag von 11 bis 23 Uhr und am Montag von 17:30 bis 1 Uhr. <\/p>\n\n\n\n<p>Am Freitag legt ab 20:30 Uhr DJ Lunex im Kerwehof der Landjugend auf, beim Turnverein 1913 Nu\u00dfdorf im historischen Schulhof spielt die Band \u201eCrush\u201c und im WEIN.GUT.PAN tritt ab 20 Uhr die Deutschrock-Coverband \u201eSaftwerk\u201c auf.<\/p>\n\n\n\n<p>Am Samstag d\u00fcrfen sich die Besucherinnen und Besucher der Kerwe im historischen Schulhof auf die Band \u201eHard To Handle\u201c freuen, im WEIN.GUT.PAN treten \u201eThe Bishops\u201c auf und im Kerwehof der Landjugend wird DJ Denny Delano ab 20:30 Uhr f\u00fcr Stimmung sorgen. <\/p>\n\n\n\n<p>Am Sonntag findet um 10 Uhr in der Villa Hochd\u00f6rffer ein Gottesdienst statt. Von 11 bis 17 Uhr gibt es f\u00fcr die Kinder eine H\u00fcpfburg und ein Kistenstapeln mit dem THW. Um 11 Uhr und auch abends ab 19:30 Uhr tritt die Band \u201eAcoustic Vibration\u201c im WEIN.GUT.PAN auf. Im Kerwehof der Landjugend d\u00fcrfen sich die G\u00e4ste ab 20 Uhr auf \u201eThe Bombshells\u201c freuen. <\/p>\n\n\n\n<p>Am Montag treten im Kerwehof ab 20 Uhr \u201eFlash\u2019K\u2019Swag\u201c auf, im WEIN.GUT.PAN ab 19:30 Uhr \u201eOli Dums &amp; Band\u201c, und im historischen Schulhof die Band \u201eSchuckeria\u201c. <\/p>\n\n\n\n<p>Am Dienstag bildet der Auftritt der \u201eDicken Kinder\u201c im WEIN.GUT.PAN den Abschluss der Nu\u00dfdorfer Weinkerwe.<\/p>\n\n\n\n<p>W\u00e4hrend des gesamten Kerwewochenendes gibt es in den verschiedenen H\u00f6fen und Stationen ein gro\u00dfes, t\u00e4glich wechselndes Speisen- und Getr\u00e4nkeangebot. Von Freitag bis Sonntag \u00f6ffnet in der Lindenbergstra\u00dfe 52 au\u00dferdem Fotografin Sibylle Hoffmann f\u00fcr eine Ausstellung ihre T\u00fcren. <\/p>\n\n\n\n<p><em>Stadt Landau in der Pfalz<br>27.07.2019<\/em><\/p>\n","protected":false},"excerpt":{"rendered":"<div class=\"mh-excerpt\"><p>Rekordhitze in Landau: Wasserwerte im Schwanenweiher weiter stabil \u2013Langzeitpumpversuch pr\u00fcft mittelfristige Brunnenl\u00f6sung Entwarnung kann noch nicht gegeben werden, aber die Wasserwerte des Landauer Schwanenweihers sind trotz der aktuellen Rekordtemperaturen vorerst stabil. Das st\u00e4dtische Umweltamt l\u00e4sst <a class=\"mh-excerpt-more\" href=\"https:\/\/speyer24news.com\/?p=17110\" title=\"Landau:\">[&#8230;]<\/a><\/p>\n<\/div>","protected":false},"author":3,"featured_media":16770,"comment_status":"open","ping_status":"open","sticky":false,"template":"","format":"standard","meta":{"_monsterinsights_skip_tracking":false,"_monsterinsights_sitenote_active":false,"_monsterinsights_sitenote_note":"","_monsterinsights_sitenote_category":0,"footnotes":""},"categories":[675],"tags":[58,2398,2399,2400,2396,2397],"aioseo_notices":[],"amp_enabled":true,"_links":{"self":[{"href":"https:\/\/speyer24news.com\/index.php?rest_route=\/wp\/v2\/posts\/17110"}],"collection":[{"href":"https:\/\/speyer24news.com\/index.php?rest_route=\/wp\/v2\/posts"}],"about":[{"href":"https:\/\/speyer24news.com\/index.php?rest_route=\/wp\/v2\/types\/post"}],"author":[{"embeddable":true,"href":"https:\/\/speyer24news.com\/index.php?rest_route=\/wp\/v2\/users\/3"}],"replies":[{"embeddable":true,"href":"https:\/\/speyer24news.com\/index.php?rest_route=%2Fwp%2Fv2%2Fcomments&post=17110"}],"version-history":[{"count":2,"href":"https:\/\/speyer24news.com\/index.php?rest_route=\/wp\/v2\/posts\/17110\/revisions"}],"predecessor-version":[{"id":17114,"href":"https:\/\/speyer24news.com\/index.php?rest_route=\/wp\/v2\/posts\/17110\/revisions\/17114"}],"wp:featuredmedia":[{"embeddable":true,"href":"https:\/\/speyer24news.com\/index.php?rest_route=\/wp\/v2\/media\/16770"}],"wp:attachment":[{"href":"https:\/\/speyer24news.com\/index.php?rest_route=%2Fwp%2Fv2%2Fmedia&parent=17110"}],"wp:term":[{"taxonomy":"category","embeddable":true,"href":"https:\/\/speyer24news.com\/index.php?rest_route=%2Fwp%2Fv2%2Fcategories&post=17110"},{"taxonomy":"post_tag","embeddable":true,"href":"https:\/\/speyer24news.com\/index.php?rest_route=%2Fwp%2Fv2%2Ftags&post=17110"}],"curies":[{"name":"wp","href":"https:\/\/api.w.org\/{rel}","templated":true}]}}