{"id":17249,"date":"2019-07-28T20:36:58","date_gmt":"2019-07-28T19:36:58","guid":{"rendered":"https:\/\/speyer24news.com\/?p=17249"},"modified":"2019-07-28T20:36:59","modified_gmt":"2019-07-28T19:36:59","slug":"polizei-26","status":"publish","type":"post","link":"https:\/\/speyer24news.com\/?p=17249","title":{"rendered":"Polizei:"},"content":{"rendered":"<style type=\"text\/css\">\r\n\t.ads_top_disp{}\r\n\t.ads_top_corner_disp{ float:left; margin:0px 10px 10px 0px; }\r\n\t.ads_first_p_disp{}\r\n\t.ads_bottom_disp{}\r\n\t<\/style>\n<h2 class=\"wp-block-heading\">Polizeimeldungen vom Sonntag (28.07.2019)<\/h2>\n\n\n\n<div class=\"wp-block-image\"><figure class=\"aligncenter\"><img decoding=\"async\" src=\"https:\/\/speyer24news.com\/wp-content\/uploads\/2019\/07\/Aktuelles-Polizeilogo-1.jpg\" alt=\"\" class=\"wp-image-16637\"\/><\/figure><\/div>\n\n\n\n<h4 class=\"wp-block-heading\">(Speyer) &#8211; Nach Unfall gefl\u00fcchtet<\/h4>\n\n\n\n<p>Einen Sachschaden von circa 400 Euro verursachte am fr\u00fchen Samstagabend  ein unbekannter Verkehrsteilnehmer in einer &#8222;Garagenstra\u00dfe&#8220; in Speyer  West. Der Unbekannte war von der Kurt-Schumacher Stra\u00dfe in die  &#8222;Garagenstra\u00dfe&#8220; eingefahren und wollte dort offensichtlich wenden. Bei  dem Wendeman\u00f6ver kollidierte er mit einem Garagentor und dellte dies  gro\u00dffl\u00e4chig ein. Ohne sich um den entstandenen Sachschaden zu k\u00fcmmern  verlie\u00df der Unbekannte die Unfall\u00f6rtlichkeit. Zu dem Verursacher sind  keinerlei Informationen vorhanden. <\/p>\n\n\n\n<p>Zeugenhinweise nimmt die Polizei unter Tel.-Nr. 06232-1370 oder per Mail an <a href=\"mailto:pispeyer@polizei.rlp.de\">pispeyer@polizei.rlp.de<\/a> entgegen. <\/p>\n\n\n\n<h4 class=\"wp-block-heading\">(Speyer) &#8211; Unter Drogeneinfluss Unfall gebaut<\/h4>\n\n\n\n<p>Mit einem Ermittlungsverfahren wegen Trunkenheit im Stra\u00dfenverkehr muss  ein 24-j\u00e4hriger Mann rechnen, der mit seinem Fahrrad am  Samstagnachmittag in einen Verkehrsunfall verwickelt war. Der Mann  befuhr die Stra\u00dfe &#8222;Am Technik Museum&#8220; und wollte vor der Einm\u00fcndung  Heinkelstra\u00dfe die Stra\u00dfe fahrradfahrend \u00fcberqueren. Hierbei \u00fcbersah er  den PKW eines 58-j\u00e4hrigen aus Speyer, der die Stra\u00dfe &#8222;Am Technik Museum&#8220;  in gleicher Richtung befuhr. Fahrrad und PKW kollidierten, wobei der  Radfahrer nicht st\u00fcrzte und sich nicht verletzte. Im Zuge der  Unfallaufnahme konnten die Beamten Hinweise auf den Konsum von  Bet\u00e4ubungsmittel bei dem 24- j\u00e4hrigen Mann erlangen. Der durchgef\u00fchrte  Vortest best\u00e4tigte den Verdacht, weshalb dem Mann eine Blutprobe  entnommen wurde. Die Weiterfahrt mit dem Fahrrad wurde dem 24-j\u00e4hrigen  untersagt. An Fahrrad und PKW entstand ein wirtschaftlicher Sachschaden  von insgesamt 850 Euro. <\/p>\n\n\n\n<h4 class=\"wp-block-heading\">(B\u00f6hl-Iggelheim \/ Schifferstadt) &#8211; Gleich zwei Geldbeuteldiebst\u00e4hle aus Einkaufswagen<\/h4>\n\n\n\n<p>Am Samstag, den 27.07.2019, wurde einer 78-j\u00e4hrigen Kundin in einem  Supermarkt in B\u00f6hl-Iggelheim der Geldbeutel aus dem Einkaufswagen  entwendet. Diesen verstaute sie in einem mittels Rei\u00dfverschluss  geschlossenen Korb, der wiederum im Einkaufswagen stand. Gegen 15:15 Uhr  kam es zu einem gleichgelagerten Diebstahl in Schifferstadt in der  Waldseer Stra\u00dfe. Hier war das Portemonnaie einer 65- J\u00e4hrigen Dame in  einer Tasche unter den Eink\u00e4ufen im Einkaufswagen abgelegt. Die Polizei  warnt in diesem Zusammenhang abermals davor, Wertgegenst\u00e4nde w\u00e4hrend  eines Einkaufes unbeaufsichtigt im Einkaufswagen liegen zu lassen. Auch  ein nur kurzes Wegdrehen ist f\u00fcr vermeintliche Diebe ausreichend, den  Geldbeutel unbemerkt zu entwenden. Zeugen werden gebeten, sich mit der  Polizei Schifferstadt unter 06235 495-0 oder <a href=\"mailto:pischifferstadt@polizei.rlp.de\">pischifferstadt@polizei.rlp.de<\/a> in Verbindung zu setzen. <\/p>\n\n\n\n<h4 class=\"wp-block-heading\">(Schifferstadt) &#8211; Trunkenheitsfahrt mit 1,75 Promille<\/h4>\n\n\n\n<p>In der Nacht zum Samstag wurde durch einen Angeh\u00f6rigen der Feuerwehr  ein sehr langsam fahrendes Fahrzeug gemeldet. Der Fahrer sei zudem  Schlangenlinien gefahren. Das Fahrzeug wurde vom Mitteiler bis zu einer  Firma in Schifferstadt verfolgt. Der Fahrer wurde durch die eingesetzten  Beamten kontrolliert. Ein Atemalkoholtest ergab einen Wert von 1,75  Promille. Der 42-j\u00e4hrige Autofahrer gab an, nur zwei Bier getrunken zu  haben, dennoch musste er die Polizisten zur Dienststelle begleiten, wo  ihm eine Blutprobe entnommen wurde. Sein F\u00fchrerschein wurde einbehalten  und ein Strafverfahren wegen Trunkenheit im Verkehr eingeleitet. <\/p>\n\n\n\n<h4 class=\"wp-block-heading\">(Limburgerhof) &#8211; Wertgegenst\u00e4nde aus dem offenen PKW entwendet<\/h4>\n\n\n\n<p>Am Freitagabend, gegen 18:30 Uhr, war der Gesch\u00e4digte in der  Brunckstra\u00dfe gerade dabei, seine Eink\u00e4ufe ins Haus zu tragen, als  unbekannte T\u00e4ter die Gelegenheit nutzten und aus dem Fahrzeuginneren die  Geldb\u00f6rse und einen Schl\u00fcsselbund entwendeten. Die Geldb\u00f6rse war von  au\u00dfen sichtbar auf dem Ablagefach \u00fcber dem Armaturenbrett abgelegt.  Zeugen werden gebeten, sich mit der Polizei Schifferstadt unter 06235  495-0 oder <a href=\"mailto:pischifferstadt@polizei.rlp.de\">pischifferstadt@polizei.rlp.de<\/a> in Verbindung zu setzen. <\/p>\n\n\n\n<h4 class=\"wp-block-heading\">(Altrip) &#8211; Jugendliche nach Ruhest\u00f6rung gefl\u00fcchtet<\/h4>\n\n\n\n<p>Am Samstagabend, gegen 23:00 Uhr, wurde durch Anwohner ruhest\u00f6render  L\u00e4rm, ausgehend von mehreren Jugendlichen hinter dem Sportplatz  gemeldet. Als die Polizei vor Ort eintraf, konnten mehrere Jugendliche  erblickt werden, welche gerade mit Fahrr\u00e4dern in verschiedene Richtungen  fl\u00fcchteten. Auf dem Skate-Platz konnten zwei Rucks\u00e4cke im Geb\u00fcsch  aufgefunden werden. In einem Rucksack befand sich unter anderem ein  Haust\u00fcrschl\u00fcssel mit einem wei\u00dfen Kreuz als Anh\u00e4nger. <\/p>\n\n\n\n<h4 class=\"wp-block-heading\">(Neupotz \/ B 9) &#8211; Fl\u00e4chenbrand<\/h4>\n\n\n\n<p>Zu einem Fl\u00e4chenbrand (ca. 100 Quadratmeter) neben der B9 zwischen  Neupotz und Kuhardt kam es am 27.7. gegen 17:45h. Wegen der  L\u00f6scharbeiten musste der rechte Fahrstreifen in Richtung Germersheim  gesperrt werden. Seitens der Feuerwehr wird eine Selbstentz\u00fcndung als  Ursache vermutet. <\/p>\n\n\n\n<h4 class=\"wp-block-heading\">(Neupotz) &#8211; Einbr\u00fcche in 2 benachbarte Vereinsheime<\/h4>\n\n\n\n<p>In der Nacht von Freitag auf Samstag kam es zu zwei Einbr\u00fcchen in  Vereinsheime in Neupotz. Die\/Der derzeit noch unbekannte T\u00e4ter drangen  jeweils durch Fenster in die Vereinsheim ein und entwendeten Bargeld.  Die Polizei bittet um Hinweise aus der Bev\u00f6lkerung. <\/p>\n\n\n\n<h4 class=\"wp-block-heading\">(W\u00f6rth am Rhein) &#8211; Verletzte Person bei Bootsunfall<\/h4>\n\n\n\n<div class=\"wp-block-image\"><figure class=\"aligncenter\"><img decoding=\"async\" loading=\"lazy\" width=\"800\" height=\"583\" src=\"https:\/\/speyer24news.com\/wp-content\/uploads\/2019\/07\/28.07.19-W\u00f6rth-Bootsunfall.jpg\" alt=\"\" class=\"wp-image-17250\" srcset=\"https:\/\/speyer24news.com\/wp-content\/uploads\/2019\/07\/28.07.19-W\u00f6rth-Bootsunfall.jpg 800w, https:\/\/speyer24news.com\/wp-content\/uploads\/2019\/07\/28.07.19-W\u00f6rth-Bootsunfall-300x219.jpg 300w, https:\/\/speyer24news.com\/wp-content\/uploads\/2019\/07\/28.07.19-W\u00f6rth-Bootsunfall-768x560.jpg 768w\" sizes=\"(max-width: 800px) 100vw, 800px\" \/><figcaption>verungl\u00fccktes Holzmotorboot<\/figcaption><\/figure><\/div>\n\n\n\n<p>Am Sonntagnachmittag gegen 14:45 Uhr kam es im Landeshafen in W\u00f6rth am  Rhein zu einem Unfall mit einem Motorboot. Das Boot wurde zum \u00dcbersetzen  auf eine kleine Insel innerhalb des Landeshafens genutzt, um dort ein  Hochzeitsjubil\u00e4um zu feiern. Als sich das kleine Holzmotorboot aus  bislang unbekannten Gr\u00fcnden mit Wasser f\u00fcllte und drohte unterzugehen,  befanden sich sieben Personen auf diesem. Die auf dem Boot befindlichen  Personen konnten sich teils eigenst\u00e4ndig und teils mithilfe von  Passanten ans Ufer retten. Ein 41-j\u00e4hriger Mann aus dem Kreis S\u00fcdliche  Weinstra\u00dfe geriet hierbei in Panik, sodass er von den Mitinsassen an  Land gezogen werden musste. Der Mann wurde hierbei leicht verletzt und  zur weiteren Behandlung ins Krankenhaus verbracht. <\/p>\n\n\n\n<p>W\u00e4hrend des Einsatzes war auch ein Rettungshubschrauber an der Ungl\u00fccksstelle. <\/p>\n\n\n\n<p>Inwiefern\n die Personen berechtigt auf dem Boot unterwegs waren ist noch \nungekl\u00e4rt. Weitere Ermittlungen, auch hinsichtlich m\u00f6glicher Verst\u00f6\u00dfe \ndes Bootsf\u00fchrers, hat die Wasserschutzpolizei in Germersheim \u00fcbernommen.\n <\/p>\n\n\n\n<p>Zeugenhinweise nimmt die Wasserschutzpolizei Germersheim oder die Polizeiinspektion in W\u00f6rth am Rhein entgegen. <\/p>\n\n\n\n<h4 class=\"wp-block-heading\">(W\u00f6rth am Rhein) &#8211; Schlangenschrei<\/h4>\n\n\n\n<p>Besorgt den Schrei seiner Nachbarin gemeldet hat am Freitag 26.7. ein  Bewohner von W\u00f6rth. Die vermeintliche Gefahrenlage stellte sich f\u00fcr die  Polizei vor Ort als harmlos dar: Die Frau hatte sich wegen einer  Schlange erschrocken, welche sich hinter ihrem Briefkasten versteckt  hatte. R\u00fccksprache mit einem Reptilienzoo ergab, dass es sich um eine  ungiftige Ringelnatter handelte. <\/p>\n\n\n\n<h4 class=\"wp-block-heading\">(W\u00f6rth OT Maximiliansau) &#8211; Unfallflucht<\/h4>\n\n\n\n<p>Im Zeitraum vom 25.7. bis 26.7. wurde durch einen unbekannten  Fahrzeugf\u00fchrer vermutlich beim Wenden die Hausecke des Anwesens  Weidenweg 3 in W\u00f6rth am Rhein besch\u00e4digt. Wer kann Hinweise zu dem  Fahrzeug geben, welches in einer H\u00f6he von circa 48-63cm besch\u00e4digt sein  d\u00fcrfte? Vage Hinweise liegen vor, dass es sich um ein wei\u00dfes Fahrzeug  gehandelt habe. <\/p>\n\n\n\n<h4 class=\"wp-block-heading\">(Bad Bergzabern) &#8211; Sachbesch\u00e4digung an Fahrzeug<\/h4>\n\n\n\n<p>In der Nacht von Mittwoch, dem 24.07.19, auf Donnerstag, dem 25.07.19,  schlug ein bislang unbekannter T\u00e4ter mutwillig den linken Au\u00dfenspiegel  an einem in der Beethovenstra\u00dfe in Bad Bergzabern geparkten Smart ab.  Hierdurch entstand ein Sachschaden von mehreren hundert Euro. Hinweise  auf den oder die bislang unbekannten T\u00e4ter nimmt die Polizeiinspektion  Bad Bergzabern, unter Telefon 06343\/93340 oder per unter <a href=\"mailto:pibadbergzabern@polizei.rlp.de\">pibadbergzabern@polizei.rlp.de<\/a>, sowie jede andere Polizeidienststelle entgegen. <\/p>\n\n\n\n<h4 class=\"wp-block-heading\">(Bad Bergzabern) &#8211; Verletzter Krad Fahrer<\/h4>\n\n\n\n<p>Ein 60 Jahre alter Motorradfahrer  befuhr am 27.7.2019, gg. 14:30, Uhr  die Landstra\u00dfe 545 von Steinfeld kommend in Richtung Bad Bergzabern. In  einer Rechtskurve verlor er aufgrund unangepasster Geschwindigkeit in  Verbindung mit einem kleinen Fahrfehler die Kontrolle \u00fcber sein Motorrad  und kam nach links von der Fahrbahn ab. Bei dem Sturz verletzte sich  der Motorradfahrer schwer, aber nicht lebensgef\u00e4hrlich. Er wurde ins  Klinikum Bad Bergzabern verbracht, wo er station\u00e4r verblieb. F\u00fcr den  Unfall gibt es Zeugen. <\/p>\n\n\n\n<h4 class=\"wp-block-heading\">(Landau) &#8211; Verkehrsunfall mit Personenschaden<\/h4>\n\n\n\n<p>Ein 25-j\u00e4hriger PKW-Fahrer befuhr am Samstagabend mit seinem Fahrzeug die  Wei\u00dfquartierstra\u00dfe aus Richtung Industriestra\u00dfe kommend in Fahrtrichtung  Martin-Luther-Stra\u00dfe in Landau. An der Einm\u00fcndung Ostbahnstra\u00dfe  \u00fcberquerte eine Fu\u00dfg\u00e4ngerin den dortigen Fu\u00dfg\u00e4nger\u00fcberweg von rechts  nach links. Der PKW-Fahrer war nach eigener Aussage in Gedanken und sah  die Fu\u00dfg\u00e4ngerin zu sp\u00e4t. Er bremste noch stark ab, konnte jedoch einen  Zusammensto\u00df nicht vermeiden. Die Fu\u00dfg\u00e4ngerin st\u00fcrzte zu Boden und  erlitt dabei eine Knieprellung und eine Sch\u00fcrfwunde jeweils am linken  Knie. Am PKW entstand kein Schaden. <\/p>\n\n\n\n<h4 class=\"wp-block-heading\">(Edenkoben) &#8211; N\u00e4chtlicher Stromausfall<\/h4>\n\n\n\n<p>Am 27.07.2019, gegen 22:00 Uhr, kam es in Edenkoben aufgrund eines  Brandes in einem Stromverteilerh\u00e4uschen zum Stromausfall. Der Brand  wurde durch die Feuerwehr gel\u00f6scht, die Brandursache sowie die  Schadensh\u00f6he sind noch unbekannt. Durch den Stromausfall kam es u.a. zum  Ausfall der Festnetztelefonanlage der hiesigen Polizeiinspektion, sowie  zu diversen Ausl\u00f6sungen von Alarmanlagen. Gegen 00:00 Uhr konnte die  St\u00f6rung im Stromnetz behoben werden. <\/p>\n\n\n\n<h4 class=\"wp-block-heading\">(Edenkoben) &#8211; Schwerer Unfall auf BAB 65<\/h4>\n\n\n\n<div class=\"wp-block-image\"><figure class=\"aligncenter\"><img decoding=\"async\" loading=\"lazy\" width=\"800\" height=\"599\" src=\"https:\/\/speyer24news.com\/wp-content\/uploads\/2019\/07\/27.07.19-Edenkoben-VU.jpg\" alt=\"\" class=\"wp-image-17251\" srcset=\"https:\/\/speyer24news.com\/wp-content\/uploads\/2019\/07\/27.07.19-Edenkoben-VU.jpg 800w, https:\/\/speyer24news.com\/wp-content\/uploads\/2019\/07\/27.07.19-Edenkoben-VU-300x225.jpg 300w, https:\/\/speyer24news.com\/wp-content\/uploads\/2019\/07\/27.07.19-Edenkoben-VU-768x575.jpg 768w, https:\/\/speyer24news.com\/wp-content\/uploads\/2019\/07\/27.07.19-Edenkoben-VU-678x509.jpg 678w, https:\/\/speyer24news.com\/wp-content\/uploads\/2019\/07\/27.07.19-Edenkoben-VU-326x245.jpg 326w, https:\/\/speyer24news.com\/wp-content\/uploads\/2019\/07\/27.07.19-Edenkoben-VU-80x60.jpg 80w\" sizes=\"(max-width: 800px) 100vw, 800px\" \/><figcaption>Unfall<\/figcaption><\/figure><\/div>\n\n\n\n<p>Am 27.07.2019, gegen 09:45 Uhr, kam es auf der BAB 65, Fahrtrichtung  Karlsruhe, in H\u00f6he der Anschlussstelle Edenkoben, zu einem schweren  Verkehrsunfall. Die 44j\u00e4hrige Unfallverursacherin aus dem Raum Mannheim  befuhr mit ihrem Pkw die rechte Fahrspur der Autobahn. In H\u00f6he der  Anschlussstelle Edenkoben wollte sie dem auffahrenden Verkehr das  Auffahren auf die BAB erleichtern und auf die linke Fahrspur wechseln.  Hierbei \u00fcbersah sie den Pkw einer 50j\u00e4hrigen aus Niedersachsen, welche  bereits die linke Fahrspur befuhr. Die Verursacherin bemerkte das  herankommende Fahrzeug im letzten Moment und wechselte zur\u00fcck auf die  rechte Spur. Die andere Fahrerin hatte aber bereits ein Ausweichman\u00f6ver  eingeleitet, um einen Zusammensto\u00df zu verhindern. Hierdurch verlor diese  die Kontrolle \u00fcber ihren Pkw und schleuderte nach rechts in die  B\u00f6schung, wo sich das Fahrzeug \u00fcberschlug und auf dem Dach zum Liegen  kam. Durch den Unfall wurde die 60j\u00e4hrige Beifahrerin, ebenfalls aus  Niedersachsen, leicht verletzt. Diese konnte sich eigenst\u00e4ndig aus dem  Fahrzeug befreien. Die 50j\u00e4hrige Fahrzeugf\u00fchrerin verletzte sich schwer  und musste durch Ersthelfer aus dem Fahrzeug gezogen werden. Die  Schwerverletzte wurde durch die verst\u00e4ndigten Rettungskr\u00e4fte in ein  umliegendes Krankenhaus gebracht. Am besch\u00e4digten Fahrzeug entstand  wirtschaftlicher Totalschaden. F\u00fcr die Bergung des Pkw musste die rechte  Fahrspur der BAB kurzzeitig gesperrt werden. <\/p>\n\n\n\n<h4 class=\"wp-block-heading\">(Venningen) &#8211; Illegale M\u00fcllhalde<\/h4>\n\n\n\n<p>Am 27.07.2019, gegen 09:30 Uhr, wird hiesiger Dienststelle eine  illegale M\u00fcllhalde im Bereich der Talstation der Rietburgbahn gemeldet.  Die eingesetzten Beamten konnten ca. 200m oberhalb der Talstation, neben  einem Waldweg, einen gro\u00dfen Haufen Bauschutt feststellen, welcher durch  Unbekannte dort abgeladen wurde. Ob der Schutt umweltgef\u00e4hrdende Stoffe  enth\u00e4lt, muss noch ermittelt werden. <\/p>\n\n\n\n<p>Zeugenhinweise nimmt die PI Edenkoben unter 06323 955-0 oder per Mail an <a href=\"mailto:piedenkoben@polizei.rlp.de\">piedenkoben@polizei.rlp.de<\/a> entgegen. <\/p>\n\n\n\n<h4 class=\"wp-block-heading\">(Neustadt) &#8211; Lkw-Fahrer unter Alkoholeinfluss<\/h4>\n\n\n\n<p>Am Samstag (27.07.2019), gg. 20.00 h, war ein 50j\u00e4hriger Lkw-Fahrer in  der Dr.-Julius-Leber-Stra\u00dfe dabei, mit seinem Zugfahrzeug einen Anh\u00e4nger  anzukuppeln. Beim Rangieren kollidierte er mit einem geparkten Lkw.  Nach dem Ankuppeln seines Anh\u00e4ngers wollte der Lkw-Fahrer weiterfahren,  konnte jedoch durch zwei Zeugen davon abgehalten werden. Aufgrund des  deutlich wahrnehmbaren Alkoholgeruchs wurde ein Alcotest angeboten,  welcher einen Wert von 2,58 Promille ergab. Der F\u00fchrerschein wurde  sichergestellt, ein Strafverfahren eingeleitet. <\/p>\n\n\n\n<h4 class=\"wp-block-heading\">(Lambrecht) &#8211; An 2 Fahrzeugen Reifen platt gestochen<\/h4>\n\n\n\n<div class=\"wp-block-image\"><figure class=\"aligncenter\"><img decoding=\"async\" loading=\"lazy\" width=\"800\" height=\"600\" src=\"https:\/\/speyer24news.com\/wp-content\/uploads\/2019\/07\/27.07.19-Lambrecht-ReifenSB.jpg\" alt=\"\" class=\"wp-image-17252\" srcset=\"https:\/\/speyer24news.com\/wp-content\/uploads\/2019\/07\/27.07.19-Lambrecht-ReifenSB.jpg 800w, https:\/\/speyer24news.com\/wp-content\/uploads\/2019\/07\/27.07.19-Lambrecht-ReifenSB-300x225.jpg 300w, https:\/\/speyer24news.com\/wp-content\/uploads\/2019\/07\/27.07.19-Lambrecht-ReifenSB-768x576.jpg 768w, https:\/\/speyer24news.com\/wp-content\/uploads\/2019\/07\/27.07.19-Lambrecht-ReifenSB-678x509.jpg 678w, https:\/\/speyer24news.com\/wp-content\/uploads\/2019\/07\/27.07.19-Lambrecht-ReifenSB-326x245.jpg 326w, https:\/\/speyer24news.com\/wp-content\/uploads\/2019\/07\/27.07.19-Lambrecht-ReifenSB-80x60.jpg 80w\" sizes=\"(max-width: 800px) 100vw, 800px\" \/><figcaption>besch\u00e4digter Reifen<\/figcaption><\/figure><\/div>\n\n\n\n<p>Gleich an zwei Fahrzeugen wurden vermutlich in der Nacht von Freitag,  26.07.2019, auf Samstag, 27.07.2019, die Reifen platt gestochen. W\u00e4hrend  auf dem SBK-Parkplatz alle 4 Reifen eines Audis platt gestochen wurden,  wurden bei einem Citroen in der Wiesenstra\u00dfe lediglich die beiden  Reifen der Beifahrerseite mit mehreren Stichen besch\u00e4digt. Wer  sachdienliche Hinweise, insbesondere zu den\/dem T\u00e4ter(n) geben kann,  wird gebeten, sich mit der Polizeiinspektion Neustadt in Verbindung zu  setzen. <\/p>\n\n\n\n<h4 class=\"wp-block-heading\">(Lachen-Speyerdorf) &#8211; Besch\u00e4digte Gasleitung<\/h4>\n\n\n\n<p>Am Samstag, den 27.07.2019 um 15:56 Uhr, wurde bei der Verlegung eines  Glasfaserkabels eine Gasleitung besch\u00e4digt, wodurch es zum Gasaustritt  kam. Vorsorglich wurden die sich in unmittelbarer N\u00e4he befindlichen  Wohnh\u00e4user ger\u00e4umt. Da das Gas nicht einfach abgestellt werden konnte,  mussten umfangreichere Tiefbauarbeiten erfolgen, um den Schaden zu  beheben. W\u00e4hrend der Arbeiten musste der Bereich um die  Lilienthalstra\u00dfe\/Flugplatzstra\u00dfe komplett gesperrt werden.  Neben  Polizei und Rettungsdienst, waren die Wehren Neustadt, Geinsheim,  Duttweiler, Lachen-Speyerdorf, sowie der Katastrophenschutz und die  Stadtwerke vor Ort. <\/p>\n\n\n\n<h4 class=\"wp-block-heading\">(Freinsheim) &#8211; Einbruch in Wohnmobil<\/h4>\n\n\n\n<p>In der Nacht von Samstag, 27.7.2019, auf Sonntag, 28.07.2019, wurde ein  Wohnmobil aufgebrochen, das im Bereich der Friedhofstra\u00dfe in Freinsheim  auf einem Parkplatz abgestellt worden war. Wer sachdienliche Hinweise,  insbesondere zu den\/dem T\u00e4ter(n) geben kann, wird gebeten, sich mit der  Polizeiinspektion Bad D\u00fcrkheim unter der Telefonnummer Tel. 06322\/963-0,  oder per Email  <a href=\"mailto:pibadduerkheim@polizei.rlp.de\">pibadduerkheim@polizei.rlp.de<\/a> in Verbindung zu setzen. <\/p>\n\n\n\n<h4 class=\"wp-block-heading\">(Frankenthal) &#8211; Versuchter Diebstahl von Auspuff<\/h4>\n\n\n\n<p>In der Nacht von Samstag auf Sonntag meldet ein aufmerksamer Zeuge, das  zwei verd\u00e4chte Personen in der Robert-Koch-Stra\u00dfe in Frankenthal an  einem Auto am Auspuff herumschrauben w\u00fcrden. Die verd\u00e4chtigen Personen  k\u00f6nnen durch die Polizei angetroffen werden. Es handelt sich um einen  32-j\u00e4hrigen Frankenthaler und einen 23-j\u00e4hrigen Mann aus Rum\u00e4nien. Es  stellt sich heraus, dass die Beschuldigten den Auspuff als Ersatzteil  entwenden wollten. Gegen die Personen wird nun wegen des versuchten  Diebstahls ermittelt. <\/p>\n\n\n\n<p>Zeugen werden gebeten sich an die \nPolizeiinspektion Frankenthal unter der Tel.-Nr.: 06233\/313-0 zu wenden.\n Gerne nehmen wir Ihre Hinweise auch per E-Mail unter  <a href=\"mailto:pifrankenthal@polizei.rlp.de\">pifrankenthal@polizei.rlp.de<\/a> entgegen. <\/p>\n\n\n\n<h4 class=\"wp-block-heading\">(Frankenthal) &#8211; K\u00f6rperverletzung und Bedrohung mit einem Messer<\/h4>\n\n\n\n<p>In der Nacht von Samstag auf Sonntag geraten zwei Gruppen von 3 bzw. 4  Personen bestehend aus Heranwachsenden und Jugendlichen in der  Mahlastra\u00dfe in Frankenthal in einen Streit. Im Verlauf des Streites  schl\u00e4gt ein 24-j\u00e4hriger Ludwigshafener eine bislang unbekannte Person.  Ein 18-j\u00e4hriger Frankenthaler soll dann ein Klappmesser gezogen und  damit gedroht haben. Bei der Sachverhaltsaufnahme und bei der  anschlie\u00dfenden Durchsuchung bei dem 18-J\u00e4hrigen kann jedoch kein Messer  aufgefunden werden. Gegen die Beteiligten wird wegen K\u00f6rperverletzung  und Bedrohung ermittelt. <\/p>\n\n\n\n<p>Zeugen werden gebeten sich an die \nPolizeiinspektion Frankenthal unter der Tel.-Nr.: 06233\/313-0 zu wenden.\n Gerne nehmen wir Ihre Hinweise auch per E-Mail unter  <a href=\"mailto:pifrankenthal@polizei.rlp.de\">pifrankenthal@polizei.rlp.de<\/a> entgegen. <\/p>\n\n\n\n<h4 class=\"wp-block-heading\">(Frankenthal) &#8211; Widerstand gegen Vollstreckungsbeamte und Trunkenheit im Verkehr<\/h4>\n\n\n\n<div class=\"wp-block-image\"><figure class=\"aligncenter\"><img decoding=\"async\" src=\"https:\/\/speyer24news.com\/wp-content\/uploads\/2019\/07\/Zelle.jpg\" alt=\"\" class=\"wp-image-17253\"\/><figcaption>Symbolbild_zelle_pressefrei<\/figcaption><\/figure><\/div>\n\n\n\n<p>Am Samstagabend gegen 22:00 Uhr kommt es am Hauptbahnhof in Frankenthal  zu einem Beziehungsstreit zwischen einer 23-j\u00e4hrigen Frankenthalerin  und ihrem 23-j\u00e4hrigen Ex-Lebensgef\u00e4hrten. Aufgrund des aggressiven  Verhaltens des 23-j\u00e4hrigen Mannes, muss dieser mit Handschellen  gefesselt werden. Hiergegen wehrt er sich vehement und leistet  Widerstand gegen die eingesetzten Polizeibeamten. Der Mann steht  au\u00dferdem unter erheblichem Alkohol- und vermutlich auch Drogeneinfluss.  Ein freiwillig durchgef\u00fchrter Atemalkoholtest ergibt einen  Atemalkoholkonzentration von 2,16 Promille. Der 23-J\u00e4hrige fuhr au\u00dferdem  zuvor mit seinem Fahrrad. Ihm wird auf der Dienststelle eine Blutprobe  entnommen. Er wird bis zum Folgemorgen in Gewahrsam genommen. <\/p>\n\n\n\n<p>Zeugen  werden gebeten sich an die Polizeiinspektion Frankenthal unter der  Tel.-Nr.: 06233\/313-0 zu wenden. Gerne nehmen wir Ihre Hinweise auch per  E-Mail unter  <a href=\"mailto:pifrankenthal@polizei.rlp.de\">pifrankenthal@polizei.rlp.de<\/a> entgegen. <\/p>\n\n\n\n<h4 class=\"wp-block-heading\">(Ludwigshafen) &#8211; Kleinkind aus Fenster gest\u00fcrzt<\/h4>\n\n\n\n<p>Am 27.07.209 gegen 21:00 Uhr st\u00fcrzte ein dreij\u00e4hriger Junge aus einem  Fenster im 2. Obergescho\u00df eines Mehrfamilienhauses im Stadtteil Oppau.  Dem Kind war es offenbar gelungen, auf die Fensterbank zu klettern und  ein Fenster zu \u00f6ffnen, aus welchem er dann hinaus fiel. Beim Aufprall  auf dem Gehweg aus 9 Metern Fallh\u00f6he verletzte sich das Kind schwer. Es  wurde ins Universit\u00e4tsklinikum nach Mannheim verbracht. Nach letztem  Sachstand sind die Verletzungen jedoch nicht lebensbedrohlich. <\/p>\n\n\n\n<h4 class=\"wp-block-heading\">(Ludwigshafen) &#8211; Verd\u00e4chtige Person mit vermeintlicher Schusswaffe<\/h4>\n\n\n\n<div class=\"wp-block-image\"><figure class=\"aligncenter\"><img decoding=\"async\" src=\"https:\/\/speyer24news.com\/wp-content\/uploads\/2019\/07\/SEK-Beispielbild.jpg\" alt=\"\" class=\"wp-image-17254\"\/><figcaption>Symbolfoto eines SEK<\/figcaption><\/figure><\/div>\n\n\n\n<p>Am Samstag, den 27.07.19 kam es im Verlauf des Nachmittages zu einem  Einsatz des Spezialeinsatzkommandos in Ludwigshafen. Vorausgegangen war  die Meldung \u00fcber eine m\u00e4nnliche Person, welche eine Pistole im Hosenbund  getragen und ein Anwesen in der Kropsburgstra\u00dfe betreten habe. Nach  umfangreichen Absperrma\u00dfnahmen konnte die relevante Person durch Kr\u00e4fte  der Polizeiinspektion Ludwigshafen 1 widerstandslos festgenommen werden.  Da sich eine weitere Person noch in einer Wohnung befand, wurde die  Wohnung durch hinzugezogene Spezialkr\u00e4fte ge\u00f6ffnet und betreten.  Gemeinsam mit einem Sprengstoffsp\u00fcrhund konnten schlussendlich zwei  Schreckschusswaffen und geringe Mengen Bet\u00e4ubungsmittel aufgefunden  werden. Die Einsatzma\u00dfnahmen zogen sich bis in die sp\u00e4ten Abendstunden.  Die Ermittlungen dauern an. Entsprechende Anzeigen werden gefertigt. <\/p>\n\n\n\n<h4 class=\"wp-block-heading\">(Ludwigshafen) &#8211; Schl\u00e4gerei in Mundenheim<\/h4>\n\n\n\n<p>Zwei m\u00e4nnliche Personen wurden am 27.07.2019 gegen 12:10 Uhr im Bereich  der Flurstra\u00dfe durch eine gr\u00f6\u00dfere Gruppe k\u00f6rperlich angegangen und  leicht verletzt. Einer der Gesch\u00e4digten konnte fu\u00dfl\u00e4ufig fl\u00fcchten und  sp\u00e4ter festgestellt werden. Hintergr\u00fcnde f\u00fcr die Tat sind nach  derzeitigem Ermittlungsstand unklar, d\u00fcrften jedoch dem Drogenmilieu  zuzuordnen sein. Der angetroffene Gesch\u00e4digte war leicht verletzt. Er  wies Sch\u00fcrfwunden und H\u00e4matome auf. In diesem Zusammenhang sucht die  Polizei nach Zeugen, die sachdienliche Beobachtungen gemacht haben. <\/p>\n\n\n\n<h4 class=\"wp-block-heading\">(Ludwigshafen) &#8211; Tierliebe mal anders<\/h4>\n\n\n\n<p>Vor dem st\u00e4dtischen Tierheim randalierte eine m\u00e4nnliche Person, sodass  hierdurch ein Polizeieinsatz ausgel\u00f6st wurde. Der Randalierer konnte  angetroffen und beruhigt werden. Er gab an, dass er am Tag zuvor von  einem Hund vor einer Schar Enten besch\u00fctzt worden sei. Da der Hund kein  Halsband getragen habe, dachte er, dass dieser wohl aus dem Tierheim  stammen m\u00fcsse. Er habe sich heute lediglich bei seinem Retter bedanken  wollen. <\/p>\n\n\n\n<h4 class=\"wp-block-heading\">(Ludwigshafen) &#8211; Verkehrsunfallflucht \/ Zeugen gesucht<\/h4>\n\n\n\n<p>Am 26.07.2019, gegen 17:55 Uhr, kam es in der Oppauer Stra\u00dfe zu einer  Verkehrsunfallflucht zwischen einem PKW und zwei unfallverursachenden  jugendlichen Fahrradfahrern. Die PKW-Fahrerin war im Begriff in die  Auholzstra\u00dfe links einzubiegen und musste zuvor verkehrsbedingt bremsen.  Die zwei Jugendlichen prallten kurz darauf auf den stehenden PKW.  Anschlie\u00dfend fl\u00fcchteten die Unfallverursacher. Durch den Zusammensto\u00df  entstand Sachschaden am PKW.  Nach Beschreibung der Gesch\u00e4digten seien  die Jugendlichen im  Alter von 16-18 Jahre gewesen. Einer der beiden  Jugendlichen h\u00e4tte rote Haare gehabt, der andere dunkelblonde.  M\u00f6glicherweise wurden hierbei auch beide Fahrr\u00e4der besch\u00e4digt. Ob die  fl\u00fcchtenden Jugendlichen verletzt wurden, ist ebenfalls noch unklar.  Zeugen werden gebeten sich mit der PI Ludwigshafen 2 in Verbindung zu  setzen. <\/p>\n\n\n\n<h4 class=\"wp-block-heading\">(Mannheim) &#8211; BMW-Fahrer auf regennasser Stra\u00dfe gegen Lichtmast geschleudert \/ Fahrer verletzt<\/h4>\n\n\n\n<p>Am Sonntagnachmittag, gegen 15.45 Uhr, kam ein 35-j\u00e4hriger BMW Fahrer  infolge nicht angepasster Geschwindigkeit auf der regennassen Fahrbahn  der R\u00f6ntgenstra\u00dfe, H\u00f6he Einm\u00fcndung K\u00e4fertaler Stra\u00dfe, ins Schleudern und  prallte gegen einen rechts neben der Fahrbahn stehenden Lichtmast. Der  BMW hatte sich zuvor gedreht, weshalb er mit der Fahrerseite mit dem  Mast kollidierte. Die Beifahrerin blieb unverletzt. Der Fahrer zog sich  mittelschwere Verletzungen zu und musste zur Behandlung ins nahe  gelegene Krankenhaus gebracht werden. Es entstand rund 10.000 Euro  Sachschaden. Zu Verkehrsbehinderungen kam es nicht. <\/p>\n\n\n\n<h4 class=\"wp-block-heading\">(Mannheim \/ Innenstadt) &#8211; Betrunkene Fahrradfahrerin verursacht Verkehrsunfall und fl\u00fcchtet<\/h4>\n\n\n\n<p>Am Samstagabend, verursachte in der Mannheimer Innenstadt eine  betrunkene Radfahrerin einen Verkehrsunfall, in dessen Anschluss sie von  der Unfallstelle fl\u00fcchtete. Gegen 17.50 Uhr befuhr eine 22 j\u00e4hrige  Mazda Fahrerin die Stra\u00dfe zwischen den Quadraten U3 und T3. An der  Kreuzung zum Quadrat T2 musste die Mazda Fahrerin verkehrsbedingt  anhalten. Als sie ordnungsgem\u00e4\u00df anfuhr krachte von links eine  Radfahrerin in ihren Pkw. Die 40 j\u00e4hrige Radfahrerin st\u00fcrzte durch den  Zusammensto\u00df zu Boden, verletzte sich jedoch nur leicht. Als die  Pkw-Lenkerin die Polizei verst\u00e4ndigen wollte fl\u00fcchtete die  Unfallverursacherin von der Unfall\u00f6rtlichkeit. Sie konnte jedoch im  Rahmen einer sofort eingeleiteten Fahndung im Bereich des Hans-B\u00f6ckler  Platzes festgestellt und festgenommen werden. Durch die festnehmenden  Beamten wurde bei der Unfallverursacherin erheblicher Alkoholgeruch  festgestellt. Ein Alkoholtest ergab eine Atemalkoholkonzentration von  2,56 Promille. Ihr wurde eine Blutprobe entnommen. Zudem war sie in  Besitz von ca. 3 g Marihuana. Sie muss sich nun wegen  Stra\u00dfenverkehrsgef\u00e4hrdung, Verkehrsunfallflucht und Versto\u00df gegen das  Bet\u00e4ubungsmittelgesetz verantworten. Am Pkw ihrer Unfallgegnerin  entstand ein Sachschaden in H\u00f6he von ca. 1300,- Euro<\/p>\n\n\n\n<h4 class=\"wp-block-heading\">(Heidelberg) &#8211; Aufgrund unsicherer Fahrweise Fahrzeug kontrolliert \/ \u00dcber 1,7 Promille!<\/h4>\n\n\n\n<p>Am Sonntagmorgen gegen 02:45 Uhr stellte eine Streifenbesatzung des  Polizeirevier Heidelberg-Mitte, in der R\u00f6merstra\u00dfe einen Bentley  Continental GT fest, der Schlangenlinien fuhr und mehrfach den  Fahrtrichtungsanzeiger benutze, ohne aber abzubiegen. Bei der  durchgef\u00fchrten Fahrzeugkontrolle stellten die Beamten bei dem  38-j\u00e4hrigen Fahrer aus Mannheim eine Atemalkoholkonzentration von 1,74  Promille fest. Dem Fahrer wurde eine Blutprobe entnommen und sein  F\u00fchrerschein wurde beschlagnahmt. Ihn erwartet jetzt eine Anzeige wegen  Trunkenheit im Stra\u00dfenverkehr. <\/p>\n\n\n\n<h4 class=\"wp-block-heading\">(Heidelberg) &#8211; Unwetter im Bereich des Polizeipr\u00e4sidiums Mannheim<\/h4>\n\n\n\n<div class=\"wp-block-image\"><figure class=\"aligncenter\"><img decoding=\"async\" loading=\"lazy\" width=\"800\" height=\"541\" src=\"https:\/\/speyer24news.com\/wp-content\/uploads\/2019\/07\/67434239_156150855524780_3686000173911113728_n.jpg\" alt=\"\" class=\"wp-image-17255\" srcset=\"https:\/\/speyer24news.com\/wp-content\/uploads\/2019\/07\/67434239_156150855524780_3686000173911113728_n.jpg 800w, https:\/\/speyer24news.com\/wp-content\/uploads\/2019\/07\/67434239_156150855524780_3686000173911113728_n-300x203.jpg 300w, https:\/\/speyer24news.com\/wp-content\/uploads\/2019\/07\/67434239_156150855524780_3686000173911113728_n-768x519.jpg 768w\" sizes=\"(max-width: 800px) 100vw, 800px\" \/><\/figure><\/div>\n\n\n\n<p>Die Polizei musste am Samstagabend zwischen 21.50 Uhr bis etwa  Mitternacht zu 35 unwetterbedingten Eins\u00e4tzen ausr\u00fccken. Eine  Gewitterfront mit Starkregen entlud sich haupts\u00e4chlich im Stadtbereich  Heidelberg. Es liefen mehrere Unterf\u00fchrungen voll, weswegen diese  unpassierbar waren und l\u00e4ngere Zeit gesperrt wurden. Ein Pkw, der  versuchte eine solche vollgelaufene Unterf\u00fchrung zu durchfahren, blieb  stecken und musste von der Feuerwehr geborgen werden. Kurzzeitig wurde  auch der Stra\u00dfenbahnverkehr in Richtung HD-Kirchheim eingestellt.  Mehrere B\u00e4ume hielten dem Sturm nicht stand und mussten durch die  Feuerwehr von der Stra\u00dfe entfernt werden. Bislang sind der Polizei  Sachsch\u00e4den in H\u00f6he von ca. 25.000 Euro bekannt. Verletzt wurde  gl\u00fccklicherweise niemand. <\/p>\n\n\n\n<h4 class=\"wp-block-heading\">(Heidelberg-Boxberg) &#8211; Radfahrer t\u00f6dlich verungl\u00fcckt \/ Zeugen gesucht<\/h4>\n\n\n\n<p>Spazierg\u00e4nger fanden am Sonntagnachmittag, gegen 13.00 Uhr, einen  verungl\u00fcckten Radfahrer neben der Stra\u00dfe &#8222;Schlautersteig&#8220;, ca. 100 Meter  westlich von der Kreuzung &#8222;Am G\u00f6tzenberg&#8220; entfernt in der B\u00f6schung  liegend. Trotz sofortiger Reanimation durch die Ersthelfer verstarb der  30-J\u00e4hrige Mann wenig sp\u00e4ter in einem Krankenhaus. Nach ersten  Erkenntnissen fuhr der junge Mann mit seinem Herrenrad die absch\u00fcssige  Stra\u00dfe in Richtung  &#8222;Am G\u00f6tzenberg&#8220; und kam in einer leichten  Rechtskurve links von der Stra\u00dfe ab und rutschte ca. vier Meter die  B\u00f6schung hinab. Das Fahrrad lag neben ihm. Hinweise auf ein  Fremdverschulden liegen derzeit nicht vor. Der Verungl\u00fcckte trug eine  kurze Camouflage Hose, ein wei\u00dfes T-Shirt (markante Streifen auf der  R\u00fcckseite) und schwarze Adidas Sportschuhe. Der Verkehrsunfalldienst hat  die Ermittlungen \u00fcbernommen. Zeugen die den Radfahrer zuvor gesehen  haben melden sich bitte unter Tel.: 0621\/174-4045. <\/p>\n\n\n\n<h4 class=\"wp-block-heading\">(Heiligkreuzsteinach \/ Rhein-Neckar-Kreis) &#8211; Beim Versuch sich bei\u00dfende Hunde zu trennen in die Wade gebissen<\/h4>\n\n\n\n<p>Am Samstagmittag, gegen 13.00 Uhr, ging eine 55 J\u00e4hrige in  Heiligkreuzsteinach-Eiterbach mit ihrem Hund, einem Appenzeller,  spazieren. Im Bereich des dortigen Campingplatzes traf sie auf eine, auf  einer Parkbank sitzende, 51 J\u00e4hrige mit ihrem tschechischen Wolfshund.  Diesen hatte sie nur unzureichend an der Parkbank festgemacht, so dass  es ihm gelang sich loszurei\u00dfen. Beide Hunde gerieten in der weiteren  Folge in eine Rauferei, bei welcher der angeleinte Appenzeller leichte  Bissverletzungen davon trug. Die 55 j\u00e4hrige Hundef\u00fchrerin versuchte die  Hunde zu trennen, um Schlimmeres zu verhindern. Bei dem Versuch wurde  sie von dem tschechischen Wolfshund in die Wade gebissen und nicht  unerheblich verletzt. Ihre Verletzungen wurden in einer Klinik  behandelt. Die Besitzerin des tschechischen Wolfhundes muss sich nun  wegen des Verdachts der fahrl\u00e4ssigen K\u00f6rperverletzung verantworten. Das  Polizeirevier Neckargem\u00fcnd hat die Ermittlungen aufgenomme<\/p>\n","protected":false},"excerpt":{"rendered":"<div class=\"mh-excerpt\"><p>Polizeimeldungen vom Sonntag (28.07.2019) (Speyer) &#8211; Nach Unfall gefl\u00fcchtet Einen Sachschaden von circa 400 Euro verursachte am fr\u00fchen Samstagabend ein unbekannter Verkehrsteilnehmer in einer &#8222;Garagenstra\u00dfe&#8220; in Speyer West. Der Unbekannte war von der Kurt-Schumacher Stra\u00dfe <a class=\"mh-excerpt-more\" href=\"https:\/\/speyer24news.com\/?p=17249\" title=\"Polizei:\">[&#8230;]<\/a><\/p>\n<\/div>","protected":false},"author":3,"featured_media":0,"comment_status":"open","ping_status":"open","sticky":false,"template":"","format":"standard","meta":{"_monsterinsights_skip_tracking":false,"_monsterinsights_sitenote_active":false,"_monsterinsights_sitenote_note":"","_monsterinsights_sitenote_category":0,"footnotes":""},"categories":[12],"tags":[61,63,105,53,102,213,55,103,106,427,62,104,979,1565],"aioseo_notices":[],"amp_enabled":true,"_links":{"self":[{"href":"https:\/\/speyer24news.com\/index.php?rest_route=\/wp\/v2\/posts\/17249"}],"collection":[{"href":"https:\/\/speyer24news.com\/index.php?rest_route=\/wp\/v2\/posts"}],"about":[{"href":"https:\/\/speyer24news.com\/index.php?rest_route=\/wp\/v2\/types\/post"}],"author":[{"embeddable":true,"href":"https:\/\/speyer24news.com\/index.php?rest_route=\/wp\/v2\/users\/3"}],"replies":[{"embeddable":true,"href":"https:\/\/speyer24news.com\/index.php?rest_route=%2Fwp%2Fv2%2Fcomments&post=17249"}],"version-history":[{"count":1,"href":"https:\/\/speyer24news.com\/index.php?rest_route=\/wp\/v2\/posts\/17249\/revisions"}],"predecessor-version":[{"id":17256,"href":"https:\/\/speyer24news.com\/index.php?rest_route=\/wp\/v2\/posts\/17249\/revisions\/17256"}],"wp:attachment":[{"href":"https:\/\/speyer24news.com\/index.php?rest_route=%2Fwp%2Fv2%2Fmedia&parent=17249"}],"wp:term":[{"taxonomy":"category","embeddable":true,"href":"https:\/\/speyer24news.com\/index.php?rest_route=%2Fwp%2Fv2%2Fcategories&post=17249"},{"taxonomy":"post_tag","embeddable":true,"href":"https:\/\/speyer24news.com\/index.php?rest_route=%2Fwp%2Fv2%2Ftags&post=17249"}],"curies":[{"name":"wp","href":"https:\/\/api.w.org\/{rel}","templated":true}]}}