{"id":17274,"date":"2019-07-30T07:02:31","date_gmt":"2019-07-30T06:02:31","guid":{"rendered":"https:\/\/speyer24news.com\/?p=17274"},"modified":"2019-07-30T07:02:32","modified_gmt":"2019-07-30T06:02:32","slug":"stadtnotizen-speyer-4","status":"publish","type":"post","link":"https:\/\/speyer24news.com\/?p=17274","title":{"rendered":"Stadtnotizen Speyer:"},"content":{"rendered":"<style type=\"text\/css\">\r\n\t.ads_top_disp{}\r\n\t.ads_top_corner_disp{ float:left; margin:0px 10px 10px 0px; }\r\n\t.ads_first_p_disp{}\r\n\t.ads_bottom_disp{}\r\n\t<\/style>\n<h2 class=\"wp-block-heading\">Ge\u00e4nderte \u00d6ffnungszeiten der Ausl\u00e4nderbeh\u00f6rde<\/h2>\n\n\n\n<p>Aufgrund von Urlaubs- und Krankheitsausf\u00e4llen ist die Ausl\u00e4nderbeh\u00f6rde in Kalenderwoche 31 nur vormittags von 8:00 bis 12:00 Uhr ge\u00f6ffnet. Am Mittwoch, 31.08.2019, bleibt die Ausl\u00e4nderbeh\u00f6rde ganz geschlossen. Die Stadtverwaltung bittet um Verst\u00e4ndnis. <\/p>\n\n\n\n<p><em>Stadt Speyer<br>30.07.2019<\/em><\/p>\n","protected":false},"excerpt":{"rendered":"<div class=\"mh-excerpt\"><p>Ge\u00e4nderte \u00d6ffnungszeiten der Ausl\u00e4nderbeh\u00f6rde Aufgrund von Urlaubs- und Krankheitsausf\u00e4llen ist die Ausl\u00e4nderbeh\u00f6rde in Kalenderwoche 31 nur vormittags von 8:00 bis 12:00 Uhr ge\u00f6ffnet. Am Mittwoch, 31.08.2019, bleibt die Ausl\u00e4nderbeh\u00f6rde ganz geschlossen. Die Stadtverwaltung bittet um <a class=\"mh-excerpt-more\" href=\"https:\/\/speyer24news.com\/?p=17274\" title=\"Stadtnotizen Speyer:\">[&#8230;]<\/a><\/p>\n<\/div>","protected":false},"author":3,"featured_media":0,"comment_status":"open","ping_status":"open","sticky":false,"template":"","format":"standard","meta":{"_monsterinsights_skip_tracking":false,"_monsterinsights_sitenote_active":false,"_monsterinsights_sitenote_note":"","_monsterinsights_sitenote_category":0,"footnotes":""},"categories":[47],"tags":[2418,6],"aioseo_notices":[],"amp_enabled":true,"_links":{"self":[{"href":"https:\/\/speyer24news.com\/index.php?rest_route=\/wp\/v2\/posts\/17274"}],"collection":[{"href":"https:\/\/speyer24news.com\/index.php?rest_route=\/wp\/v2\/posts"}],"about":[{"href":"https:\/\/speyer24news.com\/index.php?rest_route=\/wp\/v2\/types\/post"}],"author":[{"embeddable":true,"href":"https:\/\/speyer24news.com\/index.php?rest_route=\/wp\/v2\/users\/3"}],"replies":[{"embeddable":true,"href":"https:\/\/speyer24news.com\/index.php?rest_route=%2Fwp%2Fv2%2Fcomments&post=17274"}],"version-history":[{"count":1,"href":"https:\/\/speyer24news.com\/index.php?rest_route=\/wp\/v2\/posts\/17274\/revisions"}],"predecessor-version":[{"id":17275,"href":"https:\/\/speyer24news.com\/index.php?rest_route=\/wp\/v2\/posts\/17274\/revisions\/17275"}],"wp:attachment":[{"href":"https:\/\/speyer24news.com\/index.php?rest_route=%2Fwp%2Fv2%2Fmedia&parent=17274"}],"wp:term":[{"taxonomy":"category","embeddable":true,"href":"https:\/\/speyer24news.com\/index.php?rest_route=%2Fwp%2Fv2%2Fcategories&post=17274"},{"taxonomy":"post_tag","embeddable":true,"href":"https:\/\/speyer24news.com\/index.php?rest_route=%2Fwp%2Fv2%2Ftags&post=17274"}],"curies":[{"name":"wp","href":"https:\/\/api.w.org\/{rel}","templated":true}]}}