{"id":17276,"date":"2019-07-30T07:12:05","date_gmt":"2019-07-30T06:12:05","guid":{"rendered":"https:\/\/speyer24news.com\/?p=17276"},"modified":"2019-07-30T07:12:06","modified_gmt":"2019-07-30T06:12:06","slug":"hassloch-14","status":"publish","type":"post","link":"https:\/\/speyer24news.com\/?p=17276","title":{"rendered":"Ha\u00dfloch:"},"content":{"rendered":"<style type=\"text\/css\">\r\n\t.ads_top_disp{}\r\n\t.ads_top_corner_disp{ float:left; margin:0px 10px 10px 0px; }\r\n\t.ads_first_p_disp{}\r\n\t.ads_bottom_disp{}\r\n\t<\/style>\n<h2 class=\"wp-block-heading\">Spielbetrieb auf der Boulebahn im Friedrich-Ebert-Park<\/h2>\n\n\n\n<p>Seit Mai ist die Ha\u00dflocher Ortsmitte um eine Freizeitattraktion reicher: Im Friedrich-EbertPark kommen seither Fans des Boule-Spiels auf ihre Kosten. Inzwischen haben sich mehrere Ha\u00dflocher B\u00fcrgerinnen und B\u00fcrger zusammengetan, die sich regelm\u00e4\u00dfig an der Boulebahn zu einem gemeinsamen Spiel verabreden. In der Regel trifft man sich montags und donnerstags um 16:30 Uhr. Das sind offene Treffen, zu denen jeder Interessierte ganz spontan und ohne Anmeldung dazu sto\u00dfen kann. Dar\u00fcber hinaus hat sich in dem sozialen Netzwerk Facebook die Gruppe \u201eBoule-Bahn Ha\u00dfloch\u201c gegr\u00fcndet. Hierbei handelt es sich um eine offene Gruppe, der Jedermann bei Interesse beitreten kann. Auch unabh\u00e4ngig von den oben genannten Terminen kann man sich \u00fcber die Gruppe mit weiteren Mitstreitern zu einer spontanen Partie verabreden. Entsprechendes Spielequipment gibt es allerdings nicht zum Ausleihen, sondern wird von den Spielern selbst mitgebracht.<\/p>\n\n\n\n<p>Bei der Gemeinde freut man sich \u00fcber die Nutzung der Bahn, so der Erste Beigeordnete Tobias Meyer. Es war schlie\u00dflich erkl\u00e4rtes Ziel aller beteiligten Akteure, dass die Bahn zu einem Treffpunkt f\u00fcr Boule-begeisterte Ha\u00dflocher wird. Daher sind die derzeitigen Aktivit\u00e4ten sehr begr\u00fc\u00dfenswert, und m\u00f6glicherweise entsteht zuk\u00fcnftig aus dem derzeit lockeren Zusammenschluss mehrerer B\u00fcrgerinnen und B\u00fcrger ein entsprechender Verein, so Meyer weiter. <\/p>\n\n\n\n<p>Des Weiteren habe man als Gemeinde auf die Anregungen der Boule-Spieler reagiert. Die Bahn wurde durch die Firma Steiger Gartenbau GmbH noch einmal nachgebessert. Die Oberfl\u00e4che wurde aufgeraut und egalisiert. Danach erfolgte eine Verfestigung mit R\u00fcttelplatte. Ein erneutes Nacharbeiten war zu erwarten, da es nach den Bodenarbeiten zur Herstellung der Bahn in der Regel noch einmal zu Setzungen kommt, die dann wiederum f\u00fcr eine \u201eweiche\u201c Spielfl\u00e4che sorgen. Dieses Problem ist nun behoben, so der Fachbereich \u201eBauen und Umwelt\u201c. Dar\u00fcber hinaus soll eine entsprechende Infotafel aufgestellt werden, die die Boulebahn zum einen als solche erkennbar macht und zum anderen auch als Aushang f\u00fcr die Spielregeln dienen soll. Zudem ist im Herbst die Pflanzung zweier B\u00e4ume neben der Anlage geplant, die k\u00fcnftig als Schattenspender dienen werden. Die Kosten hierf\u00fcr k\u00f6nnen durch die Spenden gedeckt werden, die f\u00fcr die Schaffung der Boulebahn eingegangen waren.<\/p>\n\n\n\n<p>Die Boulebahn wurde im Mai dieses Jahres offiziell eingeweiht. Die Idee zur Errichtung einer Boulebahn im \u00f6ffentlichen Raum geht bereits ins Jahr 2017 zur\u00fcck. Damals hatten CDU und SPD, die HLL sowie der Arbeitskreis Viroflay entsprechende Ideen und Vorschl\u00e4ge formuliert und damit den Stein ins Rollen gebracht. Schon damals galt die Pr\u00e4misse, dass sich eine solche Bahn ausschlie\u00dflich aus Spenden- und Sponsorengeldern finanzieren soll, was letztlich auch tats\u00e4chlich gelungen ist. Entstanden sind zwei Bahnen nebeneinander mit einem Ma\u00dfe von jeweils 4&#215;15 Metern (das entspricht der internationalen Norm). Die zwei Bahnen erm\u00f6glichen einen parallelen Spielbetrieb.<\/p>\n\n\n\n<p><em>Gemeindeverwaltung Ha\u00dfloch<br>30.07.2019<\/em><\/p>\n\n\n\n<h2 class=\"wp-block-heading\">Ha\u00dfloch radelt mit &#8211; STADTRADELN im Landkreis Bad D\u00fcrkheim<\/h2>\n\n\n\n<figure class=\"wp-block-image\"><img decoding=\"async\" src=\"https:\/\/speyer24news.com\/wp-content\/uploads\/2019\/07\/Stadtradeln-Logo-1.png\" alt=\"\" class=\"wp-image-17277\"\/><\/figure>\n\n\n\n<p>Der Landkreis Bad D\u00fcrkheim beteiligt sich mit seinen 8 Kommunen und insgesamt rund 133.000 Einwohnern erstmals an der Aktion STADTRADELN. Dementsprechend ist auch Ha\u00dfloch dabei und m\u00f6chte seinem Ruf als Fahrraddorf gerecht werden. Der <strong>Startschuss <\/strong>f\u00fcr die Aktion f\u00e4llt am <strong>14. August<\/strong>. <strong>Bis zum 3. September<\/strong> sind dann alle B\u00fcrgerinnen und B\u00fcrger des Landkreises dazu aufgerufen, sich an dem Wettbewerb zu beteiligen und m\u00f6glichst viele Kilometer mit dem Fahrrad zur\u00fcckzulegen. Hierbei geht es um den Spa\u00df am Radfahren sowie darum, im Rahmen der Aktion m\u00f6glichst viele Fahrradkilometer zu sammeln, um sein Team, seine Kommune und den Landkreis im Vergleich mit anderen teilnehmenden St\u00e4dten nach vorne zu bringen. <\/p>\n\n\n\n<p>Ein Hauptanliegen ist aber auch das Thema Klimaschutz. Etwa ein F\u00fcnftel der klimasch\u00e4dlichen Kohlendioxid-Emissionen in Deutschland entstehen im Verkehr \u2013 davon wird ein Viertel vom inner\u00f6rtlichen Verkehr verursacht! Wenn nur ca. 30 Prozent der Kurzstrecken bis sechs Kilometer in den Innenst\u00e4dten mit dem Fahrrad statt mit dem Auto gefahren werden, lie\u00dfen sich etwa 7,5 Millionen Tonnen CO2 vermeiden. Daher geht es beim STADTRADELN auch darum, m\u00f6glichst viele Menschen f\u00fcr das Umsteigen auf das Fahrrad im Alltag zu gewinnen und dadurch einen Beitrag zum Klimaschutz zu leisten.<\/p>\n\n\n\n<p>Jeder kann mitmachen: Interessierte Teilnehmer k\u00f6nnen sich als Einzelpersonen anmelden (dann kommen die gefahrenen Kilometer der Gemeinde zugute) oder es k\u00f6nnen Teams gebildet werden, deren gefahrenen Kilometer einerseits der Gemeinde und andererseits dem individuellen Team zugerechnet werden. So entsteht innerhalb des Teams ein Ranking mit den meisten gefahrenen Kilometern, gleichzeitig wird auch angezeigt, wie andere Teams abschneiden. Daraus entsteht ein Wettbewerb, der dazu anspornen soll, noch mehr in die Pedale zu treten. Dar\u00fcber hinaus werden die gesamten gefahrenen Kilometer jedes im STADTRADELN registrierten Teilnehmers f\u00fcr den Kreis angerechnet, dessen Ergebnis wiederum in eine bundesweite Wertung eingeht. Anmeldungen sind online unter <a href=\"http:\/\/www.stadtradeln.de\/hassloch\">www.stadtradeln.de\/hassloch<\/a> m\u00f6glich. <\/p>\n\n\n\n<p>Auf Gemeindeebene hat der Gewerbeverein Ha\u00dfloch e.V., vertreten durch Christian Scheib, drei zus\u00e4tzliche Preise ausgelobt und zwar in Form von \u201eDein Ha\u00dfloch-Gutscheinen\u201c im Wert von 120 \u20ac, 60 \u20ac bzw. 30 \u20ac f\u00fcr die drei eifrigsten Ha\u00dflocher Radler. Der \u201eDein Ha\u00dflochGutschein\u201c wurde im September vergangenen Jahres eingef\u00fchrt und kann in mehr als 80 Ha\u00dflocher Firmen und Gesch\u00e4ften eingel\u00f6st werden.<\/p>\n\n\n\n<p>Weiterhin ist im Rahmen der Aktion ein Radlerfr\u00fchst\u00fcck, am Samstag, 17.08.2019, auf dem Ha\u00dflocher Wochenmarkt geplant. Das Fr\u00fchst\u00fcck wird ebenfalls durch Mitglieder des Gewerbevereins unterst\u00fctzt. Diese werden insgesamt 100 Fr\u00fchst\u00fccksbeutel gef\u00fcllt mit Lebensmitteln spenden, die man zur St\u00e4rkung bei einer ausgedehnten Radtour braucht. Die Fr\u00fchst\u00fccksbeutel sind gef\u00fcllt mit Bretzeln von der B\u00e4ckerei Roth, \u00c4pfeln von Edeka Stiegler, M\u00fcsliriegel von Rewe Heinisch, Saftschorlen von FA. REAL, Minisalami oder K\u00e4sesnacks vom Catering Service Scheib. Auch der Fr\u00fchst\u00fccksbeutel (aus Stoff) f\u00fcr das Radlerfr\u00fchst\u00fcck wird gestellt und kommt von Fa. AH-Drucktechnik (ebenfalls Mitglied des Gewerbevereins).<\/p>\n\n\n\n<p>Dar\u00fcber hinaus unterst\u00fctzt auch der Ha\u00dflocher Klimaschutzbeirat die Aktion STADTRADELN und hat Sonderpreise f\u00fcr die Teilnehmerinnen und Teilnehmer ausgelobt, die bereit sind, eine Woche in der Kampagnenzeit komplett auf den Einsatz eines PKW f\u00fcr Fahrten innerhalb des Ortes zu verzichten und daf\u00fcr das Fahrrad zu nutzen.<\/p>\n\n\n\n<p>Weitere Informationen zum Wettbewerb erhalten Sie \u00fcber unsere Homepage <a href=\"http:\/\/www.hassloch.de\">www.hassloch.de<\/a> sowie \u00fcber die offizielle STADTRADELN-Seite <a href=\"http:\/\/www.stadtradeln.de\/hassloch\">www.stadtradeln.de\/hassloch<\/a>. <\/p>\n\n\n\n<p><em>Gemeindeverwaltung Ha\u00dfloch<br>30.07.2019<\/em><\/p>\n","protected":false},"excerpt":{"rendered":"<div class=\"mh-excerpt\"><p>Spielbetrieb auf der Boulebahn im Friedrich-Ebert-Park Seit Mai ist die Ha\u00dflocher Ortsmitte um eine Freizeitattraktion reicher: Im Friedrich-EbertPark kommen seither Fans des Boule-Spiels auf ihre Kosten. Inzwischen haben sich mehrere Ha\u00dflocher B\u00fcrgerinnen und B\u00fcrger zusammengetan, <a class=\"mh-excerpt-more\" href=\"https:\/\/speyer24news.com\/?p=17276\" title=\"Ha\u00dfloch:\">[&#8230;]<\/a><\/p>\n<\/div>","protected":false},"author":3,"featured_media":16662,"comment_status":"open","ping_status":"open","sticky":false,"template":"","format":"standard","meta":{"_monsterinsights_skip_tracking":false,"_monsterinsights_sitenote_active":false,"_monsterinsights_sitenote_note":"","_monsterinsights_sitenote_category":0,"footnotes":""},"categories":[235],"tags":[2419,2232,2420,180,182,1221],"aioseo_notices":[],"amp_enabled":true,"_links":{"self":[{"href":"https:\/\/speyer24news.com\/index.php?rest_route=\/wp\/v2\/posts\/17276"}],"collection":[{"href":"https:\/\/speyer24news.com\/index.php?rest_route=\/wp\/v2\/posts"}],"about":[{"href":"https:\/\/speyer24news.com\/index.php?rest_route=\/wp\/v2\/types\/post"}],"author":[{"embeddable":true,"href":"https:\/\/speyer24news.com\/index.php?rest_route=\/wp\/v2\/users\/3"}],"replies":[{"embeddable":true,"href":"https:\/\/speyer24news.com\/index.php?rest_route=%2Fwp%2Fv2%2Fcomments&post=17276"}],"version-history":[{"count":1,"href":"https:\/\/speyer24news.com\/index.php?rest_route=\/wp\/v2\/posts\/17276\/revisions"}],"predecessor-version":[{"id":17278,"href":"https:\/\/speyer24news.com\/index.php?rest_route=\/wp\/v2\/posts\/17276\/revisions\/17278"}],"wp:featuredmedia":[{"embeddable":true,"href":"https:\/\/speyer24news.com\/index.php?rest_route=\/wp\/v2\/media\/16662"}],"wp:attachment":[{"href":"https:\/\/speyer24news.com\/index.php?rest_route=%2Fwp%2Fv2%2Fmedia&parent=17276"}],"wp:term":[{"taxonomy":"category","embeddable":true,"href":"https:\/\/speyer24news.com\/index.php?rest_route=%2Fwp%2Fv2%2Fcategories&post=17276"},{"taxonomy":"post_tag","embeddable":true,"href":"https:\/\/speyer24news.com\/index.php?rest_route=%2Fwp%2Fv2%2Ftags&post=17276"}],"curies":[{"name":"wp","href":"https:\/\/api.w.org\/{rel}","templated":true}]}}