{"id":17286,"date":"2019-07-30T07:33:57","date_gmt":"2019-07-30T06:33:57","guid":{"rendered":"https:\/\/speyer24news.com\/?p=17286"},"modified":"2019-07-30T07:33:59","modified_gmt":"2019-07-30T06:33:59","slug":"landau-10","status":"publish","type":"post","link":"https:\/\/speyer24news.com\/?p=17286","title":{"rendered":"Landau:"},"content":{"rendered":"<style type=\"text\/css\">\r\n\t.ads_top_disp{}\r\n\t.ads_top_corner_disp{ float:left; margin:0px 10px 10px 0px; }\r\n\t.ads_first_p_disp{}\r\n\t.ads_bottom_disp{}\r\n\t<\/style>\n<h2 class=\"wp-block-heading\">Mitsprache bei kommunalen Entscheidungsprozessen: Musikalische Goetheparkplaudereien am Sonntag, 4. August, zum Thema B\u00fcrgerbeteiligung<\/h2>\n\n\n\n<div class=\"wp-block-image\"><figure class=\"aligncenter\"><img decoding=\"async\" loading=\"lazy\" width=\"800\" height=\"534\" src=\"https:\/\/speyer24news.com\/wp-content\/uploads\/2019\/07\/Info-372-GPP-B\u00fcrgerbeteiligung.jpg\" alt=\"\" class=\"wp-image-17288\" srcset=\"https:\/\/speyer24news.com\/wp-content\/uploads\/2019\/07\/Info-372-GPP-B\u00fcrgerbeteiligung.jpg 800w, https:\/\/speyer24news.com\/wp-content\/uploads\/2019\/07\/Info-372-GPP-B\u00fcrgerbeteiligung-300x200.jpg 300w, https:\/\/speyer24news.com\/wp-content\/uploads\/2019\/07\/Info-372-GPP-B\u00fcrgerbeteiligung-768x513.jpg 768w\" sizes=\"(max-width: 800px) 100vw, 800px\" \/><figcaption> Alles rund um den \u201eLandauer Weg der B\u00fcrgerbeteiligung\u201c erf\u00e4hrt das  Publikum am kommenden Sonntag, 4. August, bei den Musikalischen  Goetheparkplaudereien. <\/figcaption><\/figure><\/div>\n\n\n\n<p>B\u00fcrgerbeteiligung\nist in aller Munde und b\u00fcrgerschaftliches Engagement sowieso. Bei den Musikalischen\nGoetheparkplaudereien der Stadt Landau soll diese Thematik am kommenden\nSonntag, 4. August, in den Mittelpunkt ger\u00fcckt werden. Moderator Michael\nNiedermeier, Leiter der Stabsstelle Informationstechnologie und B\u00fcrgerbeteiligung\nder Stadtverwaltung, l\u00e4dt ab 11 Uhr an die Konzertmuschel im Goethepark. Den\nmusikalischen Part der st\u00e4dtischen Veranstaltung \u00fcbernimmt das Duo Celtic Dreams.\n<\/p>\n\n\n\n<p>Als\nG\u00e4ste empf\u00e4ngt der Moderator nicht nur Gislind Pf\u00fcndl und Nicole Julien vom\nBeteiligungsrat, der speziell daf\u00fcr gegr\u00fcndet wurde, den \u201eLandauer Weg der\nB\u00fcrgerbeteiligung\u201c zu begleiten, sondern auch Willi Schmitt, den Vorsitzenden\ndes Beirats f\u00fcr \u00e4ltere Menschen, und Orhan Yilmaz, den Vorsitzenden des Beirats\nf\u00fcr Migration und Integration. Beide Gremien konstituieren sich genauso wie der\nBeteiligungsrat dieses Jahr neu und die Vertreterinnen und Vertreter erz\u00e4hlen im\nGoethepark von ihrer Arbeit, ihren Themen und ihrer auch ganz pers\u00f6nlichen\nMotivation. Gerade aufgrund der Tatsache, dass diese Beir\u00e4te neu gew\u00e4hlt\nwerden, ist das vielleicht f\u00fcr die eine oder den anderen im Publikum ein Grund,\num zu \u00fcberlegen sich zu engagieren \u2013 B\u00fcrgerbeteiligung im besten Sinne.<\/p>\n\n\n\n<p>Das\nDuo Celtic Dreams setzt sich aus den Eheleuten Jasmin und Chris Loch zusammen\nund feiert seit Jahren gro\u00dfe Erfolge mit ihrer einzigartigen Mischung aus keltischer\nHarfe, gef\u00fchlvollem, zweistimmigem Gesang und irischen Whistles. <\/p>\n\n\n\n<p>Der Eintritt zu den Musikalischen Goetheparkplaudereien ist wie immer frei. F\u00fcr die Bewirtung bei der st\u00e4dtischen Sommerreihe sorgen das Weingut Wambsgan\u00df aus Dammheim und die Familie Kulenderarajah; Technik und Beschallung liegen in den H\u00e4nden von Andreas Folz. Unterst\u00fctzt wird die Reihe von der Sparkasse S\u00fcdliche Weinstra\u00dfe.<\/p>\n\n\n\n<p><em>Stadt Landau in der Pfalz<br>30.07.2019<\/em><\/p>\n","protected":false},"excerpt":{"rendered":"<div class=\"mh-excerpt\"><p>Mitsprache bei kommunalen Entscheidungsprozessen: Musikalische Goetheparkplaudereien am Sonntag, 4. August, zum Thema B\u00fcrgerbeteiligung B\u00fcrgerbeteiligung ist in aller Munde und b\u00fcrgerschaftliches Engagement sowieso. Bei den Musikalischen Goetheparkplaudereien der Stadt Landau soll diese Thematik am kommenden Sonntag, <a class=\"mh-excerpt-more\" href=\"https:\/\/speyer24news.com\/?p=17286\" title=\"Landau:\">[&#8230;]<\/a><\/p>\n<\/div>","protected":false},"author":3,"featured_media":17287,"comment_status":"open","ping_status":"open","sticky":false,"template":"","format":"standard","meta":{"_monsterinsights_skip_tracking":false,"_monsterinsights_sitenote_active":false,"_monsterinsights_sitenote_note":"","_monsterinsights_sitenote_category":0,"footnotes":""},"categories":[675],"tags":[1008,1466,58,2426],"aioseo_notices":[],"amp_enabled":true,"_links":{"self":[{"href":"https:\/\/speyer24news.com\/index.php?rest_route=\/wp\/v2\/posts\/17286"}],"collection":[{"href":"https:\/\/speyer24news.com\/index.php?rest_route=\/wp\/v2\/posts"}],"about":[{"href":"https:\/\/speyer24news.com\/index.php?rest_route=\/wp\/v2\/types\/post"}],"author":[{"embeddable":true,"href":"https:\/\/speyer24news.com\/index.php?rest_route=\/wp\/v2\/users\/3"}],"replies":[{"embeddable":true,"href":"https:\/\/speyer24news.com\/index.php?rest_route=%2Fwp%2Fv2%2Fcomments&post=17286"}],"version-history":[{"count":1,"href":"https:\/\/speyer24news.com\/index.php?rest_route=\/wp\/v2\/posts\/17286\/revisions"}],"predecessor-version":[{"id":17289,"href":"https:\/\/speyer24news.com\/index.php?rest_route=\/wp\/v2\/posts\/17286\/revisions\/17289"}],"wp:featuredmedia":[{"embeddable":true,"href":"https:\/\/speyer24news.com\/index.php?rest_route=\/wp\/v2\/media\/17287"}],"wp:attachment":[{"href":"https:\/\/speyer24news.com\/index.php?rest_route=%2Fwp%2Fv2%2Fmedia&parent=17286"}],"wp:term":[{"taxonomy":"category","embeddable":true,"href":"https:\/\/speyer24news.com\/index.php?rest_route=%2Fwp%2Fv2%2Fcategories&post=17286"},{"taxonomy":"post_tag","embeddable":true,"href":"https:\/\/speyer24news.com\/index.php?rest_route=%2Fwp%2Fv2%2Ftags&post=17286"}],"curies":[{"name":"wp","href":"https:\/\/api.w.org\/{rel}","templated":true}]}}