{"id":17295,"date":"2019-07-30T07:54:49","date_gmt":"2019-07-30T06:54:49","guid":{"rendered":"https:\/\/speyer24news.com\/?p=17295"},"modified":"2019-07-30T07:54:51","modified_gmt":"2019-07-30T06:54:51","slug":"wirtschaft-und-finanzen","status":"publish","type":"post","link":"https:\/\/speyer24news.com\/?p=17295","title":{"rendered":"Wirtschaft und Finanzen:"},"content":{"rendered":"<style type=\"text\/css\">\r\n\t.ads_top_disp{}\r\n\t.ads_top_corner_disp{ float:left; margin:0px 10px 10px 0px; }\r\n\t.ads_first_p_disp{}\r\n\t.ads_bottom_disp{}\r\n\t<\/style>\n<h2 class=\"wp-block-heading\">\u201eDer direkteste Weg dorthin, wo ich sein m\u00f6chte\u201d<\/h2>\n\n\n\n<h3 class=\"wp-block-heading\">Am 1. August beginnt bei der Vereinigten VR Bank Kur- und Rheinpfalz das neue Ausbildungsjahr <\/h3>\n\n\n\n<figure class=\"wp-block-image\"><img decoding=\"async\" loading=\"lazy\" width=\"800\" height=\"516\" src=\"https:\/\/speyer24news.com\/wp-content\/uploads\/2019\/07\/Volksbank_KRP_Ausbildungsjahrgang_2019_Gruppenfoto.jpg\" alt=\"\" class=\"wp-image-17298\" srcset=\"https:\/\/speyer24news.com\/wp-content\/uploads\/2019\/07\/Volksbank_KRP_Ausbildungsjahrgang_2019_Gruppenfoto.jpg 800w, https:\/\/speyer24news.com\/wp-content\/uploads\/2019\/07\/Volksbank_KRP_Ausbildungsjahrgang_2019_Gruppenfoto-300x194.jpg 300w, https:\/\/speyer24news.com\/wp-content\/uploads\/2019\/07\/Volksbank_KRP_Ausbildungsjahrgang_2019_Gruppenfoto-768x495.jpg 768w\" sizes=\"(max-width: 800px) 100vw, 800px\" \/><figcaption>Der neue Ausbildungsjahrgang der Vereinigten VR Bank Kur- und Rheinpfalz: Alper K\u00fcrsat, Tim Ament, Noah Backes, Lukas Grohe, Simon H\u00f6lldorfer, Tina Tapki, Melina Beck, Winston Hunter-Raber, Lukas Seeger und Daniel Gremminger (v. l. n. r.). Auf dem Bild fehlen: Vanessa G\u00e4pler, Andrew Kraft, Tizian Jamrik. Neben einer bank- oder immobilienkaufm\u00e4nnischen Ausbildung bietet die Vereinigte VR Bank Kur- und Rheinpfalz auch ein Bachelorstudium mit dem Schwerpunkt Banking and Finance an der Dualen Hochschule Baden-W\u00fcrttemberg an.<\/figcaption><\/figure>\n\n\n\n<p><strong>Speyer &#8211; <\/strong>Ab dem ersten August beginnen 13 junge M\u00e4nner und Frauen ihre Banklaufbahn bei der Vereinigten VR Bank Kur- und Rheinpfalz. Der neue Ausbildungsjahrgang der Genossenschaftsbank, die aus der im Juni beschlossenen Fusion der Volksbank Kur- und Rheinpfalz und der RV Bank Rhein-Haardt hervorgeht, besteht aus 12 angehenden Bankkaufleuten und einem dualen Studenten. Drei der \u201cNeuen\u201d berichten, warum sie sich f\u00fcr diesen Weg entschieden haben.<\/p>\n\n\n\n<p>Melina Beck aus R\u00f6merberg absolviert die Ausbildung zur Bankkauffrau als praktischen Teil ihres Fachabiturs. Ein Freund, der selbst eine Bankausbildung abgeschlossen hatte, gab ihr den Tipp, sich bei der Vereinigten VR Bank Kur- und Rheinpfalz zu bewerben. \u201cIch habe mich dann intensiv \u00fcber den Ablauf der Ausbildung informiert und die Ausbildungsinhalte klangen f\u00fcr mich sehr spannend,\u201d berichtet die 20-j\u00e4hrige Abiturientin, die k\u00fcnftig in den Regionalm\u00e4rkten Speyer, Lingenfeld und Ha\u00dfloch eingesetzt wird. Bei der Vereinigten VR-Bank Kur- und Rheinpfalz hat sich Melina Beck dabei gezielt beworben: \u201eWeil ich selbst schon jahrelang Kundin bei der Volksbank Kur- und Rheinpfalz bin, kam f\u00fcr mich eigentlich gar kein anderes Institut infrage.\u201c<\/p>\n\n\n\n<h3 class=\"wp-block-heading\">Duales Studium verbindet Theorie und Praxis<\/h3>\n\n\n\n<p>Simon H\u00f6lldorfer studierte nach dem Abitur zun\u00e4chst drei Semester Volkswirtschaftslehre an der Universit\u00e4t Mannheim. Dort entdeckte er zwar seine Begeisterung f\u00fcr die Finanzwissenschaft, allerdings kamen dabei die f\u00fcr ihn interessantesten Aspekte \u2013 insbesondere rund um das Thema Wertpapiere \u2013 zu kurz. Der 22-j\u00e4hrige Speyerer entschied sich deswegen f\u00fcr einen Wechsel: \u201cEin duales Studium bei der Vereinigten VR Bank Kur- und Rheinpfalz ist f\u00fcr mich der direkteste Weg dorthin, wo ich sein m\u00f6chte\u201d, erkl\u00e4rt H\u00f6lldorfer, der k\u00fcnftig vor allem im Regionalmarkt Speyer t\u00e4tig sein wird. \u201cIch habe damit die f\u00fcr mich perfekte Mischung gefunden aus eher betriebswirtschaftlichen und mathematisch-theoretischen Inhalten und einem gleichzeitig starken Praxisbezug.\u201d Bei seiner Entscheidung f\u00fcr die Vereinigte VR Bank Kur- und Rheinpfalz spielte jedoch auch noch ein anderer Aspekt eine Rolle: \u201eWeil ich in Speyer viel Vereinsarbeit mache, war es mir wichtig, in der Region zu bleiben \u2013 ein Umzug in eine andere Stadt stand f\u00fcr mich deswegen nicht zur Debatte.\u201d<\/p>\n\n\n\n<h3 class=\"wp-block-heading\">Vom Fu\u00dfball-Bundesligisten zur VR-Bank<\/h3>\n\n\n\n<p>Andrew Kraft aus Schwetzingen hatte bereits mehrere Jahre Berufserfahrung in einer ganz anderen Branche gesammelt, als er sich f\u00fcr eine Ausbildung zum Bankkaufmann entschied. Nach einem abgeschlossenen Sportmanagement-Studium war der 32-J\u00e4hrige zuletzt im Profibereich eines Fu\u00dfball-Bundesligisten t\u00e4tig, wo es ihm jedoch immer weniger gefiel: &#8222;Die Perspektive hat f\u00fcr mich dort nicht gestimmt und weil Finanzthemen schon immer meine Leidenschaft waren, habe ich den Entschluss gefasst, mit einer Ausbildung zum Bankkaufmann neu durchzustarten.\u201d Dabei hat sich Kraft, der k\u00fcnftig in den Regionalm\u00e4rkten Schwetzingen, Ketsch und Hockenheim t\u00e4tig sein wird, bewusst f\u00fcr ein genossenschaftliches Institut und f\u00fcr die Vereinigte VR Bank als eine der gr\u00f6\u00dften Banken in der Region entschieden: \u201cIch bin von der genossenschaftlichen Idee \u00fcberzeugt und freue mich darauf, meine Ausbildung bei der Vereinigten VR Bank Kur- und Rheinpfalz zu beginnen \u2013 denn bei einem gr\u00f6\u00dferen Institut hat man mehr M\u00f6glichkeiten, sich zu entwickeln und \u201asein\u2018 Thema zu finden.\u201d<\/p>\n\n\n\n<h3 class=\"wp-block-heading\">Informationen f\u00fcr Bewerber:<\/h3>\n\n\n\n<p>F\u00fcr das Ausbildungsjahr 2020 sucht die Volksbank Kur- und Rheinpfalz bereits jetzt engagierte Bewerberinnen und Bewerber (mehr dazu unter <a href=\"http:\/\/www.volksbank-krp.de\/wir-fuer-sie\/karriere.html\">www.volksbank-krp.de\/wir-fuer-sie\/karriere.html<\/a>). J\u00fcrgen Schlupp, Ausbildungsleiter im Personalmanagement, steht bei Fragen zu den Ausbildungsm\u00f6glichkeiten bei der Volksbank Kur- und Rheinpfalz unter Tel. 06232-618-3422 oder per E-Mail an <a href=\"juergen.schlupp@vb-krp.de\">juergen.schlupp@vb-krp.de<\/a> gerne zur Verf\u00fcgung.<\/p>\n\n\n\n<h3 class=\"wp-block-heading\">Weitere Informationen<\/h3>\n\n\n\n<p><a href=\"https:\/\/www.volksbank-krp.de\/privatkunden.html\">Zur Website der Volksbank Kur- und Rheinpfalz<\/a><\/p>\n\n\n\n<p><a href=\"https:\/\/www.rvbank-rhein-haardt.de\/privatkunden.html\">Zur Website der RV-Bank Rhein-Haardt<\/a><\/p>\n\n\n\n<p><em>Volksbank Kur- und Rheinpfalz eG<br>30.07.2019<\/em><\/p>\n\n\n\n<h2 class=\"wp-block-heading\">Gremien der Sparkassenstiftungen der ehemaligen Kreissparkasse Rhein-Pfalz neu gew\u00e4hlt<\/h2>\n\n\n\n<figure class=\"wp-block-image\"><img decoding=\"async\" src=\"https:\/\/speyer24news.com\/wp-content\/uploads\/2019\/07\/Sparkasse-Vorderpfalz-1-1024x768-1-1024x768.jpg\" alt=\"\" class=\"wp-image-17297\"\/><\/figure>\n\n\n\n<p><strong>Rhein-Pfalz-Kreis &#8211; <\/strong>Infolge der Kommunalwahlen vom Mai 2019 wurden die Gremien der Sportstiftung und der Kulturstiftung der ehemaligen Kreissparkasse Rhein-Pfalz neu gew\u00e4hlt. Die Sparkassenstiftungen sind zwei von f\u00fcnf selbst\u00e4ndigen Stiftungen der Sparkasse Vorderpfalz. Sie unterst\u00fctzen Kultur- und Sportprojekte im Rhein-Pfalz-Kreis, f\u00f6rdern das Gemeinwohl und engagieren sich f\u00fcr mehr Lebensqualit\u00e4t,  kulturelle Vielfalt und den gesellschaftlichen Zusammenhalt.<\/p>\n\n\n\n<h3 class=\"wp-block-heading\">Die neu gew\u00e4hlten Gremien der Kulturstiftung der ehemaligen Kreissparkasse Rhein-Pfalz<\/h3>\n\n\n\n<p>Das Kuratorium besteht aus Clemens K\u00f6rner (Vorsitzender), Thomas Traue (stellv. Vorsitzender), Michael Reith, Bohrer Brigitte, Andr\u00e9 Schlosser, Manfred Gr\u00e4f, Irmgard Ball, Dieter Rieger, Maurice Kuhn, Thomas Angel und Elias Weinacht. Der Vorstand setzt sich zusammen aus Oliver Kolb, Thomas Bull und Konrad Reichert.<\/p>\n\n\n\n<h3 class=\"wp-block-heading\">Die neu gew\u00e4hlten Gremien der Sportstiftung der ehemaligen Kreissparkasse Rhein-Pfalz<\/h3>\n\n\n\n<p>Im Kuratorium der Sparkassenstiftung sind Landrat Clemens K\u00f6rner (Vorsitzender), Thomas Traue (stellv. Vorsitzender), Ilona Volk, Hans-Dieter Schneider, Alfons Wiebelskircher, Volker Kn\u00f6rr, Harald L\u00f6ffler, Klaus Lenz, Dieter Rieger, Maurice Kuhn sowie Erwin Fischer. Dem Vorstand der Stiftung geh\u00f6ren Ulli Sauer, Olaf Maurus und Konrad Reichert an.<\/p>\n\n\n\n<h3 class=\"wp-block-heading\">F\u00f6rderung m\u00f6glich: Kuratorium entscheidet<\/h3>\n\n\n\n<p>Alle Vereine, Initiativen und Personen aus dem Rhein-Pfalz-Kreis haben die Chance auf F\u00f6rderung ihrer Projekte. F\u00f6rderanfragen k\u00f6nnen auf der Homepage der Sparkasse unter <a href=\"http:\/\/www.sparkasse-vorderpfalz.de\/stiftungen\">www.sparkasse-vorderpfalz.de\/stiftungen<\/a> direkt gestellt werden. Das Kuratorium wird in seiner n\u00e4chsten Sitzung erneut entscheiden, welche Projekte im Sinne der beiden Stiftungen gef\u00f6rdert werden.<\/p>\n\n\n\n<h3 class=\"wp-block-heading\">Hintergrundinformationen zum Stiftungsmanagement der Sparkasse Vorderpfalz:<\/h3>\n\n\n\n<p>Die f\u00fcnf selbst\u00e4ndigen Stiftungen der Sparkasse Vorderpfalz unterst\u00fctzen auf vielseitige Art lokale und regionale Projekte.<\/p>\n\n\n\n<h3 class=\"wp-block-heading\">Kulturstiftung der ehemaligen Kreissparkasse Rhein-Pfalz<\/h3>\n\n\n\n<p>Die Kulturstiftung der ehemaligen Kreissparkasse Rhein-Pfalz wurde 1996 gegr\u00fcndet, hat ein Stiftungskapital von 1 Mio. Euro und f\u00f6rdert Projekte im Rhein-Pfalz-Kreis. Stiftungszweck ist die F\u00f6rderung von kulturellen Ideen und Ma\u00dfnahmen. Weitere Informationen zu den f\u00fcnf Stiftungen der Sparkasse Vorderpfalz: <a href=\"http:\/\/www.sparkasse-vorderpfalz.de\/stiftungen\">www.sparkasse-vorderpfalz.de\/stiftungen<\/a>.<\/p>\n\n\n\n<h3 class=\"wp-block-heading\">Sportstiftung der ehemaligen Kreissparkasse Rhein-Pfalz<\/h3>\n\n\n\n<p>Die Sportstiftung der ehemaligen Kreissparkasse Rhein-Pfalz wurde 2003 gegr\u00fcndet, hat ein Stiftungskapital von 500.000 Euro und f\u00f6rdert Projekte im Rhein-Pfalz-Kreis. Stiftungszweck ist die F\u00f6rderung begabter Nachwuchssportlerinnen und -sportler insbesondere durch die Auslobung von Geld- und Sachpreisen f\u00fcr herausragende sportliche Leistungen. Dar\u00fcber hinaus k\u00f6nnen Sportveranstaltungen unterst\u00fctzt, Zusch\u00fcsse f\u00fcr die Trainingsarbeit oder Wettbewerbsteilnahmen gew\u00e4hrt werden. <\/p>\n\n\n\n<p>Weitere Informationen zu den f\u00fcnf Stiftung der Sparkasse Vorderpfalz: <a href=\"http:\/\/www.sparkasse-vorderpfalz.de\/stiftungen\">www.sparkasse-vorderpfalz.de\/stiftungen<\/a>.<\/p>\n\n\n\n<p><em>Sparkasse Vorderpfalz<br>30.07.2019<\/em><\/p>\n","protected":false},"excerpt":{"rendered":"<div class=\"mh-excerpt\"><p>\u201eDer direkteste Weg dorthin, wo ich sein m\u00f6chte\u201d Am 1. August beginnt bei der Vereinigten VR Bank Kur- und Rheinpfalz das neue Ausbildungsjahr Speyer &#8211; Ab dem ersten August beginnen 13 junge M\u00e4nner und Frauen <a class=\"mh-excerpt-more\" href=\"https:\/\/speyer24news.com\/?p=17295\" title=\"Wirtschaft und Finanzen:\">[&#8230;]<\/a><\/p>\n<\/div>","protected":false},"author":3,"featured_media":0,"comment_status":"open","ping_status":"open","sticky":false,"template":"","format":"standard","meta":{"_monsterinsights_skip_tracking":false,"_monsterinsights_sitenote_active":false,"_monsterinsights_sitenote_note":"","_monsterinsights_sitenote_category":0,"footnotes":""},"categories":[29],"tags":[2431,2432,2433,303,2430,1076],"aioseo_notices":[],"amp_enabled":true,"_links":{"self":[{"href":"https:\/\/speyer24news.com\/index.php?rest_route=\/wp\/v2\/posts\/17295"}],"collection":[{"href":"https:\/\/speyer24news.com\/index.php?rest_route=\/wp\/v2\/posts"}],"about":[{"href":"https:\/\/speyer24news.com\/index.php?rest_route=\/wp\/v2\/types\/post"}],"author":[{"embeddable":true,"href":"https:\/\/speyer24news.com\/index.php?rest_route=\/wp\/v2\/users\/3"}],"replies":[{"embeddable":true,"href":"https:\/\/speyer24news.com\/index.php?rest_route=%2Fwp%2Fv2%2Fcomments&post=17295"}],"version-history":[{"count":1,"href":"https:\/\/speyer24news.com\/index.php?rest_route=\/wp\/v2\/posts\/17295\/revisions"}],"predecessor-version":[{"id":17300,"href":"https:\/\/speyer24news.com\/index.php?rest_route=\/wp\/v2\/posts\/17295\/revisions\/17300"}],"wp:attachment":[{"href":"https:\/\/speyer24news.com\/index.php?rest_route=%2Fwp%2Fv2%2Fmedia&parent=17295"}],"wp:term":[{"taxonomy":"category","embeddable":true,"href":"https:\/\/speyer24news.com\/index.php?rest_route=%2Fwp%2Fv2%2Fcategories&post=17295"},{"taxonomy":"post_tag","embeddable":true,"href":"https:\/\/speyer24news.com\/index.php?rest_route=%2Fwp%2Fv2%2Ftags&post=17295"}],"curies":[{"name":"wp","href":"https:\/\/api.w.org\/{rel}","templated":true}]}}