{"id":17328,"date":"2019-07-31T08:43:18","date_gmt":"2019-07-31T07:43:18","guid":{"rendered":"https:\/\/speyer24news.com\/?p=17328"},"modified":"2019-07-31T08:43:18","modified_gmt":"2019-07-31T07:43:18","slug":"schwetzingen-15","status":"publish","type":"post","link":"https:\/\/speyer24news.com\/?p=17328","title":{"rendered":"Schwetzingen:"},"content":{"rendered":"<style type=\"text\/css\">\r\n\t.ads_top_disp{}\r\n\t.ads_top_corner_disp{ float:left; margin:0px 10px 10px 0px; }\r\n\t.ads_first_p_disp{}\r\n\t.ads_bottom_disp{}\r\n\t<\/style>\n<h2 class=\"wp-block-heading\">15. Concours d&#8217;Elegance Automobile <\/h2>\n\n\n\n<h3 class=\"wp-block-heading\">4. ECOmobil-Gala Schwetzingen<\/h3>\n\n\n\n<h4 class=\"wp-block-heading\">Klassische automobile  Sch\u00f6nheiten und nachhaltige Mobilit\u00e4t erg\u00e4nzen sich am Wochenende 31.  August\/ 1. September auf ideale Weise<\/h4>\n\n\n\n<div class=\"wp-block-image\"><figure class=\"aligncenter\"><img decoding=\"async\" loading=\"lazy\" width=\"500\" height=\"622\" src=\"https:\/\/speyer24news.com\/wp-content\/uploads\/2019\/07\/Concours.png\" alt=\"\" class=\"wp-image-17329\" srcset=\"https:\/\/speyer24news.com\/wp-content\/uploads\/2019\/07\/Concours.png 500w, https:\/\/speyer24news.com\/wp-content\/uploads\/2019\/07\/Concours-241x300.png 241w\" sizes=\"(max-width: 500px) 100vw, 500px\" \/><\/figure><\/div>\n\n\n\n<p>Auf eine automobile Zeitreise begeben sich die Besucher des 15.  Internationalen Concours d&#8217;Elegance Automobile \u2013 Classic-Gala  Schwetzingen, der <strong><em>von Freitag bis Sonntag, 30. August bis 1. September<\/em><\/strong>,  10 bis 18 Uhr, im Schlossgarten zugegen ist. Neben den Oldtimern gibt es  auch anderweitig viel zu sehen: Accessoires, Mode, Automobilia,  Genuss-Angebote, Schmuck und Uhren sowie Literatur und eine  Kunstausstellung werden von Live-Jazz untermalt.<br>Der Eintritt ist im normalen Parkeintritt bereits enthalten.<\/p>\n\n\n\n<figure class=\"wp-block-image\"><img decoding=\"async\" loading=\"lazy\" width=\"800\" height=\"532\" src=\"https:\/\/speyer24news.com\/wp-content\/uploads\/2019\/07\/Concours2.png\" alt=\"\" class=\"wp-image-17330\" srcset=\"https:\/\/speyer24news.com\/wp-content\/uploads\/2019\/07\/Concours2.png 800w, https:\/\/speyer24news.com\/wp-content\/uploads\/2019\/07\/Concours2-300x200.png 300w, https:\/\/speyer24news.com\/wp-content\/uploads\/2019\/07\/Concours2-768x511.png 768w\" sizes=\"(max-width: 800px) 100vw, 800px\" \/><\/figure>\n\n\n\n<p>Zeitgleich findet zwischen 10 und 18 Uhr\u00a0 auf dem Schlossplatz die  ECOmobil-Gala statt. Diese &#8222;Ecomobilit\u00e4ts-Erlebnisshow&#8220; stellt die  nachhaltigen Mobilit\u00e4tskonzepte und Fahrzeuge ins Zentrum, verschafft  technische Eindr\u00fccke und garantiert Fahrspa\u00df. Gemeinsam mit dem  Verkehrsministerium Baden-W\u00fcrttemberg und Ausstellern, wie Toyota,  Mitsubishi und Jaguar, werden bei der vierten ECOmobil-Gala Schwetzingen  zahlreiche Konzepte und Modelle zum Thema \u201eECOmobilit\u00e4t erfahren\u201c  vorgestellt. Es k\u00f6nnen Automobile mit Elektro-, Wasserstoff- und  Hybridantrieben, Fahrr\u00e4der und E-Bikes sowie Scooter Probe gefahren  werden. Zudem informieren Experten \u00fcber die infrastrukturellen  Voraussetzungen. Ein Klima-Stammtisch der Stadt Schwetzingen bietet  Besuchern au\u00dferdem die M\u00f6glichkeit, direkt mit Umweltverantwortlichen  der Stadt ins Gespr\u00e4ch zu kommen.<br>Der Eintritt zu dieser Veranstaltung ist frei. <\/p>\n\n\n\n<p><em>Stadtverwaltung Schwetzingen<br>31.07.2019<\/em><\/p>\n\n\n\n<h2 class=\"wp-block-heading\"><strong>Gewinner des Spargelpost-Preisr\u00e4tsels ermittelt<\/strong><\/h2>\n\n\n\n<h3 class=\"wp-block-heading\">Preistr\u00e4ger aus Deutschland, Kanada und den USA \/\nStadt nimmt neue Adressen entgegen<\/h3>\n\n\n\n<p>Am\n Ende eines jeden Jahres wird die Schwetzinger Spargelpost in alle Welt \nverschickt. Passend zum letztj\u00e4hrigen Jubil\u00e4um \u201e350 Jahre Spargelanbau\n in Schwetzingen\u201c drehte sich die Frage des darin enthaltenen \nPreisr\u00e4tsels auch genau um diese traditionsreiche Zeitspanne. Die \nAntwort \u201e350 Jahre\u201c wussten wieder zahlreiche Leser aus dem In- und \nAusland. Den nun ermittelten Preistr\u00e4gern aus ganz Deutschland,\n den USA, Kanada und Serbien winkte dazu als passender Preis das Buch \n\u201e350 Jahre Spargel: Labor of Love\u201c mit Fotografien rund um den \nSpargelanbau von Marie Preaud sowie das anl\u00e4sslich des Jubil\u00e4umsjahres \nherausgegebene Spargelrezeptbuch \u201eSchwetzingen \u2013 Spargel\n \u00e0 la carte\u201c.<\/p>\n\n\n\n<p>F\u00fcr  die Spargelpost, die ehemalige Schwetzinger B\u00fcrgerinnen und B\u00fcrger zum  Jahreswechsel mit Informationen des vorangegangenen Jahres versorgt,  nimmt die Stadtverwaltung gerne weitere Adressen oder auch  Adress\u00e4nderungen unter Tel. Nr. 06202\/87-106 oder per E-Mail unter <a rel=\"noreferrer noopener\" href=\"mailto:traudel.zahn@schwetzingen.de\" target=\"_blank\">traudel.zahn@schwetzingen.de<\/a> entgegen. Die mitgeteilten Adressen werden nur f\u00fcr diesen Zweck verwendet. Die aktuelle Ausgabe kann im Internet unter <a rel=\"noreferrer noopener\" href=\"https:\/\/deref-web-02.de\/mail\/client\/ranEm4KFJTM\/dereferrer\/?redirectUrl=http%3A%2F%2Fwww.schwetzingen.de\" target=\"_blank\">www.schwetzingen.de<\/a> aufgerufen werden.<\/p>\n\n\n\n<p><em>Stadtverwaltung Schwetzingen<br>31.07.2019<\/em><\/p>\n","protected":false},"excerpt":{"rendered":"<div class=\"mh-excerpt\"><p>15. Concours d&#8217;Elegance Automobile 4. ECOmobil-Gala Schwetzingen Klassische automobile Sch\u00f6nheiten und nachhaltige Mobilit\u00e4t erg\u00e4nzen sich am Wochenende 31. August\/ 1. September auf ideale Weise Auf eine automobile Zeitreise begeben sich die Besucher des 15. Internationalen <a class=\"mh-excerpt-more\" href=\"https:\/\/speyer24news.com\/?p=17328\" title=\"Schwetzingen:\">[&#8230;]<\/a><\/p>\n<\/div>","protected":false},"author":3,"featured_media":0,"comment_status":"open","ping_status":"open","sticky":false,"template":"","format":"standard","meta":{"_monsterinsights_skip_tracking":false,"_monsterinsights_sitenote_active":false,"_monsterinsights_sitenote_note":"","_monsterinsights_sitenote_category":0,"footnotes":""},"categories":[477],"tags":[2444,2443,2445,154,2446],"aioseo_notices":[],"amp_enabled":true,"_links":{"self":[{"href":"https:\/\/speyer24news.com\/index.php?rest_route=\/wp\/v2\/posts\/17328"}],"collection":[{"href":"https:\/\/speyer24news.com\/index.php?rest_route=\/wp\/v2\/posts"}],"about":[{"href":"https:\/\/speyer24news.com\/index.php?rest_route=\/wp\/v2\/types\/post"}],"author":[{"embeddable":true,"href":"https:\/\/speyer24news.com\/index.php?rest_route=\/wp\/v2\/users\/3"}],"replies":[{"embeddable":true,"href":"https:\/\/speyer24news.com\/index.php?rest_route=%2Fwp%2Fv2%2Fcomments&post=17328"}],"version-history":[{"count":1,"href":"https:\/\/speyer24news.com\/index.php?rest_route=\/wp\/v2\/posts\/17328\/revisions"}],"predecessor-version":[{"id":17332,"href":"https:\/\/speyer24news.com\/index.php?rest_route=\/wp\/v2\/posts\/17328\/revisions\/17332"}],"wp:attachment":[{"href":"https:\/\/speyer24news.com\/index.php?rest_route=%2Fwp%2Fv2%2Fmedia&parent=17328"}],"wp:term":[{"taxonomy":"category","embeddable":true,"href":"https:\/\/speyer24news.com\/index.php?rest_route=%2Fwp%2Fv2%2Fcategories&post=17328"},{"taxonomy":"post_tag","embeddable":true,"href":"https:\/\/speyer24news.com\/index.php?rest_route=%2Fwp%2Fv2%2Ftags&post=17328"}],"curies":[{"name":"wp","href":"https:\/\/api.w.org\/{rel}","templated":true}]}}