{"id":17340,"date":"2019-07-31T09:06:08","date_gmt":"2019-07-31T08:06:08","guid":{"rendered":"https:\/\/speyer24news.com\/?p=17340"},"modified":"2019-07-31T09:17:06","modified_gmt":"2019-07-31T08:17:06","slug":"kirche-19","status":"publish","type":"post","link":"https:\/\/speyer24news.com\/?p=17340","title":{"rendered":"Kirche:"},"content":{"rendered":"<style type=\"text\/css\">\r\n\t.ads_top_disp{}\r\n\t.ads_top_corner_disp{ float:left; margin:0px 10px 10px 0px; }\r\n\t.ads_first_p_disp{}\r\n\t.ads_bottom_disp{}\r\n\t<\/style>\n<h2 class=\"wp-block-heading\">Gottesdienst zu Ehren des Kaisers Heinrich IV.<\/h2>\n\n\n\n<h3 class=\"wp-block-heading\">Saliergesellschaft l\u00e4dt zum Privilegienfest am 3. August in den Dom ein \u2013 Domkapitular Josef Damian Szuba zelebriert Messe an Hochaltar<\/h3>\n\n\n\n<div class=\"wp-block-image\"><figure class=\"aligncenter\"><img decoding=\"async\" loading=\"lazy\" width=\"800\" height=\"617\" src=\"https:\/\/speyer24news.com\/wp-content\/uploads\/2019\/07\/Grabkrone-Kaiser-Heinrich-IV_.jpg\" alt=\"\" class=\"wp-image-17342\" srcset=\"https:\/\/speyer24news.com\/wp-content\/uploads\/2019\/07\/Grabkrone-Kaiser-Heinrich-IV_.jpg 800w, https:\/\/speyer24news.com\/wp-content\/uploads\/2019\/07\/Grabkrone-Kaiser-Heinrich-IV_-300x231.jpg 300w, https:\/\/speyer24news.com\/wp-content\/uploads\/2019\/07\/Grabkrone-Kaiser-Heinrich-IV_-768x592.jpg 768w\" sizes=\"(max-width: 800px) 100vw, 800px\" \/><figcaption>Grabkrone Heinrich IV.\u00a9 Domschatzkammer im Historischen Museum der Pfalz, Foto: Peter Haag-Kirchner<\/figcaption><\/figure><\/div>\n\n\n\n<p><strong>Speyer &#8211; <\/strong>Zum traditionsreichen Privilegienfest l\u00e4dt die Saliergesellschaft f\u00fcr <strong>Samstag, 3. August,<\/strong> 17 Uhr in den Dom ein. Der Messfeier steht Domkapitular Josef Damian Szuba vor. Er wird sich in seiner Predigt mit Bischof Otto von Bamberg und seinem Wirken in Speyer befassen. Die Messe wird am Hochaltar zelebriert, die Gemeinde sitzt im Nordquerhaus. Im Anschluss ist die Gottesdienstgemeinde eingeladen, im Rahmen einer Prozession, die Herrschergr\u00e4ber zu besuchen.<\/p>\n\n\n\n<p>Die Feier geht auf die Verleihung umfangreicher Privilegien an die B\u00fcrger der Stadt Speyer durch Kaiser Heinrich V. zur\u00fcck. Anlass hierf\u00fcr war die Beisetzung seines Vaters Heinrich IV. im Speyerer Dom am 7. August 1111. Der Text der Vorrechte wurde \u00fcber dem Hauptportal des Doms angebracht. Der Kaiser verkn\u00fcpfte den Erhalt der Privilegien mit einem Gebot: Er forderte die Bewohner Speyers auf, am Todestag seines Vaters mit Kerzen in den H\u00e4nden zu einem Gedenkgottesdienst in den Dom zu kommen, um f\u00fcr das Seelenheil Heinrichs IV. zu beten. Des Weiteren hie\u00df es in dem Gebot, dass \u201evon jedem Hause ein Brot den Armen zum Almosen\u201c gegeben werden solle. Die Salier-Gesellschaft hat 1992 diese alte Tradition wieder aufleben lassen und feiert am ersten Samstag im August das Privilegienfest mit einem Gottesdienst im Dom. Dort wird der salischen Kaiser gedacht und deren Gr\u00e4ber mit Blumen geschm\u00fcckt.<\/p>\n\n\n\n<p>Die musikalische Gestaltung der Messe \u00fcbernehmen die Sopranistin Christiane Schmidt und der Organist Philipp Kaufmann. Nach der Messe und dem Besuch der Kaisergr\u00e4ber findet ein Empfang bei Wein, alkoholfreien Getr\u00e4nken und Brezeln im benachbarten Friedrich-Spee-Haus statt.<\/p>\n\n\n\n<p><em>Text: Bistum Speyer Foto: Peter Haag-Kirchner<br>31.07.2019<\/em><\/p>\n\n\n\n<h2 class=\"wp-block-heading\">Organist oder Chorleiter werden<\/h2>\n\n\n\n<h3 class=\"wp-block-heading\">Anmeldeschluss zur Aufnahmepr\u00fcfung am Bischo\u0308flichen Kirchenmusikalischen Institut (BKI) des Bistums Speyer am 31. August<\/h3>\n\n\n\n<div class=\"wp-block-image\"><figure class=\"aligncenter\"><img decoding=\"async\" loading=\"lazy\" width=\"500\" height=\"692\" src=\"https:\/\/speyer24news.com\/wp-content\/uploads\/2019\/07\/Orgel-im-Dom-zu-Speyer.jpg\" alt=\"\" class=\"wp-image-17341\" srcset=\"https:\/\/speyer24news.com\/wp-content\/uploads\/2019\/07\/Orgel-im-Dom-zu-Speyer.jpg 500w, https:\/\/speyer24news.com\/wp-content\/uploads\/2019\/07\/Orgel-im-Dom-zu-Speyer-217x300.jpg 217w\" sizes=\"(max-width: 500px) 100vw, 500px\" \/><\/figure><\/div>\n\n\n\n<p><strong>Speyer &#8211; <\/strong>Das Bischo\u0308fliche Kirchenmusikalische Institut (BKI) des Bistums Speyer mit Unterrichtsorten in Speyer, Landau, Kaiserslautern und St. Ingbert bietet diverse musikalische Kurse an, die neben Schule oder Beruf besucht werden k\u00f6nnen.<\/p>\n\n\n\n<p>Im Grundkurs kann das Klavier- und Orgelspiel im Einzelunterricht auch ohne Vorkenntnisse erlernt werden. Der Einstieg ab dem Alter von 12 Jahren ist ganzj\u00e4hrig mo\u0308glich.<\/p>\n\n\n\n<p>Der 2-j\u00e4hrige D-Kurs und der 3-j\u00e4hrige C-Kurs steht Laien-Musikern ab 13 Jahren mit bereits soliden Klavierspielfa\u0308higkeiten offen und dient der Ausbildung zum\/zur nebenamtlichen Organist\/in und\/oder Chorleiter\/in. Er beinhaltet neben dem Einzelunterricht unter der Woche auch Fa\u0308cher wie Chorleitung und Musiktheorie, die samstagvormittags gelehrt werden.<\/p>\n\n\n\n<p>Die Aufnahmepru\u0308fung findet am 18. September 2019 um 15 Uhr im Haus der Kirchenmusik in Speyer, statt. Anmeldeschluss f\u00fcr die Aufnahmepr\u00fcfung des na\u0308chsten C- und D-Kurses ist der 31. August 2019.<\/p>\n\n\n\n<p>Alle Kurse stehen auch Erwachsenen jeden Alters offen.<\/p>\n\n\n\n<p>Weitere Unterrichtsorte fu\u0308r den Orgel- und Klavierunterricht sind Neustadt, Weisenheim am Sand, LU-Rheingo\u0308nheim, Schifferstadt, Rheinzabern, Zweibru\u0308cken, Pirmasens und Blieskastel.<\/p>\n\n\n\n<h4 class=\"wp-block-heading\">Weitere Ausku\u0308nfte:<\/h4>\n\n\n\n<p>Leiter des BKI: Manfred Degen, Tel. 06232\/10093-21<br>Sekretariat, Abt. Kirchenmusik, Montag-Freitag 9-12 Uhr, Tel. 06232\/10093-20<br>E-Mail: <a href=\"kirchenmusik@bistum-speyer.de\">kirchenmusik@bistum-speyer.de<\/a><br><a href=\"http:\/\/www.kirchenmusik-bistum-speyer.de\">www.kirchenmusik-bistum-speyer.de<\/a><\/p>\n\n\n\n<p><em>Bistum Speyer<br>31.07.2019<\/em><\/p>\n\n\n\n<h2 class=\"wp-block-heading\">Bestnoten trotz Hitze bei Examen in Diakonissen Physiotherapieschule<\/h2>\n\n\n\n<h3 class=\"wp-block-heading\">17 Physiotherapeutinnen und -therapeuten haben am 26. Juli ihr Examen in der Diakonissen Physiotherapieschule in Neustadt\/Weinstra\u00dfe gefeiert.<\/h3>\n\n\n\n<figure class=\"wp-block-image\"><img decoding=\"async\" src=\"https:\/\/speyer24news.com\/wp-content\/uploads\/2019\/07\/Diakonissen-Logo-1.png\" alt=\"\" class=\"wp-image-17262\"\/><\/figure>\n\n\n\n<p><strong>Neustadt &#8211; <\/strong>Trotz gro\u00dfer Hitze bei den Pr\u00fcfungen haben die Absolventinnen und Absolventen ein hervorragendes Gesamtergebnis erzielt, betonte Schulleiter Markus Bien bei der Examensfeier in der Diakonissen Physiotherapieschule in Neustadt, zu der \u00fcber 100 G\u00e4ste gekommen waren. Drei Pr\u00fcflinge schlossen sogar mit drei \u201eEinsern\u201c im Zeugnis ab. <\/p>\n\n\n\n<p>Jonas Sewing, Gesch\u00e4ftsf\u00fchrer des Diakonissen-Stiftungs-Krankenhauses Speyer, in dem ein gro\u00dfer Teil der praktischen Ausbildung stattfindet, \u00fcberbrachte die Gl\u00fcckw\u00fcnsche des Vorstands des Schultr\u00e4gers. Er gratulierte nicht nur den Pr\u00fcflingen, sondern auch dem Lehrerkollegium: \u201eDie guten Pr\u00fcfungsergebnisse sind ein Zeichen daf\u00fcr, dass die Qualit\u00e4t der Lehre an der Schule hervorragend ist\u201c, so Sewing. Viele der Absolventinnen und Absolventen blieben in der Region, unterstrich Schulleiter Markus Bien. Damit leiste die Schule einen wichtigen Beitrag zur Versorgung.<\/p>\n\n\n\n<p>Die Ausbildung zum staatlich anerkannten Physiotherapeuten\/zur staatlich anerkannten Physiotherapeutin an der Diakonissen Physiotherapieschule in Neustadt dauert drei Jahre und ist seit 1. Juli verg\u00fctet. Sie umfasst Unterricht in Theorie und Praxis und erm\u00f6glicht nach dem Abschluss T\u00e4tigkeiten z. B. in einer eigenen Praxis, in Reha-Zentren, Kliniken oder sportlichen Einrichtungen. Die Schule hat eine \u00fcber 30-j\u00e4hrige Tradition, seit 2017 befindet sie sich in Tr\u00e4gerschaft der Diakonissen Speyer. Informationen zur Ausbildung unter <a href=\"http:\/\/www.diakonissen.de\">www.diakonissen.de<\/a>.<\/p>\n\n\n\n<p><em>Diakonissen Speyer<br>31.07.2019<\/em><\/p>\n","protected":false},"excerpt":{"rendered":"<div class=\"mh-excerpt\"><p>Gottesdienst zu Ehren des Kaisers Heinrich IV. Saliergesellschaft l\u00e4dt zum Privilegienfest am 3. August in den Dom ein \u2013 Domkapitular Josef Damian Szuba zelebriert Messe an Hochaltar Speyer &#8211; Zum traditionsreichen Privilegienfest l\u00e4dt die Saliergesellschaft <a class=\"mh-excerpt-more\" href=\"https:\/\/speyer24news.com\/?p=17340\" title=\"Kirche:\">[&#8230;]<\/a><\/p>\n<\/div>","protected":false},"author":3,"featured_media":16802,"comment_status":"open","ping_status":"open","sticky":false,"template":"","format":"standard","meta":{"_monsterinsights_skip_tracking":false,"_monsterinsights_sitenote_active":false,"_monsterinsights_sitenote_note":"","_monsterinsights_sitenote_category":0,"footnotes":""},"categories":[120],"tags":[2455,174,1602,2456,1189,2453,121,59,2454,2457,2452,2451,6],"aioseo_notices":[],"amp_enabled":true,"_links":{"self":[{"href":"https:\/\/speyer24news.com\/index.php?rest_route=\/wp\/v2\/posts\/17340"}],"collection":[{"href":"https:\/\/speyer24news.com\/index.php?rest_route=\/wp\/v2\/posts"}],"about":[{"href":"https:\/\/speyer24news.com\/index.php?rest_route=\/wp\/v2\/types\/post"}],"author":[{"embeddable":true,"href":"https:\/\/speyer24news.com\/index.php?rest_route=\/wp\/v2\/users\/3"}],"replies":[{"embeddable":true,"href":"https:\/\/speyer24news.com\/index.php?rest_route=%2Fwp%2Fv2%2Fcomments&post=17340"}],"version-history":[{"count":2,"href":"https:\/\/speyer24news.com\/index.php?rest_route=\/wp\/v2\/posts\/17340\/revisions"}],"predecessor-version":[{"id":17348,"href":"https:\/\/speyer24news.com\/index.php?rest_route=\/wp\/v2\/posts\/17340\/revisions\/17348"}],"wp:featuredmedia":[{"embeddable":true,"href":"https:\/\/speyer24news.com\/index.php?rest_route=\/wp\/v2\/media\/16802"}],"wp:attachment":[{"href":"https:\/\/speyer24news.com\/index.php?rest_route=%2Fwp%2Fv2%2Fmedia&parent=17340"}],"wp:term":[{"taxonomy":"category","embeddable":true,"href":"https:\/\/speyer24news.com\/index.php?rest_route=%2Fwp%2Fv2%2Fcategories&post=17340"},{"taxonomy":"post_tag","embeddable":true,"href":"https:\/\/speyer24news.com\/index.php?rest_route=%2Fwp%2Fv2%2Ftags&post=17340"}],"curies":[{"name":"wp","href":"https:\/\/api.w.org\/{rel}","templated":true}]}}