{"id":17344,"date":"2019-07-31T09:13:23","date_gmt":"2019-07-31T08:13:23","guid":{"rendered":"https:\/\/speyer24news.com\/?p=17344"},"modified":"2019-07-31T09:13:42","modified_gmt":"2019-07-31T08:13:42","slug":"verkhersnotizen-speyer","status":"publish","type":"post","link":"https:\/\/speyer24news.com\/?p=17344","title":{"rendered":"Verkehrsnotizen \/ Speyer:"},"content":{"rendered":"<style type=\"text\/css\">\r\n\t.ads_top_disp{}\r\n\t.ads_top_corner_disp{ float:left; margin:0px 10px 10px 0px; }\r\n\t.ads_first_p_disp{}\r\n\t.ads_bottom_disp{}\r\n\t<\/style>\n<h2 class=\"wp-block-heading\">Verkehrsregelungen anl\u00e4sslich des Siedlerfests<\/h2>\n\n\n\n<div class=\"wp-block-image\"><figure class=\"aligncenter\"><img decoding=\"async\" loading=\"lazy\" width=\"500\" height=\"715\" src=\"https:\/\/speyer24news.com\/wp-content\/uploads\/2019\/07\/Siedlerfest-Speyer.jpg\" alt=\"\" class=\"wp-image-17345\" srcset=\"https:\/\/speyer24news.com\/wp-content\/uploads\/2019\/07\/Siedlerfest-Speyer.jpg 500w, https:\/\/speyer24news.com\/wp-content\/uploads\/2019\/07\/Siedlerfest-Speyer-210x300.jpg 210w\" sizes=\"(max-width: 500px) 100vw, 500px\" \/><\/figure><\/div>\n\n\n\n<p><strong>Speyer-Nord &#8211; <\/strong>Anl\u00e4sslich des Siedlerfestes wird der Birkenweg zwischen Nu\u00dfbaumweg und L\u00e4rchenweg <strong>ab kommenden Freitag, 02.08.2019 ab ca. 12:00 Uhr bis einschlie\u00dflich Sonntag, 04.08.2019 gesperrt<\/strong>.<\/p>\n\n\n\n<p>Die Aufstellung des Festumzuges erfolgt am Sonntag, 04.08.2019 ab 13:00 Uhr im Kastanienweg &#8211; Eibenweg. Gegen 14:10 Uhr setzt er sich in Bewegung. Wie in den vergangenen Jahren f\u00fchrt die Strecke \u00fcber die Spaldinger Stra\u00dfe &#8211; Eichenweg &#8211; Waldseer Stra\u00dfe &#8211; L\u00e4rchenweg &#8211; Birkenweg \u2013 Pappelweg &#8211; Akazienweg bis zum Nu\u00dfbaumweg in Richtung Waldseer Stra\u00dfe (Aufl\u00f6sungsbereich).<\/p>\n\n\n\n<p>Um einen reibungslosen Veranstaltungsablauf zu gew\u00e4hrleisten werden Verkehrsteilnehmer*innen, die ihr Fahrzeug im Aufstellungsbereich bzw. an der Umzugsstrecke abgestellt haben, gebeten, ihr Fahrzeug rechtzeitig zu entfernen.<\/p>\n\n\n\n<p><em>Text: Stadt Speyer Foto: Siedlergemeinschaft Speyer e.V<br>31.07.2019<\/em><\/p>\n","protected":false},"excerpt":{"rendered":"<div class=\"mh-excerpt\"><p>Verkehrsregelungen anl\u00e4sslich des Siedlerfests Speyer-Nord &#8211; Anl\u00e4sslich des Siedlerfestes wird der Birkenweg zwischen Nu\u00dfbaumweg und L\u00e4rchenweg ab kommenden Freitag, 02.08.2019 ab ca. 12:00 Uhr bis einschlie\u00dflich Sonntag, 04.08.2019 gesperrt. Die Aufstellung des Festumzuges erfolgt am <a class=\"mh-excerpt-more\" href=\"https:\/\/speyer24news.com\/?p=17344\" title=\"Verkehrsnotizen \/ Speyer:\">[&#8230;]<\/a><\/p>\n<\/div>","protected":false},"author":3,"featured_media":0,"comment_status":"open","ping_status":"open","sticky":false,"template":"","format":"standard","meta":{"_monsterinsights_skip_tracking":false,"_monsterinsights_sitenote_active":false,"_monsterinsights_sitenote_note":"","_monsterinsights_sitenote_category":0,"footnotes":""},"categories":[47],"tags":[2458,6,802,658],"aioseo_notices":[],"amp_enabled":true,"_links":{"self":[{"href":"https:\/\/speyer24news.com\/index.php?rest_route=\/wp\/v2\/posts\/17344"}],"collection":[{"href":"https:\/\/speyer24news.com\/index.php?rest_route=\/wp\/v2\/posts"}],"about":[{"href":"https:\/\/speyer24news.com\/index.php?rest_route=\/wp\/v2\/types\/post"}],"author":[{"embeddable":true,"href":"https:\/\/speyer24news.com\/index.php?rest_route=\/wp\/v2\/users\/3"}],"replies":[{"embeddable":true,"href":"https:\/\/speyer24news.com\/index.php?rest_route=%2Fwp%2Fv2%2Fcomments&post=17344"}],"version-history":[{"count":2,"href":"https:\/\/speyer24news.com\/index.php?rest_route=\/wp\/v2\/posts\/17344\/revisions"}],"predecessor-version":[{"id":17347,"href":"https:\/\/speyer24news.com\/index.php?rest_route=\/wp\/v2\/posts\/17344\/revisions\/17347"}],"wp:attachment":[{"href":"https:\/\/speyer24news.com\/index.php?rest_route=%2Fwp%2Fv2%2Fmedia&parent=17344"}],"wp:term":[{"taxonomy":"category","embeddable":true,"href":"https:\/\/speyer24news.com\/index.php?rest_route=%2Fwp%2Fv2%2Fcategories&post=17344"},{"taxonomy":"post_tag","embeddable":true,"href":"https:\/\/speyer24news.com\/index.php?rest_route=%2Fwp%2Fv2%2Ftags&post=17344"}],"curies":[{"name":"wp","href":"https:\/\/api.w.org\/{rel}","templated":true}]}}