{"id":17349,"date":"2019-07-31T21:28:31","date_gmt":"2019-07-31T20:28:31","guid":{"rendered":"https:\/\/speyer24news.com\/?p=17349"},"modified":"2019-07-31T21:29:42","modified_gmt":"2019-07-31T20:29:42","slug":"polizei-29","status":"publish","type":"post","link":"https:\/\/speyer24news.com\/?p=17349","title":{"rendered":"Polizei:"},"content":{"rendered":"<style type=\"text\/css\">\r\n\t.ads_top_disp{}\r\n\t.ads_top_corner_disp{ float:left; margin:0px 10px 10px 0px; }\r\n\t.ads_first_p_disp{}\r\n\t.ads_bottom_disp{}\r\n\t<\/style>\n<h2 class=\"wp-block-heading\">Polizeimeldungen vom Mittwoch (31.07.2019)<\/h2>\n\n\n\n<div class=\"wp-block-image\"><figure class=\"aligncenter\"><img decoding=\"async\" src=\"https:\/\/speyer24news.com\/wp-content\/uploads\/2019\/07\/Aktuelles-Polizeilogo-1.jpg\" alt=\"\" class=\"wp-image-16637\"\/><\/figure><\/div>\n\n\n\n<h4 class=\"wp-block-heading\">(Speyer) &#8211; Alkohol am Steuer<\/h4>\n\n\n\n<p>Aufgrund  eines telefonischen Hinweises konnte am Dienstagmittag im Binsfeld ein 48-j\u00e4hriger Mann  aus Bruchk\u00f6bel in seinem PKW kontrolliert werden. Wie gemeldet, stand  der Fahrer unter Alkoholeinfluss, was ein Atemalkoholtest mit 2,28  Promille belegte. Ihm wurde eine Blutprobe entnommen und der  F\u00fchrerschein sowie der Fahrzeugschl\u00fcssel wurden sichergestellt. <\/p>\n\n\n\n<h4 class=\"wp-block-heading\">(Speyer) &#8211; Einbruch in Schrebergarten<\/h4>\n\n\n\n<p>Vermutlich in der Nacht von Montag auf Dienstag hat die unbekannte  T\u00e4terschaft ein Gartenhaus in einem Schrebergarten im Haspelweg  aufgebrochen. Hierbei wurde zun\u00e4chst ein Fenstergitter abmontiert und  anschlie\u00dfend das Fenster aufgehebelt. In dem Gartenhaus wurden s\u00e4mtliche  Schr\u00e4nke durchsucht und diverse Garten- und Haushaltsger\u00e4te entwendet.  Der Gesamtschaden d\u00fcrfte sich auf etwa 1.500 Euro belaufen.<\/p>\n\n\n\n<h4 class=\"wp-block-heading\">(Neuhofen) &#8211; Geschwindigkeitskontrolle<\/h4>\n\n\n\n<p>Am Dienstag, 30.07.2019, zwischen 07:50 und 08:50 Uhr, f\u00fchrten Beamte  der Polizeiinspektion Schifferstadt in der Woogstra\u00dfe eine  Geschwindigkeitskontrolle durch. Bei erlaubten 30 km\/h wurden 12  Geschwindigkeits\u00fcberschreitungen festgestellt, wobei der Schnellste mit  51 km\/h unterwegs war. <\/p>\n\n\n\n<h4 class=\"wp-block-heading\">(Hochstadt \/ B 272) &#8211; Auffahrunfall vor der Ampelanlage<\/h4>\n\n\n\n<p>Am Dienstagnachmittag kam es im Feierabendverkehr vor einer Ampelanlage  auf der B272 bei Hochstadt zu einem Verkehrsunfall mit vier beteiligten  PKW\u00b4s. Der Unfallverursacher fuhr nach Umschalten der Ampelanlage auf  Gr\u00fcn los, ohne auf das vordere Fahrzeug zu achten. Da das vor ihm  befindliche Fahrzeug noch stand, fuhr er diesem auf, welcher wiederum  auf zwei weitere vor ihm befindlichen Fahrzeuge geschoben wurde. Der  Schaden an allen Fahrzeugen bel\u00e4uft sich auf wenige Tausend Euro. Zudem  musste das Verursacherfahrzeug abgeschleppt werden. Gl\u00fccklicherweise  wurde bei dem Verkehrsunfall keiner der Beteiligten verletzt. <\/p>\n\n\n\n<h4 class=\"wp-block-heading\">(Germersheim) &#8211; Brand in einer Lagerhalle<\/h4>\n\n\n\n<p>Am 30.07.2019 gegen 09:25 Uhr kam es in einer Firma in Germersheim zu  einem Einsatz der Polizei und Feuerwehr. Ein Reifenstapel in einer Halle  war in Brand geraten, konnte aber schnell durch die Feuerwehr gel\u00f6scht  werden. Es entstand lediglich Sachschaden in H\u00f6he von 2500EUR. Verletzt  wurde niemand. Die Ursache konnte durch die Polizei ebenfalls schnell  ermittelt werden. Urs\u00e4chlich war der fahrl\u00e4ssige Umgang mit einem  Gasbrenner der zum Vernichten von Unkraut verwendet wurde. Das Feuer  schlug dann auf einen Reifenstapel in der Halle \u00fcber. Es wurde ein  Ermittlungsverfahren gegen den Verursacher eingeleitet. <\/p>\n\n\n\n<h4 class=\"wp-block-heading\">(Rinnthal) &#8211; Motorradunfall im Wellbachtal<\/h4>\n\n\n\n<p>Am 31.07.2019, 12.30 Uhr, befuhr eine 58-j\u00e4hrige Motorradfahrerin aus  dem Badischen das Wellbachtal in Richtung Johanniskreuz. Kurz vorm  Bauernfelsen kam sie aufgrund eines Fahrfehlers nach rechts von der  Fahrbahn ab und stie\u00df gegen ein Verkehrszeichen. Hierbei wurde die  Fahrerin leicht verletzt. Das Motorrad war derart besch\u00e4digt, dass es  abgeschleppt werden musste. <\/p>\n\n\n\n<h4 class=\"wp-block-heading\">(Landau) &#8211; Aggressiver Fu\u00dfg\u00e4nger in der Innenstadt unterwegs<\/h4>\n\n\n\n<p>Am Dienstagabend befuhr eine Verkehrsteilnehmerin mit ihrem PKW die  K\u00f6nigstra\u00dfe auf H\u00f6he der Queich in Landau, als sich eine unbekannte  Person pl\u00f6tzlich vor ihr Fahrzeug stellte. Wutentbrannt schlug der  Unbekannte ohne ersichtliche Gr\u00fcnde auf die Motorhaube und hielt der  PKW-Fahrerin vor, sie d\u00fcrfe die K\u00f6nigsstra\u00dfe nicht befahren, da es sich  um eine Einbahnstra\u00dfe handeln w\u00fcrde. Die PKW-Fahrerin setzte vorsichtig  ihre Fahrt fort. Noch w\u00e4hrend sie an dem Unbekannten vorbeifuhr, schlug  dieser erneut mehrmals auf den PKW ein. Der Au\u00dfenspiegel des PKW ging  hierbei zu Bruch. Eine eingeleitete Fahndung nach der unbekannten Person  verlief ergebnislos. Sachdienliche Hinweise nimmt die Polizeiinspektion  Landau unter der Telefonnummer 06341-287-0 oder per E-Mail unter <a href=\"mailto:pilandau@polizei.rlp.de\">pilandau@polizei.rlp.de<\/a> entgegen. <\/p>\n\n\n\n<h4 class=\"wp-block-heading\">(Landau) &#8211; Volltrunkener Jugendlicher am fr\u00fchen Montagabend<\/h4>\n\n\n\n<p>Am fr\u00fchen Montagabend kam es in der Cornichonstra\u00dfe in Landau zu einem  Einsatz mit einem volltrunkenen 14-J\u00e4hringen. Der als hilflose Person  gemeldete Jugendliche zeigte sich bereits bei Eintreffen der  eingesetzten Beamten respektlos und verbal aggressiv. Die eingesetzten  Beamten wurden von dem Jugendlichen bei dem \u00fcber mehrere Stunden  gehenden Einsatz massiv beleidigt und bedroht. Dabei war er sich nicht  zu schade, eine Beamtin in extremer Art und Weise sexuell zu beleidigen  und in Richtung der Beamten zu spucken. Der Jugendliche wurde daraufhin  zur Unterbindung weiterer Straftaten gefesselt und aufgrund des hohen  Alkoholwertes (1,86 Promille) zur weiteren medizinischen Versorgung in  ein Krankenhaus verbracht, wo er durch die Polizei bewacht werden  musste. Da sich auch dort sein Verhalten nicht \u00e4nderte und der weitere  Aufenthalt im Krankenhaus nicht mehr tragbar war, wurde seine Mutter  verst\u00e4ndigt, die ihn mit nach Hause nahm. <\/p>\n\n\n\n<h4 class=\"wp-block-heading\">(Edenkoben) &#8211; Verkehrsunfall mit Zeugenaufruf<\/h4>\n\n\n\n<p>Am 30.07.2019 kam es in Edenkoben in der Bahnhofstra\u00dfe \/ Ecke  Staatsstra\u00dfe gegen 13:20 Uhr zu einem Verkehrsunfall. Hierbei befuhr die  61-j\u00e4hrige Fiat-Fahrerin die Bahnhofstra\u00dfe und wollte nach links in die  Staatsstra\u00dfe abbiegen. Der 64-j\u00e4hrige Opel-Fahrer befuhr seinerseits  die Staatsstra\u00dfe in Fahrtrichtung Edesheim. Im gennannten  Einm\u00fcndungsbereich kam es dann zum Zusammensto\u00df der beiden Fahrzeuge,  wobei die Fiat-Fahrerin die Vorfahrt des Opel-Fahrers missachtete. Die  Fiat-Fahrerin behauptet nun, dass der Opel-Fahrer zuvor nach rechts  geblinkt habe und seine Fahrt dann geradeaus Richtung Edesheim  fortsetzte. Die Fiat-Fahrerin habe ihren Angaben zufolge darauf  vertraut, dass der Opel-Fahrer nach rechts abbiegt. Der Opel-Fahrer  bestreitet, den Blinker gesetzt zu haben. Den Unfall soll eine nicht  namentlich bekannte Zeugin gesehen haben, die hinter dem Opel-Fahrer  gefahren ist. Bilanz des Unfalls: Zwei nicht mehr fahrbereite PKW und  Sachschaden in H\u00f6he von 5500 Euro. Beide PKW mussten abgeschleppt  werden. Zeugenhinweise nimmt die PI Edenkoben unter 06323 955-0 oder per  Mail an <a href=\"mailto:piedenkoben@polizei.rlp.de\">piedenkoben@polizei.rlp.de<\/a> entgegen. <\/p>\n\n\n\n<h4 class=\"wp-block-heading\">(Bad D\u00fcrkheim) &#8211; Mitteilungen \u00fcber Drogenkonsum<\/h4>\n\n\n\n<p>Am Dienstag, gegen 17.55 Uhr, meldete eine aufmerksame Zeugin vier  Personen, welche in der Unterf\u00fchrung Gerberstra\u00dfe und M\u00fchlgasse mit  Drogen hantieren w\u00fcrden. Bei der \u00dcberpr\u00fcfung der \u00d6rtlichkeit konnten die  16 bis 20 Jahre alten Personen festgestellt werden. Insgesamt wurden  ca. 10 Gramm Marihuana sichergestellt. Ein weiterer Fall wurde gegen  23.45 Uhr gemeldet. In einem Holzpavillon im Wellsring konnten  allerdings nur noch Reste von Marihuana festgestellt werden. Die zuvor  anwesenden 5-6 Jugendlichen konnten nicht mehr angetroffen werden. <\/p>\n\n\n\n<h4 class=\"wp-block-heading\">(Deidesheim) &#8211; Kollision mit Folgen<\/h4>\n\n\n\n<p>Am 31.07.2019 um 09:15 Uhr befuhr der 62-j\u00e4hrige LKW-Fahrer, mit seinem  LKW der Marke Daimler Benz, die Stra\u00dfe Im Diedel in Deidesheim in  Fahrtrichtung Ruppertsberg. An der, auf der Strecke befindlichen,  Bahnunterf\u00fchrung blieb der 62-J\u00e4hrige mit dem Hydraulikhebearm seines  Container-LKW h\u00e4ngen. Die H\u00f6he der Br\u00fccke betr\u00e4gt an dieser Stelle  3,20m. Der LKW-Fahrer verletzte sich bei dieser Kollision schwer und  musste mit dem Rettungshubschrauber in die BGU nach Ludwigshafen  geflogen werden. Sowohl die Feuerwehr, als auch Mitarbeiter der  Deutschen Bahn, waren im Einsatz. Durch den Zusammensto\u00df entstand zudem  Sachschaden an der Unterf\u00fchrung. Der Bahnstrecke wurde gesperrt. Der  Bahnverkehr auf der Nebenstrecke wird vorerst nicht wieder in Betrieb  genommen. Wie lang die Streckensperrung andauert, ist bisher unklar. <\/p>\n\n\n\n<h4 class=\"wp-block-heading\">(Gr\u00fcnstadt) &#8211; Ladendiebe auf &#8222;Gro\u00dfeinkauf&#8220;<\/h4>\n\n\n\n<p>Der Ladendetektiv eines Supermarktes in der Kirchheimer Stra\u00dfe  erwischte am Dienstagnachmittag zwei Heranwachsende (18 und 19 Jahre aus Gr\u00fcnstadt) beim  Ladendiebstahl und informierte die Polizei. Auf dem \u00dcberwachungsvideo  war erkennbar wie insgesamt drei T\u00e4ter Sachen jeweils in ihre Hosen  steckten. Bei der Durchsuchung eines mitgebrachten Rucksacks konnte  weiteres Diebesgut, u.a. Sonnenbrillen, S\u00fc\u00dfigkeiten, Kleidungsst\u00fccke,  Schuhe, Wurstwaren, alkoholische Getr\u00e4nke, Lampen, N\u00e4gel, aufgefunden  werden. Die Sachen stammten teilweise aus nahegelegenen Gesch\u00e4ften  (Schuhgesch\u00e4ft, Baumarkt, Kleidergesch\u00e4ft, weiteres  Lebensmittelgesch\u00e4ft, Discounter in der Innenstadt). Der Wert der  geklauten Ware liegt bei ca. 200 EUR. Ein dritter Verd\u00e4chtiger (20  Jahre) konnte ermittelt werden. <\/p>\n\n\n\n<h4 class=\"wp-block-heading\">(Frankenthal) &#8211; Wohnungsbrand in Frankenthal<\/h4>\n\n\n\n<h4 class=\"wp-block-heading\">Gemeinsame Pressemitteilung von Staatsanwaltschaft Frankenthal\/Pfalz und Polizeipr\u00e4sidium Rheinpfalz <\/h4>\n\n\n\n<h4 class=\"wp-block-heading\" style=\"text-align:center\">Nachtragsmeldung<\/h4>\n\n\n\n<p>Die Kriminalpolizei hat am 30.07.2019 den Brandort erneut untersucht.  Nach deren Einsch\u00e4tzung ist von einem fahrl\u00e4ssigen Umgang mit einer  Z\u00fcndquelle auszugehen. Der 32-j\u00e4hrige Bewohner, der bei dem Brand schwer  verletzt wurde, befindet sich derzeit noch im Krankenhaus. Es besteht  weiterhin Lebensgefahr. Die kriminalpolizeilichen Ermittlungen dauern  an. <\/p>\n\n\n\n<h4 class=\"wp-block-heading\">(Frankenthal) &#8211; Kellerabteil aufgebrochen<\/h4>\n\n\n\n<p>Unbekannte T\u00e4ter gelangten durch Aufbrechen des Vorh\u00e4ngeschlosses in  das Kellerabteil eines Bewohners eines Mehrfamilienhauses am  Mina-Karcher-Platz in Frankenthal. Der Tatzeitraum liegt zwischen dem  01.07.2019 und dem 29.07.2019. Das Kellerabteil wurde durchw\u00fchlt. Ob  auch etwas entwendet wurde, kann zum derzeitigen Zeitpunkt noch nicht  gesagt werden. Der Gesamtschaden bel\u00e4uft sich derzeit auf 50 Euro. <\/p>\n\n\n\n<p>Wer  sachdienliche Hinweise zu dem genannten Fall geben kann, wird gebeten  sich mit der Polizeiinspektion Frankenthal unter der Rufnummer  06233\/313-0 oder der Polizeiwache Maxdorf unter der Rufnummer  06237\/934-1100 in Verbindung zu setzen. Hinweise k\u00f6nnen auch per E-Mail  unter <a href=\"mailto:pifrankenthal@polizei.rlp.de\">pifrankenthal@polizei.rlp.de<\/a> an die Polizei \u00fcbermittelt werden. <\/p>\n\n\n\n<h4 class=\"wp-block-heading\">(Fu\u00dfg\u00f6nheim) &#8211; Sachbesch\u00e4digung an Kraftfahrzeugen<\/h4>\n\n\n\n<p>In der Nacht vom 29.07.2019 auf den 30.07.2019 zwischen 18:45 Uhr und  07:15 Uhr wird durch bislang unbekannte T\u00e4ter in der R\u00f6merstra\u00dfe in  Fu\u00dfg\u00f6nheim zwei PKW&#8217;s mit einem spitzen Gegenstand zerkratzt. Die beiden  PKW&#8217;s sind in unmittelbarer N\u00e4he zueinander geparkt. Weitere  besch\u00e4digte Fahrzeuge k\u00f6nnen nicht festgestellt werden. Der Sachschaden  wird jeweils auf ca. 1500 EUR gesch\u00e4tzt. Die Polizei sucht Zeugen und  weitere Gesch\u00e4digte. <\/p>\n\n\n\n<p>Wer sachdienliche Hinweise zu dem genannten  Fall geben kann, wird gebeten sich mit der Polizeiwache Maxdorf unter  der Rufnummer 06237\/934-1100 in Verbindung zu setzen. Hinweise k\u00f6nnen  auch per E-Mail unter <a href=\"mailto:pwmaxdorf@polizei.rlp.de\">pwmaxdorf@polizei.rlp.de<\/a> an die Polizei \u00fcbermittelt werden. <\/p>\n\n\n\n<h4 class=\"wp-block-heading\">(Ludwigshafen) &#8211; Fl\u00fcchtiger Autofahrer gesucht<\/h4>\n\n\n\n<p>Am 30.07.2019, gegen 19:20 Uhr, verursachte ein bislang unbekannter  Autofahrer einen Sachschaden von etwa 1.000 Euro. Der Unbekannte war zu  diesem Zeitpunkt die B9 in Richtung Frankenthal entlanggefahren und aus  ungekl\u00e4rter Ursache im Kurvenbereich der Abfahrt LU-Pfingstweide von der  Fahrbahn abgekommen. In der Folge touchierte er \u00fcber mehrere Meter den  hohen Bordstein sowie Au\u00dfenbegrenzungen einer Gr\u00fcnfl\u00e4chenanlage. Der  Autofahrer setzte seine Fahrt dennoch fort und kam in der Budapester  Stra\u00dfe erneut von der Fahrbahn ab. Auch hier streifte er \u00fcber mehrere  Meter einen Bordstein. <\/p>\n\n\n\n<p>An beiden Bordsteinen entstand \nSachschaden. Der Unbekannte sei laut Zeugenaussagen mit einem schwarzen \nMazda unterwegs gewesen. Es handle sich um einen \u00e4lteren Mann mit \nl\u00e4ngeren grauen Haaren. <\/p>\n\n\n\n<p>Sachdienliche Hinweise bitte an die Polizeiwache Oggersheim unter Tel. 0621 963 &#8211; 2403 oder per Mail <a href=\"mailto:pwoggersheim@polizei.rlp.de\">pwoggersheim@polizei.rlp.de<\/a>. <\/p>\n\n\n\n<h4 class=\"wp-block-heading\">(Ludwigshafen) &#8211; Fahrraddiebe erwischt<\/h4>\n\n\n\n<p>Am 30.07.2019, gegen 18:50 Uhr, beobachtete ein Zeuge, wie drei  Jugendliche um einen Fahrradst\u00e4nder neben dem Haupteingang am  Willersinn-Freibad am Strandweg herumschlichen. Da ihm dies verd\u00e4chtig  vorkam, beobachtete er die Drei weiter und sah, wie sie ein neongr\u00fcnes  B-Twin Rad stahlen und Richtung Riedsaumpark fl\u00fcchteten. Nachdem er dies  der Polizei meldete, konnten die Polizeibeamten einen 15-J\u00e4hrigen,  einen 16-J\u00e4hrigen und einen 17-J\u00e4hrigen an der Bushaltestelle  Riedsaumpark in der Luitpoldstra\u00dfe zusammen mit dem gestohlenen Rad  ausfindig machen. Das gestohlene Fahrrad wurde seinem rechtm\u00e4\u00dfigen  Besitzer wieder zur\u00fcckgegeben. <\/p>\n\n\n\n<h4 class=\"wp-block-heading\">(Ludwigshafen) &#8211; Polizei sucht Exhibitionisten<\/h4>\n\n\n\n<p>Am 30.07.2019, gegen 15.30 Uhr, fiel einer Spazierg\u00e4ngerin in der  Budapester Stra\u00dfe (auf H\u00f6he des Eingangs des B\u00fcrgerparks Pfingstweide)  ein Mann auf, der im Geb\u00fcsch an seinem Geschlechtsteil manipulierte. Der  Mann wird als <\/p>\n\n\n\n<ul><li>etwa 30 Jahre alt<\/li><li>1,70 Meter gro\u00df und <\/li><li>kr\u00e4ftig  beschrieben<\/li><li>Er trug ein dunkles T-Shirt und eine kurze Hose. <\/li><\/ul>\n\n\n\n<p>Sachdienliche Hinweise nimmt die Kriminalpolizei Ludwigshafen unter der Telefonnummer 0621\/963-2773 oder per Email <a href=\"mailto:kiludwigshafen@polizei.rlp.de\">kiludwigshafen@polizei.rlp.de<\/a> entgegen. <\/p>\n\n\n\n<h4 class=\"wp-block-heading\">(Ludwigshafen) &#8211; 30-J\u00e4hriger verletzt<\/h4>\n\n\n\n<p>Am 30.07.2019, gegen 13:15 Uhr, wurde die Polizei von einem Zeugen  gerufen, der berichtete, dass vor der Filiale eines Drogeriemarktes in  der Ludwigstra\u00dfe ein blutender Mann liegen w\u00fcrde. Als die Polizeibeamten  eintrafen, erkl\u00e4rte der verletzte 30-J\u00e4hrige, er sei von einem Mann  geschlagen worden, der <\/p>\n\n\n\n<ul><li>etwa 1,65 m gro\u00df gewesen sei<\/li><li>kurze rasierte  Haare gehabt h\u00e4tte <\/li><li>sowie ein dunkles T-Shirt getragen habe<\/li><li>Zudem sei er  in Begleitung einer Frau mit r\u00f6tlichen Haaren gewesen. Diese Frau habe  ein wei\u00dfes Oberteil getragen. <\/li><li>Danach seien die Beiden in Richtung  Kaiser-Wilhelm-Stra\u00dfe gefl\u00fcchtet. <\/li><\/ul>\n\n\n\n<p>Ein anderer Zeuge gab an, dass die  Frau dem 30-J\u00e4hrigen eine Ohrfeige gegeben habe. Ein Atemalkoholwert bei  dem 30-J\u00e4hrigen ergab 3,17 Promille. Er blutete und wurde ins  Krankenhaus gebracht. <\/p>\n\n\n\n<h4 class=\"wp-block-heading\">(Ludwigshafen) &#8211; Unfall mit Pedelec Fahrerin<\/h4>\n\n\n\n<p>Am 30.07.2019, gegen 09:00 Uhr, fuhr ein 35-J\u00e4hriger mit seinem Auto  auf der Anilinstra\u00dfe in Richtung Rheinuferstra\u00dfe. Zur gleichen Zeit fuhr  eine 57-J\u00e4hrige auf ihrem Pedelec auf der Rheinuferstra\u00dfe auf dem  Radweg in Richtung Anilinstra\u00dfe. An der Einm\u00fcndung Anilinstra\u00dfe \/  Rheinuferstra\u00dfe kam es zu einem Zusammensto\u00df. Die 57-J\u00e4hrige wurde  verletzt und ins Krankenhaus gebracht. <\/p>\n\n\n\n<h4 class=\"wp-block-heading\">(Ludwigshafen) &#8211; 59-J\u00e4hriger verletzt<\/h4>\n\n\n\n<p>Am 30.07.2019, gegen 06:25 Uhr, wurde die Polizei von einem Zeugen  gerufen, der eine k\u00f6rperliche Auseinandersetzung zwischen zwei M\u00e4nnern  am Berliner Platz beobachtete. Die hinzugerufenen Polizeibeamten  trennten die beiden M\u00e4nner voneinander und befragten sie. Der 59-J\u00e4hrige  gab an, dass der 30-J\u00e4hrige gegen eine Gesch\u00e4ftsscheibe getreten bzw.  geschlagen habe. Als der 59-J\u00e4hrige den 30-J\u00e4hrigen daraufhin  angesprochen habe, schlug dieser ihn mit H\u00e4nden und mit seiner  Laptoptasche und verletzte ihn. Der 30-J\u00e4hrige machte keinerlei Angaben.  Er wurde mit auf die Polizeidienststelle genommen. Ein Atemalkoholwert  ergab 2,2 Promille. Nach Durchf\u00fchrung der polizeilichen Ma\u00dfnahmen wurde  er wieder entlassen. <\/p>\n\n\n\n<h4 class=\"wp-block-heading\">(Ludwigshafen) &#8211; Einbruch in Schule<\/h4>\n\n\n\n<p>In der Zeit zwischen dem 26.07.2019, gegen 08:00 Uhr und dem  29.07.2019, gegen 09:45 Uhr, brachen unbekannte T\u00e4ter in die  Anne-Freud-Schule in der Pfalzgrafenstra\u00dfe ein. Ob und was gestohlen  worden ist, steht derzeit noch nicht fest. Sachdienliche Hinweise nimmt  die Kriminalpolizei Ludwigshafen unter der Telefonnummer 0621\/963-2773  oder per Email <a href=\"mailto:kiludwigshafen@polizei.rlp.de\">kiludwigshafen@polizei.rlp.de<\/a> entgegen. <\/p>\n\n\n\n<h4 class=\"wp-block-heading\">(Mannheim) &#8211; Radfahrerin bei Sturz schwer verletzt<\/h4>\n\n\n\n<p>Am Dienstagabend kam es an der Kreuzung Lampertheimer  Stra\u00dfe\/Sonnenschein zu einem Verkehrsunfall, bei dem die beteiligte  54-j\u00e4hrige Radfahrerin schwer verletzt wurde und auch station\u00e4r in einem  Krankenhaus aufgenommen werden musste. Nach den bisherigen Ermittlungen  fuhr die Radfahrerin ohne Beleuchtung auf dem Radweg der Lampertheimer  Stra\u00dfe in Richtung Waldstra\u00dfe. In H\u00f6he der Kreuzung &#8222;Sonnenschein&#8220;  folgte sie allerdings nicht mehr der Verkehrsf\u00fchrung und bog nach links  ab. Ein ordnungsgem\u00e4\u00df fahrender Toyota-Fahrer konnte trotz  Ausweichman\u00f6ver einen Zusammensto\u00df nicht mehr verhindern. <\/p>\n\n\n\n<p>Die Mannheimerin st\u00fcrzte und musste von einem Notarzt an der Unfallstelle erstversorgt werden. <\/p>\n\n\n\n<p>W\u00e4hrend\n der Unfallaufnahme bzw. Versorgung der Frau war eine kurzfristige \nSperrung der Lampertheimer Stra\u00dfe zwischen Kometenweg und Sonnenschein \nerforderlich. <\/p>\n\n\n\n<h4 class=\"wp-block-heading\">(Mannheim) &#8211; Unfall auf der L 597 fordert hohen Schaden<\/h4>\n\n\n\n<p>Verletzt wurde ein Renault Megan\u00e9-Fahrer am Dienstagmorgen kurz nach 9  Uhr bei einem Unfall auf der L 597. Der 32-J\u00e4hrige war auf der  Landstra\u00dfe von Edingen-Neckarhausen in Richtung Mannheim-Friedrichsfeld  unterwegs und fuhr urpl\u00f6tzlich auf den langsam auf die Ampelanlage  zurollenden Lkw eines 64-J\u00e4hrigen. Durch den Aufprall l\u00f6sten die Airbags  aus, wodurch sich der 32-J\u00e4hrige verletzte. Eine medizinische  Versorgung vor Ort lehnte er ab, er wollte ggfs. selbst einen Arzt  aufsuchen. Ein Abschleppdienst f\u00fcr den Renault sowie eine Spezialfirma  zur Reinigung der Fahrbahn musste hinzugezogen werden. Insgesamt  entstand ein Schaden von \u00fcber 10.000 Euro. <\/p>\n\n\n\n<h4 class=\"wp-block-heading\">(Mannheim-Innenstadt) &#8211; Frau wird beim \u00dcberqueren der Stra\u00dfe von Transporter erfasst \/ Transporter-Fahrer gefl\u00fcchtet &#8211; Zeugen gesucht!<\/h4>\n\n\n\n<p>Die Polizei sucht Zeugen eines Verkehrsunfalls, der sich am Dienstag,  gegen 8:30 Uhr, zwischen den Quadraten N1\/C1 ereignet hat. Eine  35-j\u00e4hrige Frau \u00fcberquerte bei gr\u00fcner Ampel die Fahrbahn und wurde von  einem wei\u00dfen Transporter, der von C1\/D1 nach rechts abbog, frontal  erfasst. Die Fu\u00dfg\u00e4ngerin st\u00fcrzte durch die Kollision zu Boden und zog  sich leichte Verletzungen zu. Der Transporter-Fahrer hielt zun\u00e4chst an  und stieg aus seinem Fahrzeug aus. Doch nach einem kurzen Wortwechsel  entfernte er sich einfach von der Unfallstelle. <\/p>\n\n\n\n<p>Der Unbekannte wurde wie folgt beschrieben: <\/p>\n\n\n\n<ul><li>m\u00e4nnlich<\/li><li>ca. 30 Jahre alt<\/li><li>etwa 1,80 m gro\u00df<\/li><li>blonde kurze Haare<\/li><li>muskul\u00f6se Statur<\/li><\/ul>\n\n\n\n<p>Der Gesch\u00e4digten eilten zwei unbekannte Frauen zu Hilfe, die den Vorfall beobachtet haben m\u00fcssen. <\/p>\n\n\n\n<p>Diese  Frauen sowie weitere Zeugen, die Hinweise zu der beschriebenen Person  geben k\u00f6nnen, werden gebeten, sich beim Polizeirevier  Mannheim-Innenstadt unter Tel.: 0621\/1258-0 zu melden. <\/p>\n\n\n\n<h4 class=\"wp-block-heading\">(Mannheim-Wohlgelegen) &#8211; Einbrecher fl\u00fcchtet nach Wohnungseinbruch ohne Beute \/ Zeugen gesucht!<\/h4>\n\n\n\n<p>In eine Erdgeschosswohnung in der Pappelallee brach ein bislang  unbekannter T\u00e4ter im Zeitraum von Donnerstag, 25.07., bis Dienstag,  30.07., ein. Der Unbekannte hatte gewaltsam ein Fenster aufgehebelt und  war \u00fcber dieses in die Wohnung gelangt. Mehrere R\u00e4ume wurden von dem  Einbrecher durchw\u00fchlt, entwendet hatte er jedoch nach derzeitigem  Kenntnisstand nichts. Die H\u00f6he des entstandenen Sachschadens kann  derzeit noch nicht beziffert werden. <\/p>\n\n\n\n<p>Zeugen, die verd\u00e4chtige  Beobachtungen gemacht haben, werden gebeten, sich mit dem Polizeirevier  Mannheim-Neckarstadt unter Tel.: 0621\/3301-0 in Verbindung zu setzen. <\/p>\n\n\n\n<h4 class=\"wp-block-heading\">(Mannheim-Neckarstadt) &#8211; Mann l\u00e4uft mit Pistole herum und verunsichert Anwohner und Passanten, gr\u00f6\u00dferer Polizeieinsatz<\/h4>\n\n\n\n<figure class=\"wp-block-image\"><img decoding=\"async\" src=\"https:\/\/speyer24news.com\/wp-content\/uploads\/2019\/07\/SEK-Beispielbild-1.jpg\" alt=\"\" class=\"wp-image-17350\"\/><figcaption>Beispielfoto eines Sondereinsatzkommandos (SEK)<\/figcaption><\/figure>\n\n\n\n<p>Mehrere Anwohner und Passanten der Rainweidenstra\u00dfe, Waldhofstra\u00dfe und  Pumpwerkstra\u00dfe meldeten sich am Mittwoch gegen 12.20 Uhr bei der  Polizei, da offensichtlich ein Mann mit einer Pistole in der Hand durch  die Neckarstadt-West ziehen w\u00fcrde. <\/p>\n\n\n\n<p>Sofort wurden mehrere Funkwagenbesatzungen zusammengezogen und zur Fahndung nach dem Mann eingesetzt. <\/p>\n\n\n\n<p>Ermittlungen\n ergaben, dass der Mann sich in eine Wohnung in der Rainweidenstra\u00dfe \nzur\u00fcckgezogen habe, weshalb das Mehrfamilienhaus umstellt, die Wohnung \ndurch Polizeikr\u00e4fte gesichert wurde. <\/p>\n\n\n\n<p>Aufgrund der Lage wurden Spezialkr\u00e4fte des Polizeipr\u00e4sidiums Einsatz angefordert. <\/p>\n\n\n\n<p>Noch\n vor deren Eintreffen, \u00f6ffnete der Mann die Wohnung und konnte \nwiderstandslos von Polizeibeamten in Gewahrsam genommen werden. <\/p>\n\n\n\n<p>Bei\n der Durchsuchung der Wohnung konnte lediglich eine sog. Softairwaffe, \ndie einer echten Pistole t\u00e4uschend \u00e4hnelte, aufgefunden und \nsichergestellt werden. <\/p>\n\n\n\n<p>Der Mann wurde zum Polizeirevier \nMannheim-Neckarstadt verbracht und im Anschluss aller polizeilichen \nMa\u00dfnahmen einem Arzt einer Fachklinik zugef\u00fchrt. <\/p>\n\n\n\n<p>Die Ermittlungen in dieser Sache dauern an. <\/p>\n\n\n\n<h4 class=\"wp-block-heading\">(Mannheim-Sandhofen) &#8211; Vier Personen wegen des dringenden Verdachts der  Urkundenf\u00e4lschung und Betrugs auf Antrag der Staatsanwaltschaft  Mannheim in Untersuchungshaft<\/h4>\n\n\n\n<h4 class=\"wp-block-heading\">Gemeinsame Pressemitteilung der Staatsanwaltschaft und des Polizeipr\u00e4sidiums Mannheim <\/h4>\n\n\n\n<p>Auf\n Antrag der Staatsanwaltschaft Mannheim erlie\u00df der Ermittlungsrichter am\n Amtsgericht Mannheim am Dienstag Haftbefehle gegen einen 20-J\u00e4hrigen, \neine 22-J\u00e4hrige, einen 23-J\u00e4hrigen und einen 47-J\u00e4hrigen mit \nitalienischer Staatsangeh\u00f6rigkeit. <\/p>\n\n\n\n<p>Die vier dringend \nTatverd\u00e4chtigen sollen nach derzeitigem Ermittlungsstand im Tatzeitraum \nMontag, 22.07.2019 und Montag, 29.07.2019 in drei Filialen einer \nElektronikmarktkette in Mannheim und Viernheim Elektroartikel im Wert \nvon \u00fcber 10.000 Euro widerrechtlich in ihren Besitz gebracht haben. <\/p>\n\n\n\n<p>Der\n 20-J\u00e4hrige soll jeweils unter Vorlage eines gef\u00e4lschten Ausweises sowie\n einer gef\u00e4lschten Lohnbescheinigung einen Kaufvertrag und einen \nentsprechenden Finanzierungsvertrag im Markt abgeschlossen haben. Die \nElektroartikel, u.a. Mobiltelefone und zwei sog. &#8222;Gaming-St\u00fchle&#8220;, wurden\n nach Kaufabschluss jeweils den anderen dringend Tatverd\u00e4chtigen \nausgeh\u00e4ndigt. <\/p>\n\n\n\n<p>Nach derzeitigem Ermittlungsstand sollen die \nBeschuldigten 13 Kauf- und Finanzierungsvertr\u00e4ge nach dem gleichen \nMuster, teilweise mehrfach an einem Tag, abgeschlossenen und sich so \nWaren widerrechtlich zugeeignet haben. <\/p>\n\n\n\n<p>Der 20-j\u00e4hrige und die 22-j\u00e4hrige Beschuldigte wurden am 29.07.2019 in Viernheim auf frischer Tat vorl\u00e4ufig festgenommen. <\/p>\n\n\n\n<p>Die\n beiden 23 und 47 Jahre alten dringend Tatverd\u00e4chtigen wurden im \nAnschluss im Polizeirevier Mannheim-Sandhofen vorstellig und dort \nebenfalls vorl\u00e4ufig festgenommen. <\/p>\n\n\n\n<p>Bei durchgef\u00fchrten Durchsuchungen von Wohnungen wurden umfangreiche Beweismittel, u.a. Elektronikartikel, beschlagnahmt. <\/p>\n\n\n\n<p>Ob\n die Tatverd\u00e4chtigen mit der gleichen Masche weitere Straftaten in \nanderen Gesch\u00e4ften begingen, ist derzeit u.a. Gegenstand der \nErmittlungen. <\/p>\n\n\n\n<p>Auf Antrag der Staatsanwaltschaft Mannheim wurden \ndie vier Beschuldigten am Dienstag dem Ermittlungsrichter des \nAmtsgerichts Mannheim vorgef\u00fchrt. Dieser erlie\u00df wegen Verdachts der \nUrkundenf\u00e4lschung und Betrugs Haftbefehl aufgrund bestehender Flucht- \nund Verdunkelungsgefahr. Die vier Beschuldigten wurden danach in \nverschiedene Justizvollzuganstalten eingeliefert. <\/p>\n\n\n\n<p>Die Ermittlungen der Staatsanwaltschaft Mannheim und des Polizeireviers Mannheim-Sandhofen dauern an. <\/p>\n\n\n\n<h4 class=\"wp-block-heading\">(Heidelberg) &#8211; VW-Fahrerin nimmt Motorrad-Fahrer die Vorfahrt&#8230;<\/h4>\n\n\n\n<p>Eine 52-j\u00e4hrige VW Golf-Fahrerin war am Dienstagabend kurz nach 20 Uhr  in der Neckarauer Stra\u00dfe in Richtung Kappesg\u00e4rten unterwegs und achtete  nicht auf den vorfahrtsberechtigten Motorradfahrer. Der 58-j\u00e4hrige  Zweiradfahrer konnte einen Zusammensto\u00df nicht mehr verhindern, st\u00fcrzte  auf die Fahrbahn und zog sich Verletzungen zu, die an der Unfallstelle  erstbehandelt werden mussten. Sein Motorrad war nicht mehr fahrbereit;  insgesamt entstand Schaden von 8.000 Euro. Die Heidelbergerin sieht  einer Anzeige entgegen. <\/p>\n\n\n\n<h4 class=\"wp-block-heading\">(Heidelberg) &#8211; Kollision zwischen Motorrad und VW \/ Wer von beiden hatte Gr\u00fcn? Zeugen und insbesondere Taxifahrer gesucht!<\/h4>\n\n\n\n<p>An der Kreuzung Schwetzinger Stra\u00dfe\/Albert-Fritz-Stra\u00dfe kam es am  Dienstag, kurz nach 9 Uhr, zu einem Verkehrsunfall, bei dem ein  30-j\u00e4hriger Motorradfahrer verletzt wurde. Der Motorradfahrer war in der  Albert-Fritz-Stra\u00dfe unterwegs und hielt eigenen Angaben zufolge an der  Kreuzung aufgrund einer roten Ampel an. Als diese Gr\u00fcn war, fuhr er in  den Kreuzungsbereich ein und kollidierte mit dem von links kommenden VW  einer 90-J\u00e4hrigen. Durch die Kollision st\u00fcrzte der Mann zu Boden und zog  sich Verletzungen zu. Rettungssanit\u00e4ter brachten ihn in eine Klinik.  Die VW-Fahrerin gab gegen\u00fcber den Beamten an, ebenfalls bei Gr\u00fcn in den  Kreuzungsbereich eingefahren zu sein. Ein bislang unbekannter  Taxifahrer, der hinter dem VW fuhr, stieg nach dem Unfall aus seinem  Wagen aus und erkundigte sich nach dem Wohlbefinden des gest\u00fcrzten  Motorradfahrers. Anschlie\u00dfend sei dieser in Richtung Mediamarkt  davongefahren. <\/p>\n\n\n\n<p>Der unbekannte Taxifahrer und weitere Zeugen, die \nAngaben zum Unfallhergang machen k\u00f6nnen, werden gebeten, sich beim \nPolizeirevier Heidelberg-S\u00fcd unter Tel.: 06221\/3418-0 zu melden. <\/p>\n\n\n\n<h4 class=\"wp-block-heading\">(Heidelberg) &#8211; BMW besch\u00e4digt und gefl\u00fcchtet<\/h4>\n\n\n\n<p>Wegen Unfallflucht ermitteln die Beamten des Polizeireviers  Heidelberg-Nord. Die Gesch\u00e4digte parkte ihren 1-er BMW am Dienstagmorgen  kurz vor 9 Uhr in der Wielandtstra\u00dfe in H\u00f6he des Anwesens Nr. 33 und  musste bei ihrer R\u00fcckkehr, gegen 13 Uhr, Kratzer an der Karosserie  feststellen. Bisherigen Angaben zufolge d\u00fcrfte ein Schaden von 2.000  Euro entstanden sein. Zeugen, die evtl. Hinweise auf den Verursacher,  der sich unerlaubt entfernte, geben k\u00f6nnen, werden gebeten, sich unter  Tel.: 06221\/4569-0 zu melden. <\/p>\n\n\n\n<h4 class=\"wp-block-heading\">(Heidelberg) &#8211; Polizei ermittelt wegen Sachbesch\u00e4digung<\/h4>\n\n\n\n<p>Am Dienstagmorgen wurde die Polizei \u00fcber eine Sachbesch\u00e4digung in der  Haberstra\u00dfe in Kenntnis gesetzt. Bislang Unbekannte schlugen in der  Nacht die Scheibe zu dem Wintergarten an dem Objekt ein, gelangten aber  offenbar nicht ins Innere. <\/p>\n\n\n\n<p>In welcher H\u00f6he Sachschaden entstand, \nist derzeit noch nicht gekl\u00e4rt. Die Ermittlungen der Polizei dauern noch\n an. Zeugen, die zwischen Montagabend und Dienstagfr\u00fch verd\u00e4chtige \nBeobachtungen gemacht haben, werden gebeten, sich unter Tel.: \n06221\/3418-0 zu melden. <\/p>\n\n\n\n<h4 class=\"wp-block-heading\">(Heidelberg) &#8211; Kiosk der Alla-Hopp-Anlage von Unbekannten heimgesucht<\/h4>\n\n\n\n<p>Eingebrochen wurde in der Zeit zwischen Montagnachmittag und  Dienstagmorgen in den Kiosk auf der Alla-Hopp-Anlage im Harbigweg im  Heidelberger Stadtteil Kirchheim. Den Kiosk-Vorplatz verw\u00fcsteten die  Unbekannten mit diversen Getr\u00e4nkeflaschen, S\u00fc\u00dfigkeiten und Eis, zudem  schlugen sie in den Toiletten die Seifenspender von den W\u00e4nden. In  welcher H\u00f6he Schaden entstand, ist bislang noch nicht gekl\u00e4rt und  Gegenstand der weiteren Ermittlungen. Am Dienstagmorgen gegen 7.30 Uhr  wurden der Einbruch sowie die Besch\u00e4digungen in den Sanit\u00e4ranlagen  bemerkt und Anzeige bei der Polizei erstattet. <\/p>\n\n\n\n<p>Die Beamten des Polizeireviers Heidelberg-S\u00fcd nehmen unter Tel.: 06221\/3418-0 sachdienliche Zeugenhinweise entgegen. <\/p>\n\n\n\n<h4 class=\"wp-block-heading\">(Heidelberg-Rohrbach) &#8211; Unbekannter h\u00e4ngt Plakate mit volksverhetzendem Inhalt auf \/ Polizei sucht Zeugen<\/h4>\n\n\n\n<p>Am Dienstagmorgen wurde die Polizei dar\u00fcber informiert, dass Unbekannte  an mehreren Stellen im Stadtteil Rohrbach Plakate mit volksverhetzendem  Inhalt aufgeh\u00e4ngt h\u00e4tten. In der Rathausstra\u00dfe und an der Kreuzung  Heinrich-Fuchs-Stra\u00dfe\/Im Hasenleiser konnten Plakate festgestellt  werden, die mit Klebstoff und Klebeband an Stromk\u00e4sten aufgeklebt waren.  Auf den Plakaten wird auf den Vorfall am Frankfurter Hauptbahnhof Bezug  genommen, bei dem am Montag, 29.07.2019 ein 8-j\u00e4hriger Junge ums Leben  gekommen war, nachdem er und seine Mutter von einem Mann auf die Gleise  gesto\u00dfen worden waren. Weiterhin wird die Lebensweise der Rohrbacher  Bev\u00f6lkerung angeprangert und ein Bezug zum Dritten Reich hergestellt. <\/p>\n\n\n\n<p>Hinweise\n auf den Verfasser oder Verbreiter des Plakets liegen derzeit nicht vor.\n Die Ermittlungen des Fachdezernats der Kriminalpolizeidirektion \nHeidelberg wegen Volksverhetzung dauern an. <\/p>\n\n\n\n<p>Zeugen, die  verd\u00e4chtige Beobachtungen gemacht haben und sachdienliche Hinweise zum  Verbreiter der Plakate geben k\u00f6nnen, werden gebeten, sich beim  Kriminaldauerdienst der Kriminalpolizeidirektion Heidelberg, Tel.:  0621\/174-4444 zu melden. <\/p>\n\n\n\n<h4 class=\"wp-block-heading\">(L599 \/ Br\u00fchl \/ Rhein-Neckar-Kreis) &#8211; Verkehrsunfall mit mehreren  beteiligten Fahrzeugen, Landesstra\u00dfe 599 an Unfall\u00f6rtlichkeit gesperrt,  Unfallaufnahme im vollen Gange<\/h4>\n\n\n\n<h4 class=\"wp-block-heading\" style=\"text-align:center\">Pressemeldung 1<\/h4>\n\n\n\n<p>Am Mittwoch gegen 11.45 Uhr soll ein Pkw die Landesstra\u00dfe 599 in  Richtung Br\u00fchl befahren und in der Unterf\u00fchrung zur Bundesautobahn 6 mit  einem entgegenkommenden Lkw kollidiert sein. <\/p>\n\n\n\n<p>Nach derzeitigem \nKenntnisstand wurde der Pkw nach der Kollision vom Lkw abgewiesen, \nprallte gegen eine Wand der Unterf\u00fchrung und besch\u00e4digte im Anschluss \ndrei weitere Fahrzeuge. <\/p>\n\n\n\n<p>Die unfallbeteiligte Pkw-Lenkerin wurde im Abschluss mit einem Rettungswagen in ein nahegelegenes Krankenhaus gefahren. <\/p>\n\n\n\n<p>Derzeit\n ist die Landestra\u00dfe 599 ab der Einm\u00fcndung der Landesstra\u00dfe 630 und aus \nder anderen Richtung ab Br\u00fchler Landstra\u00dfe voll gesperrt. Es kommt zu \nVerkehrsbehinderung. <\/p>\n\n\n\n<p>Die Unfallaufnahme ist im vollen Gange, Rettungskr\u00e4fte, Feuerwehr und Polizei im Einsatz. <\/p>\n\n\n\n<h4 class=\"wp-block-heading\">(L 599 \/ Br\u00fchl \/ Rhein-Neckar-Kreis) &#8211; Verkehrsunfall mit vier beteiligten Fahrzeugen, eine verletzte Person, hoher Sachschaden<\/h4>\n\n\n\n<h4 class=\"wp-block-heading\" style=\"text-align:center\">Pressemeldung 2<\/h4>\n\n\n\n<p>Am Mittwoch gegen 11.45 Uhr befuhr eine 51-j\u00e4hrige Frau mit ihrem Nissan die Landesstra\u00dfe 599 in Richtung Br\u00fchl. <\/p>\n\n\n\n<p>In\n einer leichten Linkskurve unter der Unterf\u00fchrung der Bundesautobahn 6 \nkam sie aus bislang ungekl\u00e4rter Ursache auf die Gegenfahrbahn und \nkollidierte hier mit einem MAN Lkw mit Auflieger eines 28-J\u00e4hrigen. \nDurch den Zusammenprall wurde der Nissan zun\u00e4chst an die Wand der \nUnterf\u00fchrung abgewiesen und kollidierte danach mit einem VW Bus und \neinen VW Passat, die ebenfalls in Richtung Br\u00fchl unterwegs waren. <\/p>\n\n\n\n<p>Die\n Fahrerin des Nissans wurde bei dem Unfall verletzt und mit einem \nKrankenwagen in ein Krankenhaus verbracht. \u00dcber die Schwere der \nVerletzungen liegen derzeit keine Erkenntnisse vor. <\/p>\n\n\n\n<p>Bei dem Unfall entstand ein Sachschaden in H\u00f6he von 27.000 Euro. <\/p>\n\n\n\n<p>Die Landesstra\u00dfe 599 ist derzeit zwischen der Einm\u00fcndung zur Landesstra\u00dfe 690 und der Br\u00fchler Landstra\u00dfe voll gesperrt. <\/p>\n\n\n\n<p>Die Aufr\u00e4umarbeiten an der Unfallstelle werden noch etwa eine Stunde andauern, danach wird die Sperrung aufgehoben. <\/p>\n\n\n\n<p>Die Ermittlungen zur Unfallursache dauern an. <\/p>\n\n\n\n<h4 class=\"wp-block-heading\">(Schwetzingen \/ Rhein-Neckar-Kreis) &#8211; Linienbus kam von der Fahrbahn ab \/ Schaden \u00fcber 20.000 Euro Keine Verletzte<\/h4>\n\n\n\n<p>Hohen Schaden verursachte die Fahrerin eines Linienbusses am  Dienstagmorgen gegen 6.30 Uhr in der Friedrichsfelder Stra\u00dfe. Aus  bislang nicht bekannter Ursache kam die Busfahrerin von der Fahrbahn ab  und krachte auf einen geparkten Peugeot, der in der Folge auf einen  weiteren abgestellten Wagen geschleudert wurde. Im Gr\u00fcnstreifen  touchierte der Bus einen Findling, der zudem mehrere Meter versetzt  wurde. Die Polizei beziffert den Gesamtschaden auf ca. 25.000 Euro. <\/p>\n\n\n\n<p>Den  stark besch\u00e4digten Peugeot transportierte ein Abschleppunternehmen von  der Unfallstelle ab. Bedienstete der Stadt Schwetzingen waren mit den  Reinigungsarbeiten beauftragt. Gl\u00fccklicherweise wurde bei dem Vorfall  niemand verletzt. <\/p>\n\n\n\n<h4 class=\"wp-block-heading\">(Altlu\u00dfheim \/ Rhein-Neckar-Kreis) &#8211; Fiat-Fahrerin kollidiert mit Wildschwein und verursacht Folgeunfall<\/h4>\n\n\n\n<p>Da eine 23-j\u00e4hrige Fiat-Fahrerin in der Nacht zum Mittwoch nach einem  Wildunfall auf der B39 die Unfallstelle nicht absicherte, kam es kurz  darauf an selber \u00d6rtlichkeit zu einer weiteren Kollision. Die  Autofahrerin war gegen 0:40 Uhr von Hockenheim in Richtung Altlu\u00dfheim  unterwegs, als pl\u00f6tzlich ein Wildschwein die Fahrbahn querte. Trotz  Ausweichman\u00f6ver wurde das Tier von dem Fiat erfasst und t\u00f6dlich  verletzt. Die unter Schock stehende 23-j\u00e4hrige Frau setzte mit ihrem  massiv besch\u00e4digten Fiat ihren Heimweg einfach fort und verst\u00e4ndigte von  dort die Polizei. Eine 20-j\u00e4hrige Renault-Fahrerin, die kurz nach der  Kollision an der Unfallstelle vorbeikam, erkannte das auf der Fahrbahn  liegende Tier zu sp\u00e4t und kollidierte mit diesem. Dabei wurde auch deren  Renault stark besch\u00e4digt. Der Gesamtschaden wird auf \u00fcber 5.000 Euro  gesch\u00e4tzt. Der zust\u00e4ndige Jagdp\u00e4chter wurde verst\u00e4ndigt. <\/p>\n\n\n\n<h4 class=\"wp-block-heading\">(Sinsheim \/ Rhein-Neckar-Kreis) &#8211; Verursacher entfernt sich \/ Wer hat den Vorfall beobachtet ?<\/h4>\n\n\n\n<p>Einen auf dem Parkplatz vor der Volksbank in der Kurpfalzstra\u00dfe  abgestellten 1-er BMW besch\u00e4digte am Dienstagmittag ein bislang  unbekannter Autofahrer und entfernte sich danach unerlaubt. Die  Gesch\u00e4digte parkte ihren Wagen f\u00fcr rund 10 Minuten gegen 12 Uhr und hat  nun einen Schaden von rund 5.000 Euro zu regeln. Ohne sich um eine  Schadensregulierung zu k\u00fcmmern, machte sich der Verursacher &#8222;einfach aus  dem Staub&#8220;. Hinweise zum Verursacher nehmen die Beamten des  Polizeireviers Sinsheim unter Tel.: 07261\/6900 entgegen. <\/p>\n\n\n\n<h4 class=\"wp-block-heading\">(Ladenburg \/ Rhein-Neckar-Kreis) &#8211; 74-J\u00e4hrige wird beim Einkaufen von Duo bestohlen \/ Zeugen gesucht!<\/h4>\n\n\n\n<figure class=\"wp-block-image\"><img decoding=\"async\" src=\"https:\/\/speyer24news.com\/wp-content\/uploads\/2019\/07\/Zeugen-gesucht-Neutral-3.jpg\" alt=\"\" class=\"wp-image-17272\"\/><\/figure>\n\n\n\n<p>Eine 74-j\u00e4hrige Frau wurde am Dienstagvormittag, zwischen 11:45 Uhr und  12:15 Uhr, in einem Lebensmitteldiscounter in der Wallstadter Stra\u00dfe  bestohlen. Die Gesch\u00e4digte hatte ihren Geldbeutel in einer  Einkaufstasche im Einkaufswagen, als sie von einer unbekannten Frau  angesprochen wurde. Die Unbekannte, die in Begleitung eines Mannes war,  verwickelte die 74-J\u00e4hrige in ein Gespr\u00e4ch und fragte sie, ob sie denn  wisse, wo es Meloneneis g\u00e4be. Deren m\u00e4nnliche Begleitung nutzte  w\u00e4hrenddessen den unbeobachteten Moment aus und entwendete die Geldb\u00f6rse  der Gesch\u00e4digten. Erst einige Minuten sp\u00e4ter, als die 74-J\u00e4hrige an der  Kasse bezahlen wollte, bemerkte sie den Diebstahl und verst\u00e4ndigte die  Polizei. <\/p>\n\n\n\n<p>Das Duo beschrieb sie wie folgt: <\/p>\n\n\n\n<ul><li>Die Frau war ca.  40 Jahre alt, etwa 1,68 m gro\u00df, dickliche Statur, bekleidet mit einem  dunkelblauen Kleid mit Farbtupfern. <\/li><li>Deren Begleiter war etwa 45-50 Jahre  alt, ca. 1,68 m gro\u00df, hatte eine normale Statur und trug ein graues  Sakko sowie eine gleichfarbige Hose. <\/li><\/ul>\n\n\n\n<p>Ein Passant fand den \ngestohlenen Geldbeutel in der Industriestra\u00dfe auf und \u00fcbergab ihn der \nPolizei. Aus diesem wurde lediglich das Bargeld in H\u00f6he von etwa hundert\n Euro gestohlen. <\/p>\n\n\n\n<p>Mit einem weiteren Auftreten von Taschendieben \nin Lebensmittelm\u00e4rkten oder Discountern ist zu rechnen. Die Polizei r\u00e4t \ndaher, Geldb\u00f6rsen nicht in Einkaufstaschen, Einkaufsk\u00f6rben oder \nEinkaufsw\u00e4gen zu verstauen. Tragen Sie sie m\u00f6glichst k\u00f6rpernah. <\/p>\n\n\n\n<p>Zeugen,  die den Vorfall beobachtet haben oder Hinweise zu den Personen geben  k\u00f6nnen, werden gebeten, sich beim Polizeirevier Ladenburg unter Tel.:  06203\/9305-0 zu melden. <\/p>\n\n\n\n<h4 class=\"wp-block-heading\">(Weinheim \/ Rhein-Neckar-Kreis) &#8211; Exhibitionist im Freizeitbad \/ Polizei sucht weitere Gesch\u00e4digte<\/h4>\n\n\n\n<p>Ein Exhibitionist zeigte sich am Dienstagabend in einem Freizeitbad in Weinheim in unsittlicher Weise vor anderen Badeg\u00e4sten. <\/p>\n\n\n\n<p>Der\n Mann befand sich kurz vor 20 Uhr im sogenannten Kristallbad des \nBadebetriebs und soll an seinem Geschlechtsteil herumgespielt haben. \nDabei habe er Blickkontakt zu anderen Badeg\u00e4sten, insbesondere zu einem \nM\u00e4dchen, gesucht haben. Zwei M\u00e4nner im Alter von 48 und 68 Jahren, die \nsich durch das Verhalten des Mannes gest\u00f6rt f\u00fchlten, verst\u00e4ndigten den \nBademeister. Er brachte den 67-J\u00e4hrigen in sein B\u00fcro und verst\u00e4ndigte \ndie Polizei. Beim Eintreffen der Beamten war das M\u00e4dchen, das sich im \nBadebecken direkt neben dem 67-j\u00e4hrigen Mann aufgehalten, nach \nZeugenauskunft von dessen Handlungen jedoch nichts mitbekommen hatte, \nnicht mehr vor Ort. <\/p>\n\n\n\n<p>Der Tatverd\u00e4chtige wurde zun\u00e4chst zum \nPolizeirevier Weinheim gebracht, wurde nach Vernehmung, ED-Behandlung \nund Entnahme einer DNA-Probe jedoch wieder auf freien Fu\u00df gesetzt. <\/p>\n\n\n\n<p>Die\n Ermittlungen des Fachdezernats des Kriminalkommissariats Mannheim bei \nder Kriminalpolizeidirektion Heidelberg wegen des Verdachts des \nversuchten sexuellen Missbrauchs von Kindern und der exhibitionistischen\n Handlungen dauern an. <\/p>\n\n\n\n<p>Die Polizei sucht Zeugen des Vorfalls,  bzw. das M\u00e4dchen, zu dem der 67-J\u00e4hrige den Blickkontakt gesucht hatte,  und bittet diese, sich beim Kriminaldauerdienst der  Kriminalpolizeidirektion Heidelberg, Tel.: 0621\/174-4444 zu melden. <\/p>\n\n\n\n<h4 class=\"wp-block-heading\">(Weinheim \/ Rhein-Neckar-Kreis) &#8211; Crash im Kreuzungsbereich<\/h4>\n\n\n\n<p>Im Kreuzungsbereich Rhein-\/Alte Landstra\u00dfe stie\u00dfen am Dienstagmorgen  gegen 9.30 Uhr zwei Fahrzeuge zusammen. Verursacht hatte die Kollision  eine 35-j\u00e4hrige VW-Fahrerin, die ihrem Kontrahenten &#8211; einem aus Birkenau  stammenden Toyota-Fahrer &#8211; die Vorfahrt nicht gew\u00e4hrt hatte. An beiden  Autos entstand Schaden, den die Polizei auf mehrere tausend Euro  beziffert. <\/p>\n\n\n\n<p>Den VW lie\u00df die Verursacherin selbst abtransportieren.  Zu Verkehrsbeeintr\u00e4chtigungen kam es w\u00e4hrend der Unfallaufnahme nicht.  Die Beteiligten \u00fcberstanden den Unfall zum Gl\u00fcck ohne Verletzungen. <\/p>\n\n\n\n<h4 class=\"wp-block-heading\">(G\u00f6ppingen \/ Baden W\u00fcrtemberg) &#8211; Polizeihubschrauberstaffel Baden-W\u00fcrttemberg 150.000 Flugstunden f\u00fcr die Sicherheit der Bev\u00f6lkerung<\/h4>\n\n\n\n<p>Die Polizeihubschrauberstaffel Baden-W\u00fcrttemberg ist eine Einheit des  Polizeipr\u00e4sidiums Einsatz und kann seit ihrer Gr\u00fcndung im Jahr 1965  nunmehr auf die beeindruckende Zahl von 150.000 Flugstunden verweisen.  Die Hubschrauberstaffel hat ein gro\u00dfes Einsatzspektrum. Neben  Personensuchen, Fahndungen, Gew\u00e4sser\u00fcberwachungsfl\u00fcgen,  verkehrspolizeilichen Eins\u00e4tzen und Fl\u00fcgen bei Gro\u00dfveranstaltungen zur  Bild\u00fcbertragung, unterst\u00fctzen die Pilotinnen und Piloten die  Spezialeinheiten des Landes bei ihren Eins\u00e4tzen oder haben eine Auge auf  Verst\u00f6\u00dfe, die unsere Umwelt betreffen. Seit Dezember letzten Jahres  sind die Hubschrauberbesatzungen zudem in der Lage, anspruchsvolle  Rettungseins\u00e4tze mit den ehrenamtlichen Helfern der Bergwachten  W\u00fcrttemberg und Schwarzwald in Eigenregie durchzuf\u00fchren. Die fliegenden  Polizistinnen und Polizisten stehen im Schichtdienst rund um die Uhr f\u00fcr  Eins\u00e4tze zur Verf\u00fcgung; dabei unterst\u00fctzen sie unter anderem die  Polizeikr\u00e4fte am Boden. Der Pr\u00e4sident des Polizeipr\u00e4sidiums Einsatz,  Ralph Papcke, betont: &#8222;Die Polizeihubschrauberstaffel ist Dienstleister  f\u00fcr alle Polizeipr\u00e4sidien im Land Baden-W\u00fcrttemberg und f\u00fcr das  Landeskriminalamt. Wir waren und sind mit unserer Hubschrauberstaffel  sehr erfolgreich im Einsatz und k\u00fcmmern uns momentan um eine noch  effektivere Luftverlastung unserer Spezialeinheiten. Der Staffelleiter,  Polizeidirektor Michael Bantle, freut sich \u00fcber die positive  Einsatzbilanz seiner Hubschrauberstaffel und erkl\u00e4rt im Zusammenhang mit  den ansteigenden Zahlen der Nachteins\u00e4tze: &#8222;Fl\u00fcge des  Polizeihubschraubers in der Nacht sind stets von h\u00f6chster Dringlichkeit  und stehen in den meisten F\u00e4llen im Zusammenhang mit der Suche nach  vermissten Menschen oder der Fahndung nach fl\u00fcchtigen Straft\u00e4tern. Die  Rettung von Menschenleben oder die Festnahme von Straft\u00e4tern hat oberste  Priorit\u00e4t. Jede Minute z\u00e4hlt. Wir tun aber alles, um dabei die  Beeintr\u00e4chtigungen durch Flugl\u00e4rm f\u00fcr die Bev\u00f6lkerung so gering wie  m\u00f6glich zu halten.&#8220; Bantle weiter: &#8222;Wir fliegen mit dem H 145 von Airbus  Helicopters, einem neuen und mit modernster Technik ausgestatten  Hubschrauber. Die Technik ist aber nur so gut wie die Menschen, die  damit umgehen. Meine Mitarbeiterinnen und Mitarbeiter sind hochmotiviert  und engagiert und orientieren sich stets am polizeilichen Erfolg. Immer  wieder &#8211; so auch in der j\u00fcngeren Vergangenheit &#8211; k\u00f6nnen dabei Piloten  im Laufe ihres Berufslebens auf \u00fcber 5.000 Flugstunden und noch mehr  verweisen.&#8220; Der Sitz der Polizeihubschrauberstaffel ist am  Landesflughafen in Stuttgart (dort stehen f\u00fcnf Maschinen) und an der  Au\u00dfenstelle auf dem Baden-Airpark in Rheinm\u00fcnster-S\u00f6llingen (dort steht  eine Maschine). <\/p>\n","protected":false},"excerpt":{"rendered":"<div class=\"mh-excerpt\"><p>Polizeimeldungen vom Mittwoch (31.07.2019) (Speyer) &#8211; Alkohol am Steuer Aufgrund eines telefonischen Hinweises konnte am Dienstagmittag im Binsfeld ein 48-j\u00e4hriger Mann aus Bruchk\u00f6bel in seinem PKW kontrolliert werden. Wie gemeldet, stand der Fahrer unter Alkoholeinfluss, <a class=\"mh-excerpt-more\" href=\"https:\/\/speyer24news.com\/?p=17349\" title=\"Polizei:\">[&#8230;]<\/a><\/p>\n<\/div>","protected":false},"author":3,"featured_media":0,"comment_status":"open","ping_status":"open","sticky":false,"template":"","format":"standard","meta":{"_monsterinsights_skip_tracking":false,"_monsterinsights_sitenote_active":false,"_monsterinsights_sitenote_note":"","_monsterinsights_sitenote_category":0,"footnotes":""},"categories":[12],"tags":[61,63,105,53,102,213,55,103,106,427,62,104,979,1565],"aioseo_notices":[],"amp_enabled":true,"_links":{"self":[{"href":"https:\/\/speyer24news.com\/index.php?rest_route=\/wp\/v2\/posts\/17349"}],"collection":[{"href":"https:\/\/speyer24news.com\/index.php?rest_route=\/wp\/v2\/posts"}],"about":[{"href":"https:\/\/speyer24news.com\/index.php?rest_route=\/wp\/v2\/types\/post"}],"author":[{"embeddable":true,"href":"https:\/\/speyer24news.com\/index.php?rest_route=\/wp\/v2\/users\/3"}],"replies":[{"embeddable":true,"href":"https:\/\/speyer24news.com\/index.php?rest_route=%2Fwp%2Fv2%2Fcomments&post=17349"}],"version-history":[{"count":2,"href":"https:\/\/speyer24news.com\/index.php?rest_route=\/wp\/v2\/posts\/17349\/revisions"}],"predecessor-version":[{"id":17352,"href":"https:\/\/speyer24news.com\/index.php?rest_route=\/wp\/v2\/posts\/17349\/revisions\/17352"}],"wp:attachment":[{"href":"https:\/\/speyer24news.com\/index.php?rest_route=%2Fwp%2Fv2%2Fmedia&parent=17349"}],"wp:term":[{"taxonomy":"category","embeddable":true,"href":"https:\/\/speyer24news.com\/index.php?rest_route=%2Fwp%2Fv2%2Fcategories&post=17349"},{"taxonomy":"post_tag","embeddable":true,"href":"https:\/\/speyer24news.com\/index.php?rest_route=%2Fwp%2Fv2%2Ftags&post=17349"}],"curies":[{"name":"wp","href":"https:\/\/api.w.org\/{rel}","templated":true}]}}