{"id":17355,"date":"2019-08-01T06:17:02","date_gmt":"2019-08-01T05:17:02","guid":{"rendered":"https:\/\/speyer24news.com\/?p=17355"},"modified":"2019-08-01T06:17:03","modified_gmt":"2019-08-01T05:17:03","slug":"hassloch-15","status":"publish","type":"post","link":"https:\/\/speyer24news.com\/?p=17355","title":{"rendered":"Ha\u00dfloch:"},"content":{"rendered":"<style type=\"text\/css\">\r\n\t.ads_top_disp{}\r\n\t.ads_top_corner_disp{ float:left; margin:0px 10px 10px 0px; }\r\n\t.ads_first_p_disp{}\r\n\t.ads_bottom_disp{}\r\n\t<\/style>\n<h2 class=\"wp-block-heading\">Zuwachs f\u00fcr das Gewerbegebiet Nord &#8211; GreenPlaces plant nachhaltig errichteten Gewerbepark<\/h2>\n\n\n\n<div class=\"wp-block-image\"><figure class=\"aligncenter\"><img decoding=\"async\" loading=\"lazy\" width=\"800\" height=\"566\" src=\"https:\/\/speyer24news.com\/wp-content\/uploads\/2019\/08\/BD180F59.jpg\" alt=\"\" class=\"wp-image-17356\" srcset=\"https:\/\/speyer24news.com\/wp-content\/uploads\/2019\/08\/BD180F59.jpg 800w, https:\/\/speyer24news.com\/wp-content\/uploads\/2019\/08\/BD180F59-300x212.jpg 300w, https:\/\/speyer24news.com\/wp-content\/uploads\/2019\/08\/BD180F59-768x543.jpg 768w\" sizes=\"(max-width: 800px) 100vw, 800px\" \/><figcaption> Im Gewerbegebiet Nord sollen moderne und nachhaltig errichtete  Industrie- und Gewerbehallen entstehen. GreenPlaces plant mit 42  modularen Hallen, die Gewerbefl\u00e4chen mit einer Gr\u00f6\u00dfe von 160m\u00b2 bis  5.000m\u00b2 bieten.<\/figcaption><\/figure><\/div>\n\n\n\n<p>Das Ha\u00dflocher Gewerbegebiet \u201eN\u00f6rdlich des Bahndamms\u201c entwickelt sich weiter: W\u00e4hrend voraussichtlich im Sp\u00e4tsommer der Spatenstich f\u00fcr den langersehnten Baumarkt f\u00e4llt, hat in unmittelbarer Nachbarschaft nun das Schweizer Unternehmen GreenPlaces ein rund 8.800 Quadratmeter gro\u00dfes Grundst\u00fcck gekauft. Der entsprechende Kaufvertrag zwischen GreenPlaces und der gemeindeeigenen Immobiliengesellschaft HIK wurde jetzt unterzeichnet. F\u00fcr das Schweizer Unternehmen ist Ha\u00dfloch der erste Standort in Deutschland, an dem es sein Konzept eines modernen modularen \u00f6kologisch nachhaltigen Gewerbeparks verwirklichen wird. <\/p>\n\n\n\n<p>Geplant ist die Errichtung von drei Gewerbehallen, in denen 42 Gewerbeeinheiten entstehen sollen. Die einzelnen Hallen sollen dann vermietet und gegebenenfalls auch verkauft werden. Das moderne Baukonzept ist so flexibel, dass auch mehrere Hallen zusammengefasst werden k\u00f6nnen. Zielgruppen sind kleine und mittlere Unternehmen. Ob als B\u00fcro, Werkstatt oder Produktionsst\u00e4tte \u2013 die geplanten Einheiten sind vielf\u00e4ltig nutzbar.<\/p>\n\n\n\n<p>GreenPlaces legt beim Bau seiner Projekte nach eigenen Angaben gro\u00dfen Wert auf Nachhaltigkeit. Man setze auf nat\u00fcrliche, \u00f6kologische und nachhaltige Baumaterialien. Die Hallen werden beispielsweise aus Holz hergestellt. Eine dreifach Verglasung sorge au\u00dferdem f\u00fcr eine gute Isolation und die Photovoltaikanlage leiste ihren Beitrag zur Energieversorgung. So k\u00f6nnen einerseits die Betriebskosten der k\u00fcnftigen Mieter verringert werden, andererseits wird ein Beitrag f\u00fcr die Umwelt geleistet. Baubeginn soll nach jetzigen Planungen im ersten Quartal des n\u00e4chsten Jahres sein. Der Bauantrag ist bereits eingereicht.<\/p>\n\n\n\n<p>Die Gemeinde begr\u00fc\u00dft die Ansiedlung von GreenPlaces. Das nachhaltige und moderne Konzept \u00fcberzeugt und vor allem gibt es in Ha\u00dfloch einen Bedarf an entsprechenden Gewerbeparzellen. Daher freut man sich, dass GreenPlaces sein erstes Projekt in Deutschland im Gro\u00dfdorf Ha\u00dfloch realisieren m\u00f6chte, so B\u00fcrgermeister Lothar Lorch.<\/p>\n\n\n\n<p>Das Schweizer Unternehmen hat mittlerweile eine Objektgesellschaft mit Sitz in Ha\u00dfloch gegr\u00fcndet. Diese wird das Ha\u00dflocher Projekt betreuen und zuk\u00fcnftigen Interessenten und Mietern als Ansprechpartner vor Ort zur Verf\u00fcgung stehen.<\/p>\n\n\n\n<p><em>Gemeindeverwaltung Ha\u00dfloch<br>01.08.2019<\/em><\/p>\n","protected":false},"excerpt":{"rendered":"<div class=\"mh-excerpt\"><p>Zuwachs f\u00fcr das Gewerbegebiet Nord &#8211; GreenPlaces plant nachhaltig errichteten Gewerbepark Das Ha\u00dflocher Gewerbegebiet \u201eN\u00f6rdlich des Bahndamms\u201c entwickelt sich weiter: W\u00e4hrend voraussichtlich im Sp\u00e4tsommer der Spatenstich f\u00fcr den langersehnten Baumarkt f\u00e4llt, hat in unmittelbarer Nachbarschaft <a class=\"mh-excerpt-more\" href=\"https:\/\/speyer24news.com\/?p=17355\" title=\"Ha\u00dfloch:\">[&#8230;]<\/a><\/p>\n<\/div>","protected":false},"author":3,"featured_media":16662,"comment_status":"open","ping_status":"open","sticky":false,"template":"","format":"standard","meta":{"_monsterinsights_skip_tracking":false,"_monsterinsights_sitenote_active":false,"_monsterinsights_sitenote_note":"","_monsterinsights_sitenote_category":0,"footnotes":""},"categories":[235],"tags":[2464,2465,180,2466,2467],"aioseo_notices":[],"amp_enabled":true,"_links":{"self":[{"href":"https:\/\/speyer24news.com\/index.php?rest_route=\/wp\/v2\/posts\/17355"}],"collection":[{"href":"https:\/\/speyer24news.com\/index.php?rest_route=\/wp\/v2\/posts"}],"about":[{"href":"https:\/\/speyer24news.com\/index.php?rest_route=\/wp\/v2\/types\/post"}],"author":[{"embeddable":true,"href":"https:\/\/speyer24news.com\/index.php?rest_route=\/wp\/v2\/users\/3"}],"replies":[{"embeddable":true,"href":"https:\/\/speyer24news.com\/index.php?rest_route=%2Fwp%2Fv2%2Fcomments&post=17355"}],"version-history":[{"count":1,"href":"https:\/\/speyer24news.com\/index.php?rest_route=\/wp\/v2\/posts\/17355\/revisions"}],"predecessor-version":[{"id":17357,"href":"https:\/\/speyer24news.com\/index.php?rest_route=\/wp\/v2\/posts\/17355\/revisions\/17357"}],"wp:featuredmedia":[{"embeddable":true,"href":"https:\/\/speyer24news.com\/index.php?rest_route=\/wp\/v2\/media\/16662"}],"wp:attachment":[{"href":"https:\/\/speyer24news.com\/index.php?rest_route=%2Fwp%2Fv2%2Fmedia&parent=17355"}],"wp:term":[{"taxonomy":"category","embeddable":true,"href":"https:\/\/speyer24news.com\/index.php?rest_route=%2Fwp%2Fv2%2Fcategories&post=17355"},{"taxonomy":"post_tag","embeddable":true,"href":"https:\/\/speyer24news.com\/index.php?rest_route=%2Fwp%2Fv2%2Ftags&post=17355"}],"curies":[{"name":"wp","href":"https:\/\/api.w.org\/{rel}","templated":true}]}}