{"id":17404,"date":"2019-08-03T08:47:08","date_gmt":"2019-08-03T07:47:08","guid":{"rendered":"https:\/\/speyer24news.com\/?p=17404"},"modified":"2019-08-03T08:47:08","modified_gmt":"2019-08-03T07:47:08","slug":"vermisstensuche-personensuche","status":"publish","type":"post","link":"https:\/\/speyer24news.com\/?p=17404","title":{"rendered":"Vermisstensuche \/ Personensuche:"},"content":{"rendered":"<style type=\"text\/css\">\r\n\t.ads_top_disp{}\r\n\t.ads_top_corner_disp{ float:left; margin:0px 10px 10px 0px; }\r\n\t.ads_first_p_disp{}\r\n\t.ads_bottom_disp{}\r\n\t<\/style>\n<h2 class=\"wp-block-heading\">35-J\u00e4hriger aus Ludwigshafen vermisst<\/h2>\n\n\n\n<div class=\"wp-block-image\"><figure class=\"aligncenter\"><img decoding=\"async\" loading=\"lazy\" width=\"500\" height=\"650\" src=\"https:\/\/speyer24news.com\/wp-content\/uploads\/2019\/08\/Nedyalko.png\" alt=\"\" class=\"wp-image-17402\" srcset=\"https:\/\/speyer24news.com\/wp-content\/uploads\/2019\/08\/Nedyalko.png 500w, https:\/\/speyer24news.com\/wp-content\/uploads\/2019\/08\/Nedyalko-231x300.png 231w\" sizes=\"(max-width: 500px) 100vw, 500px\" \/><\/figure><\/div>\n\n\n\n<p><strong>(Ludwigshafen) &#8211; <\/strong>Seit dem 31.07.2019, gegen 10:00 Uhr, wird der 35-j\u00e4hrige Nedyalko Todorov aus Ludwigshafen-S\u00fcd vermisst. Es besteht die Gefahr, dass er sich in einer hilflosen Lage befindet. <\/p>\n\n\n\n<p>Herr Todorov wird wie folgt beschrieben: <\/p>\n\n\n\n<ul><li>ca. 175 cm gro\u00df<\/li><li>65 kg schwer<\/li><li>dunkelbraune kurze Haare, im Stirnbereich lich<\/li><li>Dreitagebart<\/li><li>bekleidet mit gr\u00fcnem T-Shirt<\/li><li>knielangen Jeanshosen <\/li><li>und f\u00fchrt einen schwarzen Rucksack mit<\/li><li>Narben an der Unterlippe und Backe links <\/li><\/ul>\n\n\n\n<p>Hinweise zum Aufenthalt des Gesuchten, bitte an die Kriminalpolizei Ludwigshafen unter Tel. 0621-963 2273 oder jede andere Polizeidienststelle.<\/p>\n\n\n\n<p><em>Polizeipr\u00e4sidium Rheinpfalz<br>03.08.2019<\/em><\/p>\n\n\n<p><!--EndFragment--><br \/><br \/><\/p>","protected":false},"excerpt":{"rendered":"<div class=\"mh-excerpt\"><p>35-J\u00e4hriger aus Ludwigshafen vermisst (Ludwigshafen) &#8211; Seit dem 31.07.2019, gegen 10:00 Uhr, wird der 35-j\u00e4hrige Nedyalko Todorov aus Ludwigshafen-S\u00fcd vermisst. Es besteht die Gefahr, dass er sich in einer hilflosen Lage befindet. Herr Todorov wird <a class=\"mh-excerpt-more\" href=\"https:\/\/speyer24news.com\/?p=17404\" title=\"Vermisstensuche \/ Personensuche:\">[&#8230;]<\/a><\/p>\n<\/div>","protected":false},"author":3,"featured_media":0,"comment_status":"open","ping_status":"open","sticky":false,"template":"","format":"standard","meta":{"_monsterinsights_skip_tracking":false,"_monsterinsights_sitenote_active":false,"_monsterinsights_sitenote_note":"","_monsterinsights_sitenote_category":0,"footnotes":""},"categories":[12],"tags":[153,2492,1881,103,1117,618],"aioseo_notices":[],"amp_enabled":true,"_links":{"self":[{"href":"https:\/\/speyer24news.com\/index.php?rest_route=\/wp\/v2\/posts\/17404"}],"collection":[{"href":"https:\/\/speyer24news.com\/index.php?rest_route=\/wp\/v2\/posts"}],"about":[{"href":"https:\/\/speyer24news.com\/index.php?rest_route=\/wp\/v2\/types\/post"}],"author":[{"embeddable":true,"href":"https:\/\/speyer24news.com\/index.php?rest_route=\/wp\/v2\/users\/3"}],"replies":[{"embeddable":true,"href":"https:\/\/speyer24news.com\/index.php?rest_route=%2Fwp%2Fv2%2Fcomments&post=17404"}],"version-history":[{"count":1,"href":"https:\/\/speyer24news.com\/index.php?rest_route=\/wp\/v2\/posts\/17404\/revisions"}],"predecessor-version":[{"id":17405,"href":"https:\/\/speyer24news.com\/index.php?rest_route=\/wp\/v2\/posts\/17404\/revisions\/17405"}],"wp:attachment":[{"href":"https:\/\/speyer24news.com\/index.php?rest_route=%2Fwp%2Fv2%2Fmedia&parent=17404"}],"wp:term":[{"taxonomy":"category","embeddable":true,"href":"https:\/\/speyer24news.com\/index.php?rest_route=%2Fwp%2Fv2%2Fcategories&post=17404"},{"taxonomy":"post_tag","embeddable":true,"href":"https:\/\/speyer24news.com\/index.php?rest_route=%2Fwp%2Fv2%2Ftags&post=17404"}],"curies":[{"name":"wp","href":"https:\/\/api.w.org\/{rel}","templated":true}]}}