{"id":17437,"date":"2019-08-03T11:16:55","date_gmt":"2019-08-03T10:16:55","guid":{"rendered":"https:\/\/speyer24news.com\/?p=17437"},"modified":"2019-08-03T11:18:29","modified_gmt":"2019-08-03T10:18:29","slug":"germersheim-landkreis-germersheim","status":"publish","type":"post","link":"https:\/\/speyer24news.com\/?p=17437","title":{"rendered":"Germersheim &#038; Landkreis Germersheim:"},"content":{"rendered":"<style type=\"text\/css\">\r\n\t.ads_top_disp{}\r\n\t.ads_top_corner_disp{ float:left; margin:0px 10px 10px 0px; }\r\n\t.ads_first_p_disp{}\r\n\t.ads_bottom_disp{}\r\n\t<\/style>\n<h2 class=\"wp-block-heading\"><strong>Kreisvolkshochschule Germersheim: &nbsp;Kurse &#8211; Vortr\u00e4ge &#8211; Veranstaltungen<\/strong><\/h2>\n\n\n\n<div class=\"wp-block-image\"><figure class=\"aligncenter\"><img decoding=\"async\" src=\"https:\/\/speyer24news.com\/wp-content\/uploads\/2019\/08\/KVHS-GER-Logo.png\" alt=\"\" class=\"wp-image-17439\"\/><\/figure><\/div>\n\n\n\n<p>Es wird darauf hingewiesen, dass zu\nallen nachstehend aufgef\u00fchrten Kursen und Vortr\u00e4gen eine<strong> Anmeldung unbedingt erforderlich <\/strong>ist. Kontaktadressen sind\nam Ende des Textes zu finden.<\/p>\n\n\n\n<h3 class=\"wp-block-heading\"><strong>2019kv039<\/strong><strong><\/strong><\/h3>\n\n\n\n<p><strong>\u201eVorbereitungskurs zum Erwerb der Sekundarstufe I\n(Realschulabschluss)\u201c &#8211; <\/strong>Kurs\nmit<strong> Claudia\nKrost:<\/strong> Germersheim, August-Keiler-Str. 34, Goethe-Gymnasium, Ostbau, EG, Saal 084. Beginn: Montag, 19.08.2019,\n18:00 &#8211; 21:15\nUhr. Dauer: 325 Termine, Kosten: 1.500,00\nEuro\/Person.<strong><\/strong><\/p>\n\n\n\n<h3 class=\"wp-block-heading\"><strong>2019kv326<\/strong><strong><\/strong><\/h3>\n\n\n\n<p><strong>\u201eTextverarbeitung mit MS-Word 2016 &#8211; Grundkurs\u201c\n&#8211; <\/strong>Kurs mit<strong> Gerald\nKessing:<\/strong> Germersheim, Ritter-von-Schmau\u00df-Str.\/Ecke Paradeplatz, EDV-Raum in der KVHS Gesch\u00e4ftsstelle. Beginn: Montag, 19.08.2019,\n18:00 &#8211; 21:00\nUhr. Dauer: 6 Termine, Kosten: 98,00\nEuro\/Person.<strong><\/strong><\/p>\n\n\n\n<h3 class=\"wp-block-heading\"><strong>2019kv297<\/strong><strong><\/strong><\/h3>\n\n\n\n<p><strong>\u201eDeutsch A2 Teil 3\u201c &#8211; <\/strong>Kurs mit<strong> Katharina Lederle:<\/strong> Germersheim, Ritter-von-Schmau\u00df-Str.\/Ecke\nParadeplatz, Seiteneingang der\nBerufsbildende Schule, EG, Saal E 07. Beginn: Montag, 19.08.2019, 18:00 &#8211; 19:30\nUhr. Dauer: 28 Termine, Kosten: 101,00\nEuro\/Person.<strong><\/strong><\/p>\n\n\n\n<h3 class=\"wp-block-heading\"><strong>2019kv298<\/strong><strong><\/strong><\/h3>\n\n\n\n<p><strong>\u201eDeutsch A2 Teil 1 &#8211; mit Schwerpunkt Sprechen\u201c &#8211;\n<\/strong>Kurs mit<strong> Katharina\nLederle:<\/strong> Germersheim, Ritter-von-Schmau\u00df-Str.\/Ecke Paradeplatz, Seiteneingang der Berufsbildende Schule, EG, Saal E 07.\nBeginn: Montag, 19.08.2019, 19:30 &#8211; 21:00 Uhr. Dauer: 28 Termine, Kosten: 101,00 Euro\/Person.<strong><\/strong><\/p>\n\n\n\n<h3 class=\"wp-block-heading\"><strong>2019kv240<\/strong><strong><\/strong><\/h3>\n\n\n\n<p><strong>\u201eDeutsch B1 \/ B2 &#8211; intensiv &#8211; am Vormittag\u201c &#8211; <\/strong>Kurs mit<strong> Mike R\u00f6tzel:<\/strong> Germersheim, Ritter-von-Schmau\u00df-Str.\/Ecke\nParadeplatz, Seiteneingang der\nBerufsbildende Schule, 1. OG, Saal 101. Beginn: Montag, 19.08.2019, 09:00 &#8211; 12:00\nUhr. Dauer: 56 Termine, Kosten: 336,00\nEuro\/Person.<strong><\/strong><\/p>\n\n\n\n<h3 class=\"wp-block-heading\"><strong>2019kv241<\/strong><strong><\/strong><\/h3>\n\n\n\n<p><strong>\u201eDeutsch B2 Teil 2 &#8211; intensiv\u201c &#8211; <\/strong>Kurs mit<strong> Mike R\u00f6tzel:<\/strong> Germersheim, Ritter-von-Schmau\u00df-Str.\/Ecke\nParadeplatz, Seiteneingang der\nBerufsbildende Schule, EG, Saal E 06. Beginn: Montag, 19.08.2019, 18:00 &#8211; 19:30\nUhr. Dauer: 28 Termine, Kosten: 84,00\nEuro\/Person.<strong><\/strong><\/p>\n\n\n\n<h3 class=\"wp-block-heading\"><strong>2019kv242<\/strong><strong><\/strong><\/h3>\n\n\n\n<p><strong>\u201eDeutsch B1 Teil 2 &#8211; intensiv\u201c &#8211; <\/strong>Kurs mit<strong> Mike R\u00f6tzel:<\/strong> Germersheim, Ritter-von-Schmau\u00df-Str.\/Ecke\nParadeplatz, Seiteneingang der\nBerufsbildende Schule, EG, Saal E 06. Beginn: Montag, 19.08.2019, 19:30 &#8211; 21:00\nUhr. Dauer: 28 Termine, Kosten: 84,00\nEuro\/Person.<strong><\/strong><\/p>\n\n\n\n<h3 class=\"wp-block-heading\"><strong>2019kv243<\/strong><strong><\/strong><\/h3>\n\n\n\n<p><strong>\u201eDeutsch A1 Teil 1\u201c &#8211; <\/strong>Kurs mit<strong> Mike R\u00f6tzel:<\/strong> Germersheim, Ritter-von-Schmau\u00df-Str.\/Ecke\nParadeplatz, Seiteneingang der\nBerufsbildende Schule, EG, Saal E 06. Beginn: Montag, 19.08.2019, 12:30 &#8211; 14:00\nUhr. Dauer: 56 Termine, Kosten: 168,00\nEuro\/Person.<strong><\/strong><\/p>\n\n\n\n<h3 class=\"wp-block-heading\"><strong>2019kv286<\/strong><strong><\/strong><\/h3>\n\n\n\n<p><strong>\u201eXpert Business &#8211; Computerschreiben\u201c &#8211; <\/strong>Kurs mit<strong> Silke Bentz:<\/strong> Germersheim, Ritter-von-Schmau\u00df-Str.\/Ecke\nParadeplatz, EDV-Raum in der KVHS\nGesch\u00e4ftsstelle. Beginn: Montag, 19.08.2019, 17:00\n&#8211; 19:15 Uhr. Dauer: 7 Termine,\nKosten: 67,00 Euro\/Person.<strong><\/strong><\/p>\n\n\n\n<h3 class=\"wp-block-heading\"><strong>2019kv288<\/strong><strong><\/strong><\/h3>\n\n\n\n<p><strong>\u201eEnglish Refresher Course &#8211; am Nachmittag\u201c &#8211; <\/strong>Kurs mit<strong> Dr. Carola Jansen-J\u00f6hnk:<\/strong> Germersheim, Ritter-von-Schmau\u00df-Str.\/Ecke\nParadeplatz, Seminarraum 1 in der KVHS Gesch\u00e4ftsstelle.\nBeginn: Dienstag, 20.08.2019, 16:30 &#8211; 18:00 Uhr. Dauer: 14 Termine, Kosten: 70,00 Euro\/Person.<strong><\/strong><\/p>\n\n\n\n<h3 class=\"wp-block-heading\"><strong>2019kv289<\/strong><strong><\/strong><\/h3>\n\n\n\n<p><strong>\u201eEnglisch A1 Teil 1&nbsp;\n&#8211; am fr\u00fchen Nachmittag\u201c &#8211; <\/strong>Kurs mit<strong> Dr. Carola Jansen-J\u00f6hnk:<\/strong> Germersheim, Ritter-von-Schmau\u00df-Str.\/Ecke\nParadeplatz, Seminarraum 1 in der KVHS\nGesch\u00e4ftsstelle. Beginn: Dienstag,\n20.08.2019, 14:15 &#8211; 15:45 Uhr. Dauer: 14 Termine,\nKosten: 70,00 Euro\/Person.<strong><\/strong><\/p>\n\n\n\n<h3 class=\"wp-block-heading\"><strong>2019kv323<\/strong><strong><\/strong><\/h3>\n\n\n\n<p><strong>\u201eXpert ECP &#8211; Fit im B\u00fcroalltag\u201c &#8211; <\/strong>Kurs mit<strong> Gerald Kessing:<\/strong> Germersheim, Ritter-von-Schmau\u00df-Str.\/Ecke\nParadeplatz, EDV-Raum in der KVHS\nGesch\u00e4ftsstelle. Beginn: Dienstag,\n20.08.2019, 18:00 &#8211; 21:00 Uhr. Dauer: 8 Termine,\nKosten: 130,00 Euro\/Person.<strong><\/strong><\/p>\n\n\n\n<h3 class=\"wp-block-heading\"><strong>2019kv299<\/strong><strong><\/strong><\/h3>\n\n\n\n<p><strong>\u201eDeutsch A1 Teil 2 &#8211; mit Schwerpunkt Schriftsprache\u201c\n&#8211; <\/strong>Kurs mit<strong> Katharina\nLederle:<\/strong> Germersheim, Ritter-von-Schmau\u00df-Str.\/Ecke Paradeplatz, Seiteneingang der Berufsbildende Schule, EG, Saal E 07.\nBeginn: Dienstag, 20.08.2019, 18:00 &#8211; 19:30 Uhr. Dauer: 28 Termine, Kosten: 101,00 Euro\/Person.<strong><\/strong><\/p>\n\n\n\n<h3 class=\"wp-block-heading\"><strong>2019kv300<\/strong><strong><\/strong><\/h3>\n\n\n\n<p><strong>\u201eDeutsch A1 Teil 1\u201c &#8211; <\/strong>Kurs mit<strong> Katharina Lederle:<\/strong> Germersheim, Ritter-von-Schmau\u00df-Str.\/Ecke\nParadeplatz, Seiteneingang der\nBerufsbildende Schule, EG, Saal E 07. Beginn: Dienstag, 20.08.2019, 19:30 &#8211; 21:00\nUhr. Dauer: 28 Termine, Kosten: 101,00\nEuro\/Person.<strong><\/strong><\/p>\n\n\n\n<h3 class=\"wp-block-heading\"><strong>2019kv291<\/strong><strong><\/strong><\/h3>\n\n\n\n<p><strong>\u201eItalienisch A1 Teil 1 &#8211; am fr\u00fchen Nachmittag\u201c &#8211;\n<\/strong>Kurs mit<strong> Dr. Carola\nJansen-J\u00f6hnk:<\/strong> Germersheim, Ritter-von-Schmau\u00df-Str.\/Ecke Paradeplatz, Seminarraum 1 in der KVHS Gesch\u00e4ftsstelle.\nBeginn: Mittwoch, 21.08.2019, 14:15 &#8211; 15:45 Uhr. Dauer: 14 Termine, Kosten: 70,00 Euro\/Person.<strong><\/strong><\/p>\n\n\n\n<h3 class=\"wp-block-heading\"><strong>2019kv244<\/strong><strong><\/strong><\/h3>\n\n\n\n<p><strong>\u201eEnglisch A1 Teil 2\u201c &#8211; <\/strong>Kurs mit<strong> Mike R\u00f6tzel:<\/strong> Germersheim, Ritter-von-Schmau\u00df-Str.\/Ecke\nParadeplatz, Seiteneingang der\nBerufsbildende Schule, EG, Saal E 06. Beginn: Mittwoch, 21.08.2019, 18:30 &#8211; 20:00\nUhr. Dauer: 14 Termine, Kosten: 70,00\nEuro\/Person.<strong><\/strong><\/p>\n\n\n\n<h3 class=\"wp-block-heading\"><strong>2019kv292<\/strong><strong><\/strong><\/h3>\n\n\n\n<p><strong>\u201eFranz\u00f6sisch &#8211; f\u00fcr die Reise &#8211; am Vormittag\u201c &#8211; <\/strong>Kurs mit<strong> Dr. Carola Jansen-J\u00f6hnk:<\/strong> Germersheim, Ritter-von-Schmau\u00df-Str.\/Ecke\nParadeplatz, Seminarraum 1 in der KVHS\nGesch\u00e4ftsstelle. Beginn: Donnerstag,\n22.08.2019, 11:00 &#8211; 12:30 Uhr. Dauer: 14 Termine,\nKosten: 70,00 Euro\/Person.<strong><\/strong><\/p>\n\n\n\n<h3 class=\"wp-block-heading\"><strong>2019kv293<\/strong><strong><\/strong><\/h3>\n\n\n\n<p><strong>\u201eFranz\u00f6sisch A1 &#8211; am Vormittag\u201c &#8211; <\/strong>Kurs mit<strong> Dr. Carola Jansen-J\u00f6hnk:<\/strong> Germersheim, Ritter-von-Schmau\u00df-Str.\/Ecke\nParadeplatz, Seminarraum 1 in der KVHS\nGesch\u00e4ftsstelle. Beginn: Donnerstag,\n22.08.2019, 09:30 &#8211; 11:00 Uhr. Dauer: 14 Termine,\nKosten: 70,00 Euro\/Person.<strong><\/strong><\/p>\n\n\n\n<h3 class=\"wp-block-heading\"><strong>2019kv324<\/strong><strong><\/strong><\/h3>\n\n\n\n<p><strong>\u201eXpert-Business Finanzbuchf\u00fchrung Teil 1\u201c &#8211; <\/strong>Kurs mit<strong> Gerald Kessing:<\/strong> Germersheim, August-Keiler-Str.\n34, Goethe-Gymnasium, Ostbau, EG, Saal\n082. Beginn: Donnerstag, 22.08.2019, 18:00\n&#8211; 21:00 Uhr. Dauer: 15 Termine,\nKosten: 195,00 Euro\/Person.<strong><\/strong><\/p>\n\n\n\n<h3 class=\"wp-block-heading\"><strong>2019kv210<\/strong><strong><\/strong><\/h3>\n\n\n\n<p><strong>\u201eLachen &#8211; Balsam f\u00fcr K\u00f6rper und Geist\u201c &#8211; <\/strong>Kurs mit<strong> Simone Buchlaub:<\/strong> Germersheim, August-Keiler-Str.\n34, Goethe-Gymnasium, Ostbau, EG, Saal\n081. Beginn: Donnerstag, 22.08.2019, 18:30\n&#8211; 20:00 Uhr. Dauer: 4 Termine,\nKosten: 47,00 Euro\/Person.<\/p>\n\n\n\n<p>Eine <strong>Anmeldung<\/strong>\nist zu allen Veranstaltungen der Kreisvolkshochschule zwingend <strong>erforderlich. <\/strong>Pers\u00f6nlich&nbsp;bei der Gesch\u00e4ftsstelle der KVHS in\nGermersheim, Ritter-von-Schmau\u00df-Str.\/Ecke Paradeplatz, telefonisch 07274-53334\noder -53382, per E-Mail: <a href=\"mailto:vhs@kreis-germersheim.de\">vhs@kreis-germersheim.de<\/a> oder online \u00fcber ein\nBuchungsformular <\/p>\n\n\n\n<p>auf der Homepage unter <a href=\"http:\/\/www.kreis-germersheim.de\/kv_germersheim\">www.kreis-germersheim.de\/kv_germersheim<\/a>.<\/p>\n\n\n\n<p><strong>Bitte beachten Sie unsere\n\u00d6ffnungszeiten:<\/strong><\/p>\n\n\n\n<p>Montag\nbis Freitag: 08:30 bis 12:00 Uhr, Dienstag: 13:30 bis 16:00 Uhr, Donnerstag:\n13:30 bis 18:00 Uhr, <\/p>\n\n\n\n<p>Annahmeschluss: jeweils&nbsp;15 Minuten vor Ende der \u00d6ffnungszeiten.<\/p>\n\n\n\n<p><em>Kreisverwaltung Germersheim<br>03.08.2019<\/em><\/p>\n\n\n\n<h2 class=\"wp-block-heading\">\u201eErwerb der Sekundarstufe I\u201c (Realschulabschluss)<\/h2>\n\n\n\n<h3 class=\"wp-block-heading\">Vorbereitungskurs 2019 bis 2021<\/h3>\n\n\n\n<p>Die\nKVHS Germersheim bietet einen Vorbereitungskurs zum nachtr\u00e4glichen Erwerb des\nRealschulabschlusses (Sekundarstufe I) an.<\/p>\n\n\n\n<p>Mit\neinem staatlichen Realschulabschluss verbessern die Absolventen ihre\nberuflichen Ausbildungsm\u00f6glichkeiten und haben auch die M\u00f6glichkeit, das\n(Fach-)Abitur als weiteres Ausbildungsziel in Angriff zu nehmen. Der\nVorbereitungslehrgang zum Realschulabschluss dauert etwa zwei Jahre. Der\nUnterricht findet montags bis freitags, jeweils von 18 bis 21.15 Uhr statt.\nFolgende F\u00e4cher werden unterrichtet: Deutsch, Englisch, Mathematik, Geschichte,\nSozialkunde, Erdkunde, Biologie, Physik und Chemie.<\/p>\n\n\n\n<p><strong>Grundlagen des Vorbereitungskurses:<\/strong><\/p>\n\n\n\n<p>Organisation\nund Unterricht des Vorbereitungskurses der Volkshochschule werden von der\nLandesverordnung \u201ePr\u00fcfung f\u00fcr Nichtsch\u00fclerinnen und Nichtsch\u00fcler zum\nnachtr\u00e4glichen Erwerb des qualifizierten Sekundarabschlusses I&#8220; und dem \u201eLehrplan\nf\u00fcr die Realschule Rheinland-Pfalz&#8220; in der jeweils g\u00fcltigen Fassung\nbestimmt.<\/p>\n\n\n\n<p><strong>Mindestteilnehmerzahl: <\/strong>15 Personen<\/p>\n\n\n\n<p><strong>Anmeldung:<\/strong><\/p>\n\n\n\n<p>Pers\u00f6nlich\nbei der Gesch\u00e4ftsstelle der Kreisvolkshochschule, Ritter-von-Schmau\u00df-Str. \/\nEcke Paradeplatz, 76726 Germersheim.<\/p>\n\n\n\n<p><strong>Mitzubringen sind:<\/strong> Personalausweis, ggf.\nHeiratsurkunde, letztes Abschlusszeugnis, ggf. Berufsausbildungsnachweis, tabellarischer\nLebenslauf, Anmeldegeb\u00fchr<\/p>\n\n\n\n<p><strong>Info-Abend:&nbsp;&nbsp;&nbsp;&nbsp;&nbsp;&nbsp;&nbsp; Mittwoch, 14. August 2019, 18 \u2013 19.30\nUhr <\/strong>(kostenfrei)<\/p>\n\n\n\n<p>Ort:&nbsp;&nbsp;&nbsp;&nbsp;&nbsp;&nbsp;&nbsp;&nbsp;&nbsp;&nbsp;&nbsp;&nbsp;&nbsp;&nbsp;&nbsp;&nbsp;&nbsp;&nbsp;&nbsp;&nbsp; Germersheim, August-Keiler-Str. 34,\nGoethe-Gymnasium, Ostbau, EG, Saal 081<\/p>\n\n\n\n<p><strong>Kursbeginn:&nbsp;&nbsp;&nbsp;&nbsp;&nbsp;&nbsp;&nbsp; Montag, 19. August 2019, 18 \u2013 21.15 Uhr<\/strong><\/p>\n\n\n\n<p>Unterrichtszeiten: Montag bis\nFreitag (t\u00e4glich 4 Unterrichtsstunden), samstags nach Planung<\/p>\n\n\n\n<p>Ende:&nbsp;&nbsp;&nbsp;&nbsp;&nbsp;&nbsp;&nbsp;&nbsp;&nbsp;&nbsp;&nbsp;&nbsp;&nbsp;&nbsp;&nbsp;&nbsp;&nbsp; voraussichtlich Sommer 2021<\/p>\n\n\n\n<p>Anmeldegeb\u00fchr:&nbsp; 50 Euro<\/p>\n\n\n\n<p>Geb\u00fchr:&nbsp;&nbsp;&nbsp;&nbsp;&nbsp;&nbsp;&nbsp;&nbsp;&nbsp;&nbsp;&nbsp;&nbsp;&nbsp;&nbsp; 1.500 Euro (Ratenzahlung m\u00f6glich) zzgl. Arbeitsb\u00fccher,\nca. 325 Termine, 1.300 Ustd.<\/p>\n\n\n\n<p>Ort:&nbsp;&nbsp;&nbsp;&nbsp;&nbsp;&nbsp;&nbsp;&nbsp;&nbsp;&nbsp;&nbsp;&nbsp;&nbsp;&nbsp;&nbsp;&nbsp;&nbsp;&nbsp;&nbsp;&nbsp; Germersheim, August-Keiler-Str. 34,\nGoethe-Gymnasium, Ostbau, EG, Saal 081<\/p>\n\n\n\n<p><strong>Anmeldeschluss:\nFreitag, 16. August 2019, Infotelefon: 07274-53334<\/strong><strong><\/strong><\/p>\n\n\n\n<p><em>Kreisverwaltung Germersheim<br>03.08.2019<\/em><\/p>\n\n\n\n<h2 class=\"wp-block-heading\"><strong>Expert Business \u2013 Computerschreiben: <\/strong><strong>\u201e<\/strong><strong>Zehnfingerschreiben erlernen &#8211; am\nPC<\/strong><strong>\u201c <\/strong><\/h2>\n\n\n\n<p>Die Kreisvolkshochschule Germersheim bietet<strong> ab Montag, 19. August 2019<\/strong> von 17 bis 19.15 Uhr, einen Kurs \u201eExpert Business \u2013 Computerschreiben: Zehnfingerschreiben erlernen &#8211; am PC\u201c in Germersheim, Ritter-von-Schmau\u00df-Str.\/Ecke Paradeplatz, im EDV-Raum der KVHS Gesch\u00e4ftsstelle, an. <\/p>\n\n\n\n<p>Laut statistischen Angaben besitzen mehr als 80% der Haushalte mindestens einen Computer (oder Tablet). Internet-Recherchen, E-Mails, Briefe, Pr\u00e4sentationen usw. lassen sich schnell und effizient erstellen, wenn der Umgang mit der Tastatur sicher und blind beherrscht wird. Das korrekte Anwenden des Tastschreibens f\u00fchrt zu einer deutlichen Zeitersparnis in der Schule, im privaten Umfeld oder im Beruf. Dieser Lehrgang richtet sich gleicherma\u00dfen an Jugendliche und Erwachsene.<br> Kursinhalte:<\/p>\n\n\n\n<ul><li>Erarbeitung der Griffwege (Buchstabenreihen, Zeichen- und Ziffern)<\/li><li>Wiederholungen von Griff- und Wort\u00fcbungen<\/li><li>ausf\u00fchrliche Schreib\u00fcbungen<\/li><li>Schreibtraining<\/li><\/ul>\n\n\n\n<p>Bei Bedarf kann ein Lehrgang mit dem Thema: Dokumentengestaltung nach DIN 2008 oder spezielles Schnellschreibtraining eingerichtet werden. Voraussetzungen: grundlegende PC-Kenntnisse mit Windows und WORD, Bereitschaft zu Hause zu \u00fcben.<\/p>\n\n\n\n<p>Der Kurs unter der Leitung von Silke Bentz, umfasst 7 Termine und kostet 67 Euro pro Person, zzgl. 14,50 Euro f\u00fcr das Arbeitsbuch. Eine Anmeldung ist erforderlich und zu richten an die Gesch\u00e4ftsstelle der Kreisvolkshochschule, Ritter-von-Schmau\u00df-Str.\/Ecke Paradeplatz, Tel. 07274-53334 bzw. -53382, E-Mail <a href=\"mailto:vhs@kreis-germersheim.de\">vhs@kreis-germersheim.de<\/a> oder \u00fcber das Buchungsformular <a href=\"http:\/\/www.kreis-germersheim.de\/kvhs\">www.kreis-germersheim.de\/kvhs<\/a>.<\/p>\n\n\n\n<p><em>Kreisverwaltung Germersheim<br>03.08.2019<\/em><\/p>\n\n\n\n<h2 class=\"wp-block-heading\"><strong>Kreis Germersheim\nerh\u00e4lt F\u00f6rdermittelbescheid des Landes f\u00fcr den Breitbandausbau<\/strong><\/h2>\n\n\n\n<h3 class=\"wp-block-heading\"><strong>Landrat: Deutliche Verbesserung im Bereich schnelleres Internet im Landkreis Germersheim<\/strong><\/h3>\n\n\n\n<div class=\"wp-block-image\"><figure class=\"aligncenter\"><img decoding=\"async\" loading=\"lazy\" width=\"800\" height=\"589\" src=\"https:\/\/speyer24news.com\/wp-content\/uploads\/2019\/08\/Staatssekretaer-Randolf-Stich-li.-und-Landrat-Dr.-Fritz-Brechtel.jpg\" alt=\"\" class=\"wp-image-17438\" srcset=\"https:\/\/speyer24news.com\/wp-content\/uploads\/2019\/08\/Staatssekretaer-Randolf-Stich-li.-und-Landrat-Dr.-Fritz-Brechtel.jpg 800w, https:\/\/speyer24news.com\/wp-content\/uploads\/2019\/08\/Staatssekretaer-Randolf-Stich-li.-und-Landrat-Dr.-Fritz-Brechtel-300x221.jpg 300w, https:\/\/speyer24news.com\/wp-content\/uploads\/2019\/08\/Staatssekretaer-Randolf-Stich-li.-und-Landrat-Dr.-Fritz-Brechtel-768x565.jpg 768w, https:\/\/speyer24news.com\/wp-content\/uploads\/2019\/08\/Staatssekretaer-Randolf-Stich-li.-und-Landrat-Dr.-Fritz-Brechtel-80x60.jpg 80w\" sizes=\"(max-width: 800px) 100vw, 800px\" \/><figcaption>Staatssekretaer Randolf Stich (li.) und Landrat Dr. Fritz Brechtel<\/figcaption><\/figure><\/div>\n\n\n\n<p>Innenstaatssekret\u00e4r\nRandolf Stich hat am Donnerstag, 01.08.2019, den vorl\u00e4ufigen Zuwendungsbescheid\ndes Landes f\u00fcr den Breitbandausbau im Landkreis Germersheim an Landrat Dr.\nFritz Brechtel \u00fcbergeben. Der Landkreis Germersheim erh\u00e4lt vom Land rund 3,14\nMio. Euro f\u00fcr den Ausbau von hochleistungsf\u00e4higen Breitbandnetzen. <\/p>\n\n\n\n<p>\u201eDas ist\nf\u00fcr den Landkreis Germersheim ein gro\u00dfer Schritt in Richtung Gigabit-Ausbau\u201c,\nso Landrat Dr. Fritz Brechtel: \u201eDer Landkreis Germersheim ist in Sachen\nschnelles Internet im Vergleich zu anderen Kommunen im Land schon jetzt gut\naufgestellt und startet nun zukunftsgerichtet in den fl\u00e4chendeckenden\nGlasfaserausbau.\u201c<\/p>\n\n\n\n<p>Insgesamt\n1.207 bislang unterversorgte Anschl\u00fcsse in 16 Gemeinden sollen im Rahmen des\nkreisweiten Projektes zur Verbesserung der Breitbandinfrastruktur einen\nFTTB-Anschluss (Fibre To The Building) erhalten, darunter 331 Unternehmen und\n30 Schulen. <\/p>\n\n\n\n<p>\u201eDie\nGlasfaserleitungen werden bis ins Geb\u00e4ude verlegt, wodurch\nInternet-Geschwindigkeiten von 1 Gigabit pro Sekunde und mehr erm\u00f6glicht\nwerden. Das stellt nat\u00fcrlich insbesondere f\u00fcr Unternehmen einen besonderen\nStandortvorteil dar und f\u00f6rdert so die positive wirtschaftliche Entwicklung des\nLandkreises\u201c, sagt Landrat Dr. Fritz Brechtel, mit Blick auf die im Ausbaugebiet\nliegenden Gewerbegebiete. \u201eIch freue mich, dass im Rahmen des Projektes auch\nalle 16 Schulen, die sich in der Tr\u00e4gerschaft des Kreises befinden, einen\nGigabit-Anschluss erhalten und dar\u00fcber hinaus noch 14 Grundschulen mit\nGlasfaser versorgt werden.\u201c<\/p>\n\n\n\n<p>Der\njetzige Breitbandausbau kostet rund 8 Mio. Euro. Neben der Zuwendung des Landes\nin H\u00f6he von 40 % (3,14 Mio. Euro) rechnet der Kreis mit einer Projektf\u00f6rderung\ndurch den Bund, der eine Anteilfinanzierung in H\u00f6he von 50 % (3,93 Mio. Euro) im\nZuge einer vorl\u00e4ufigen Bewilligung bereits in Aussicht gestellt hat. \u201eDer\nAntrag auf Bewilligung der Bundesmittel in endg\u00fcltiger H\u00f6he liegt der\nBewilligungsbeh\u00f6rde atene KOM vor und wir rechnen mit einer baldigen\nEntscheidung&#8220;, so Brechtel: \u201eDie restlichen 800 000 Euro werden von den\nKommunen und dem Landkreis getragen.\u201c<\/p>\n\n\n\n<p>\u201eSobald\ndie endg\u00fcltigen F\u00f6rderbescheide von Bund und Land vorliegen, werden wir den\nKreistagsbeschluss vom Februar umsetzen und die Telekom, die im\nVergabeverfahren das wirtschaftlichste Angebot abgegeben hat, mit der Umsetzung\ndes Breitbandausbaus beauftragen\u201c, k\u00fcndigt Landrat Dr. Fritz Brechtel die\nn\u00e4chsten Schritte an. Gem\u00e4\u00df dem Realisierungsplan der Telekom wird f\u00fcr die\nUmsetzung des Projektes ein Zeitraum von 36 Monaten veranschlagt.<\/p>\n\n\n\n<p><em>Kreisverwaltung Germersheim<br>03.08.2019<\/em><\/p>\n\n\n\n<h2 class=\"wp-block-heading\"><strong>Entwurf Nachtragshaushalt liegt aus<\/strong><\/h2>\n\n\n\n<p>Der Nachtragshaushalt soll in der n\u00e4chsten <strong>Sitzung des Kreistages am Montag, 19. August 2019<\/strong> verabschiedet werden. <\/p>\n\n\n\n<p>Im Vorfeld liegt der Entwurf der 1.\nNachtragshaushaltssatzung innerhalb der gesetzlich vorgegebenen Mindestfrist\nvon zwei Wochen bis einschlie\u00dflich zum 14. August 2019 w\u00e4hrend der\nDienststunden im Geb\u00e4ude der Kreisverwaltung, Zimmer 0.27, aus. Dies ist die\nVoraussetzung daf\u00fcr, dass der Nachtragshaushalt im Gremium beraten und\nbeschlossen werden darf. Dar\u00fcber hinaus wird der Nachtragshaushaltsplan-Entwurf\nauch auf der Homepage des Landkreises (<a href=\"http:\/\/www.kreis-germersheim.de\">www.kreis-germersheim.de<\/a>) zur Einsicht zur Verf\u00fcgung\ngestellt. <\/p>\n\n\n\n<p>Die Einwohnerinnen und Einwohner haben die M\u00f6glichkeit, Vorschl\u00e4ge zum Entwurf der Nachtragshaushaltssatzung 2019 einzureichen. Ein entsprechender Vordruck steht zur Unterst\u00fctzung ebenfalls auf der Homepage des Landkreises bereit.<\/p>\n\n\n\n<p><em>Kreisverwaltung Germersheim<br>03.08.2019<\/em><\/p>\n","protected":false},"excerpt":{"rendered":"<div class=\"mh-excerpt\"><p>Kreisvolkshochschule Germersheim: &nbsp;Kurse &#8211; Vortr\u00e4ge &#8211; Veranstaltungen Es wird darauf hingewiesen, dass zu allen nachstehend aufgef\u00fchrten Kursen und Vortr\u00e4gen eine Anmeldung unbedingt erforderlich ist. Kontaktadressen sind am Ende des Textes zu finden. 2019kv039 \u201eVorbereitungskurs zum <a class=\"mh-excerpt-more\" href=\"https:\/\/speyer24news.com\/?p=17437\" title=\"Germersheim &#038; Landkreis Germersheim:\">[&#8230;]<\/a><\/p>\n<\/div>","protected":false},"author":3,"featured_media":0,"comment_status":"open","ping_status":"open","sticky":false,"template":"","format":"standard","meta":{"_monsterinsights_skip_tracking":false,"_monsterinsights_sitenote_active":false,"_monsterinsights_sitenote_note":"","_monsterinsights_sitenote_category":0,"footnotes":""},"categories":[449],"tags":[2512,2510,2511,2513,452,210,2514,1664,1665,2517,2516,2515],"aioseo_notices":[],"amp_enabled":true,"_links":{"self":[{"href":"https:\/\/speyer24news.com\/index.php?rest_route=\/wp\/v2\/posts\/17437"}],"collection":[{"href":"https:\/\/speyer24news.com\/index.php?rest_route=\/wp\/v2\/posts"}],"about":[{"href":"https:\/\/speyer24news.com\/index.php?rest_route=\/wp\/v2\/types\/post"}],"author":[{"embeddable":true,"href":"https:\/\/speyer24news.com\/index.php?rest_route=\/wp\/v2\/users\/3"}],"replies":[{"embeddable":true,"href":"https:\/\/speyer24news.com\/index.php?rest_route=%2Fwp%2Fv2%2Fcomments&post=17437"}],"version-history":[{"count":2,"href":"https:\/\/speyer24news.com\/index.php?rest_route=\/wp\/v2\/posts\/17437\/revisions"}],"predecessor-version":[{"id":17441,"href":"https:\/\/speyer24news.com\/index.php?rest_route=\/wp\/v2\/posts\/17437\/revisions\/17441"}],"wp:attachment":[{"href":"https:\/\/speyer24news.com\/index.php?rest_route=%2Fwp%2Fv2%2Fmedia&parent=17437"}],"wp:term":[{"taxonomy":"category","embeddable":true,"href":"https:\/\/speyer24news.com\/index.php?rest_route=%2Fwp%2Fv2%2Fcategories&post=17437"},{"taxonomy":"post_tag","embeddable":true,"href":"https:\/\/speyer24news.com\/index.php?rest_route=%2Fwp%2Fv2%2Ftags&post=17437"}],"curies":[{"name":"wp","href":"https:\/\/api.w.org\/{rel}","templated":true}]}}