{"id":17442,"date":"2019-08-03T11:23:33","date_gmt":"2019-08-03T10:23:33","guid":{"rendered":"https:\/\/speyer24news.com\/?p=17442"},"modified":"2019-08-03T11:25:14","modified_gmt":"2019-08-03T10:25:14","slug":"rhein-pfalz-kreis-10","status":"publish","type":"post","link":"https:\/\/speyer24news.com\/?p=17442","title":{"rendered":"Rhein-Pfalz-Kreis:"},"content":{"rendered":"<style type=\"text\/css\">\r\n\t.ads_top_disp{}\r\n\t.ads_top_corner_disp{ float:left; margin:0px 10px 10px 0px; }\r\n\t.ads_first_p_disp{}\r\n\t.ads_bottom_disp{}\r\n\t<\/style>\n<h2 class=\"wp-block-heading\"><strong>Neuwahl Elternversammlung\nder Kreismusikschule<\/strong><\/h2>\n\n\n\n<p><strong>Fu\u00dfg\u00f6nheim \/ Haus der Musik &#8211; <\/strong>Nachdem im Mai die Neuwahlen zum Kreistag stattgefunden haben, konstituiert sich auch das Kuratorium der Musikschule des Rhein-Pfalz-Kreises neu. Die Musikschule veranstaltet daher am <strong>Donnerstag, 15. August 2019<\/strong>, um 18 Uhr eine Elternversammlung zur Wahl von drei Vertreterinnen oder Vertreter f\u00fcr ihr Kuratorium. Die Wahl findet im Haus der Musik, Hauptstra\u00dfe 22 in 67136 Fu\u00dfg\u00f6nheim, statt.<\/p>\n\n\n\n<p>Nach\neiner musikalischen Er\u00f6ffnung mit anschlie\u00dfender Begr\u00fc\u00dfung, ist zun\u00e4chst eine\nallgemeine Information \u00fcber die Musikschule und Neuigkeiten aus diesem Bereich\ndurch den Leiter der Kreismusikschule, Christoph Utz, vorgesehen. Auch das\nrenovierte Haus der Musik wird den Teilnehmenden vorgestellt. Anschlie\u00dfend\nerfolgt die Wahl der Elternvertreter.<\/p>\n\n\n\n<p>Das\nKuratorium der Musikschule dient der Er\u00f6rterung grunds\u00e4tzlicher\nmusikp\u00e4dagogischer und organisatorischer Fragen, sowie der Pflege der\nBeziehungen zwischen Schule, Eltern und Sch\u00fcler\/innen. Dar\u00fcber hinaus dient es\nder Kontaktpflege zu anderen Bildungseinrichtungen. Das Kuratorium kann\nEmpfehlungen verabschieden und tritt nach Bedarf, mindestens einmal j\u00e4hrlich,\nzusammen.<\/p>\n\n\n\n<p>Eingeladen sind alle Eltern bzw. Erziehungsberechtigten der Kinder und Jugendlichen, die an der Musikschule unterrichtet werden. Die Kreismusikschule freut sich \u00fcber viele Interessierte und bittet um kurze Teilnahmebest\u00e4tigung per Mail an <a href=\"mailto:anja.eichberger@kv-rpk.de\">anja.eichberger@kv-rpk.de<\/a>.<\/p>\n\n\n\n<p><em>Kreisverwaltung Rhein-Pfalz-Kreis<br>03.08.2019<\/em><\/p>\n\n\n\n<h2 class=\"wp-block-heading\"><strong>Rhein-Pfalz-Kreis\nbildet Tagesm\u00fctter und Tagesv\u00e4ter aus<\/strong><\/h2>\n\n\n\n<p><strong>Dannstadt-Schauernheim \/ Kurpfalzschule &#8211; <\/strong>Die Kreisverwaltung bietet <strong>ab dem 19. Oktober 2019<\/strong> wieder einen Qualifizierungskurs f\u00fcr Kindertagespflegepersonen an, zu dem sich Interessierte jetzt anmelden k\u00f6nnen. In allen Orten des Rhein-Pfalz-Kreises gibt es immer Bedarf an engagierten und kompetenten Kindertagespflegepersonen, die Kinder im eigenen Haushalt oder in anderen geeigneten R\u00e4umen betreuen m\u00f6chten. Besonders in Schifferstadt ist der Bedarf an Personen f\u00fcr die Kindertagespflege sehr hoch.<\/p>\n\n\n\n<p>Die Betreuung von Kindern bei Tagesm\u00fcttern\noder Tagesv\u00e4tern (Kindertagespflegepersonen) ist eine individuelle,\nfamiliennahe und flexible Betreuungsform, die vom Jugendamt gef\u00f6rdert wird. In\n300 Unterrichtsstunden wird ein Grundwissen \u00fcber Kindesentwicklung, Bildung und\nErziehung sowie Informationen zu den organisatorischen Bedingungen der\nKindertagespflege vermittelt. In enger Theorie- und Praxisverzahnung werden\neigene Kompetenzen weiterentwickelt. Der Kurs wird mit Mitteln des Landes\nRheinland-Pfalz gef\u00f6rdert, die Teilnahmegeb\u00fchr betr\u00e4gt daher nur 250 Euro. Unterrichtet\nwird dienstags und donnerstags von 18 &#8211; 21:15 Uhr und samstags von 9 bis 14:15\nbzw. 16 Uhr in der Kurpfalzschule in Dannstadt-Schauernheim.<\/p>\n\n\n\n<p>Alle wichtigen\nInformationen zur Kindertagespflege und zur Qualifizierung erhalten Interessierte\nbei Sabine Asal-Frey (0621 5909 1340), Katja Marksteiner (-1341) oder Kerstin Graber\n(-1070) im Kreisjugendamt oder auf der Internetseite des Rhein-Pfalz-Kreises\nunter <a href=\"http:\/\/www.rhein-pfalz-kreis.de\">www.rhein-pfalz-kreis.de<\/a> .<\/p>\n\n\n\n<p><em>Kreisverwaltung Rhein-Pfalz-Kreis<br>03.08.2019<\/em><\/p>\n","protected":false},"excerpt":{"rendered":"<div class=\"mh-excerpt\"><p>Neuwahl Elternversammlung der Kreismusikschule Fu\u00dfg\u00f6nheim \/ Haus der Musik &#8211; Nachdem im Mai die Neuwahlen zum Kreistag stattgefunden haben, konstituiert sich auch das Kuratorium der Musikschule des Rhein-Pfalz-Kreises neu. Die Musikschule veranstaltet daher am Donnerstag, <a class=\"mh-excerpt-more\" href=\"https:\/\/speyer24news.com\/?p=17442\" title=\"Rhein-Pfalz-Kreis:\">[&#8230;]<\/a><\/p>\n<\/div>","protected":false},"author":3,"featured_media":0,"comment_status":"open","ping_status":"open","sticky":false,"template":"","format":"standard","meta":{"_monsterinsights_skip_tracking":false,"_monsterinsights_sitenote_active":false,"_monsterinsights_sitenote_note":"","_monsterinsights_sitenote_category":0,"footnotes":""},"categories":[1564],"tags":[1220,448,1214,2518,2519,427,1738,1739],"aioseo_notices":[],"amp_enabled":true,"_links":{"self":[{"href":"https:\/\/speyer24news.com\/index.php?rest_route=\/wp\/v2\/posts\/17442"}],"collection":[{"href":"https:\/\/speyer24news.com\/index.php?rest_route=\/wp\/v2\/posts"}],"about":[{"href":"https:\/\/speyer24news.com\/index.php?rest_route=\/wp\/v2\/types\/post"}],"author":[{"embeddable":true,"href":"https:\/\/speyer24news.com\/index.php?rest_route=\/wp\/v2\/users\/3"}],"replies":[{"embeddable":true,"href":"https:\/\/speyer24news.com\/index.php?rest_route=%2Fwp%2Fv2%2Fcomments&post=17442"}],"version-history":[{"count":2,"href":"https:\/\/speyer24news.com\/index.php?rest_route=\/wp\/v2\/posts\/17442\/revisions"}],"predecessor-version":[{"id":17444,"href":"https:\/\/speyer24news.com\/index.php?rest_route=\/wp\/v2\/posts\/17442\/revisions\/17444"}],"wp:attachment":[{"href":"https:\/\/speyer24news.com\/index.php?rest_route=%2Fwp%2Fv2%2Fmedia&parent=17442"}],"wp:term":[{"taxonomy":"category","embeddable":true,"href":"https:\/\/speyer24news.com\/index.php?rest_route=%2Fwp%2Fv2%2Fcategories&post=17442"},{"taxonomy":"post_tag","embeddable":true,"href":"https:\/\/speyer24news.com\/index.php?rest_route=%2Fwp%2Fv2%2Ftags&post=17442"}],"curies":[{"name":"wp","href":"https:\/\/api.w.org\/{rel}","templated":true}]}}