{"id":17505,"date":"2019-08-06T12:11:07","date_gmt":"2019-08-06T11:11:07","guid":{"rendered":"https:\/\/speyer24news.com\/?p=17505"},"modified":"2019-08-07T06:48:54","modified_gmt":"2019-08-07T05:48:54","slug":"polizei-34","status":"publish","type":"post","link":"https:\/\/speyer24news.com\/?p=17505","title":{"rendered":"Polizei:"},"content":{"rendered":"<style type=\"text\/css\">\r\n\t.ads_top_disp{}\r\n\t.ads_top_corner_disp{ float:left; margin:0px 10px 10px 0px; }\r\n\t.ads_first_p_disp{}\r\n\t.ads_bottom_disp{}\r\n\t<\/style>\n<h2 class=\"wp-block-heading\">Polizeimeldungen vom Dienstag (06.08.2019)<\/h2>\n\n\n\n<div class=\"wp-block-image\"><figure class=\"aligncenter\"><img decoding=\"async\" src=\"https:\/\/speyer24news.com\/wp-content\/uploads\/2019\/07\/Aktuelles-Polizeilogo-1.jpg\" alt=\"\" class=\"wp-image-16637\"\/><\/figure><\/div>\n\n\n\n<h4 class=\"wp-block-heading\">(Speyer) &#8211; Verkehrsunfall mit verletzten Personen und 3 beteiligten Fahrzeugen<\/h4>\n\n\n\n<p>W\u00e4hrend am Montagabend eine 32-j\u00e4hrige Frau aus Dudenhofen in ihrem PKW Mercedes Benz in der Einm\u00fcndung Siemensstra\u00dfe 7-10 wartete, um in den Flie\u00dfverkehr auf der Siemensstra\u00dfe nach rechts einbiegen zu k\u00f6nnen, bog ein 20-j\u00e4hriger Otterst\u00e4dter in eben diese Einm\u00fcndung nach links ein und \u00fcbersah hierbei einen entgegenkommenden VW Golf. Es kam zur Kollision der beiden Fahrzeuge, wobei der Toyota Auris des jungen Mannes aus Otterstadt auf  den Mercedes Benz geschoben wurde. Unabh\u00e4ngige Augenzeugen gaben an, dass der 46-j\u00e4hrige Golf-Fahrer mit \u00fcberh\u00f6hter Geschwindigkeit die Siemensstra\u00dfe befahren habe und deshalb dem abbiegenden Toyota in H\u00f6he der A-S\u00e4ule in das Fahrzeug gefahren sei. Insofern werden beide M\u00e4nner als Unfallverursacher angesehen. Beide zogen sich leichte Verletzungen in Form von Beulen und Kratzern bzw. Schmerzen im Bereich der Halswirbels\u00e4ule zu. An den Fahrzeugen entstand ein gesch\u00e4tzter Gesamtschaden von etwa 30.000 Euro. <\/p>\n\n\n\n<h4 class=\"wp-block-heading\">(Germersheim) &#8211; Elektroherd in Brand geraten<\/h4>\n\n\n\n<p>Vermutlich aufgrund eines technischen Defekts geriet am Montag gegen  11.50 Uhr ein Elektroherd in einer Wohnung In der kleinen Au in Brand.  Durch die eingesetzten Beamten wurde das gesamte Mehrfamilienhaus  vorsorglich ger\u00e4umt. Der Brand konnte durch die Feuerwehr Germersheim  schnell gel\u00f6scht werden, sodass kein Personen- oder Geb\u00e4udeschaden  entstand. Nach Beendigung des Einsatzes durften alle Anwohner wieder in  ihre Wohnungen. <\/p>\n\n\n\n<h4 class=\"wp-block-heading\">(Germersheim) &#8211; Radlader besch\u00e4digt<\/h4>\n\n\n\n<p>Ein Sachschaden in H\u00f6he von zirka 1000 Euro entstand \u00fcber das  vergangene Wochenende an einem Radlader vor der Gottfried-Tulla-Schule.  Bislang unbekannte T\u00e4ter warfen eine Seitenscheibe des Fahrzeugs  vermutlich mit Teilen eines Bauzauns ein. Zeugenhinweise nimmt die  Polizeiinspektion Germersheim unter 07274\/958-0 oder per E-Mail an <a href=\"mailto:pigermersheim@polizei.rlp.de\">pigermersheim@polizei.rlp.de<\/a> entgegen. <\/p>\n\n\n\n<h4 class=\"wp-block-heading\">(Jockgrim) &#8211; Fahrrad entwendet<\/h4>\n\n\n\n<p>Nur 30 Minuten ben\u00f6tigte ein unbekannter T\u00e4ter um am  04.08.2019 in der Zeit von 23:20 &#8211; 23:59 Uhr ein in der Ludwigstra\u00dfe  verschlossen abgestelltes Fahrrad zu entwenden.<\/p>\n\n\n\n<h4 class=\"wp-block-heading\">(W\u00f6rth) &#8211; Fu\u00dfg\u00e4nger auf der B 10 unterwegs<\/h4>\n\n\n\n<p>Am 05.08.2019 teilten um 10:05 Uhr mehrere Verkehrsteilnehmer  eine \u00e4ltere Person auf der Bundesstra\u00dfe im Bereich Maximiliansau mit.  Durch die alarmierte Streifenbesatzung konnte der 71-j\u00e4hrige Mann  festgestellt werden und sicher von der Kraftfahrtstra\u00dfe gebracht werden.  Der aus Karlsruhe kommende Mann gab an, sich wohl beim Spazierengehen  etwas verlaufen zu haben. Wie der Mann auf die Bundesstra\u00dfe nach der  Rheinbr\u00fccke gekommen ist, konnte er nicht mehr sagen. Der Fu\u00dfg\u00e4nger  wurde Angeh\u00f6rige \u00fcberstellt. <\/p>\n\n\n\n<h4 class=\"wp-block-heading\">(Neuburg) &#8211; Vorfahrt missachtet<\/h4>\n\n\n\n<p>Am 06.08.2019 befuhr um 08:00 Uhr ein Verkehrsteilnehmer die  Hauptstra\u00dfe. An der Einm\u00fcndung Kehlstra\u00dfe\/Rheinstra\u00dfe missachtete der  73-j\u00e4hrige PKW Fahrer die Vorfahrt eines querenden PKW&#8217;s. Durch den  Zusammensto\u00df wurden zwei Beteiligte leicht verletzt und an beiden  Fahrzeugen entstand Totalschaden. F\u00fcr die Versorgung der Verletzten und  Sicherung der Unfallstelle waren Kr\u00e4fte des Rettungsdienstes und der  Feuerwehr im Einsatz. <\/p>\n\n\n\n<h4 class=\"wp-block-heading\">(Bad Bergzabern) &#8211; Verkehrswarnbake besch\u00e4digt<\/h4>\n\n\n\n<p>Am Dienstag, 06.08.2019, gegen 01:55 Uhr, wurde in der Steinfelder  Stra\u00dfe eine Personengruppe beobachtet, die eine Warnbake aus dem  Standfuss hob und einige Meter weiter wieder ablegte. Bei der  anschlie\u00dfenden Kontrolle stellten die Beamten fest, dass die Warnbake  vor dem Herausziehen umgebogen und dabei besch\u00e4digt wurde. Im n\u00e4heren  Umfeld wurden mehrere Personen angetroffen und einer Kontrolle  unterzogen. Zeugen der Sachbesch\u00e4digung werden gebeten sich unter  Telefon 06343-9334-0 oder per Email unter <a href=\"mailto:pibadbergzabern@polizei.rlp.de\">pibadbergzabern@polizei.rlp.de<\/a> zu melden. <\/p>\n\n\n\n<h4 class=\"wp-block-heading\">(Pleisweiler-Oberhofen) &#8211; Nach Ladendiebstahl gefl\u00fcchtet<\/h4>\n\n\n\n<p>Am Montag, 05.08.2019, gegen 15:15 Uhr, kam es in einem Einkaufsmarkt  im Industriegebiet Im Weidfeld, zu einem Ladendiebstahl. Eine bislang  unbekannte Frau hatte Waren im Wert von circa 80.- Euro an der Kasse  nicht bezahlt und im Markt festgehalten werden konnte. In einem  g\u00fcnstigem Moment nutzte die T\u00e4terin die Gelegenheit und fl\u00fcchtete aus  den B\u00fcror\u00e4umen des Marktes. Im Zuge der polizeilichen Fahndungsma\u00dfnahmen  konnte die Frau nicht mehr angetroffen werden. Die Frau wurde mit 30-40  Jahre alt, dunkle halblange Haare, dunkle Jeans und schwarzes Top  beschrieben. Hinweise zur Identit\u00e4t der Diebin nimmt die  Polizeiinspektion Bad Bergzabern unter Telefon 06343-93340 oder per  Email unter <a href=\"mailto:pibadbergzabern@polizei.rlp.de\">pibadbergzabern@polizei.rlp.de<\/a> entgegen. <\/p>\n\n\n\n<h4 class=\"wp-block-heading\">(Silz) &#8211; Mit Gegenverkehr kollidiert<\/h4>\n\n\n\n<p>Am Montag, 05.08.2019, gegen 10:35 Uhr, befuhr der Fahrer eines Pkw VW  die L 493 von Vorderweidenthal kommend in Richtung Silz. Beim \u00dcberholen  eines Mofafahrers auf gerader Strecke, geriet der 38-j\u00e4hrige VW-Fahrer  auf die Gegenfahrbahn und kollidierte hierbei mit einem  entgegenkommenden Pkw Ford Focus. Bei dem Zusammensto\u00df wurde niemand  verletzt. Die beiden Fahrzeuge mussten abgeschleppt werden. Es entstand  ein Gesamtschaden von 5000.- Euro. <\/p>\n\n\n\n<h4 class=\"wp-block-heading\">(Rhodt unter Rietburg) &#8211; Brand im Weinberg<\/h4>\n\n\n\n<p>Am fr\u00fchen Morgen des 05.08.2019 kam es zu einem Brand in einem Weinberg  zwischen Edenkoben und Rhodt. Hierbei verbrannte Stroh, welches  zwischen den Weinst\u00f6cken eingestreut war, auf einer L\u00e4nge von ca. 30m.  Das Feuer konnte durch die Feuerwehr gel\u00f6scht werden. Ein Schaden an den  Reben ist nach derzeitigem Kenntnisstand nicht entstanden. Die  Brandursache ist noch unklar. <\/p>\n\n\n\n<h4 class=\"wp-block-heading\">(Edenkoben) &#8211; Herdbrand<\/h4>\n\n\n\n<p>Am Abend des 05.08.2019 entz\u00fcndete sich der Herd eines  Einfamilienhauses in der Friedrich-Ebert-Stra\u00dfe. Brandursache d\u00fcrfte ein  technischer Defekt gewesen sein. Der Brand konnte durch die Feuerwehr  gel\u00f6scht werden. Ein Geb\u00e4udeschaden entstand nicht. <\/p>\n\n\n\n<h4 class=\"wp-block-heading\">(Edenkoben) &#8211; Diebstahl von Lastwagen<\/h4>\n\n\n\n<p>Unbekannte verschafften sich in der Nacht vom 04.08.2019 auf den  05.08.2019, durch Auftrennen der Umz\u00e4unung, Zutritt zum Gel\u00e4nde der  Kl\u00e4ranlage. Hier entwendeten sie einen Lkw ohne Zulassung, sowie die  Kennzeichen eines weiteren Fahrzeugs, welche sie an dem Lkw anbrachten.  Am Morgen des 05.08.2019 konnte der Lkw auf der K6 zwischen Altdorf und  Gommersheim, durch einen Mitarbeiter der Kl\u00e4ranlage, aufgefunden werden.  Der oder die T\u00e4ter stellten den Lkw, aus unbekanntem Grund, im  Gr\u00fcnstreifen neben der Fahrbahn ab. Die H\u00f6he des entstandenen  Sachschadens ist noch nicht bekannt. <\/p>\n\n\n\n<p>Zeugenhinweise nimmt die PI Edenkoben unter 06323 955-0 oder per Mail an <a href=\"mailto:piedenkoben@polizei.rlp.de\">piedenkoben@polizei.rlp.de<\/a> entgegen. <\/p>\n\n\n\n<h4 class=\"wp-block-heading\">(Sankt Martin) &#8211; Fahrraddiebstahl<\/h4>\n\n\n\n<p>Unbekannte entwendeten im Zeitraum zwischen dem 02.08.2019 und dem  04.08.2019 ein schwarzes Mountainbike der Marke Carver von einem  Grundst\u00fcck in der Totenkopfstra\u00dfe. Der Sachschaden bel\u00e4uft sich auf ca.  840EUR. <\/p>\n\n\n\n<p>Zeugenhinweise nimmt die PI Edenkoben unter 06323 955-0 oder per Mail an <a href=\"mailto:piedenkoben@polizei.rlp.de\">piedenkoben@polizei.rlp.de<\/a> entgegen. <\/p>\n\n\n\n<h4 class=\"wp-block-heading\">(Neustadt) &#8211; Unter Drogeneinfluss mit Fahrzeug unterwegs<\/h4>\n\n\n\n<p>Bei einem 23-j\u00e4hrigen Autofahrer wurden am fr\u00fchen Morgen des 06.08.2019  im Rahmen einer Verkehrskontrolle Auff\u00e4lligkeiten festgestellt. Die  Beamten vermuteten vorherigen Drogenkonsum des Fahrers. Ein  Drogenschnelltest reagierte positiv auf THC. Die Weiterfahrt wurde  unterbunden und dem 23-J\u00e4hrigen wurde eine Blutprobe entnommen. <\/p>\n\n\n\n<h4 class=\"wp-block-heading\">(Neustadt) &#8211; Gruppe Jugendlicher werfen Gegenst\u00e4nde auf Stra\u00dfe<\/h4>\n\n\n\n<p>Einer zivilen Streife fiel am 06.08.2019 gegen 04:00 Uhr eine Gruppe  Jugendlicher auf, die M\u00fclls\u00e4cke und M\u00fclleimer in der Maximilianstra\u00dfe  auf die Fahrbahn warfen. Die Jugendlichen wurden auf ihr Verhalten  angesprochen, waren jedoch scheinbar uneinsichtig. Da auch Baken und  Verkehrszeichen auf der Stra\u00dfe lagen, wird ein Strafverfahren wegen  gef\u00e4hrlichem Eingriff in den Stra\u00dfenverkehr eingeleitet. <\/p>\n\n\n\n<h4 class=\"wp-block-heading\">(Neustadt) &#8211; Zwei Autofahrer mit Promille unterwegs<\/h4>\n\n\n\n<p>Am 06.08.2019 kurz nach Mitternacht fiel ein 26-j\u00e4hriger Mann einer  Polizeistreife durch seine Fahrweise auf. Er befuhr die Mu\u00dfbacher  Landstra\u00dfe und kam kurz vor dem Kreisel mehrfach  gegen die  Bordsteinkante. Bei der anschlie\u00dfenden Kontrolle stellten die Beamten  starken Alkoholgeruch fest. Ein Atemalkoholtest ergab eine Konzentration  von 1,32 Promille. <\/p>\n\n\n\n<p>Ein 22-J\u00e4hriger wurde am 06.08.2019 gegen \n04:00 Uhr in der Von-der-Tann-Stra\u00dfe als Fahrer eines Pkw einer \nVerkehrskontrolle unterzogen. Hierbei bemerkten die Polizeibeamten \ndeutlichen Atemalkoholgeruch. Ein Atemalkoholtest ergab eine \nKonzentration von 1,41 Promille. <\/p>\n\n\n\n<p>In beiden F\u00e4llen wurde eine Blutprobe entnommen und der F\u00fchrerschein sichergestellt. <\/p>\n\n\n\n<h4 class=\"wp-block-heading\">(Frankenthal) &#8211; Radfahrer st\u00fcrzt aufgrund eines Astes und verletzt sich schwer<\/h4>\n\n\n\n<p>Ein 19-J\u00e4hriger bef\u00e4hrt am 05.08.2019 gegen 14:45 Uhr einen  Friedhofsweg im Frankenthaler Hauptfriedhof. Ein heruntergefallener Ast  verf\u00e4ngt sich dann derart ungl\u00fccklich im Vorderrad, dass die Bremse  rei\u00dft und sich der Fahrradfahrer \u00fcberschl\u00e4gt. Durch den Sturz erleidet  der 19-J\u00e4hrige Verletzungen am linken Arm und an den Beinen. Er klagt  au\u00dferdem \u00fcber Schmerzen in der Bauchgegend und wird daher station\u00e4r im  Krankenhaus aufgenommen. Die genauen Verletzungen sind derzeit nicht  bekannt. <\/p>\n\n\n\n<h4 class=\"wp-block-heading\">(Ludwigshafen) &#8211; 61-J\u00e4hrige auf der Stra\u00dfe bedroht<\/h4>\n\n\n\n<p>Als am 05.08.2019, gegen 14:15 Uhr, eine 61-J\u00e4hrige auf der  Berthold-Schwarz-Stra\u00dfe unterwegs war, stellten sich ihr pl\u00f6tzlich ein  unbekannter Mann und eine unbekannte Frau in den Weg. Der unbekannte  Mann ging weiter, die unbekannte Frau baute sich bedrohlich vor der  61-J\u00e4hrigen auf, forderte Bargeld und versperrte ihr mit einem Fahrrad  den Weg. Der 61-J\u00e4hrigen gelang es trotzdem, an der Unbekannten vorbei  zu gehen. Daraufhin lie\u00df die Unbekannte sie in Ruhe. <\/p>\n\n\n\n<p><strong>Sie war:<\/strong><\/p>\n\n\n\n<ul><li>etwa 30  Jahre alt<\/li><li>circa 1,60 m gro\u00df<\/li><li>d\u00fcnn und schlank<\/li><li>Gekleidet war sie dunkel<\/li><li>Das Fahrrad hatte einen schwarzen Rahmen<\/li><li>Der unbekannte Mann war etwa 35 Jahre alt und circa 1,70 m gro\u00df<\/li><\/ul>\n\n\n\n<p>Sachdienliche Hinweise  bitte an die Polizeiinspektion Ludwigshafen 2  unter der Telefonnummer  0621 963-2222 oder per E-Mail <a href=\"mailto:piludwigshafen2@polizei.rlp.de\">piludwigshafen2@polizei.rlp.de<\/a>. <\/p>\n\n\n\n<h4 class=\"wp-block-heading\">(Ludwigshafen) &#8211; Pfandflaschen aus Keller gestohlen<\/h4>\n\n\n\n<p>In der Zeit zwischen dem 16.07.2019, gegen 15:00 Uhr und dem  05.08.2019, gegen 13:00 Uhr, brachen unbekannte in einen Keller eines  Mehrfamilienhauses in der Karl-Kreuter-Stra\u00dfe ein und stahlen  Pfandflaschen im Wert von \u00fcber 100 Euro. Sachdienliche Hinweise bitte an  die Polizeiwache Oggersheim unter Tel. 0621 963 &#8211; 2403 oder per Mail <a href=\"mailto:pwoggersheim@polizei.rlp.de\">pwoggersheim@polizei.rlp.de<\/a>. <\/p>\n\n\n\n<h4 class=\"wp-block-heading\">(Ludwigshafen) &#8211; Einbruch in Gastst\u00e4tte<\/h4>\n\n\n\n<p>In der Zeit zwischen dem 04.08.2019, gegen 23:00 Uhr und dem  05.08.2019, gegen 10:00 Uhr, brachen unbekannte T\u00e4ter in eine Gastst\u00e4tte  in der Kurt-Schumacher-Stra\u00dfe ein. Sie stahlen mehrere hundert Euro.  Sachdienliche Hinweise nimmt die Kriminalpolizei Ludwigshafen unter der  Telefonnummer 0621\/963-2773 oder per E-Mail <a href=\"mailto:kiludwigshafen@polizei.rlp.de\">kiludwigshafen@polizei.rlp.de<\/a> entgegen. <\/p>\n\n\n\n<h4 class=\"wp-block-heading\">(Ludwigshafen) &#8211; Diebstahl aus Auto<\/h4>\n\n\n\n<p>In der Zeit zwischen dem 04.08.2019, gegen 22:00 Uhr und dem  05.08.2019, gegen 07:30 Uhr, stahlen unbekannte T\u00e4ter aus einem Opel  Astra, der in der Bleichstra\u00dfe geparkt war, eine pinkfarbene  Nike-Sporttasche, ein Gl\u00e4tteisen, eine Sonnenbrille sowie Bargeld.  Sachdienliche Hinweise nimmt die Kriminalpolizei Ludwigshafen unter der  Telefonnummer 0621\/963-2773 oder per E-Mail <a href=\"mailto:kiludwigshafen@polizei.rlp.de\">kiludwigshafen@polizei.rlp.de<\/a> entgegen. <\/p>\n\n\n\n<h4 class=\"wp-block-heading\">(Ludwigshafen) &#8211; Auf Scheiben in Schulzentrum mit Steinen geworfen<\/h4>\n\n\n\n<p>In der Zeit zwischen dem 03.08.2019, gegen 15:00 Uhr und dem  05.08.2019, gegen 07:00 Uhr, warfen unbekannte T\u00e4ter Steine auf etwa 30  Glasscheiben des Schulzentrums Mundenheim in der Karolina-Burger-Stra\u00dfe.  Die Glasscheiben wurden besch\u00e4digt, teilweise gingen sie auch zu Bruch  und diverse Laborger\u00e4te in den R\u00e4umen dahinter wurden besch\u00e4digt. Die  Polizeiinspektion Ludwigshafen 1 bittet um sachdienliche Hinweise unter  der Telefonnummer 0621 963-2122 oder per e-Mail <a href=\"mailto:piludwigshafen1@polizei.rlp.de\">piludwigshafen1@polizei.rlp.de<\/a> . <\/p>\n\n\n\n<h4 class=\"wp-block-heading\">(Mannheim) &#8211; Unter Alkohol- bzw. Drogeneinwirkung Auto gefahren&#8230;<\/h4>\n\n\n\n<p>In der Nacht zum Dienstag stoppten Beamte des Polizeireviers  Mannheim-Neckarstadt in der Mittel- sowie Riedfeldstra\u00dfe zwei Fahrzeuge  und unterzogen die M\u00e4nner einer Kontrolle. <\/p>\n\n\n\n<p>Schon bei dem \nErstkontakt mit dem 25-J\u00e4hrigen in der Riedfeldstra\u00dfe wehte den Beamten \neine starke Alkoholfahne entgegen und ordneten daher eine \u00dcberpr\u00fcfung \nan. 1,2 Promille ergab der Alkoholtest, so dass ihm eine Blutprobe \nentnommen wurde. Der Mann konnte lediglich eine serbische Fahrerlaubnis \nvorweisen; er sieht einer Anzeige bei der Staatsanwaltschaft entgegen. <\/p>\n\n\n\n<p>Rund\n eine Stunde sp\u00e4ter kontrollierten die Polizeibeamten einen Audi-Fahrer \nin der Mittelstra\u00dfe. Der 28-J\u00e4hrige wirkte recht nerv\u00f6s. Im Verlauf des \nGespr\u00e4chs r\u00e4umte er auch ein, Drogen konsumiert zu haben. Drogentest, \nBlutentnahme, F\u00fchrerscheineinbehaltung und Anzeige folgten. <\/p>\n\n\n\n<h4 class=\"wp-block-heading\">(Mannheim \/ Rhein-Neckar-Kreis) &#8211; 81-J\u00e4hriger aus Mannheim vermisst \/ \u00d6ffentlichkeitsfahndung mit Bild!<\/h4>\n\n\n\n<p>Seit Montagnachmittag gilt Johann F. aus Mannheim als vermisst. Der  81-J\u00e4hrige verlie\u00df gegen 15:30 Uhr seine Wohnanschrift mit seinem Auto und kehrte seitdem nicht wieder zur\u00fcck. <\/p>\n\n\n\n<p>Hinweise auf den Aufenthaltsort sind nicht bekannt. Das Kriminalkommissariat Mannheim hat die Ermittlungen zum Aufenthalt des Seniors aufgenommen und bereits umfangreiche Ma\u00dfnahmen getroffen, die jedoch bislang nicht zum Auffinden des Vermissten gef\u00fchrt haben. <\/p>\n\n\n\n<p>Johann F. kann wie folgt beschrieben werden: <\/p>\n\n\n\n<ul><li>1,70 m gro\u00df<\/li><li>76 Kg schwer<\/li><li>schlanke Statur<\/li><li>graue  Haare (Toupet)<\/li><li>Brillentr\u00e4ger<\/li><li>bekleidet mit einem blau-gr\u00fcn gemusterten Polo-Shirt, beige Hose und braunen Schuhen.<\/li><li>Bei dem Fahrzeug des 81-J\u00e4hrigen, mit dem er am gestrigen Nachmittag davon fuhr, handelt es sich um einen grauen Mercedes der A-Klasse mit  Mannheimer Zulassung. <\/li><\/ul>\n\n\n\n<p>Das Verhalten des Vermissten ist nach bisherigen Erkenntnissen als ungew\u00f6hnlich zu betrachten. Nach derzeitigem Stand der Ermittlungen k\u00f6nnte sich der Vermisste in einer hilflosen Lage befinden, es besteht eine Eigengef\u00e4hrdung und somit Gefahr f\u00fcr Leib und Leben des Seniors. <\/p>\n\n\n\n<p>Zeugen, die Hinweise zum Aufenthaltsort des Mannes geben k\u00f6nnen, werden gebeten, sich mit den Beamten der Kriminalpolizei unter 0621 174-4444 in Verbindung zu setzen. Hinweise werden zudem jederzeit unter dem polizeilichen Notruf 110 und bei jeder Polizeidienststelle entgegengenommen. <\/p>\n\n\n\n<h4 class=\"wp-block-heading\">(Mannheim) &#8211; Unfallflucht in der Steinacher Stra\u00dfe Zeugen gesucht<\/h4>\n\n\n\n<p>Einen Schaden von mehreren tausend Euro richtete ein bislang  unbekannter Autofahrer am Montag an einem in der Steinacher Stra\u00dfe in  H\u00f6he des Anwesens Nr. 17 abgestellten Mazda an und entfernte sich danach  unerlaubt. Der Gesch\u00e4digte parkte seinen Wagen in der Nacht zum Montag  kurz nach Mitternacht und wurde am Mittag gegen 14 Uhr auf den Schaden  aufmerksam. Daraufhin erstattete er Anzeige beim Polizeiposten  Mannheim-Feudenheim. <\/p>\n\n\n\n<p>Die Beamten ermitteln wegen Unfallflucht und  nehmen unter Tel.: 0621\/79984-0 &#8211; oder die Beamten des Polizeireviers  Mannheim-K\u00e4fertal, Tel.: 0621\/71849-0 &#8211; sachdienliche Hinweise zum  Verursacher entgegen. <\/p>\n\n\n\n<h4 class=\"wp-block-heading\">(Mannheim) &#8211; Schulhauseinbruch \/ Hoher Schaden  Polizei ermittelt und bittet um Hinweise<\/h4>\n\n\n\n<p>\u00dcber das Wochenende drangen bislang unbekannte T\u00e4ter brachial in die  R\u00e4umlichkeiten des Lessing-Gymnasiums im Josef-Braun-Ufer ein. Mehrere  Zimmer, darunter auch das Sekretariat, wurden betreten, Spinde  aufgebrochen, Schr\u00e4nke, F\u00e4cher und auch Geldkassetten herausgerissen und  durchw\u00fchlt. <\/p>\n\n\n\n<p>Was im Einzelnen durch die Einbrecher entwendet \nwurde, ist bislang noch nicht gekl\u00e4rt und Gegenstand der weiteren \npolizeilichen Ermittlungen. Der Einbruch wurde am Montagmorgen kurz vor 6\n Uhr bemerkt und Anzeige beim Polizeirevier Mannheim-Oststadt erstattet.\n <\/p>\n\n\n\n<p>Zeugen, die zwischen Freitagnachmittag, 16.30 Uhr und Montagfr\u00fch  verd\u00e4chtige Beobachtungen gemacht haben und Hinweise geben k\u00f6nnen,  werden gebeten, sich unter Tel.: 0621\/174-3310 zu melden. <\/p>\n\n\n\n<h4 class=\"wp-block-heading\">(Mannheim-Rheinau) &#8211; Versuchter Wohnungseinbruch \/ T\u00e4terin in Begleitung zweier Kinder \/ Wer hat verd\u00e4chtige Beobachtungen gemacht ?<\/h4>\n\n\n\n<p>Am Samstagnachmittag verschaffte sich eine bislang unbekannte Frau, die  in Begleitung zweier Kinder war, Zugang zu einem Anwesen in der  Bruchsaler Stra\u00dfe im Mannheimer Stadtteil Rheinau und hebelte eine  Wohnungst\u00fcre auf. Dabei wurde sie von dem 87-j\u00e4hrigen Bewohner auf  frischer Tat ertappt. Sofort lie\u00df sie von ihrem weiteren Vorhaben ab und  fl\u00fcchtete in Richtung Rheinauer Ring. Der Gesch\u00e4digte erstattete erst  am Montag Anzeige bei der Polizei. <\/p>\n\n\n\n<p>Aus seiner Wohnung wurde nichts entwendet; Angaben zur Schadensh\u00f6he sind derzeit noch nicht m\u00f6glich. <\/p>\n\n\n\n<p>Zeugen  oder gar Bewohner des Anwesens, die auf den Vorfall bzw. die Frau samt  deren Kinder aufmerksam geworden sind, werden gebeten, Kontakt mit dem  Polizeirevier Mannheim-Neckarau, Tel.: 0621\/83397-0, aufzunehmen. <\/p>\n\n\n\n<h4 class=\"wp-block-heading\">(Heidelberg) &#8211; VW Passat besch\u00e4digt und gefl\u00fcchtet<\/h4>\n\n\n\n<p>Betr\u00e4chtlichen Schaden richtete am Montagnachmittag ein bislang nicht  ermittelter Autofahrer vermutlich beim Ein- oder Ausparken an einem  geparkten VW Passat an. Der Gesch\u00e4digte parkte seinen Wagen am  Nachmittag gegen 16 Uhr auf dem Parkplatz hinter dem &#8222;Penny&#8220;-Markt in  der Dossenheimer Landstra\u00dfe und musste bei R\u00fcckkehr gegen 21 Uhr die  Besch\u00e4digungen feststellen. Der Unbekannte richtete Schaden von 2.500  Euro an und entfernte sich unerlaubt, so dass die Polizei wegen  Unfallflucht ermittelt. Zeugen, die Hinweise geben k\u00f6nnen, werden  gebeten, Kontakt mit dem Polizeirevier Heidelberg-Nord, Tel.:  06221\/4569-0, aufzunehmen. <\/p>\n\n\n\n<h4 class=\"wp-block-heading\">(Heidelberg) &#8211; Radfahrer missachtet rote Ampel und prallt mit Fu\u00dfg\u00e4ngerin zusammen<\/h4>\n\n\n\n<p>Leicht verletzt wurde eine aus Lobbach stammende Fu\u00dfg\u00e4ngerin bei einem  Unfall am Montagmorgen in der Sofienstra\u00dfe. Ein 30-j\u00e4hriger Radfahrer  befuhr den Radweg in Richtung Theodor-Heuss-Br\u00fccke, missachtete auf H\u00f6he  der Pl\u00f6ck die f\u00fcr ihn Rotlicht zeigende Ampel und krachte mit der  ordnungsgem\u00e4\u00df die Fahrbahn \u00fcberquerenden 20-J\u00e4hrigen zusammen. Die junge  Frau zog sich leichte Verletzungen zu und wurde an der Unfallstelle  erstversorgt. Ggf. wollte sie sich selbstst\u00e4ndig in \u00e4rztliche  Weiterbehandlung begeben. <\/p>\n\n\n\n<h4 class=\"wp-block-heading\">(Aglasterhausen \/ Heidelberg) &#8211; Zeugen nach Fahrzeugdiebstahl gesucht<\/h4>\n\n\n\n<p>Bereits am Sonntag, 28.07.2019, wurde im H\u00f6henweg in Aglasterhausen ein silberner Mazda entwendet. <\/p>\n\n\n\n<p>Von\n Beamten der Heidelberger Polizei konnte der Wagen Ende der letzten \nWoche in der Gaisbergstra\u00dfe in der Heidelberger Weststadt \nunfallbesch\u00e4digt aufgefunden und sichergestellt werden. Da es Hinweise \ngibt, dass der gestohlene Mazda am Mittwoch- oder Donnerstagvormittag \nvon drei bislang unbekannten Personen, den beiden Insassen im Alter von \n18 bis 20 Jahren, und einem weiteren Verkehrsteilnehmer in die \nGaisbergstra\u00dfe geschoben wurde, werden nun Zeugen gesucht, die den \njungen Mann und die junge Frau sowie den Helfer beobachtet haben. <\/p>\n\n\n\n<p>Hinweise gehen an den Polizeiposten Aglasterhausen, Telefon 06262 9177080. <\/p>\n\n\n\n<h4 class=\"wp-block-heading\">(Heidelberg-Kirchheim) &#8211; Einbruch in Kiosk \/ Zeugen gesucht<\/h4>\n\n\n\n<p>In der Nacht von Sonntag auf Montag verschafften sich bislang  unbekannte T\u00e4ter Zutritt in einen Kiosk im Harbigweg. Der oder die  Einbrecher hebelten im Zeitraum von Sonntagabend bis Montagmittag die  h\u00f6lzerne Fensterabdeckung auf und gelangten so in Innenraum. Neben  mehreren Getr\u00e4nkeflaschen wurde auch Eis entwendet. <\/p>\n\n\n\n<p>Das \nPolizeirevier Heidelberg-S\u00fcd hat die Ermittlungen aufgenommen und sucht \nin diesem Zusammenhang nach Zeugen. Diese werden gebeten, sich unter \n06221 34180 an die Ermittler zu wenden. <\/p>\n\n\n\n<p>Der Kiosk an der \nBewegungs- und Begegnunsst\u00e4tte &#8222;alla hopp&#8220; wurde in diesem Jahr bereits \nmehrfach aufgebrochen und hieraus Lebensmittel entwendet. <\/p>\n\n\n\n<h4 class=\"wp-block-heading\">(Leimen-St. Ilgen \/ Rhein-Neckar-Kreis) &#8211; Mit Luftgewehr auf Senior geschossen \/ Zeugen gesucht<\/h4>\n\n\n\n<figure class=\"wp-block-image\"><img decoding=\"async\" src=\"https:\/\/speyer24news.com\/wp-content\/uploads\/2019\/07\/Zeugen-gesucht-Neutral-3.jpg\" alt=\"\" class=\"wp-image-17272\"\/><\/figure>\n\n\n\n<p>Ein 69-J\u00e4hriger wurde am Montagmittag von einem Diablo-Geschoss am  Bauch getroffen und dadurch leicht verletzt &#8211; die Beamten des  Polizeipostens Leimen haben die Ermittlungen aufgenommen. <\/p>\n\n\n\n<p>Der \nSenior fuhr um 13:30 Uhr in Begleitung seines Enkels auf dem Fahrrad die\n Julius-Becker-Stra\u00dfe in Richtung Bahnhof. Dabei h\u00f6rte der 69-J\u00e4hrige \nein pfeifendes Ger\u00e4usch und sp\u00fcrte gleich darauf einen Sto\u00df am Bauch. \nNachdem er angehalten hatte, stellte er neben einer kleinen Sch\u00fcrfwunde \nam Bauch, ein Bleiprojektil eines Luftgewehrs auf dem Boden fest. Dieses\n nahm der leicht Verletzte mit und erstattete kurz darauf Strafanzeige. \nOb gezielt auf den Mann geschossen wurde, wird nun ermittelt. Einen \nSch\u00fctzen konnte der Senior, sowie die Beamten bislang nicht ausmachen \nund suchen deshalb nach Zeugen. <\/p>\n\n\n\n<p>Diese werden gebeten, sich unter 06222 57090 an die Beamten zu wenden. <\/p>\n\n\n\n<h4 class=\"wp-block-heading\">(Wiesloch \/ Rhein-Neckar-Kreis) &#8211; Die Polizei bittet um Mithilfe bei der Suche nach Frau Heike Susanna M. aus Wiesloch<\/h4>\n\n\n\n<div class=\"wp-block-image\"><figure class=\"aligncenter\"><img decoding=\"async\" loading=\"lazy\" width=\"500\" height=\"643\" src=\"https:\/\/speyer24news.com\/wp-content\/uploads\/2019\/08\/HeikeM.jpg\" alt=\"\" class=\"wp-image-17543\" srcset=\"https:\/\/speyer24news.com\/wp-content\/uploads\/2019\/08\/HeikeM.jpg 500w, https:\/\/speyer24news.com\/wp-content\/uploads\/2019\/08\/HeikeM-233x300.jpg 233w\" sizes=\"(max-width: 500px) 100vw, 500px\" \/><figcaption>Vermisste Heike Susanna M.<\/figcaption><\/figure><\/div>\n\n\n\n<p>Am Montag gegen 19.15 Uhr verlie\u00df Frau Heike Susanna M. das Psychiatrisches Zentrum Nordbaden in Wiesloch und wird seither vermisst.  <\/p>\n\n\n\n<p>Hinweise auf den Aufenthaltsort sind nicht bekannt. Die \nKriminalpolizeidirektion Heidelberg hat die Ermittlungen zum Aufenthalt \nder 57-j\u00e4hrigen Frau aufgenommen und bereits umfangreiche Ma\u00dfnahmen \ngetroffen, die bislang jedoch nicht zum Auffinden der Vermissten \nf\u00fchrten. <\/p>\n\n\n\n<p>Heike Susanna M. wird wie folgt beschrieben: <\/p>\n\n\n\n<ul><li>ca.  170 cm<\/li><li>braune, glatte, ungepflegte Haare<\/li><li>braune Augen<\/li><li>\u00e4u\u00dferst ungepflegtes \u00c4u\u00dferes sie trug eine graue Jogginghose, T-Shirt, Weste mit dunkler T\u00f6nung <\/li><li>In der Vergangenheit wurde bereits des \u00d6ftern nach der Frau gesucht, hier konnte sie sowohl in Wiesloch, aber auch in Frankreich und in der Schweiz angetroffen werden.<\/li><\/ul>\n\n\n\n<p>Nach derzeitigem  Stand der Ermittlungen k\u00f6nnte sich die Vermisste in einer hilflosen Lage befinden, es besteht eine Eigengef\u00e4hrdung und somit eine Gefahr f\u00fcr Leib und Leben. Die gesuchte Frau ist auf Medikamente angewiesen und desorientiert. <\/p>\n\n\n\n<p>Zeugen, die Hinweise zum Aufenthaltsort der Frau \ngeben k\u00f6nnen, werden gebeten, sich mit dem Kriminaldauerdienst unter \nTelefon 0621\/174-4444 in Verbindung zu setzen. <\/p>\n","protected":false},"excerpt":{"rendered":"<div class=\"mh-excerpt\"><p>Polizeimeldungen vom Dienstag (06.08.2019) (Speyer) &#8211; Verkehrsunfall mit verletzten Personen und 3 beteiligten Fahrzeugen W\u00e4hrend am Montagabend eine 32-j\u00e4hrige Frau aus Dudenhofen in ihrem PKW Mercedes Benz in der Einm\u00fcndung Siemensstra\u00dfe 7-10 wartete, um in <a class=\"mh-excerpt-more\" href=\"https:\/\/speyer24news.com\/?p=17505\" title=\"Polizei:\">[&#8230;]<\/a><\/p>\n<\/div>","protected":false},"author":3,"featured_media":0,"comment_status":"open","ping_status":"open","sticky":false,"template":"","format":"standard","meta":{"_monsterinsights_skip_tracking":false,"_monsterinsights_sitenote_active":false,"_monsterinsights_sitenote_note":"","_monsterinsights_sitenote_category":0,"footnotes":""},"categories":[12],"tags":[61,2555,63,105,53,102,213,55,103,106,427,62,104,979,1565],"aioseo_notices":[],"amp_enabled":true,"_links":{"self":[{"href":"https:\/\/speyer24news.com\/index.php?rest_route=\/wp\/v2\/posts\/17505"}],"collection":[{"href":"https:\/\/speyer24news.com\/index.php?rest_route=\/wp\/v2\/posts"}],"about":[{"href":"https:\/\/speyer24news.com\/index.php?rest_route=\/wp\/v2\/types\/post"}],"author":[{"embeddable":true,"href":"https:\/\/speyer24news.com\/index.php?rest_route=\/wp\/v2\/users\/3"}],"replies":[{"embeddable":true,"href":"https:\/\/speyer24news.com\/index.php?rest_route=%2Fwp%2Fv2%2Fcomments&post=17505"}],"version-history":[{"count":5,"href":"https:\/\/speyer24news.com\/index.php?rest_route=\/wp\/v2\/posts\/17505\/revisions"}],"predecessor-version":[{"id":17549,"href":"https:\/\/speyer24news.com\/index.php?rest_route=\/wp\/v2\/posts\/17505\/revisions\/17549"}],"wp:attachment":[{"href":"https:\/\/speyer24news.com\/index.php?rest_route=%2Fwp%2Fv2%2Fmedia&parent=17505"}],"wp:term":[{"taxonomy":"category","embeddable":true,"href":"https:\/\/speyer24news.com\/index.php?rest_route=%2Fwp%2Fv2%2Fcategories&post=17505"},{"taxonomy":"post_tag","embeddable":true,"href":"https:\/\/speyer24news.com\/index.php?rest_route=%2Fwp%2Fv2%2Ftags&post=17505"}],"curies":[{"name":"wp","href":"https:\/\/api.w.org\/{rel}","templated":true}]}}