{"id":17509,"date":"2019-08-06T09:57:52","date_gmt":"2019-08-06T08:57:52","guid":{"rendered":"https:\/\/speyer24news.com\/?p=17509"},"modified":"2019-08-07T06:46:22","modified_gmt":"2019-08-07T05:46:22","slug":"vermisstensuche-oeffentlichkeitsfahndung","status":"publish","type":"post","link":"https:\/\/speyer24news.com\/?p=17509","title":{"rendered":"Vermisstensuche \/ \u00d6ffentlichkeitsfahndung:"},"content":{"rendered":"<style type=\"text\/css\">\r\n\t.ads_top_disp{}\r\n\t.ads_top_corner_disp{ float:left; margin:0px 10px 10px 0px; }\r\n\t.ads_first_p_disp{}\r\n\t.ads_bottom_disp{}\r\n\t<\/style>\n<h2 class=\"wp-block-heading\">81-J\u00e4hriger aus Mannheim wohlbehalten aufgegriffen &#8211; Fahndungsr\u00fccknahme!<\/h2>\n\n\n\n<p><strong>(Mannheim \/ Rhein-Neckar-Kreis) &#8211;<\/strong>  Seit Montagnachmittag galt Johann F. aus Mannheim als vermisst. Der  81-J\u00e4hrige verlie\u00df gegen 15:30 Uhr seine Wohnanschrift mit seinem Auto  und kehrte seitdem nicht wieder zur\u00fcck. <\/p>\n\n\n\n<p>Der Vermisste wurde am Dienstagnachmittag durch Beamte der Polizeiinspektion Worms gegen 15 Uhr wohlbehalten angetroffen. <\/p>\n\n\n\n<h2 class=\"wp-block-heading\">81-J\u00e4hriger aus Mannheim vermisst \/ \u00d6ffentlichkeitsfahndung mit Bild!<\/h2>\n\n\n\n<p><strong>(Mannheim \/ Rhein-Neckar-Kreis) &#8211;<\/strong> Seit Montagnachmittag gilt Johann F. aus Mannheim als vermisst. Der 81-J\u00e4hrige verlie\u00df gegen 15:30 Uhr seine Wohnanschrift mit seinem Auto und kehrte seitdem nicht wieder zur\u00fcck. <\/p>\n\n\n\n<p>Hinweise auf den Aufenthaltsort sind nicht bekannt. Das Kriminalkommissariat Mannheim hat die Ermittlungen zum Aufenthalt des Seniors aufgenommen und bereits umfangreiche Ma\u00dfnahmen getroffen, die jedoch bislang nicht zum Auffinden des Vermissten gef\u00fchrt haben. <\/p>\n\n\n\n<p><strong>Johann F. kann wie folgt beschrieben werden: <\/strong><\/p>\n\n\n\n<ul><li>1,70 m gro\u00df<\/li><li>76 Kg schwer<\/li><li>schlanke Statur<\/li><li>graue  Haare (Toupet)<\/li><li>Brillentr\u00e4ger<\/li><li>bekleidet mit einem blau-gr\u00fcn gemusterten Polo-Shirt, beige Hose und braunen Schuhen.<\/li><li>Bei dem Fahrzeug des 81-J\u00e4hrigen, mit dem er am gestrigen Nachmittag davon fuhr, handelt es sich um einen grauen Mercedes der A-Klasse mit  Mannheimer Zulassung. <\/li><\/ul>\n\n\n\n<p>Das Verhalten des Vermissten ist nach bisherigen Erkenntnissen als ungew\u00f6hnlich zu betrachten. Nach derzeitigem Stand der Ermittlungen k\u00f6nnte sich der Vermisste in einer hilflosen Lage befinden, es besteht eine Eigengef\u00e4hrdung und somit Gefahr f\u00fcr Leib und Leben des Seniors. <\/p>\n\n\n\n<p>Zeugen, die Hinweise zum Aufenthaltsort des Mannes geben k\u00f6nnen, werden gebeten, sich mit den Beamten der Kriminalpolizei unter 0621 174-4444 in Verbindung zu setzen. Hinweise werden zudem jederzeit unter dem polizeilichen Notruf 110 und bei jeder Polizeidienststelle entgegengenommen.<\/p>\n\n\n\n<p><em>Polizeipr\u00e4sidium Mannheim<br>06.08.2019<\/em><\/p>\n","protected":false},"excerpt":{"rendered":"<div class=\"mh-excerpt\"><p>81-J\u00e4hriger aus Mannheim wohlbehalten aufgegriffen &#8211; Fahndungsr\u00fccknahme! (Mannheim \/ Rhein-Neckar-Kreis) &#8211; Seit Montagnachmittag galt Johann F. aus Mannheim als vermisst. Der 81-J\u00e4hrige verlie\u00df gegen 15:30 Uhr seine Wohnanschrift mit seinem Auto und kehrte seitdem nicht <a class=\"mh-excerpt-more\" href=\"https:\/\/speyer24news.com\/?p=17509\" title=\"Vermisstensuche \/ \u00d6ffentlichkeitsfahndung:\">[&#8230;]<\/a><\/p>\n<\/div>","protected":false},"author":3,"featured_media":0,"comment_status":"open","ping_status":"open","sticky":false,"template":"","format":"standard","meta":{"_monsterinsights_skip_tracking":false,"_monsterinsights_sitenote_active":false,"_monsterinsights_sitenote_note":"","_monsterinsights_sitenote_category":0,"footnotes":""},"categories":[12],"tags":[56,2388,103,62,1117,618],"aioseo_notices":[],"amp_enabled":true,"_links":{"self":[{"href":"https:\/\/speyer24news.com\/index.php?rest_route=\/wp\/v2\/posts\/17509"}],"collection":[{"href":"https:\/\/speyer24news.com\/index.php?rest_route=\/wp\/v2\/posts"}],"about":[{"href":"https:\/\/speyer24news.com\/index.php?rest_route=\/wp\/v2\/types\/post"}],"author":[{"embeddable":true,"href":"https:\/\/speyer24news.com\/index.php?rest_route=\/wp\/v2\/users\/3"}],"replies":[{"embeddable":true,"href":"https:\/\/speyer24news.com\/index.php?rest_route=%2Fwp%2Fv2%2Fcomments&post=17509"}],"version-history":[{"count":2,"href":"https:\/\/speyer24news.com\/index.php?rest_route=\/wp\/v2\/posts\/17509\/revisions"}],"predecessor-version":[{"id":17548,"href":"https:\/\/speyer24news.com\/index.php?rest_route=\/wp\/v2\/posts\/17509\/revisions\/17548"}],"wp:attachment":[{"href":"https:\/\/speyer24news.com\/index.php?rest_route=%2Fwp%2Fv2%2Fmedia&parent=17509"}],"wp:term":[{"taxonomy":"category","embeddable":true,"href":"https:\/\/speyer24news.com\/index.php?rest_route=%2Fwp%2Fv2%2Fcategories&post=17509"},{"taxonomy":"post_tag","embeddable":true,"href":"https:\/\/speyer24news.com\/index.php?rest_route=%2Fwp%2Fv2%2Ftags&post=17509"}],"curies":[{"name":"wp","href":"https:\/\/api.w.org\/{rel}","templated":true}]}}