{"id":17511,"date":"2019-08-06T10:24:44","date_gmt":"2019-08-06T09:24:44","guid":{"rendered":"https:\/\/speyer24news.com\/?p=17511"},"modified":"2019-08-06T10:24:45","modified_gmt":"2019-08-06T09:24:45","slug":"1-fc-08-hassloch-6","status":"publish","type":"post","link":"https:\/\/speyer24news.com\/?p=17511","title":{"rendered":"1. FC 08 Ha\u00dfloch"},"content":{"rendered":"<style type=\"text\/css\">\r\n\t.ads_top_disp{}\r\n\t.ads_top_corner_disp{ float:left; margin:0px 10px 10px 0px; }\r\n\t.ads_first_p_disp{}\r\n\t.ads_bottom_disp{}\r\n\t<\/style>\n<h2 class=\"wp-block-heading\">Guter Start in die Punkterunde<\/h2>\n\n\n\n<h3 class=\"wp-block-heading\">08 siegt in Knittelsheim mit 0:3<\/h3>\n\n\n\n<p><strong>Knittelsheim \/ Ha\u00dfloch &#8211; <\/strong>Mit einem 0:3-Sieg kehrten die 08er zum Start der neuen Runde in der Bezirksliga S\u00fcdwest aus Knittelsheim zur\u00fcck. TuS Knittelsheim wurde zu Beginn vor allem wegen der Abstimmungsprobleme in der Abwehr auf dem falschen Fu\u00df erwischt. Vor knapp 300 Zuschauern nutzte Patrick Coenen in der 18. Minute einen zu kurz abgewehrten Ball mit einem Treffer in den Winkel zum 0:1. <\/p>\n\n\n\n<p>Nachdem der Torh\u00fcter der Gastgeber Coenen beim Zweikampf von den Beinen geholt hatte, baute Jannis Faust per Strafsto\u00df die Ha\u00dflocher F\u00fchrung aus (55. Minute). <\/p>\n\n\n\n<p>Einen Freisto\u00df von 08-Kapit\u00e4n Ryan Allen in der 70. Minute setzte Christian Bayer mit einem Volleyschuss aus f\u00fcnf Metern zum verdienten 0:3 ins Netz. <\/p>\n\n\n\n<p>Alles in allem ein guter Start in die Punkterunde 2019\/20, Am <strong>Sonntag, 11. August<\/strong>, um 15.15 Uhr, absolvieren die 08er das erste Heimspiel gegen den Landesligaabsteiger Ludwigshafener SC.<\/p>\n\n\n\n<p><em>1 FC 08 Ha\u00dfloch, J\u00fcrgen Hurrle<br>06.08.2019<\/em><\/p>\n","protected":false},"excerpt":{"rendered":"<div class=\"mh-excerpt\"><p>Guter Start in die Punkterunde 08 siegt in Knittelsheim mit 0:3 Knittelsheim \/ Ha\u00dfloch &#8211; Mit einem 0:3-Sieg kehrten die 08er zum Start der neuen Runde in der Bezirksliga S\u00fcdwest aus Knittelsheim zur\u00fcck. TuS Knittelsheim <a class=\"mh-excerpt-more\" href=\"https:\/\/speyer24news.com\/?p=17511\" title=\"1. FC 08 Ha\u00dfloch\">[&#8230;]<\/a><\/p>\n<\/div>","protected":false},"author":3,"featured_media":17319,"comment_status":"open","ping_status":"open","sticky":false,"template":"","format":"standard","meta":{"_monsterinsights_skip_tracking":false,"_monsterinsights_sitenote_active":false,"_monsterinsights_sitenote_note":"","_monsterinsights_sitenote_category":0,"footnotes":""},"categories":[317],"tags":[318,826,180],"aioseo_notices":[],"amp_enabled":true,"_links":{"self":[{"href":"https:\/\/speyer24news.com\/index.php?rest_route=\/wp\/v2\/posts\/17511"}],"collection":[{"href":"https:\/\/speyer24news.com\/index.php?rest_route=\/wp\/v2\/posts"}],"about":[{"href":"https:\/\/speyer24news.com\/index.php?rest_route=\/wp\/v2\/types\/post"}],"author":[{"embeddable":true,"href":"https:\/\/speyer24news.com\/index.php?rest_route=\/wp\/v2\/users\/3"}],"replies":[{"embeddable":true,"href":"https:\/\/speyer24news.com\/index.php?rest_route=%2Fwp%2Fv2%2Fcomments&post=17511"}],"version-history":[{"count":1,"href":"https:\/\/speyer24news.com\/index.php?rest_route=\/wp\/v2\/posts\/17511\/revisions"}],"predecessor-version":[{"id":17512,"href":"https:\/\/speyer24news.com\/index.php?rest_route=\/wp\/v2\/posts\/17511\/revisions\/17512"}],"wp:featuredmedia":[{"embeddable":true,"href":"https:\/\/speyer24news.com\/index.php?rest_route=\/wp\/v2\/media\/17319"}],"wp:attachment":[{"href":"https:\/\/speyer24news.com\/index.php?rest_route=%2Fwp%2Fv2%2Fmedia&parent=17511"}],"wp:term":[{"taxonomy":"category","embeddable":true,"href":"https:\/\/speyer24news.com\/index.php?rest_route=%2Fwp%2Fv2%2Fcategories&post=17511"},{"taxonomy":"post_tag","embeddable":true,"href":"https:\/\/speyer24news.com\/index.php?rest_route=%2Fwp%2Fv2%2Ftags&post=17511"}],"curies":[{"name":"wp","href":"https:\/\/api.w.org\/{rel}","templated":true}]}}