{"id":17538,"date":"2019-08-06T11:53:23","date_gmt":"2019-08-06T10:53:23","guid":{"rendered":"https:\/\/speyer24news.com\/?p=17538"},"modified":"2019-08-06T11:53:24","modified_gmt":"2019-08-06T10:53:24","slug":"verkehrsnotizen-speyer-2","status":"publish","type":"post","link":"https:\/\/speyer24news.com\/?p=17538","title":{"rendered":"Verkehrsnotizen Speyer:"},"content":{"rendered":"<style type=\"text\/css\">\r\n\t.ads_top_disp{}\r\n\t.ads_top_corner_disp{ float:left; margin:0px 10px 10px 0px; }\r\n\t.ads_first_p_disp{}\r\n\t.ads_bottom_disp{}\r\n\t<\/style>\n<h2 class=\"wp-block-heading\"><strong>Verkehrsregelungen zur Kaisertafel<\/strong><\/h2>\n\n\n\n<div class=\"wp-block-image\"><figure class=\"aligncenter\"><img decoding=\"async\" loading=\"lazy\" width=\"640\" height=\"480\" src=\"https:\/\/speyer24news.com\/wp-content\/uploads\/2019\/08\/DSC06584.jpg\" alt=\"\" class=\"wp-image-17539\" srcset=\"https:\/\/speyer24news.com\/wp-content\/uploads\/2019\/08\/DSC06584.jpg 640w, https:\/\/speyer24news.com\/wp-content\/uploads\/2019\/08\/DSC06584-300x225.jpg 300w, https:\/\/speyer24news.com\/wp-content\/uploads\/2019\/08\/DSC06584-326x245.jpg 326w, https:\/\/speyer24news.com\/wp-content\/uploads\/2019\/08\/DSC06584-80x60.jpg 80w\" sizes=\"(max-width: 640px) 100vw, 640px\" \/><\/figure><\/div>\n\n\n\n<p>Die Kaisertafel wird dieses Jahr wieder auf der gesamten Maximilianstra\u00dfe  zwischen Domplatz und Altp\u00f6rtel sowie in Teilbereichen des  Postplatzes aufgebaut. <\/p>\n\n\n\n<p>Daher werden die Stadtbuslinien 564, 565 und 568 <strong><em>ab Donnerstag, 08.08.2019 bis einschlie\u00dflich Montag, 12.08.2019<\/em><\/strong> ganzt\u00e4gig umgeleitet. <\/p>\n\n\n\n<p>Der Aufbau erfolgt au\u00dferhalb der Fahrbahn entlang der Maximilianstra\u00dfe  bereits am <strong>Mittwoch, 07.08.2019 und Donnerstag, 08.08.2019<\/strong>. Der Lieferverkehr auf der Maximilianstra\u00dfe ist grunds\u00e4tzlich an diesen Tagen gew\u00e4hrleistet, allerdings ist mit geringf\u00fcgigen Behinderungen zu rechnen. <\/p>\n\n\n\n<div class=\"wp-block-image\"><figure class=\"aligncenter\"><img decoding=\"async\" loading=\"lazy\" width=\"640\" height=\"480\" src=\"https:\/\/speyer24news.com\/wp-content\/uploads\/2019\/08\/DSC06567.jpg\" alt=\"\" class=\"wp-image-17540\" srcset=\"https:\/\/speyer24news.com\/wp-content\/uploads\/2019\/08\/DSC06567.jpg 640w, https:\/\/speyer24news.com\/wp-content\/uploads\/2019\/08\/DSC06567-300x225.jpg 300w, https:\/\/speyer24news.com\/wp-content\/uploads\/2019\/08\/DSC06567-326x245.jpg 326w, https:\/\/speyer24news.com\/wp-content\/uploads\/2019\/08\/DSC06567-80x60.jpg 80w\" sizes=\"(max-width: 640px) 100vw, 640px\" \/><\/figure><\/div>\n\n\n\n<p>Im Teilbereich Postplatz beginnen die Aufbauarbeiten im Stra\u00dfenbereich und auf dem Gehweg ab <strong>Donnerstag, 08.08.2019<\/strong>, ca. 12:00 Uhr. Ab diesem Zeitpunkt ist eine Abfahrt von der Maximilianstra\u00dfe nur noch \u00fcber die Karmeliterstra\u00dfe m\u00f6glich. <\/p>\n\n\n\n<p>Der am Donnerstag, 08.08.2019 stattfindende Lieferverkehr wird die Ausfahrt \u00fcber den Postplatz auf die Gilgenstra\u00dfe\/Bahnhofstra\u00dfe bis 11:00 Uhr nutzen k\u00f6nnen. <\/p>\n\n\n\n<div class=\"wp-block-image\"><figure class=\"aligncenter\"><img decoding=\"async\" loading=\"lazy\" width=\"640\" height=\"480\" src=\"https:\/\/speyer24news.com\/wp-content\/uploads\/2019\/08\/DSC06578.jpg\" alt=\"\" class=\"wp-image-17541\" srcset=\"https:\/\/speyer24news.com\/wp-content\/uploads\/2019\/08\/DSC06578.jpg 640w, https:\/\/speyer24news.com\/wp-content\/uploads\/2019\/08\/DSC06578-300x225.jpg 300w, https:\/\/speyer24news.com\/wp-content\/uploads\/2019\/08\/DSC06578-326x245.jpg 326w, https:\/\/speyer24news.com\/wp-content\/uploads\/2019\/08\/DSC06578-80x60.jpg 80w\" sizes=\"(max-width: 640px) 100vw, 640px\" \/><\/figure><\/div>\n\n\n\n<p><strong>Ab Freitag, 09.08.2019,\u00a011:00 Uhr<\/strong> erfordern die Aufbauarbeiten dann die  <strong>komplette Sperrung der Maximilianstra\u00dfe<\/strong> zwischen Domplatz und Altp\u00f6rtel. <\/p>\n\n\n\n<p>Der Taxistand im Bereich Galeria Kaufhof kann von Freitag 09.08.2019 bis  einschlie\u00dflich Montag, 12.08.2019 jeweils ganzt\u00e4gig nicht bedient werden.<\/p>\n\n\n\n<p><em>Text: Stadt Speyer Foto: S24N,dak<br>06.08.2019<\/em><\/p>\n","protected":false},"excerpt":{"rendered":"<div class=\"mh-excerpt\"><p>Verkehrsregelungen zur Kaisertafel Die Kaisertafel wird dieses Jahr wieder auf der gesamten Maximilianstra\u00dfe zwischen Domplatz und Altp\u00f6rtel sowie in Teilbereichen des Postplatzes aufgebaut. Daher werden die Stadtbuslinien 564, 565 und 568 ab Donnerstag, 08.08.2019 bis <a class=\"mh-excerpt-more\" href=\"https:\/\/speyer24news.com\/?p=17538\" title=\"Verkehrsnotizen Speyer:\">[&#8230;]<\/a><\/p>\n<\/div>","protected":false},"author":3,"featured_media":0,"comment_status":"open","ping_status":"open","sticky":false,"template":"","format":"standard","meta":{"_monsterinsights_skip_tracking":false,"_monsterinsights_sitenote_active":false,"_monsterinsights_sitenote_note":"","_monsterinsights_sitenote_category":0,"footnotes":""},"categories":[47],"tags":[2577,6,658,1114],"aioseo_notices":[],"amp_enabled":true,"_links":{"self":[{"href":"https:\/\/speyer24news.com\/index.php?rest_route=\/wp\/v2\/posts\/17538"}],"collection":[{"href":"https:\/\/speyer24news.com\/index.php?rest_route=\/wp\/v2\/posts"}],"about":[{"href":"https:\/\/speyer24news.com\/index.php?rest_route=\/wp\/v2\/types\/post"}],"author":[{"embeddable":true,"href":"https:\/\/speyer24news.com\/index.php?rest_route=\/wp\/v2\/users\/3"}],"replies":[{"embeddable":true,"href":"https:\/\/speyer24news.com\/index.php?rest_route=%2Fwp%2Fv2%2Fcomments&post=17538"}],"version-history":[{"count":1,"href":"https:\/\/speyer24news.com\/index.php?rest_route=\/wp\/v2\/posts\/17538\/revisions"}],"predecessor-version":[{"id":17542,"href":"https:\/\/speyer24news.com\/index.php?rest_route=\/wp\/v2\/posts\/17538\/revisions\/17542"}],"wp:attachment":[{"href":"https:\/\/speyer24news.com\/index.php?rest_route=%2Fwp%2Fv2%2Fmedia&parent=17538"}],"wp:term":[{"taxonomy":"category","embeddable":true,"href":"https:\/\/speyer24news.com\/index.php?rest_route=%2Fwp%2Fv2%2Fcategories&post=17538"},{"taxonomy":"post_tag","embeddable":true,"href":"https:\/\/speyer24news.com\/index.php?rest_route=%2Fwp%2Fv2%2Ftags&post=17538"}],"curies":[{"name":"wp","href":"https:\/\/api.w.org\/{rel}","templated":true}]}}