{"id":17564,"date":"2019-08-09T08:55:02","date_gmt":"2019-08-09T07:55:02","guid":{"rendered":"https:\/\/speyer24news.com\/?p=17564"},"modified":"2019-08-09T08:55:03","modified_gmt":"2019-08-09T07:55:03","slug":"vermisstensuche-oeffentliche-fahndung-2","status":"publish","type":"post","link":"https:\/\/speyer24news.com\/?p=17564","title":{"rendered":"Vermisstensuche \/ \u00d6ffentliche Fahndung:"},"content":{"rendered":"<style type=\"text\/css\">\r\n\t.ads_top_disp{}\r\n\t.ads_top_corner_disp{ float:left; margin:0px 10px 10px 0px; }\r\n\t.ads_first_p_disp{}\r\n\t.ads_bottom_disp{}\r\n\t<\/style>\n<h2 class=\"wp-block-heading\">Die Polizei bittet um Mithilfe bei der Suche nach einer Jugendlichen aus Vietnam<\/h2>\n\n\n\n<div class=\"wp-block-image\"><figure class=\"aligncenter\"><img decoding=\"async\" loading=\"lazy\" width=\"500\" height=\"548\" src=\"https:\/\/speyer24news.com\/wp-content\/uploads\/2019\/08\/Ha-Anh-N2.jpg\" alt=\"\" class=\"wp-image-17561\" srcset=\"https:\/\/speyer24news.com\/wp-content\/uploads\/2019\/08\/Ha-Anh-N2.jpg 500w, https:\/\/speyer24news.com\/wp-content\/uploads\/2019\/08\/Ha-Anh-N2-274x300.jpg 274w\" sizes=\"(max-width: 500px) 100vw, 500px\" \/><\/figure><\/div>\n\n\n\n<p><strong>(Heidelberg) &#8211; <\/strong>Die 15-j\u00e4hrige Ha Anh N. besuchte seit Juni diesen Jahres eine  Sprachschule in Heidelberg. Sie brach am 15.07.2019 den Sprachkurs ab,  kehrte seither nicht in ihre Unterkunft in Heidelberg zur\u00fcck. Letztmals  meldete sie sich am 18.07.2019 telefonisch bei ihrer Mutter. Seither  gilt sie als vermisst. <\/p>\n\n\n\n<p>Der f\u00fcr Ende Juli vorgesehen R\u00fcckflug nach Vietnam wurde von ihr nicht wahrgenommen. <\/p>\n\n\n\n<p>Hinweise  auf den Aufenthaltsort sind nicht bekannt. Die Kriminalpolizeidirektion  Heidelberg hat die Ermittlungen zum Aufenthalt der 15-j\u00e4hrigen  Jugendlichen aufgenommen und bereits umfangreiche Ma\u00dfnahmen getroffen,  die bislang jedoch nicht zum Auffinden der Vermissten f\u00fchrten. <\/p>\n\n\n\n<div class=\"wp-block-image\"><figure class=\"alignleft is-resized\"><img decoding=\"async\" loading=\"lazy\" src=\"https:\/\/speyer24news.com\/wp-content\/uploads\/2019\/08\/Ha-Anh-N-381x1024.jpg\" alt=\"\" class=\"wp-image-17562\" width=\"279\" height=\"750\" srcset=\"https:\/\/speyer24news.com\/wp-content\/uploads\/2019\/08\/Ha-Anh-N-381x1024.jpg 381w, https:\/\/speyer24news.com\/wp-content\/uploads\/2019\/08\/Ha-Anh-N-112x300.jpg 112w, https:\/\/speyer24news.com\/wp-content\/uploads\/2019\/08\/Ha-Anh-N.jpg 500w\" sizes=\"(max-width: 279px) 100vw, 279px\" \/><figcaption>Vermisste<\/figcaption><\/figure><\/div>\n\n\n\n<p>Ha Anh N. wird wie folgt beschrieben: <\/p>\n\n\n\n<ul><li>157 cm<\/li><li>47 kg<\/li><li>schlank<\/li><li>s\u00fcdostasiatische Erscheinung<\/li><li>schulterlanges schwarzes Haar mit Pony<\/li><li>braune Augen<\/li><li>Schuhgr\u00f6\u00dfe 36-37<\/li><li>trug vermutlich auff\u00e4llige schwarz-wei\u00dfe Schuhe mit Hai-Mund<\/li><li>f\u00fchrte grauen Rucksack in Dreiecksform mit goldenem Rei\u00dfverschluss mit sich<\/li><li>goldenes Iphone 6s<\/li><li> spricht Vietnamesisch und Englisch<\/li><li>bernsteinfarbene Handkette aus Plastik <\/li><li>Au\u00dferdem f\u00fchrt sie vermutlich mit sich: zwei weitere Paar Schuhe, zwei Blusen (gestreift und kariert), zwei Hosen (schwarz und braun), ein rot-wei\u00df-dunkelblaues und ein wei\u00df-schwarzes T-Shirt, sowie eine kleine schwarze Umh\u00e4ngetasche mit Aufdruck einer Comicfigur. <\/li><\/ul>\n\n\n\n<p>Es\n liegen keine Erkenntnis vor, dass die Jugendliche Opfer einer Straftat \ngeworden ist, auch gibt es keine Hinweise darauf, dass sie sich in einer\n hilflosen Lage befinden k\u00f6nnte. <\/p>\n\n\n\n<p>Zeugen, die Hinweise zum  Aufenthaltsort der Jugendlichen geben k\u00f6nnen, werden gebeten, sich mit  dem Kriminaldauerdienst unter Telefon 0621\/174-4444 in Verbindung zu  setzen. <\/p>\n\n\n\n<p><em>Polizeipr\u00e4sidium Mannheim<br>09.08.2019<\/em><\/p>\n","protected":false},"excerpt":{"rendered":"<div class=\"mh-excerpt\"><p>Die Polizei bittet um Mithilfe bei der Suche nach einer Jugendlichen aus Vietnam (Heidelberg) &#8211; Die 15-j\u00e4hrige Ha Anh N. besuchte seit Juni diesen Jahres eine Sprachschule in Heidelberg. Sie brach am 15.07.2019 den Sprachkurs <a class=\"mh-excerpt-more\" href=\"https:\/\/speyer24news.com\/?p=17564\" title=\"Vermisstensuche \/ \u00d6ffentliche Fahndung:\">[&#8230;]<\/a><\/p>\n<\/div>","protected":false},"author":3,"featured_media":0,"comment_status":"open","ping_status":"open","sticky":false,"template":"","format":"standard","meta":{"_monsterinsights_skip_tracking":false,"_monsterinsights_sitenote_active":false,"_monsterinsights_sitenote_note":"","_monsterinsights_sitenote_category":0,"footnotes":""},"categories":[12],"tags":[2580,57,2581,2388,1117,618],"aioseo_notices":[],"amp_enabled":true,"_links":{"self":[{"href":"https:\/\/speyer24news.com\/index.php?rest_route=\/wp\/v2\/posts\/17564"}],"collection":[{"href":"https:\/\/speyer24news.com\/index.php?rest_route=\/wp\/v2\/posts"}],"about":[{"href":"https:\/\/speyer24news.com\/index.php?rest_route=\/wp\/v2\/types\/post"}],"author":[{"embeddable":true,"href":"https:\/\/speyer24news.com\/index.php?rest_route=\/wp\/v2\/users\/3"}],"replies":[{"embeddable":true,"href":"https:\/\/speyer24news.com\/index.php?rest_route=%2Fwp%2Fv2%2Fcomments&post=17564"}],"version-history":[{"count":1,"href":"https:\/\/speyer24news.com\/index.php?rest_route=\/wp\/v2\/posts\/17564\/revisions"}],"predecessor-version":[{"id":17565,"href":"https:\/\/speyer24news.com\/index.php?rest_route=\/wp\/v2\/posts\/17564\/revisions\/17565"}],"wp:attachment":[{"href":"https:\/\/speyer24news.com\/index.php?rest_route=%2Fwp%2Fv2%2Fmedia&parent=17564"}],"wp:term":[{"taxonomy":"category","embeddable":true,"href":"https:\/\/speyer24news.com\/index.php?rest_route=%2Fwp%2Fv2%2Fcategories&post=17564"},{"taxonomy":"post_tag","embeddable":true,"href":"https:\/\/speyer24news.com\/index.php?rest_route=%2Fwp%2Fv2%2Ftags&post=17564"}],"curies":[{"name":"wp","href":"https:\/\/api.w.org\/{rel}","templated":true}]}}