{"id":17570,"date":"2019-08-09T10:17:40","date_gmt":"2019-08-09T09:17:40","guid":{"rendered":"https:\/\/speyer24news.com\/?p=17570"},"modified":"2019-08-09T10:17:41","modified_gmt":"2019-08-09T09:17:41","slug":"schifferstadt-15","status":"publish","type":"post","link":"https:\/\/speyer24news.com\/?p=17570","title":{"rendered":"Schifferstadt:"},"content":{"rendered":"<style type=\"text\/css\">\r\n\t.ads_top_disp{}\r\n\t.ads_top_corner_disp{ float:left; margin:0px 10px 10px 0px; }\r\n\t.ads_first_p_disp{}\r\n\t.ads_bottom_disp{}\r\n\t<\/style>\n<h2 class=\"wp-block-heading\" style=\"text-align:center\"><strong>Veranstaltungen in Schifferstadt im August 2019<\/strong><\/h2>\n\n\n\n<table class=\"wp-block-table\"><tbody><tr><td>\n  Tag\n  <\/td><td>\n  Termin\n  <\/td><td>\n  Uhrzeit\n  <\/td><td>\n  Veranstaltung\n  <\/td><td>\n  Veranstalter\n  <\/td><td>\n  Ort\n  <\/td><\/tr><tr><td>Sonntag   <\/td><td>11.08.   <\/td><td>\n  10:00 &#8211; 18:00\n  <\/td><td>Pfarrfest St. Laurentius   <\/td><td>St. Jakobus   <\/td><td>Waldfesthalle   <\/td><\/tr><tr><td>Mittwoch   <\/td><td>14.08.   <\/td><td>19:00   <\/td><td>Mobilit\u00e4tsworkshop   <\/td><td>Pfarrheim Herz Jesu   <\/td><td>Salierstra\u00dfe 98a   <\/td><\/tr><tr><td>Samstag   <\/td><td>17.08.   <\/td><td>10:00   <\/td><td>12. Oldtimerfahrt \u201eGoldener Hut\u201c   <\/td><td>MAC Schifferstadt   <\/td><td>Waldfesthalle   <\/td><\/tr><tr><td>\n  &nbsp;\n  <\/td><td>\n  &nbsp;\n  <\/td><td>16:00   <\/td><td>Tag der Ph\u00f6nix   <\/td><td>DJK SV Ph\u00f6nix   F\u00f6rderverein   <\/td><td>Speyerer Stra\u00dfe 147   <\/td><\/tr><tr><td>Sonntag   <\/td><td>18.08.   <\/td><td>15:00   <\/td><td>Queckbrunnenfest   <\/td><td>Verein f\u00fcr Heimatpflege   Schifferstadt e.V.   <\/td><td>Queckbrunnengraben   <\/td><\/tr><tr><td>Donnerstag   <\/td><td>22.08.   <\/td><td>20:00   <\/td><td>Isch bin de Beschd \u2013 Kallstadter Saukerl   <\/td><td>Stadtverwaltung   Schifferstadt und Kulturb\u00fcro Rhein-Pfalz-Kreis   <\/td><td>Altes Rathaus, OG,   Marktplatz 1   <\/td><\/tr><tr><td>Samstag   <\/td><td>24.08.   <\/td><td>\n  &nbsp;\n  <\/td><td>Waldfest MGV 1854   <\/td><td>MGV 1854   <\/td><td>Waldfesthalle   <\/td><\/tr><tr><td>Samstag   \u2013 Sonntag   <\/td><td>24.08. \u2013 25.08.    <\/td><td>11:00   <\/td><td>Kunsthandwerkermarkt   <\/td><td>Stadt Schifferstadt   <\/td><td>Rund ums Rathaus   <\/td><\/tr><tr><td>\n  &nbsp;\n  <\/td><td>\n  &nbsp;\n  <\/td><td>19:00   <\/td><td>7.   Schifferstadter Liedernacht der modernen Ch\u00f6re   <\/td><td>MGV 1854   <\/td><td>Waldfesthalle   <\/td><\/tr><tr><td>\n  &nbsp;\n  <\/td><td>\n  &nbsp;\n  <\/td><td>19:00   <\/td><td>Sommerserenade   <\/td><td>Stadt Schifferstadt   <\/td><td>Marktplatz   6    <\/td><\/tr><tr><td>Sonntag   <\/td><td>25.08.   <\/td><td>13:00   <\/td><td>Verkaufsoffener Sonntag   <\/td><td>Schmagges e.V.   <\/td><td>Innenstadt   <\/td><\/tr><tr><td>\n  &nbsp;\n  <\/td><td>\n  &nbsp;\n  <\/td><td>11:00   <\/td><td>Beziehungs \u2013 Waise,   Kabarett mit Gerd Kannegieser    <\/td><td>Schreiwer-Hais\u00b4l cjm   <\/td><td>Lillengasse 5   <\/td><\/tr><tr><td>\n  &nbsp;\n  <\/td><td>\n  &nbsp;\n  <\/td><td>17:00   <\/td><td>Vorpremiere von \u201eMein Lotta-Leben\u201c   <\/td><td>Rex-Kino-Center   <\/td><td>Zeppelinstra\u00dfe 6   <\/td><\/tr><\/tbody><\/table>\n\n\n\n<p><em>Stadtverwaltung Schifferstadt<br>09.08.2019<\/em><\/p>\n\n\n\n<h2 class=\"wp-block-heading\" style=\"text-align:center\">Kurse an der Volkshochschule (VHS) Schifferstadt<\/h2>\n\n\n\n<figure class=\"wp-block-image\"><img decoding=\"async\" src=\"https:\/\/speyer24news.com\/wp-content\/uploads\/2019\/07\/VHS-2.png\" alt=\"\" class=\"wp-image-17116\"\/><\/figure>\n\n\n\n<h3 class=\"wp-block-heading\"><strong>Bewegt entspannen \u2013 entspannt bewegen<\/strong><strong><\/strong><\/h3>\n\n\n\n<p>Am <strong>Dienstag, 13. August 2019<\/strong> beginnt um 17:15 Uhr der Kurs \u201eBewegt entspannen \u2013 entspannt bewegen\u201c im Schifferstadter vhs-Bildungszentrum, Neust\u00fcckweg 2. <\/p>\n\n\n\n<p>In diesem Kurs lernen Sie die\nsogenannte ZENbo\u00ae Balance kennen, eine Kombination aus klassischen westlichen\nEntspannungsverfahren, Meditation und ZEN mit Bewegungseinheiten aus Yoga, den\nAsanas und Qi Gong. Die \u00dcbungen sind k\u00f6rperlich m\u00e4\u00dfig anstrengend. Das \u201ebo\u201c im\nNamen ist \u00fcbrigens die Abk\u00fcrzung von \u201ebody\u201c.<\/p>\n\n\n\n<p>Eine ZENbo\u00ae Einheit, die Sie auch\njederzeit zuhause ausf\u00fchren k\u00f6nnen, setzt sich aus drei Teilen zusammen: 1.\nSILENCE: Eine kurze Eingangsmeditation, um ins Hier und Jetzt zu kommen; 2.\nMOVE:&nbsp; \u00dcbungen im Stehen, sitzen und\nliegen, die flexibler machen und das nat\u00fcrliche Gleichgewicht f\u00f6rdern. Viele\ndavon sind Pilates- und Yoga-Erfahrenen sicherlich bekannt. Bei ZENbo\u00ae geht es\naber nicht darum, sich sportlich zu bet\u00e4tigen. Es wird vielmehr auf die Atmung\ngeachtet und darauf, ganz bei sich zu sein. Es ist keine k\u00f6rperliche Fitness\nerforderlich; 3. RELAX &amp; GO:&nbsp; Zum\nAbschluss noch einmal richtig entspannen \u2013 mit autogenem Training, progressiver\nMuskelrelaxation, Fantasiereisen.<\/p>\n\n\n\n<p>Der Kurs erstreckt sich \u00fcber sieben Abende. Informationen und Anmeldung erhalten Interessierte bei der Stadtverwaltung Schifferstadt unter den Telefonnummern 06235 44-302 oder 44-305.<\/p>\n\n\n\n<h3 class=\"wp-block-heading\"><strong>Aquafitness<\/strong><strong><\/strong><\/h3>\n\n\n\n<p>Am <strong>Dienstag, 13. August 2019<\/strong> beginnt um 20:45 Uhr der Kurs \u201eAquafitness\u201c im Schifferstadter Kreisbad, Am Sportzentrum 2. <\/p>\n\n\n\n<p>Sie wollen etwas f\u00fcr Ihre\nHerz-Kreislauf-Fitness tun und lieben es, im Wasser zu sein?&nbsp; Mit Aquafitness kr\u00e4ftigen Sie au\u00dferdem Ihre\nMuskeln und verbessern Ihre Koordination. Das \u00dcben gegen den Wasserwiderstand\nund Auftrieb schont Gelenke und Wirbels\u00e4ule. Lernen Sie \u00dcbungen kennen, die die\nBeweglichkeit, Schnelligkeit und Ausdauer Ihres K\u00f6rpers erhalten und verspannte\nMuskulatur wieder lockern!<\/p>\n\n\n\n<p>Der Kurs l\u00e4uft \u00fcber sieben Abende. Informationen und Anmeldung erhalten Interessierte bei der Stadtverwaltung Schifferstadt unter den Telefonnummern 06235\/44-302 oder 44-305.<\/p>\n\n\n\n<h3 class=\"wp-block-heading\"><strong>Spanisch A.1<\/strong><strong><\/strong><\/h3>\n\n\n\n<p>Am <strong>Mittwoch, 14. August 2019<\/strong> beginnt um 10 Uhr der Kurs \u201eSpanisch A.1\u201c in Raum 9 des Schifferstadter vhs-Bildungszentrums, Neust\u00fcckweg 2. <\/p>\n\n\n\n<p>Dieser Kurs richtet sich an\nTeilnehmer*innen, die bereits einen Spanisch Anf\u00e4ngerkurs besucht haben und nun\nim n\u00e4chsten Folgekurs weiterlernen m\u00f6chten.<\/p>\n\n\n\n<p>Die Kursdauer betr\u00e4gt zehn Abende. Informationen und Anmeldung erhalten Interessierte bei der Stadtverwaltung Schifferstadt unter den Telefonnummer 06235\/44-302 oder 44-305.<\/p>\n\n\n\n<h3 class=\"wp-block-heading\"><strong>Windows 10 f\u00fcr Einsteiger\/innen <\/strong><strong><\/strong><\/h3>\n\n\n\n<p>Am <strong>Donnerstag, 15. August 2019<\/strong> beginnt um 9 Uhr der Kurs \u201eWindows 10 f\u00fcr Einsteiger\/innen\u201c im Schifferstadter vhs-Bildungszentrum, Neust\u00fcckweg 2. <\/p>\n\n\n\n<p>Sie besitzen ein Notebook\n(Laptop) oder einen PC mit Windows 10 und niemand kann Sie so richtig beim\nKennenlernen des Ger\u00e4tes und bei den neuartigen Funktionen unterst\u00fctzen? Dann\nsind Sie in diesem Kurs richtig! Hier lernen Sie u.a. das Notebook bzw. den\nComputer kennen, machen \u00dcbungen mit dem Touchpad und der Maus, machen sich mit\nder Fenstertechnik, dem Startmen\u00fc und der Taskleiste vertraut und arbeiten mit\nexternen Datentr\u00e4gern wie USB-Sticks. <\/p>\n\n\n\n<p>Der Kurs l\u00e4uft \u00fcber vier Vormittage. Informationen und Anmeldung erhalten Interessierte bei der Stadtverwaltung Schifferstadt unter den Telefonnummern 06235 44-302 oder 44-305.<\/p>\n\n\n\n<h3 class=\"wp-block-heading\"><strong>Italienisch A1.1 <\/strong><strong><\/strong><\/h3>\n\n\n\n<p>Am <strong>Donnerstag, 15. August 2019<\/strong> beginnt um 19 Uhr der Kurs \u201eItalienisch A1.1\u201c im Gymnasium des Schifferstadter Paul-von-Denis-Schulzentrum, Am Schulzentrum 1. <\/p>\n\n\n\n<p>Der Kurs bietet einen entspannten\nund unterhaltsamen Einstieg in die italienische Sprache und Alltagskultur. F\u00fcr\nden Kursbesuch sind Vorkenntnisse aus einem Anf\u00e4ngerkurs erforderlich.<\/p>\n\n\n\n<p>Der Kurs dauert insgesamt zehn\nAbende. Informationen und Anmeldung erhalten Interessierte bei der\nStadtverwaltung Schifferstadt unter den Telefonnummern 06235 44-302 oder\n44-305.<\/p>\n\n\n\n<h3 class=\"wp-block-heading\"><strong>Aquarellieren f\u00fcr Anf\u00e4nger\/innen <\/strong><strong><\/strong><\/h3>\n\n\n\n<p>Am <strong>Freitag, 16. August 2019<\/strong> beginnt um 18 Uhr der Kurs \u201eAquarellieren f\u00fcr Anf\u00e4nger\/innen\u201c im Schifferstadter vhs-Bildungszentrum, Neust\u00fcckweg 2. <\/p>\n\n\n\n<p>M\u00f6gen Sie Aquarellbilder und\nhaben Sie Ideen, die Sie gerne auf Papier festhalten m\u00f6chten? Dann probieren\nSie das Aquarellmalen doch einmal eigenh\u00e4ndig aus! Das Resultat wird Sie\n\u00fcberraschen. Im Verlauf dieses Kurses lernen Sie ohne Vorkenntnisse das\nSkizzieren sowie das Malen mit verschiedenen Aquarelltechniken wie\nLasurtechnik, Nass-In-Nass-Technik, Verl\u00e4ufe und Farb\u00fcberg\u00e4nge einschlie\u00dflich\nder Pinselhaltung. Weitere Themen sind Material, Farbenlehre, Bildkomposition,\nPerspektive und Proportionen, das Sehen von Licht und Schatten sowie Fl\u00e4che und\nRaum. Die praktische Anwendung \u00fcben Sie anhand eines Stillebens, einer\nLandschaft, einer Blume oder eines Motivs Ihrer Wahl.<\/p>\n\n\n\n<p>Der Kurs findet an insgesamt sieben Abenden statt. Informationen und Anmeldung erhalten Interessierte bei der Stadtverwaltung Schifferstadt unter den Telefonnummern 06235 44-302 oder 44-305.<\/p>\n\n\n\n<h3 class=\"wp-block-heading\"><strong>T&#8217;ai Chi Ch&#8217;uan f\u00fcr Interessierte mit\nGrundkenntnissen<\/strong><strong><\/strong><\/h3>\n\n\n\n<p>Am <strong>Freitag, 16. August 2019<\/strong> beginnt um 20:15 Uhr der Kurs \u201eT&#8217;ai Chi Ch&#8217;uan\u201c (Taijiquan) f\u00fcr Interessierte mit Grundkenntnissen im Gymnastikraum des Schifferstadter vhs-Bildungszentrums, Neust\u00fcckweg 2. <\/p>\n\n\n\n<p>T&#8217;ai Chi Ch&#8217;uan ist eine\nBewegungs-Kunst aus dem alten China, in welcher der Geist den K\u00f6rper f\u00fchrt. In\nden letzten Jahrzehnten wurde T&#8217;ai Chi auch in der westlichen Welt zunehmend\nbeliebter. Es fasziniert durch die einzigartige Bewegungsweise mit\nGewichtsverlagerungen, die sich positiv auf K\u00f6rper, Geist und Seele auswirkt. Die\nsanften und ruhig flie\u00dfenden Bewegungen aktivieren und st\u00e4rken die Lebensenergie\nund verbessern die k\u00f6rperlichen Leistungsf\u00e4higkeiten wie Muskelkraft,\nBeweglichkeit und Atmung. In Verbindung damit steht der meditative Aspekt:\nDurch die Konzentration auf die Bewegung, die k\u00f6rperliche und geistige Haltung\nund den langsamen Atemfluss entspannen wir sowohl physisch als auch mental.\nDurch das \u00dcben des \u201eLoslassens\u201c wird ein Handeln erm\u00f6glicht, \u201ebei dem wir den\nDingen gerecht werden, aber trotzdem frei von ihnen bleiben\u201c (Petra Kobayashi).<\/p>\n\n\n\n<p>T&#8217;ai Chi eignet sich f\u00fcr Menschen\njeden Alters. Unterrichtet wird die Kurzform des Yang-Stils nach Cheng Man\nChing (Zheng Manqing). N\u00e4here Informationen \u00fcber den Dozenten finden Sie unter\nwww.tai-chi-spi.de. F\u00fcr diesen Kurs m\u00fcssen Grundkenntnisse bereits vorhanden\nsein.<\/p>\n\n\n\n<p>Die Kursdauer betr\u00e4gt sieben Abende.\nInformationen und Anmeldung erhalten Interessierte bei der Stadtverwaltung\nSchifferstadt unter den Telefonnummern 06235 44-302 oder 44-305.<\/p>\n\n\n\n<p><em>Stadtverwaltung Schifferstadt \/ Volkshochschule<br>09.08.2019<\/em><\/p>\n\n\n\n<h2 class=\"wp-block-heading\"><strong>44. Kreisfeuerwehrtag<\/strong><\/h2>\n\n\n\n<div class=\"wp-block-image\"><figure class=\"aligncenter\"><img decoding=\"async\" loading=\"lazy\" width=\"500\" height=\"705\" src=\"https:\/\/speyer24news.com\/wp-content\/uploads\/2019\/08\/Kreisfeuerwehrtag-Poster.jpg\" alt=\"\" class=\"wp-image-17572\" srcset=\"https:\/\/speyer24news.com\/wp-content\/uploads\/2019\/08\/Kreisfeuerwehrtag-Poster.jpg 500w, https:\/\/speyer24news.com\/wp-content\/uploads\/2019\/08\/Kreisfeuerwehrtag-Poster-213x300.jpg 213w\" sizes=\"(max-width: 500px) 100vw, 500px\" \/><\/figure><\/div>\n\n\n\n<p>Am <strong>Samstag, 17. August und Sonntag, 18. August<\/strong> l\u00e4dt der Rhein-Pfalz-Kreis zum Kreisfeuerwehrtag ins Feuerwehrger\u00e4tehaus Dudenhofen, Albrecht-D\u00fcrer-Stra\u00dfe 7. <\/p>\n\n\n\n<p>Ausschankbeginn ist am Samstag um 18 Uhr. Um 19 Uhr gibt\u00b4s dann Live-Musik der Band \u201eFine R.I.P.\u201c. Der Sonntag beginnt mit einem \u00f6kumenischen Gottesdienst um 9:30 Uhr. Die offizielle Er\u00f6ffnung \u00fcbernimmt Landrat Clemens K\u00f6rner um 10:30 Uhr. Um 11 Uhr beginnen dann die gro\u00dfe Feuerwehrausstellung sowie der Kreiswettkampf der Jugendfeuerwehren. F\u00fcr das leibliche Wohl sorgt der F\u00f6rderkreis St. Florian e.V. <\/p>\n\n\n\n<p><em>Stadtverwaltung Schifferstadt<br>09.08.2019<\/em><\/p>\n\n\n\n<h2 class=\"wp-block-heading\"><strong>Juli Zeh erh\u00e4lt Heinrich-B\u00f6ll-Preis<\/strong><\/h2>\n\n\n\n<div class=\"wp-block-image\"><figure class=\"aligncenter\"><img decoding=\"async\" loading=\"lazy\" width=\"500\" height=\"626\" src=\"https:\/\/speyer24news.com\/wp-content\/uploads\/2019\/08\/AF_Zeh_Start1.jpg\" alt=\"\" class=\"wp-image-17571\" srcset=\"https:\/\/speyer24news.com\/wp-content\/uploads\/2019\/08\/AF_Zeh_Start1.jpg 500w, https:\/\/speyer24news.com\/wp-content\/uploads\/2019\/08\/AF_Zeh_Start1-240x300.jpg 240w\" sizes=\"(max-width: 500px) 100vw, 500px\" \/><\/figure><\/div>\n\n\n\n<p>Am 8. November wird Juli Zeh mit dem mit 30.000 Euro dotierten Heinrich-B\u00f6ll-Preis 2019 der Stadt K\u00f6ln im Historischen Rathaus der Domstadt ausgezeichnet. \u201eIhre Ver\u00f6ffentlichungen sind voller Botschaften wie dem Antagonismus von Chaos und Ordnung, der Frage nach einer neuen Moral angesichts bedeutungslos gewordener Werte und einer starken Tendenz einer \u00fcberzogenen Individualisierung in der s\u00e4kularisierten Gesellschaft \u2013 zu Lasten des Gemeinwohls\u201c, hei\u00dft es in der Jurybegr\u00fcndung.<\/p>\n\n\n\n<p>Im vergangenen Jahr erhielt die Autorin bereits den Ernst-Johann-Literaturpreis der Stadt Schifferstadt. Dieser wird seit 2012 alle drei Jahre von der Stadt vergeben. Der nach dem geb\u00fcrtigen Schifferstadter, kritischen Journalisten und ersten Chefredakteur der Rheinpfalz benannte Preis geht an Autorinnen bzw. Autoren, die in deutscher Sprache publizieren und dabei umstrittene und dr\u00e4ngende Themen unserer Zeit aufgreifen.<\/p>\n\n\n\n<p><em>Text: Stadtverwaltung Schifferstadt Foto: Peter von Felbert<br>09.08.2019<\/em><\/p>\n\n\n\n<h2 class=\"wp-block-heading\"><strong>Sperrung Hauptstra\u00dfe<\/strong><\/h2>\n\n\n\n<h3 class=\"wp-block-heading\"><strong>Umleitung \u00fcber Salierstra\u00dfe \u2013 Rehhofstra\u00dfe \u2013 Mannheimer Stra\u00dfe <\/strong><\/h3>\n\n\n\n<figure class=\"wp-block-image\"><img decoding=\"async\" src=\"https:\/\/speyer24news.com\/wp-content\/uploads\/2019\/07\/Vollsperrung-2.jpg\" alt=\"\" class=\"wp-image-17123\"\/><\/figure>\n\n\n\n<p><strong>Ab Montag, 12. August 2019<\/strong> werden in der Hauptstra\u00dfe Kanalarbeiten durchgef\u00fchrt. Von den Bauarbeiten betroffen ist der Stra\u00dfenabschnitt zwischen Sandgasse und Kreuzplatz. Aufgrund der Lage des vorhandenen Kanals und um einen z\u00fcgigen Bauablauf zu gew\u00e4hrleisten, finden die Arbeiten in offener Bauweise und unter Vollsperrung der Fahrbahn statt. Die Stra\u00dfensperrung wird <strong>voraussichtlich bis zum 29. September<\/strong> andauern.<\/p>\n\n\n\n<p>Die ausgeschilderte, gro\u00dfr\u00e4umige Umleitung f\u00fcr Verkehrsteilnehmer, deren Ziel nicht in der Hauptstra\u00dfe liegt, erfolgt \u00fcber die Salierstra\u00dfe \u2013 Rehhofstra\u00dfe \u2013 Mannheimer Stra\u00dfe bis zur Ampelkreuzung Bahnhofstra\u00dfe. Die Verkehrsteilnehmer werden um Verst\u00e4ndnis und Beachtung gebeten.<\/p>\n\n\n\n<p><em>Text: Stadtverwaltung Schifferstadt Foto: Speyer 24\/7 News,dak<br>09.08.2019<\/em><\/p>\n","protected":false},"excerpt":{"rendered":"<div class=\"mh-excerpt\"><p>Veranstaltungen in Schifferstadt im August 2019 Tag Termin Uhrzeit Veranstaltung Veranstalter Ort Sonntag 11.08. 10:00 &#8211; 18:00 Pfarrfest St. Laurentius St. Jakobus Waldfesthalle Mittwoch 14.08. 19:00 Mobilit\u00e4tsworkshop Pfarrheim Herz Jesu Salierstra\u00dfe 98a Samstag 17.08. 10:00 <a class=\"mh-excerpt-more\" href=\"https:\/\/speyer24news.com\/?p=17570\" title=\"Schifferstadt:\">[&#8230;]<\/a><\/p>\n<\/div>","protected":false},"author":3,"featured_media":0,"comment_status":"open","ping_status":"open","sticky":false,"template":"","format":"standard","meta":{"_monsterinsights_skip_tracking":false,"_monsterinsights_sitenote_active":false,"_monsterinsights_sitenote_note":"","_monsterinsights_sitenote_category":0,"footnotes":""},"categories":[126],"tags":[2585,2584,2583,127,2586,1991,459,2582],"aioseo_notices":[],"amp_enabled":true,"_links":{"self":[{"href":"https:\/\/speyer24news.com\/index.php?rest_route=\/wp\/v2\/posts\/17570"}],"collection":[{"href":"https:\/\/speyer24news.com\/index.php?rest_route=\/wp\/v2\/posts"}],"about":[{"href":"https:\/\/speyer24news.com\/index.php?rest_route=\/wp\/v2\/types\/post"}],"author":[{"embeddable":true,"href":"https:\/\/speyer24news.com\/index.php?rest_route=\/wp\/v2\/users\/3"}],"replies":[{"embeddable":true,"href":"https:\/\/speyer24news.com\/index.php?rest_route=%2Fwp%2Fv2%2Fcomments&post=17570"}],"version-history":[{"count":1,"href":"https:\/\/speyer24news.com\/index.php?rest_route=\/wp\/v2\/posts\/17570\/revisions"}],"predecessor-version":[{"id":17573,"href":"https:\/\/speyer24news.com\/index.php?rest_route=\/wp\/v2\/posts\/17570\/revisions\/17573"}],"wp:attachment":[{"href":"https:\/\/speyer24news.com\/index.php?rest_route=%2Fwp%2Fv2%2Fmedia&parent=17570"}],"wp:term":[{"taxonomy":"category","embeddable":true,"href":"https:\/\/speyer24news.com\/index.php?rest_route=%2Fwp%2Fv2%2Fcategories&post=17570"},{"taxonomy":"post_tag","embeddable":true,"href":"https:\/\/speyer24news.com\/index.php?rest_route=%2Fwp%2Fv2%2Ftags&post=17570"}],"curies":[{"name":"wp","href":"https:\/\/api.w.org\/{rel}","templated":true}]}}