{"id":17591,"date":"2019-08-09T11:36:33","date_gmt":"2019-08-09T10:36:33","guid":{"rendered":"https:\/\/speyer24news.com\/?p=17591"},"modified":"2019-08-09T11:36:35","modified_gmt":"2019-08-09T10:36:35","slug":"germersheim-landkreis-ger-2","status":"publish","type":"post","link":"https:\/\/speyer24news.com\/?p=17591","title":{"rendered":"Germersheim &#038; Landkreis GER:"},"content":{"rendered":"<style type=\"text\/css\">\r\n\t.ads_top_disp{}\r\n\t.ads_top_corner_disp{ float:left; margin:0px 10px 10px 0px; }\r\n\t.ads_first_p_disp{}\r\n\t.ads_bottom_disp{}\r\n\t<\/style>\n<h2 class=\"wp-block-heading\"><strong>Vor\u00fcbergehendes Badeverbot im Gro\u00dfen Weiher \/ Mechtersheim<\/strong><\/h2>\n\n\n\n<div class=\"wp-block-image\"><figure class=\"aligncenter\"><img decoding=\"async\" loading=\"lazy\" width=\"594\" height=\"350\" src=\"https:\/\/speyer24news.com\/wp-content\/uploads\/2019\/08\/no-swimming-1745399__340.jpg\" alt=\"\" class=\"wp-image-17593\" srcset=\"https:\/\/speyer24news.com\/wp-content\/uploads\/2019\/08\/no-swimming-1745399__340.jpg 594w, https:\/\/speyer24news.com\/wp-content\/uploads\/2019\/08\/no-swimming-1745399__340-300x177.jpg 300w\" sizes=\"(max-width: 594px) 100vw, 594px\" \/><\/figure><\/div>\n\n\n\n<p>Aufgrund einer Gesundheitsgefahr f\u00fcr Badeg\u00e4ste ist der Gro\u00dfe Weiher in R\u00f6merberg-Mechtersheim ab heute (08.08.2019) f\u00fcr Badeg\u00e4ste gesperrt. Das Baden im gesamten See ist zurzeit verboten.<\/p>\n\n\n\n<p>Eine Auswertung einer vom Gesundheitsamt des Rhein-Pfalz-Kreises veranlassten Wasserprobenentnahme zeigte, dass der Grenzwert f\u00fcr Enterokokken weit \u00fcberschritten ist. Die damit verbundene Gesundheitsgefahr f\u00fcr Bev\u00f6lkerung sowie f\u00fcr Tiere macht eine Sperrung des Gew\u00e4ssers unvermeidbar und gilt bis auf weiteres. Die anliegenden Gemeinden wurden von den Unteren Wasserbeh\u00f6rden des Rhein-Pfalz-Kreises und des Landkreises Germersheim bereits informiert, dass eine umfassende Beschilderung mit Warnhinweisen vor Ort aufgestellt wird.<\/p>\n\n\n\n<div class=\"wp-block-image\"><figure class=\"alignleft is-resized\"><img decoding=\"async\" loading=\"lazy\" src=\"https:\/\/speyer24news.com\/wp-content\/uploads\/2019\/08\/69-70Mechtersheim.jpg\" alt=\"\" class=\"wp-image-17594\" width=\"346\" height=\"231\" srcset=\"https:\/\/speyer24news.com\/wp-content\/uploads\/2019\/08\/69-70Mechtersheim.jpg 400w, https:\/\/speyer24news.com\/wp-content\/uploads\/2019\/08\/69-70Mechtersheim-300x200.jpg 300w\" sizes=\"(max-width: 346px) 100vw, 346px\" \/><\/figure><\/div>\n\n\n\n<p>Die Kreisverwaltung Rhein-Pfalz-Kreis bedauert die Unannehmlichkeiten f\u00fcr Badeg\u00e4ste und wird die Freigabe des Gew\u00e4ssers bekanntgeben, sobald die sich Grenzwerte in einem f\u00fcr die Gesundheit unbedenklichen Rahmen wiederfinden.<\/p>\n\n\n\n<p><em>Kreisverwaltung Rhein-Pfalz-Kreis &amp; Kreisverwaltung Germersheim<br>09.08.2019<\/em><\/p>\n\n\n\n<h2 class=\"wp-block-heading\"><strong>\u201eSchulsozialarbeit\nist nicht mehr wegzudenken\u201c<\/strong><\/h2>\n\n\n\n<h3 class=\"wp-block-heading\"><strong>F\u00f6rderung\nder Schulsozialarbeit im Landkreis Germersheim \u2013 Bitte um weitere Unterst\u00fctzung<\/strong><\/h3>\n\n\n\n<p>Das Land Rheinland-Pfalz f\u00f6rdert\ndie Schulsozialarbeit im Landkreis Germersheim im Jahr 2019 mit 206.550 Euro.\nDiese F\u00f6rderung bezieht sich auf die weiterf\u00fchrenden Schulen mit\nBerufsreifezweig \u2013 ausgenommen Gymnasien. Daf\u00fcr bedanken sich Landrat Dr. Fritz\nBrechtel und der f\u00fcr Jugend, Soziales und Schule zust\u00e4ndige Erste\nKreisbeigeordnete Christoph Buttweiler in einem Schreiben an Bildungsministerin\nDr. Stefanie Hubig. Gleichzeitig weisen sie auf den aktuellen Stand der\nSchulsozialarbeit an weiterf\u00fchrenden Schulen \u2013 so auch an Gymnasien \u2013 und die\nfinanziellen Aufwendungen des Landkreises hin, verbunden mit der Bitte um\nweitere Unterst\u00fctzung.<\/p>\n\n\n\n<p>Der\nLandkreis Germersheim hat im Jahr 2018 f\u00fcr die Schulsozialarbeit an den\nweiterf\u00fchrenden Schulen, an der Berufsbildenden Schule und an der Eduard Orth\nGrundschule insgesamt ca 993.900 Euro gezahlt. Das Land erstattete 262.500\nEuro, der Anteil der Kommune betrug ca. 259.300 Euro.<\/p>\n\n\n\n<p>Bei\nder F\u00f6rderung durch das Land nicht ber\u00fccksichtig, werden die Kosten f\u00fcr\nSchulsozialarbeit an den Gymnasien im Landkreis, denn: Eine\nLandesf\u00f6rderung gibt es bisher nur f\u00fcr weiterf\u00fchrende Schulen mit Ausnahme der\nGymnasien. An beiden\nGymnasien im Kreis finanziert der Landkreis jeweils eine halbe (0,5 VZ\u00c4) Stelle\nSchulsozialarbeit aus eigenen Mitteln.<\/p>\n\n\n\n<p>\u201eSchulsozialarbeit ist aus den Schulen nicht mehr wegzudenken. Die Schulen selber sehen sie als unverzichtbaren Bestandteil des Schullebens\u201c, fasst Christoph Buttweiler die Entwicklung der Schulsozialarbeit im Landkreis Germersheim zusammen. Seit 1995 wurde diese kontinuierlich auf- und ausgebaut \u2013 zun\u00e4chst an weiterf\u00fchrenden Schulen, ab 2010 auch an Grundschulen und seit 2013 an den beiden Gymnasien. Des Weiteren wird in Schreiben von Schulleitungen der verschiedenen Schulformen, aber auch von Schulelternvertretungen an die Kreisverwaltung immer wieder der Wunsch nach einem Ausbau bzw. nach einer Einf\u00fchrung von Schulsozialarbeit deutlich.  Landrat Dr. Fritz Brechtel und der Erste Kreisbeigeordnete Christoph Buttweiler bitten in ihrem Schreiben an Ministerin Hubig daher, \u201eum weitere finanzielle Unterst\u00fctzung in Form von F\u00f6rderzusch\u00fcssen auch f\u00fcr Gymnasien und Grundschulen.\u201c<\/p>\n\n\n\n<p><em>Kreisverwaltung Germersheim<br>09.08.2019<\/em><\/p>\n\n\n\n<h2 class=\"wp-block-heading\"><strong>KlimawandelAnpassungsCOACH RLP\u201c<\/strong><\/h2>\n\n\n\n<h3 class=\"wp-block-heading\"><strong>Landkreis\nGermersheim erarbeitet erste Vorschl\u00e4ge<\/strong><\/h3>\n\n\n\n<h4 class=\"wp-block-heading\"><strong>Stiftungsvorsitzender Ritter \u00fcbergibt Abschlussbericht an Landrat Brechtel<\/strong><\/h4>\n\n\n\n<div class=\"wp-block-image\"><figure class=\"aligncenter\"><img decoding=\"async\" loading=\"lazy\" width=\"800\" height=\"535\" src=\"https:\/\/speyer24news.com\/wp-content\/uploads\/2019\/08\/190806_\u00dcbergabe-Abschlussbericht-Klimawandelanpassungscoach.jpg\" alt=\"\" class=\"wp-image-17592\" srcset=\"https:\/\/speyer24news.com\/wp-content\/uploads\/2019\/08\/190806_\u00dcbergabe-Abschlussbericht-Klimawandelanpassungscoach.jpg 800w, https:\/\/speyer24news.com\/wp-content\/uploads\/2019\/08\/190806_\u00dcbergabe-Abschlussbericht-Klimawandelanpassungscoach-300x201.jpg 300w, https:\/\/speyer24news.com\/wp-content\/uploads\/2019\/08\/190806_\u00dcbergabe-Abschlussbericht-Klimawandelanpassungscoach-768x514.jpg 768w\" sizes=\"(max-width: 800px) 100vw, 800px\" \/><figcaption>v.l.: Hans-Joachim Ritter, Vorsitzender der Stiftung f\u00fcr \u00d6kologie und Demokratie e.V., Landrat Dr. Fritz Brechtel, Kreisbeigeordnete Jutta Wegmann, Christian Kotremba (Stiftung f\u00fcr \u00d6kologie und Demokratie e.V.) und Dr. Astrid Kleber (Rheinland-Pfalz Kompetenzzentrum f\u00fcr Klimawandelanpassung) <\/figcaption><\/figure><\/div>\n\n\n\n<p>\u00dcber ein Jahr lang hat\nsich der Landkreis Germersheim im Rahmen des Projekts\n\u201eKlimawandelAnpassungsCOACH_RLP\u201c im Hinblick auf die Auswirkungen des\nKlimawandels coachen lassen. Nun fand das Abschlussgespr\u00e4ch statt, bei dem der\nVorsitzende der Stiftung f\u00fcr \u00d6kologie und Demokratie e.V., Hans-Joachim Ritter,\nund der wissenschaftliche Mitarbeiter, Christian Kotremba, den Abschlussbericht\nan Landrat Dr. Fritz Brechtel und die Kreisbeigeordnete Jutta Wegmann \u00fcbergeben\nhaben. \u201eWir werden das Thema Klimawandelanpassung weiter intensiv verfolgen.\nEin Schwerpunkt soll k\u00fcnftig auf der Hitzevorsorge liegen. Zudem soll das Thema\n\u201eKlimagerechte Stadtentwicklung\u201c in der neuen Arbeitsgruppe \u201eNachhaltiges\nBauen\u201c aufgegriffen werden\u201c, so Landrat Brechtel.<\/p>\n\n\n\n<p>Der Landkreis Germersheim\nwar eine der ersten f\u00fcnf Modellkommunen des Projektes. Im Zeitraum Mai 2018 bis\nJuli 2019 fanden Workshops zu ausgew\u00e4hlten Handlungsfeldern der Deutschen\nAnpassungsstrategie an den Klimawandel (DAS) in der Kreisverwaltung statt. In\nden Workshops wurden Klimaanpassungsma\u00dfnahmen, u.a. zu den Handlungsfeldern\nmenschliche Gesundheit, Senioren,\nHitze, Bauwesen, Landwirtschaft, Boden sowie Bev\u00f6lkerungs- und\nKatastrophenschutz, ausgearbeitet. Durch den Klimawandel auftretende Risikofaktoren\nwie Bodenerosion, Sp\u00e4tfrostgef\u00e4hrdung, Hochwasser, Hitze und Starkniederschl\u00e4ge\nwurden untersucht. Eine regionale Analyse des Klimas f\u00fcr die Vergangenheit, den\nIst-Zustand und f\u00fcr die Zukunft zeigt die Dramatik der Entwicklung auf.<\/p>\n\n\n\n<p>In Rheinland-Pfalz und\ninsbesondere im Oberrheingraben sind die Folgen des Klimawandels deutlich zu\nsp\u00fcren. Mittlerweile vergeht kein Jahr ohne extreme Wetterereignisse. Dies\nzeigte sich auch bereits 2019 mit anhaltender Hitze im Juni und Juli (jeweils\n&gt; 10 Hitzetage), neuen Allzeittemperaturrekorden, Trockenheit bis hin zu\nD\u00fcrre sowie vereinzelten Starkniederschl\u00e4gen mit \u00dcberschwemmungen. Die\nTemperaturen sind im Landkreis Germersheim seit 1880 bis heute um ca. 1,6 \u00b0C\nangestiegen. Das Jahr 2018 war das mit Abstand w\u00e4rmste Jahr seit der regelm\u00e4\u00dfigen\nAufzeichnung des Wetters. Die vier w\u00e4rmsten Jahre wurden alle seit den 2000er\nJahren verzeichnet.<\/p>\n\n\n\n<p>Ritter und Kotremba\nberichteten weiter: \u201eBei den Jahresniederschl\u00e4gen auffallend sind die\nVerst\u00e4rkung der Niederschl\u00e4ge in Form von Starkregen sowie eine Zunahme der\nWinterniederschl\u00e4ge bei gleichzeitiger Abnahme der Sommerniederschl\u00e4ge. Es ist\ndavon auszugehen, dass die Temperaturen im Oberrheingraben weiter ansteigen und\ngegen Ende des 21. Jahrhunderts um 2,5\u00b0 bis 6\u00b0C gegen\u00fcber Ende des 19.\nJahrhunderts liegen.\u201c<\/p>\n\n\n\n<p>Aus den Workshops resultierten sieben Vorschl\u00e4ge zur Anpassung an die Folgen des Klimawandels. Diese k\u00f6nnen \u00fcber die Homepage der Kreisverwaltung, <a href=\"http:\/\/www.kreis-germersheim.de\/klima\">www.kreis-germersheim.de\/klima<\/a>, oder direkt im Klimawandelinformationssystem Rheinland-Pfalz, <a href=\"http:\/\/www.kwis-rlp.de\/coach\">www.kwis-rlp.de\/coach<\/a>, eingesehen werden. <\/p>\n\n\n\n<p>\u201eEine Schl\u00fcsselma\u00dfnahme\nist die Sensibilisierung der Mitarbeitenden f\u00fcr Aufgabe der Klimaanpassung und das\nKlimaanpassungsmanagement als Querschnittsaufgabe in der Verwaltung. Wir werden\nuns um F\u00f6rdermittel zur Anstellung eines Klimaanpassungsmanagers bewerben\u201c,\nsagte die Kreisbeigeordnete Jutta Wegmann. Weitere Ma\u00dfnahmenvorschl\u00e4ge sind klimaangepasstes\nBauen in kommunalen Liegenschaften, die Erstellung eines Gr\u00fcndachkatasters\n\u00f6ffentlicher und privater Geb\u00e4ude und vor allem der Ausbau der\n\u00d6ffentlichkeitsarbeit zu den Handlungsm\u00f6glichkeiten der Klimaanpassung.<\/p>\n\n\n\n<p>\u201eSchon im Laufe des\nCoachings konnten wir eine erste Ma\u00dfnahmen umsetzen: Die\nInformationsveranstaltung zum Thema \u201eM\u00fccken\u00fcbertragbare Infektionskrankheiten im\nZuge des Klimawandels\u201c wurde durch die drei Gesundheits\u00e4mter der Landkreise\nGermersheim, S\u00fcdliche Weinstra\u00dfe und Bad D\u00fcrkheim im Januar 2019 erfolgreich\ndurchgef\u00fchrt. Die Veranstaltung richtete sich in erster Linie an Einsatzkr\u00e4fte,\nRettungsdienste und Haus\u00e4rzte\u201c, so Landrat Fritz Brechtel und erg\u00e4nzt. \u201eDurch\ndas Coaching im letzten Jahr wurden weitere Grundlagen f\u00fcr eine erfolgreiche\nAnpassung des Landkreises an die Folgen des Klimawandels geschaffen. Es ist unser\nZiel, die Vorschl\u00e4ge umzusetzen, die Klimaanpassung in Verwaltungsabl\u00e4ufen zu\nverstetigen, Leitbilder festzulegen sowie einen Klimaanpassungsfahrplan\nauszuarbeiten.\u201c<\/p>\n\n\n\n<p><em>Das Projekt \u201eKlimawandelAnpassungsCOACH RLP\u201c verfolgt in einer 3-j\u00e4hrigen Projektlaufzeit das Ziel, Kommunen und Landkreise in Rheinland-Pfalz bei der Anpassung an die Folgen des Klimawandels sowie bei der Integration des Themas in Verwaltungsabl\u00e4ufe zu beraten und zu unterst\u00fctzen. Das Projekt wird durch das Bundesministerium f\u00fcr Umwelt, Naturschutz und nukleare Sicherheit (BMU) gef\u00f6rdert.<\/em><\/p>\n\n\n\n<p><em>Kreisverwaltung Germersheim<br>09.08.2019<\/em><\/p>\n","protected":false},"excerpt":{"rendered":"<div class=\"mh-excerpt\"><p>Vor\u00fcbergehendes Badeverbot im Gro\u00dfen Weiher \/ Mechtersheim Aufgrund einer Gesundheitsgefahr f\u00fcr Badeg\u00e4ste ist der Gro\u00dfe Weiher in R\u00f6merberg-Mechtersheim ab heute (08.08.2019) f\u00fcr Badeg\u00e4ste gesperrt. Das Baden im gesamten See ist zurzeit verboten. Eine Auswertung einer <a class=\"mh-excerpt-more\" href=\"https:\/\/speyer24news.com\/?p=17591\" title=\"Germersheim &#038; Landkreis GER:\">[&#8230;]<\/a><\/p>\n<\/div>","protected":false},"author":3,"featured_media":0,"comment_status":"open","ping_status":"open","sticky":false,"template":"","format":"standard","meta":{"_monsterinsights_skip_tracking":false,"_monsterinsights_sitenote_active":false,"_monsterinsights_sitenote_note":"","_monsterinsights_sitenote_category":0,"footnotes":""},"categories":[449],"tags":[1663,210,2603,1241,2604,2601,2602,1488],"aioseo_notices":[],"amp_enabled":true,"_links":{"self":[{"href":"https:\/\/speyer24news.com\/index.php?rest_route=\/wp\/v2\/posts\/17591"}],"collection":[{"href":"https:\/\/speyer24news.com\/index.php?rest_route=\/wp\/v2\/posts"}],"about":[{"href":"https:\/\/speyer24news.com\/index.php?rest_route=\/wp\/v2\/types\/post"}],"author":[{"embeddable":true,"href":"https:\/\/speyer24news.com\/index.php?rest_route=\/wp\/v2\/users\/3"}],"replies":[{"embeddable":true,"href":"https:\/\/speyer24news.com\/index.php?rest_route=%2Fwp%2Fv2%2Fcomments&post=17591"}],"version-history":[{"count":1,"href":"https:\/\/speyer24news.com\/index.php?rest_route=\/wp\/v2\/posts\/17591\/revisions"}],"predecessor-version":[{"id":17595,"href":"https:\/\/speyer24news.com\/index.php?rest_route=\/wp\/v2\/posts\/17591\/revisions\/17595"}],"wp:attachment":[{"href":"https:\/\/speyer24news.com\/index.php?rest_route=%2Fwp%2Fv2%2Fmedia&parent=17591"}],"wp:term":[{"taxonomy":"category","embeddable":true,"href":"https:\/\/speyer24news.com\/index.php?rest_route=%2Fwp%2Fv2%2Fcategories&post=17591"},{"taxonomy":"post_tag","embeddable":true,"href":"https:\/\/speyer24news.com\/index.php?rest_route=%2Fwp%2Fv2%2Ftags&post=17591"}],"curies":[{"name":"wp","href":"https:\/\/api.w.org\/{rel}","templated":true}]}}