{"id":17623,"date":"2019-08-09T18:28:42","date_gmt":"2019-08-09T17:28:42","guid":{"rendered":"https:\/\/speyer24news.com\/?p=17623"},"modified":"2019-08-09T18:29:52","modified_gmt":"2019-08-09T17:29:52","slug":"unwetterwarnung-fuer-die-region","status":"publish","type":"post","link":"https:\/\/speyer24news.com\/?p=17623","title":{"rendered":"Unwetterwarnung f\u00fcr die Region"},"content":{"rendered":"<style type=\"text\/css\">\r\n\t.ads_top_disp{}\r\n\t.ads_top_corner_disp{ float:left; margin:0px 10px 10px 0px; }\r\n\t.ads_first_p_disp{}\r\n\t.ads_bottom_disp{}\r\n\t<\/style>\n<div class=\"wp-block-image\"><figure class=\"aligncenter\"><img decoding=\"async\" loading=\"lazy\" width=\"800\" height=\"600\" src=\"https:\/\/speyer24news.com\/wp-content\/uploads\/2019\/08\/67074716_10211506092127393_2028630358047588352_n.jpg\" alt=\"\" class=\"wp-image-17624\" srcset=\"https:\/\/speyer24news.com\/wp-content\/uploads\/2019\/08\/67074716_10211506092127393_2028630358047588352_n.jpg 800w, https:\/\/speyer24news.com\/wp-content\/uploads\/2019\/08\/67074716_10211506092127393_2028630358047588352_n-300x225.jpg 300w, https:\/\/speyer24news.com\/wp-content\/uploads\/2019\/08\/67074716_10211506092127393_2028630358047588352_n-768x576.jpg 768w, https:\/\/speyer24news.com\/wp-content\/uploads\/2019\/08\/67074716_10211506092127393_2028630358047588352_n-678x509.jpg 678w, https:\/\/speyer24news.com\/wp-content\/uploads\/2019\/08\/67074716_10211506092127393_2028630358047588352_n-326x245.jpg 326w, https:\/\/speyer24news.com\/wp-content\/uploads\/2019\/08\/67074716_10211506092127393_2028630358047588352_n-80x60.jpg 80w\" sizes=\"(max-width: 800px) 100vw, 800px\" \/><\/figure><\/div>\n\n\n\n<p><strong>(Speyer \/ Metropolregion) &#8211;<\/strong> Der Deutsche Wetterdienst warnt im Zeitraum von Freitag, 9. August,  ab 17 Uhr bis Samstag, 10. August, 2 Uhr nachts vor schweren Gewittern im Kreis Germersheim und der Region Speyer.<\/p>\n\n\n\n<p>Ab dem Nachmittag ziehen von Westen und S\u00fcdwesten her teils kr\u00e4ftige Gewitter auf. Damit einhergehend steigt das Unwetterpotenzial deutlich an.  M\u00f6gliche Begleiterscheinungen sind heftiger Starkregen zwischen 25 und 40 Liter pro Quadratmeter in kurzer Zeit, lokal k\u00f6nnen auch um 50 Liter pro Quadratmeter in wenigen Stunden fallen. <\/p>\n\n\n\n<div class=\"wp-block-image\"><figure class=\"aligncenter\"><img decoding=\"async\" loading=\"lazy\" width=\"800\" height=\"462\" src=\"https:\/\/speyer24news.com\/wp-content\/uploads\/2019\/08\/Unwetter.png\" alt=\"\" class=\"wp-image-17625\" srcset=\"https:\/\/speyer24news.com\/wp-content\/uploads\/2019\/08\/Unwetter.png 800w, https:\/\/speyer24news.com\/wp-content\/uploads\/2019\/08\/Unwetter-300x173.png 300w, https:\/\/speyer24news.com\/wp-content\/uploads\/2019\/08\/Unwetter-768x444.png 768w\" sizes=\"(max-width: 800px) 100vw, 800px\" \/><\/figure><\/div>\n\n\n\n<p>Zudem sind Sturmb\u00f6en und schwere Sturmb\u00f6en bis rund 100 Stundenkilometern sowie gr\u00f6\u00dferer Hagel zwischen 2 und 4 Zentimeter m\u00f6glich. <\/p>\n\n\n\n<p>Die Gewitter schlie\u00dfen sich am Abend und der Nacht immer mehr zu gr\u00f6\u00dferen Komplexen zusammen und verlagern sich in der zweiten Nachth\u00e4lfte ostw\u00e4rts, hei\u00dft es in einer Vorabinformation des Wetterdienstes.<\/p>\n\n\n\n<p><em>Text: DWD Foto: (1) S24N; (2) Googlemaps<br>09.08.2019<\/em><\/p>\n","protected":false},"excerpt":{"rendered":"<div class=\"mh-excerpt\"><p>(Speyer \/ Metropolregion) &#8211; Der Deutsche Wetterdienst warnt im Zeitraum von Freitag, 9. August, ab 17 Uhr bis Samstag, 10. August, 2 Uhr nachts vor schweren Gewittern im Kreis Germersheim und der Region Speyer. Ab <a class=\"mh-excerpt-more\" href=\"https:\/\/speyer24news.com\/?p=17623\" title=\"Unwetterwarnung f\u00fcr die Region\">[&#8230;]<\/a><\/p>\n<\/div>","protected":false},"author":3,"featured_media":0,"comment_status":"open","ping_status":"open","sticky":false,"template":"","format":"standard","meta":{"_monsterinsights_skip_tracking":false,"_monsterinsights_sitenote_active":false,"_monsterinsights_sitenote_note":"","_monsterinsights_sitenote_category":0,"footnotes":""},"categories":[9],"tags":[210,57,58,56,2555,63,59,6,2623,2624],"aioseo_notices":[],"amp_enabled":true,"_links":{"self":[{"href":"https:\/\/speyer24news.com\/index.php?rest_route=\/wp\/v2\/posts\/17623"}],"collection":[{"href":"https:\/\/speyer24news.com\/index.php?rest_route=\/wp\/v2\/posts"}],"about":[{"href":"https:\/\/speyer24news.com\/index.php?rest_route=\/wp\/v2\/types\/post"}],"author":[{"embeddable":true,"href":"https:\/\/speyer24news.com\/index.php?rest_route=\/wp\/v2\/users\/3"}],"replies":[{"embeddable":true,"href":"https:\/\/speyer24news.com\/index.php?rest_route=%2Fwp%2Fv2%2Fcomments&post=17623"}],"version-history":[{"count":2,"href":"https:\/\/speyer24news.com\/index.php?rest_route=\/wp\/v2\/posts\/17623\/revisions"}],"predecessor-version":[{"id":17627,"href":"https:\/\/speyer24news.com\/index.php?rest_route=\/wp\/v2\/posts\/17623\/revisions\/17627"}],"wp:attachment":[{"href":"https:\/\/speyer24news.com\/index.php?rest_route=%2Fwp%2Fv2%2Fmedia&parent=17623"}],"wp:term":[{"taxonomy":"category","embeddable":true,"href":"https:\/\/speyer24news.com\/index.php?rest_route=%2Fwp%2Fv2%2Fcategories&post=17623"},{"taxonomy":"post_tag","embeddable":true,"href":"https:\/\/speyer24news.com\/index.php?rest_route=%2Fwp%2Fv2%2Ftags&post=17623"}],"curies":[{"name":"wp","href":"https:\/\/api.w.org\/{rel}","templated":true}]}}