{"id":17628,"date":"2019-08-10T08:39:55","date_gmt":"2019-08-10T07:39:55","guid":{"rendered":"https:\/\/speyer24news.com\/?p=17628"},"modified":"2019-08-10T08:39:56","modified_gmt":"2019-08-10T07:39:56","slug":"polizei-36","status":"publish","type":"post","link":"https:\/\/speyer24news.com\/?p=17628","title":{"rendered":"Polizei:"},"content":{"rendered":"<style type=\"text\/css\">\r\n\t.ads_top_disp{}\r\n\t.ads_top_corner_disp{ float:left; margin:0px 10px 10px 0px; }\r\n\t.ads_first_p_disp{}\r\n\t.ads_bottom_disp{}\r\n\t<\/style>\n<h2 class=\"wp-block-heading\">Polizeimeldungen vom Freitag (09.08.2019)<\/h2>\n\n\n\n<div class=\"wp-block-image\"><figure class=\"aligncenter\"><img decoding=\"async\" src=\"https:\/\/speyer24news.com\/wp-content\/uploads\/2019\/07\/Aktuelles-Polizeilogo-1.jpg\" alt=\"\" class=\"wp-image-16637\"\/><\/figure><\/div>\n\n\n\n<h4 class=\"wp-block-heading\">(Speyer) &#8211; Verkehrsunfallflucht &#8222;Im Neudeck 1&#8220;<\/h4>\n\n\n\n<p>Am\n Donnerstag, dem 08.08.2019, kam es zwischen 07:30 Uhr und 10:30 Uhr zu \neinem Verkehrsunfall in der Stra\u00dfe &#8222;Im Neudeck 1&#8220; in Speyer. Hierbei \nbesch\u00e4digte ein bislang unbekannter Fahrzeugf\u00fchrer einen am rechten \nFahrbahnrand geparkte PKW BMW 318d am hinteren linken Heck. Hierdurch \nist ein Sachschaden von ca. 500 Euro entstanden. Anschlie\u00dfend entfernte \nsich der Unfallverursacher ohne sich um den Schaden zu k\u00fcmmern. Bisher \nliegen keinerlei Erkenntnisse zu dem verursachenden Fahrzeug vor. Daher \nbitten wir um sachdienliche Hinweise zu dem Unfallverursacher. <\/p>\n\n\n\n<p>Zeugenhinweise werden unter Tel.-Nr. 06232-1370 oder per Mail an <a href=\"mailto:pispeyer@polizei.rlp.de\">pispeyer@polizei.rlp.de<\/a> entgegen genommen. <\/p>\n\n\n\n<h4 class=\"wp-block-heading\">(Germersheim) &#8211; N\u00e4chtliche Ruhest\u00f6rung l\u00f6st Polizeieinsatz aus<\/h4>\n\n\n\n<p>Am Donnerstag gegen Mitternacht mussten Beamte der Polizeiinspektion Germersheim  ausr\u00fccken, da seitens eines Anwohners eine Ruhest\u00f6rung im Bereich des  Wei\u00dfenburger Tor gemeldet wurde. Vor Ort konnten mehrere Personen  festgestellt und kontrolliert werden. Nach Beendigung der Kontrolle war  die Nachtruhe wieder hergestellt. <\/p>\n\n\n\n<h4 class=\"wp-block-heading\">(Germersheim) &#8211; Betriebserlaubnis erloschen<\/h4>\n\n\n\n<p>Eine erloschene Betriebserlaubnis ist die Folge einer Verkehrskontrolle  am Donnerstagabend gegen 18.30 Uhr im Stadtgebiet Germersheim. Der  Fahrer, ein 21 j\u00e4hriger Mann aus dem Kreis Germersheim, gab gegen\u00fcber  den Polizeibeamten an, dass er von dem Einbau der zus\u00e4tzlich  angebrachten Distanzscheiben nichts wusste. Da keine \u00c4nderungsabnahme  vorlag wurde ein Ordnungswidrigkeitsverfahren eingeleitet. Weiterhin  wird die Zulassungsstelle \u00fcber den Vorfall unterrichtet. Der Fahrer muss  nun die M\u00e4ngel beseitigen, damit das Fahrzeug nicht stillgelegt wird. <\/p>\n\n\n\n<h4 class=\"wp-block-heading\">(D\u00f6rrenbach) &#8211; Lkw-Reifen illegal entsorgt<\/h4>\n\n\n\n<p>Am Donnerstag, gg. 06.00 Uhr, haben Unbekannte in der Gemarkung  D\u00f6rrenbach, unweit der B 38 in Richtung Oberotterbach, f\u00fcnfzehn  Lkw-Reifen illegal entsorgt. M\u00f6glicherweise nutzten die T\u00e4ter einen  wei\u00dfen Kastenwagen, der in diesem Bereich gesehen wurde. Hinweise zu dem  oder den Umweltfrevlern nimmt die Polizei in Bad Bergzabern unter 06343  93340 oder <a href=\"mailto:pibadbergzabern@polizei.rlp.de\">pibadbergzabern@polizei.rlp.de<\/a> entgegen. <\/p>\n\n\n\n<h4 class=\"wp-block-heading\">(A 65 \/ Edesheim) &#8211; Unbeleuchtetem Lkw wird Weiterfahrt untersagt<\/h4>\n\n\n\n<p>Am Freitag, 9. August 2019, gegen 01:15 Uhr wurde durch mehrere  Verkehrsteilnehmer ein Sattelzug auf der A 65, Fahrtrichtung Karlsruhe,  gemeldet, an dessen Trailer die komplette Beleuchtung nicht  funktionsf\u00e4hig sein solle. Der Sattelzug wurde an der Rastst\u00e4tte Pf\u00e4lzer  Weinstra\u00dfe ausgeleitet und kontrolliert. Im Rahmen der Kontrolle wurde  festgestellt, dass tats\u00e4chlich die komplette r\u00fcckw\u00e4rtige Beleuchtung  nicht funktionierte. Als Grund wurde durch den Lkw-Fahrer ein fehlender  Adapter genannt. Da der Fahrer das technische Problem vor Ort nicht  umgehend beheben konnte, wurde die Weiterfahrt untersagt. Der Fahrer  lie\u00df daraufhin den Trailer vor Ort stehen. <\/p>\n\n\n\n<h4 class=\"wp-block-heading\">(Edenkoben) &#8211; Verkehrsunfallfluchten<\/h4>\n\n\n\n<p>In der Zeit zwischen Donnerstag, 08.08.19, 00:15 Uhr und 07:30 Uhr,  parkte der Gesch\u00e4digte seinen schwarzen Renault Clio in der Rhodter  Stra\u00dfe, in H\u00f6he der Hausnummer 14. Durch den unbekannten  Unfallverursacher wurde vermutlich beim Ein- oder Ausparken die  Beifahrert\u00fcr des Renault Clio besch\u00e4digt. Der Schaden bel\u00e4uft sich auf  ca. 2.500 Euro. <\/p>\n\n\n\n<p>Bereits am Mittwoch, 07.08.19, in der Zeit \nzwischen 09.00 Uhr und 16.00 Uhr, besch\u00e4digte, vermutlich beim Ein- bzw.\n Ausparken, ein unbekannter Fahrzeugf\u00fchrer einen auf dem Parkplatz des \nFriedensdenkmals geparkten Ford Kuga im Frontbereich. Der Schaden wird \nauf 500 Euro gesch\u00e4tzt. Der Verkehrsunfall wurde erst am 08.08.19 \nnachgemeldet. <\/p>\n\n\n\n<p>Zeugen, die Hinweise zu den Unfallverursachern  geben k\u00f6nnen, werden gebeten sich mit der Polizeiinspektion Edenkoben  unter 06323-9550 oder <a href=\"mailto:piedenkoben@polizei.rlp.de\">piedenkoben@polizei.rlp.de<\/a> in Verbindung zu setzen. <\/p>\n\n\n\n<h4 class=\"wp-block-heading\">(Kirrweiler) &#8211; Verkehrsunfall mit verletztem Motorradfahrer<\/h4>\n\n\n\n<p>Am Donnerstag, den 08.08.19, gegen 10.30 Uhr befuhren ein Pkw-Fahrer  und ein Motorradfahrer die Stra\u00dfe &#8222;Am Bahnhof&#8220; in Kirrweiler in  entgegengesetzter Fahrtrichtung. Der 61-j\u00e4hrige Pkw-Fahrer fuhr an einem  geparkten Pkw vorbei und streifte dabei den entgegenkommenden  65-j\u00e4hrigen Motorradfahrer. Dieser st\u00fcrzte und verletzte sich leicht am  Bein. Eine medizinische Versorgung der Verletzung vor Ort war nicht  erforderlich. Der Pkw und das Motorrad waren nicht mehr fahrbereit. Die  Gesamtschadensh\u00f6he bel\u00e4uft sich auf etwa 4500 Euro. <\/p>\n\n\n\n<h4 class=\"wp-block-heading\">(Neustadt) &#8211; Bei Verkehrsunfall leicht verletzt<\/h4>\n\n\n\n<figure class=\"wp-block-image\"><img decoding=\"async\" loading=\"lazy\" width=\"800\" height=\"600\" src=\"https:\/\/speyer24news.com\/wp-content\/uploads\/2019\/08\/08.08.19-NW-VU.jpg\" alt=\"\" class=\"wp-image-17630\" srcset=\"https:\/\/speyer24news.com\/wp-content\/uploads\/2019\/08\/08.08.19-NW-VU.jpg 800w, https:\/\/speyer24news.com\/wp-content\/uploads\/2019\/08\/08.08.19-NW-VU-300x225.jpg 300w, https:\/\/speyer24news.com\/wp-content\/uploads\/2019\/08\/08.08.19-NW-VU-768x576.jpg 768w, https:\/\/speyer24news.com\/wp-content\/uploads\/2019\/08\/08.08.19-NW-VU-678x509.jpg 678w, https:\/\/speyer24news.com\/wp-content\/uploads\/2019\/08\/08.08.19-NW-VU-326x245.jpg 326w, https:\/\/speyer24news.com\/wp-content\/uploads\/2019\/08\/08.08.19-NW-VU-80x60.jpg 80w\" sizes=\"(max-width: 800px) 100vw, 800px\" \/><\/figure>\n\n\n\n<p>Bei einem Verkehrsunfall in der Maximilianstra\u00dfe Einm\u00fcndung  Karl-Helfferich-Stra\u00dfe wurde am 08.08.2019 am Nachmittag eine  Unfallbeteiligte leicht verletzt. Nach bisherigen Erkenntnissen wollte  ein 55-j\u00e4hriger Citroen-Fahrer an der Ampelanlage bei Gr\u00fcn von der  Maximilianstra\u00dfe nach links in die Karl-Helfferich-Stra\u00dfe einbiegen. Er  rechnete scheinbar nicht damit, dass die aus Richtung Lambrecht  entgegenkommende 54-j\u00e4hrige VW-Fahrerin  ebenfalls eine Gr\u00fcn-Phase  hatte. Bei dem anschlie\u00dfenden Zusammensto\u00df erlitt die VW-Fahrerin  leichte Verletzungen am Halswirbel sowie eine Prellung am Fu\u00df. Sie wurde  durch die hinzugerufenen Rettungskr\u00e4fte versorgt. Der 55-J\u00e4hrige sowie  seine Mitfahrer blieben unverletzt. Der Gesamtsachschaden bel\u00e4uft sich  auf ca. 13000 Euro. <\/p>\n\n\n\n<h4 class=\"wp-block-heading\">(Bad D\u00fcrkheim) &#8211; Sicherer Schulweg f\u00fcr Schulanf\u00e4nger<\/h4>\n\n\n\n<div class=\"wp-block-image\"><figure class=\"aligncenter\"><img decoding=\"async\" loading=\"lazy\" width=\"800\" height=\"555\" src=\"https:\/\/speyer24news.com\/wp-content\/uploads\/2019\/08\/Schult\u00fcte-2-1.jpg\" alt=\"\" class=\"wp-image-17635\" srcset=\"https:\/\/speyer24news.com\/wp-content\/uploads\/2019\/08\/Schult\u00fcte-2-1.jpg 800w, https:\/\/speyer24news.com\/wp-content\/uploads\/2019\/08\/Schult\u00fcte-2-1-300x208.jpg 300w, https:\/\/speyer24news.com\/wp-content\/uploads\/2019\/08\/Schult\u00fcte-2-1-768x533.jpg 768w\" sizes=\"(max-width: 800px) 100vw, 800px\" \/><\/figure><\/div>\n\n\n\n<p>N\u00e4chste Woche beginnt nach 6 Wochen Sommerferien das neue Schuljahr.  Dann hei\u00dft es wieder &#8222;ACHTUNG SCHULANFANG&#8220;. In den Grundschulen der  Stadt Bad D\u00fcrkheim und den Verbandsgemeinden Wachenheim und Freinsheim  beginnt f\u00fcr viele Kinder ein neuer Lebensabschnitt. Allein in Bad  D\u00fcrkheim werden in vier Grundschulen 147 Kinder eingeschult. <\/p>\n\n\n\n<p>F\u00fcr \ndie ABC-Sch\u00fctzlinge ist am Anfang noch alles neu. Hierzu z\u00e4hlt ganz \nbesonders der t\u00e4gliche Weg zur Schule. Egal ob zu Fu\u00df, mit dem Auto, Bus\n oder dem Fahrrad. Der t\u00e4gliche Weg von und zur Schule birgt erhebliche \nGefahren f\u00fcr unsere Schulanf\u00e4nger. Aus diesem Grund bitten wir Sie als \nAutofahrer auf unsere Kleinsten besondere R\u00fccksicht zu nehmen. <\/p>\n\n\n\n<p>Die Eltern k\u00f6nnen ihre Kinder auf die neue Situation vorbereiten: <\/p>\n\n\n\n<p>Um\n Stress zu vermeiden, k\u00f6nnen Sie bereits jetzt den Schulweg planen. \nLassen Sie ihr Kind, wenn m\u00f6glich zu Fu\u00df zur Schule gehen. Gehen Sie mit\n ihrem Kind den Schulweg ab, erkunden Sie diesen und zeigen Sie ihm die \nriskanten Stellen, an denen erh\u00f6hte Aufmerksamkeit erforderlich ist. So \nlernt ihr Kind auch f\u00fcr die Zukunft aktiv am Stra\u00dfenverkehr \nteilzunehmen. Gut sichtbare und reflektierende Bekleidung oder \nSchulranzen sollten hierbei eine Selbstverst\u00e4ndlichkeit sein. <\/p>\n\n\n\n<p>Beachten\n Sie bitte bei einem Transport der Kinder mit dem Auto, dass diese bis \nzum zw\u00f6lften Lebensjahr, bzw. wenn sie kleiner als 1,50 Meter sind, in \ngeeigneten Kindersitzen transportiert werden m\u00fcssen. Bei der Fahrt zur \nSchule mit dem Fahrrad, sollten Sie darauf achten, dass ihr Kind mit \neinem geeigneten Schutzhelm ausgestattet ist. Dieser bietet erheblichen \nSchutz vor schweren Kopfverletzungen. Auch sollte durch die \nvorschriftsm\u00e4\u00dfige Ausstattung des Fahrrades und die Kleidung \ngew\u00e4hrleistet sein, dass andere Verkehrsteilnehmer einen Radfahrer \nschneller erkennen. Der Schulbus gilt als sicheres Verkehrsmittel. \nZeigen Sie ihrem Kind den sicheren Weg zur Haltestelle und erkl\u00e4ren Sie \nihrem Kind, dass die Haltestelle kein Spielplatz ist. Zeigen Sie ihrem \nKind das sichere Ein- und Aussteigen. <\/p>\n\n\n\n<p>Auch in diesem Jahr wird \ndie Polizei Bad D\u00fcrkheim zu Beginn des neuen Schuljahres \nschwerpunktm\u00e4\u00dfig die Schulwege \u00fcberwachen. Hier wird insbesondere die \nVerkehrssituation vor den Schulen im Fokus stehen. Neben der gefahrenen \nGeschwindigkeit wird auch die ordnungsgem\u00e4\u00dfe Sicherung der Kinder in den\n Fahrzeugen \u00fcberwacht. Allerdings werden die Ordnungsbeh\u00f6rden auch die \nParksituation beobachten. Durch zugeparkte Gehwege m\u00fcssen die Kinder die\n Fahrbahn betreten und begeben sich unn\u00f6tig in Gefahr. <\/p>\n\n\n\n<p>Die  Polizei Bad D\u00fcrkheim m\u00f6chte darauf hinweisen, dass Kinder schnell lernen  m\u00f6chten, den Schulweg zu meistern. Dazu orientieren sie sich an  Vorbildern, die daf\u00fcr sorgen sollten, dass sie sicher zur Schule kommen.  Aus diesem Grund lassen Sie uns gemeinsam Vorbild sein! Wir wollen,  dass Sie sicher leben &#8211; ihre Polizei Bad D\u00fcrkheim <\/p>\n\n\n\n<h4 class=\"wp-block-heading\">(Frankenthal) &#8211; Verkehrsunfallflucht auf Parkplatz<\/h4>\n\n\n\n<p>Eine 39-J\u00e4hrige stellt am 08.08.19 gegen 10:40 Uhr ihren Peugeot 407  auf dem Parkplatz eines Gartencenters in der Wormser Stra\u00dfe ab. Als sie  eine halbe Stunde sp\u00e4ter zum Fahrzeug zur\u00fcckkehrt, stellt sie einen  frischen Unfallschaden an der Heckstro\u00dfstange \/ Kotfl\u00fcgel hinten links  fest. Der Schaden bel\u00e4uft sich auf ca. 1000 Euro. Wir suchen Zeugen des  Unfalles.<\/p>\n\n\n\n<h4 class=\"wp-block-heading\">(Frankenthal) &#8211; Einbruch in drei Gartenlauben in Flomersheim<\/h4>\n\n\n\n<p>In der Schreberg\u00e4rtenanlage der &#8222;Flomersheimer Gartenfreunde&#8220; wurde  vermutlich in der Nacht vom 07.08.19 auf den 08.08.19 in insgesamt drei  Gartenlauben eingebrochen. Die unbekannten T\u00e4ter entwendeten Werkzeuge  in noch unbekannter Schadensh\u00f6he. Die T\u00e4ter gelangten durch Aufschneiden  des Maschendrahtzaunes auf das Gel\u00e4nde der Gartenfreunde. <\/p>\n\n\n\n<h4 class=\"wp-block-heading\">(Bobenheim-Roxheim) &#8211; Verkehrskontrollen im S\u00fcdring<\/h4>\n\n\n\n<p>Aufgrund von B\u00fcrgerbeschwerden f\u00fchrten wir am gestrigen Tag im Zeitraum  von 14:55 Uhr bis 15:45 Uhr eine Geschwindigkeitsmessung mittels  Laserpistole im S\u00fcdring in Bobenheim-Roxheim durch. Insgesamt wurden 175  Fahrzeuge gemessen. Bei lediglich sechs Fahrzeugen wurde die zul\u00e4ssige  H\u00f6chstgeschwindigkeit von 30 km\/h \u00fcberschritten. Alle sechs lagen noch  im Verwarngeldbereich. Bei zwei Fahrzeugen wurden Verst\u00f6\u00dfe gegen die  Ladungssicherheit festgestellt und zwei weitere Fahrzeugf\u00fchrer waren  nicht angeschnallt. <\/p>\n\n\n\n<h4 class=\"wp-block-heading\">(Ludwigshafen) &#8211; Zwei Verkehrsunf\u00e4lle mit je einer leicht Verletzten Person und vor\u00fcbergehender Vollsperrung der A 61<\/h4>\n\n\n\n<p>Am 09.08.19, gegen 11:14 Uhr, wurde der Polizeiautobahnstation Ruchheim  ein Verkehrsunfall auf der BAB 61 in Fahrtrichtung Speyer kurz nach dem  Kreuz Frankenthal mitgeteilt. Die Unfall\u00f6rtlichkeit wurde mit zwei  Streifenwagen der Polizeiautobahnstation Ruchheim angefahren. Vor Ort  konnte festgestellt werden, dass es sich um zwei getrennte  Unfallereignisse handelte, bei denen je 3 Fahrzeuge beteiligt waren. Bei  beiden Unf\u00e4llen wurde je eine Person leicht verletzt. Beide Unf\u00e4lle  ereigenten sich wegen zu geringem Sicherheitsabstand. Da zu Beginn keine  Informationen \u00fcber die Unfallfolgen vorlagen, wurden durch die  Rettungsleitstelle zwei Rettungshubschrauber, mehrere RTW, sowie die  Feuerwehr Frankenthal verst\u00e4ndigt. Des Weiteren wurde durch hiesige  Dienststelle die Autobahnmeisterei verst\u00e4ndigt. <\/p>\n\n\n\n<p>Da die \nRettungshubschrauber auf der Autobahn landeten, musste die Autobahn ca. \nf\u00fcr  1 Stunde voll gesperrt werden. Dann wurde der Verkehr \u00fcber den \nSeitenstreifen an der Unfallstelle vorbeigeleitet. Gem\u00e4\u00df des \nBergungsfortschrittes der verunfallten Fahrzeuge, konnten dann nach und \nnach auch der recht und der linke Fahrstreifen wieder frei gegeben \nwerden. Bei dem ersten Unfall entstand ein Sachschaden von ca.60.000 EUR\n , bei dem zweiten Unfall von ca. 10.000 EUR. <\/p>\n\n\n\n<p>Die Feuerwehr \nteilte den Polizeibeamten vor Ort mit, dass das Einrichten und \nFreihalten einer Rettungsgasse nicht funktionierte und viele \nVerkehrsteilnehmer nur sehr z\u00f6gerlich \u00fcberhaupt reagierten. Weiter wird \ndarauf hin gewiesen, dass auch bei einer Vollsperrung, die Fahrzeuge \nnicht verlassen werden d\u00fcrfen. <\/p>\n\n\n\n<h4 class=\"wp-block-heading\">(Ludwigshafen) &#8211; Seil \u00fcber die Fahrbahn gespannt \/ Zeugen gesucht<\/h4>\n\n\n\n<figure class=\"wp-block-image\"><img decoding=\"async\" src=\"https:\/\/speyer24news.com\/wp-content\/uploads\/2019\/07\/Zeugen-gesucht-Neutral-3.jpg\" alt=\"\" class=\"wp-image-17272\"\/><\/figure>\n\n\n\n<p>Am 08.08.2019, gegen 23:45 Uhr, meldete ein 19-J\u00e4hriger der Polizei,  dass in der Riedsaumstra\u00dfe ein Seil \u00fcber die Fahrbahn gespannt sei und  er nur durch eine Vollbremsung einen Unfall habe verhindern k\u00f6nnen. Als  die Polizeibeamten eintrafen, sahen sie das Seil, das von einer  Stra\u00dfenlaterne zu einem Baum \u00fcber die Stra\u00dfe in H\u00f6he von etwa 115-130 cm  gespannt worden war. Eine Zeugin gab an, dass sie gegen 22:15 Uhr durch  die Riedsaumstra\u00dfe gelaufen sei und zu diesem Zeitpunkt noch kein Seil  gespannt gewesen war. Die Polizei sucht nun Zeugen. Sachdienliche  Hinweise bitte an die Polizeiinspektion Ludwigshafen 2  unter der  Telefonnummer 0621 963-2222 oder per E-Mail <a href=\"mailto:piludwigshafen2@polizei.rlp.de\">piludwigshafen2@polizei.rlp.de<\/a>. <\/p>\n\n\n\n<h4 class=\"wp-block-heading\">(Ludwigshafen) &#8211; Kette gestohlen und Verfolger bedroht<\/h4>\n\n\n\n<p>Am 08.08.2019, gegen 15:30 Uhr, betrat ein unbekannter Mann ( etwa  17-19 Jahre alt, circa 1,70 m gro\u00df und schmale Statur)  ein Mineralien-  und Schmuckgesch\u00e4ft in der Ludwigstra\u00dfe. Er trug eine graue Kapuzenjacke  und hatte die Kapuze aufgezogen. Zudem hatte er seinen Mund und die  Nasenpartie mit einem wei\u00dfen Tuch abgedeckt. Er nahm sich eine  Panzerkette im Wert von 140 Euro aus der Auslage und fl\u00fcchtete. Als er  von einem Zeugen verfolgt wurde, drehte er sich um und richtete mit  einer Drohgeb\u00e4rde einen nicht n\u00e4her definierbaren spitzen Gegenstand  gegen ihn. Nachdem der Zeuge deshalb stehen blieb, setzte der unbekannte  T\u00e4ter seine Flucht fort durch den B\u00fcrgerhof in Richtung  Kaiser-Wilhelm-Stra\u00dfe. Die Polizeiinspektion Ludwigshafen 1 bittet um  sachdienliche Hinweise unter der Telefonnummer 0621 963-2122 oder per  e-Mail <a href=\"mailto:piludwigshafen1@polizei.rlp.de\">piludwigshafen1@polizei.rlp.de<\/a> . <\/p>\n\n\n\n<h4 class=\"wp-block-heading\">(Ludwigshafen) &#8211; Unfall mit Stra\u00dfenbahn<\/h4>\n\n\n\n<p>Am 08.08.2019, gegen 12:50 Uhr, fuhr ein 52-J\u00e4hriger mit seinem Auto  auf der Carl-Bosch-Stra\u00dfe in Richtung Brunckstra\u00dfe. Als er nach links  \u00fcber die Stra\u00dfenbahnschienen in die Bremserstra\u00dfe fahren wollte, stie\u00df  er mit einer Stra\u00dfenbahn der Linie 7 zusammen. Der Stra\u00dfenbahnfahrer  leitete eine Notbremsung ein. Verletzt wurde niemand. An beiden  Fahrzeugen entstand ein Schaden in bisher noch unbekannter H\u00f6he. <\/p>\n\n\n\n<h4 class=\"wp-block-heading\">(Ludwigshafen) &#8211; Diebstahl aus Gartenhaus<\/h4>\n\n\n\n<p>In der Nacht 07.08.2019, 19:30 Uhr, bis 08.08.2019, 06:45 Uhr, dringen  bislang unbekannte T\u00e4ter auf das Grundst\u00fcck eines Anwohners der  Sohlstra\u00dfe in Maxdorf und entwenden Werkzeug im Gesamtwert von ca.  405,00 Euro aus einem unverschlossenen Gartenhaus. <\/p>\n\n\n\n<p>Wer \nsachdienliche Hinweise zu dem genannten Fall geben kann, wird gebeten \nsich mit der Polizeiinspektion Frankenthal unter der Rufnummer \n06233\/313-0 oder der Polizeiwache Maxdorf unter der Rufnummer \n06237\/934-1100 in Verbindung zu setzen. Hinweise k\u00f6nnen auch per E-Mail \nunter <a href=\"mailto:pwmaxdorf@polizei.rlp.de\">pwmaxdorf@polizei.rlp.de<\/a> an die Polizei \u00fcbermittelt werden. <\/p>\n\n\n\n<h4 class=\"wp-block-heading\">(Ludwigshafen) &#8211; Anrufe von falschen Microsoft Mitarbeitern<\/h4>\n\n\n\n<div class=\"wp-block-image\"><figure class=\"aligncenter\"><img decoding=\"async\" src=\"https:\/\/speyer24news.com\/wp-content\/uploads\/2019\/08\/Cybercrime.jpg\" alt=\"\" class=\"wp-image-17552\"\/><\/figure><\/div>\n\n\n\n<p>Am 07.08.2019 wurde ein 62-J\u00e4hriger aus Ludwigshafen von einem  unbekannten Mann angerufen, der sich als Mitarbeiter der Firma Microsoft  ausgab. Er erkl\u00e4rte, es h\u00e4tte diverse Hackerangriffe auf den Computer  des 62-J\u00e4hrigen gegeben und nun sei sowohl sein PC als auch sein Online  Banking gef\u00e4hrdet. Daraufhin erlangte der unbekannte Anrufer mit  Einverst\u00e4ndnis des 62-J\u00e4hrigen Zugriff auf dessen PC und loggte sich in  seinem Online Banking ein. Nach Beendigung des Telefonats stellte der  62-J\u00e4hrige fest, dass mehrere \u00dcberweisungen get\u00e4tigt wurden in H\u00f6he von  mehreren hundert Euro. <\/p>\n\n\n\n<p>Ebenfalls am 07.08.2019 wurde eine  58-J\u00e4hrige aus Ludwigshafen von einem unbekannten Mann angerufen, der  sich als angeblicher Microsoft Mitarbeiter ausgab. Er erkl\u00e4rte ihr, dass  ihr Programm veraltet sei und dass sie ein neues Programm brauche. Die  58-J\u00e4hrige beendete sofort das Gespr\u00e4ch und informierte die Polizei,  nachdem sie in er Zeitung gelesen hatte, dass es sich um eine  Betrugsmasche handelte. Die Polizei warnt eindringlich von falschen  Microsoft Mitarbeitern am Telefon! Seri\u00f6se Unternehmen wie Microsoft  nehmen nicht unaufgefordert Kontakt zu ihren Kunden auf. Sollte sich ein  Servicemitarbeiter bei Ihnen melden, ohne dass Sie darum gebeten haben:  Legen Sie einfach den H\u00f6rer auf! <\/p>\n\n\n\n<h4 class=\"wp-block-heading\">(Mannheim) &#8211; 36-j\u00e4hriger Tatverd\u00e4chtiger wegen Verdachts des bewaffneten Drogenhandels in nicht geringer Menge u.a. in Haft<\/h4>\n\n\n\n<h4 class=\"wp-block-heading\">Gemeinsame Presseerkl\u00e4rung der Staatsanwaltschaft Mannheim und des Polizeipr\u00e4sidiums Mannheim: <\/h4>\n\n\n\n<div class=\"wp-block-image\"><figure class=\"aligncenter\"><img decoding=\"async\" loading=\"lazy\" width=\"800\" height=\"705\" src=\"https:\/\/speyer24news.com\/wp-content\/uploads\/2019\/08\/09.08.19-MA-Drogenbeschlagnahme.jpg\" alt=\"\" class=\"wp-image-17636\" srcset=\"https:\/\/speyer24news.com\/wp-content\/uploads\/2019\/08\/09.08.19-MA-Drogenbeschlagnahme.jpg 800w, https:\/\/speyer24news.com\/wp-content\/uploads\/2019\/08\/09.08.19-MA-Drogenbeschlagnahme-300x264.jpg 300w, https:\/\/speyer24news.com\/wp-content\/uploads\/2019\/08\/09.08.19-MA-Drogenbeschlagnahme-768x677.jpg 768w\" sizes=\"(max-width: 800px) 100vw, 800px\" \/><figcaption>Sichergestellte Drogen u.a.<\/figcaption><\/figure><\/div>\n\n\n\n<p>Auf\n Antrag der Staatsanwaltschaft Mannheim wurde durch das Amtsgericht \nMannheim Haftbefehl gegen einen 36-j\u00e4hrigen Mann erlassen. Er steht im \ndringenden Verdacht, mindestens seit Januar 2018 einen schwunghaften \nHandel mit Bet\u00e4ubungsmitteln in Mannheim und Ludwigshafen betrieben zu \nhaben. Zudem soll er bei seiner Festnahme am 08.08.2019 Widerstand gegen\n Polizeibeamte geleistet haben. <\/p>\n\n\n\n<p>Der Tatverd\u00e4chtige soll im \nZeitraum zwischen Januar und Dezember 2018 in einer Diskothek im \nStadtteil Neckarau in mindestens vier F\u00e4llen an eine gesondert verfolgte\n 24-J\u00e4hrige jeweils ein bis zwei Gramm Amphetamin verkauft haben. <\/p>\n\n\n\n<p>Bei\n der Durchsuchung der Wohnung des Tatverd\u00e4chtigen in Ludwigshafen am \nDonnerstag, 08.08.2019, wurden rund 330 Ecstasy-Tabletten, rund 500 \nGramm Amphetamin, ca. 45 Gramm Haschisch und Marihuana sowie rund 1.000 \nEuro mutma\u00dfliches Dealgeld aufgefunden und sichergestellt. Zudem soll \nder 36-J\u00e4hrige ein Butterfly-Messer griffbereit in der Wohnung \nbereitgehalten haben. <\/p>\n\n\n\n<p>W\u00e4hrend der Durchsuchungsma\u00dfnahmen konnte \nder Tatverd\u00e4chtige durch Polizeibeamte in Zivil in unmittelbarer \nUmgebung seiner Wohnung festgestellt werden. Einer Kontrolle versuchte \ner sich durch Flucht zu entziehen, konnte jedoch nach kurzer Verfolgung \neingeholt und festgenommen werden. Gegen seine Festnahme setzte er sich \nvehement zur Wehr und verletzte dabei einen Polizeibeamten. <\/p>\n\n\n\n<p>Durch\n die Staatsanwaltschaft Mannheim wurde beim Amtsgericht Mannheim ein \nHaftbefehl gegen den Tatverd\u00e4chtigen erwirkt. Er wurde am Freitag, \n09.08.2019, dem Haft- und Ermittlungsrichter beim Amtsgericht Mannheim \nvorgef\u00fchrt. Nach der Er\u00f6ffnung des Haftbefehls wurde er in eine \nJustizvollzugsanstalt eingeliefert. <\/p>\n\n\n\n<p>Die Ermittlungen von Staatsanwaltschaft Mannheim und Ermittlungsgruppe Rauschgift dauern an. <\/p>\n\n\n\n<h4 class=\"wp-block-heading\">(Mannheim) &#8211; Jugendschutzkontrollen und Testk\u00e4ufe \/ Stadt Mannheim und Polizeipr\u00e4sidium Mannheim im Einsatz<\/h4>\n\n\n\n<p>Am Donnerstagnachmittag f\u00fchrten Beamten des Haus des Jugendrechts des  Kriminalkommissariats Mannheim und Mitarbeiter des kommunalen  Ordnungsdienstes der Stadt Mannheim gemeinsame Jugendschutzkontrollen im  Stadtgebiet durch. Neben den Personenkontrollen wurden auch Testk\u00e4ufe  durchgef\u00fchrt &#8211; mit erschreckendem Ergebnis. <\/p>\n\n\n\n<p>Mit Hilfe eines \n17-j\u00e4hrigen Testk\u00e4ufers wurden Superm\u00e4rkte, Kioske und Einzelh\u00e4ndler auf\n die Einhaltung des Jugendschutzgesetzes kontrolliert. In sieben von \nneun F\u00e4llen wurde dem Jugendlichen Alkohol und Tabakwaren verkauft. \nLediglich zwei Verk\u00e4ufer hielten die Richtlinie ein, fragten nach dem \nAusweis und verweigerten anschlie\u00dfend den Verkauf. Der Fachbereich \nSicherheit und Ordnung der Stadt Mannheim hat gegen die betroffenen \nAngestellten und Inhaber der einzelnen Gesch\u00e4fte Ermittlungen \neingeleitet. Diese haben jetzt mit empfindlichen Bu\u00dfgeldern zu rechnen. \nSo liegt der Regelsatz f\u00fcr den betroffenen Angestellten bei 300 Euro &#8211; \nf\u00fcr den Inhaber sogar bei 2000 Euro. <\/p>\n\n\n\n<p>Zus\u00e4tzlich wurden 44 \nPersonenkontrollen an bekannten Jugendtreffs im gesamten Stadtgebiet \ndurchgef\u00fchrt. Hier zogen die Beamten insgesamt eine positive Bilanz. Die\n Jugendlichen zeigten sich in den informatorischen Gespr\u00e4chen mit den \nBeamten des Haus des Jugendrechts interessiert und neugierig. <\/p>\n\n\n\n<p>Allerdings\n war ein vermeintlich Jugendlicher mit den Ma\u00dfnahmen nicht \neinverstanden: Der 19-J\u00e4hrige wurde im Lamey-Garten einer \nPersonenkontrolle unterzogen werden. Weil er aber keinen Ausweis dabei \nhatte, sollte seine Identit\u00e4t in einem Polizeirevier festgestellt \nwerden. Auf dem Weg zum Streifenwagen riss sich der junge Mann los und \nversuchte zu fl\u00fcchten. Im Gerangel schlug er mit der Faust auf den \nOberk\u00f6rper einer Beamtin und versuchte diese zu bei\u00dfen. Der 19-J\u00e4hrige \nkonnte zu Boden gebracht und festgenommen werden. Eine sp\u00e4tere \n\u00dcberpr\u00fcfung ergab, dass der Mann bereits in der Vergangenheit auff\u00e4llig \nwar. <\/p>\n\n\n\n<p>Die Einsatzma\u00dfnahmen werden auch in Zukunft intensiv fortgesetzt. <\/p>\n\n\n\n<h4 class=\"wp-block-heading\">(Mannheim) &#8211; Diebstahl von Utensilien aus BMW \/ Wer kann Hinweise geben ?<\/h4>\n\n\n\n<p>In der Nacht zum Donnerstag verschafften sich bislang unbekannte T\u00e4ter  Zugang zu einem in der Augustaanlage\/H\u00f6he &#8222;Bilfinger&#8220; ordnungsgem\u00e4\u00df  geparkten grauen BMW 630 und stahlen daraus einen &#8222;Rimowa&#8220;-Alukoffer  sowie eine schwarze &#8222;Porsche-Design&#8220;-Aktentasche. In dieser Tasche  befanden sich diverse Gesch\u00e4ftsunterlagen, ein Diktierger\u00e4t sowie  verschiedene B\u00fcromaterialien. <\/p>\n\n\n\n<p>Die Gesamtschadensh\u00f6he ist bislang noch nicht exakt bekannt. <\/p>\n\n\n\n<p>Geparkt  war das Auto in der Zeit zwischen Mittwochabend, 19.45 Uhr und  Donnerstagmorgen, kurz nach 7 Uhr. Zeugen, die verd\u00e4chtige Beobachtungen  gemacht haben, werden gebeten, Kontakt mit dem Polizeirevier  Mannheim-Oststadt, Tel.: 0621\/174-3310 aufzunehmen. <\/p>\n\n\n\n<h4 class=\"wp-block-heading\">(Mannheim-Neckarstadt) &#8211; Polizist will in Stra\u00dfenbahn Streit schlichten, wird selbst angegriffen und leicht verletzt, Zeugen gesucht!<\/h4>\n\n\n\n<p>Am Donnerstag kurz vor 23 Uhr kam es in der Stra\u00dfenbahn Linie 4, in  Fahrtrichtung Waldfriedhof in H\u00f6he der Haltestelle Universit\u00e4tsklinikum  zu einer k\u00f6rperlichen Auseinandersetzung zwischen einem 19-J\u00e4hrigen und  einem 50-j\u00e4hrigen Mann. <\/p>\n\n\n\n<p>Um die Auseinandersetzung zu beenden gab sich ein in seiner Freizeit befindlicher 27-j\u00e4hriger Polizist als solcher aus und versetzte sich in den Dienst. Der Polizist zeigte seinen Ausweis und forderte das Duo auf den Disput zu beenden. Der 50-J\u00e4hrige zeigte sich unbeeindruckt. Nach der zweiten Ansage des Polizisten und erneutem Zeigen des Dienstausweises richtete der 50-J\u00e4hrige seine Angriffe gegen den Polizeibeamten und schlug ihm mit der Faust ins Gesicht. Hierbei verletzte sich der Polizist leicht. <\/p>\n\n\n\n<p>Der Stra\u00dfenbahnfahrer hatte zwischenzeitlich die Polizei verst\u00e4ndig. <\/p>\n\n\n\n<p>Beim Eintreffen von vier Funkwagenbesatzungen lag der 50-J\u00e4hrige vom Polizeibeamten fixiert am Boden der Stra\u00dfenbahn. <\/p>\n\n\n\n<p>Der\n 50-J\u00e4hrige wurde zu Durchf\u00fchrung aller polizeilichen Ma\u00dfnahmen ins \nPolizeirevier Mannheim-Neckarstadt verbracht. Ein bei ihm durchgef\u00fchrter\n Alkoholtest ergab einen Wert von 2,32 Promille. Ihm wurde eine \nBlutprobe entnommen. <\/p>\n\n\n\n<p>Nach Abschluss aller Ma\u00dfnahmen wurde der Beschuldigte entlassen. <\/p>\n\n\n\n<p>Warum\n es zu der urspr\u00fcnglichen Auseinandersetzung in der Bahn gekommen war, \nist nun u.a. Gegenstand der Ermittlungen des Polizeireviers \nMannheim-Neckarstadt. <\/p>\n\n\n\n<p>Die Ermittler suchen au\u00dferdem Zeugen des Vorfalls. Diese m\u00f6gen sich unter 0621 33010 melden und ihre Wahrnehmungen mitteilen. <\/p>\n\n\n\n<h4 class=\"wp-block-heading\">(Mannheim-Neckarstadt) &#8211; 39-J\u00e4hriger geht mit abgeschlagener Flasche auf Polizeibeamte los<\/h4>\n\n\n\n<p>Am fr\u00fchen Freitagmorgen ging ein 39-j\u00e4hriger Mann im Stadtteil  Neckarstadt mit einer abgeschlagenen Weinflasche auf Polizeibeamte los. <\/p>\n\n\n\n<p>Gegen\n 0.30 Uhr hatte der Mann am Neuen Messplatz einen 36-j\u00e4hrigen Autofahrer\n gestoppt und anschlie\u00dfend mit einer Weinflasche die Heckscheibe dessen \nFahrzeugs eingeschlagen. Im Zuge einer sofortigen Fahndung konnte der \n39-j\u00e4hrige Tatverd\u00e4chtige in der Waldhofstra\u00dfe, in H\u00f6he der \nHeinrich-Zille-Stra\u00dfe, angetroffen werden. Eine Aufforderung, \nstehenzubleiben, ignorierte er zun\u00e4chst. Auf wiederholte Ansprache durch\n die Polizeibeamten zerschlug er die Flasche auf der Fahrbahn und ging \nschlie\u00dflich mit dem abgebrochenen Flaschenhals drohend auf die Beamten \nzu. Da der Mann diesen bereits bedrohlich nah gekommen war, k\u00fcndigten \ndiese den Gebrauch der Schusswaffe an. Daraufhin lie\u00df sich der \n39-J\u00e4hrige widerstandslos festnehmen. Er wurde anschlie\u00dfend zum \nPolizeirevier Mannheim-Neckarstadt gebracht. Nach erkennungsdienstlicher\n Behandlung und Erhebung einer DNA-Probe wurde der Mann nach \u00e4rztlicher \nUntersuchung in eine Fachklinik eingeliefert. <\/p>\n\n\n\n<p>Gegen den Mann wird nun wegen t\u00e4tlichen Angriffs auf Polizeibeamte sowie wegen Sachbesch\u00e4digung ermittelt. <\/p>\n\n\n\n<h4 class=\"wp-block-heading\">(Mannheim-Herzogenried) &#8211; Fu\u00dfg\u00e4nger \u00fcberquert bei roter Ampel die Stra\u00dfe \/ Rollerfahrer st\u00fcrzt zu Boden und wird schwer verletzt<\/h4>\n\n\n\n<p>Schwere Verletzungen zog sich ein 41-j\u00e4hriger Rollerfahrer bei einem  Verkehrsunfall am Donnerstag, gegen 13:45 Uhr, in der Waldhofstra\u00dfe zu.  Der Mann war in Richtung Luzenberg unterwegs, als in H\u00f6he der  Haltestelle &#8222;Neuer Me\u00dfplatz&#8220; ein 54-j\u00e4hriger Mann bei roter Ampel die  Stra\u00dfe \u00fcberquerte. Der Rollerfahrer leitete eine Vollbremsung ein und  verlor dabei die Kontrolle \u00fcber sein Fahrzeug. Er st\u00fcrzte zu Boden und  wurde schwer verletzt. Der Mann musste mit einem Rettungswagen in eine  Klinik gebracht werden. Der Sachschaden an dessen besch\u00e4digtem Roller  wird auf mehrere hundert Euro gesch\u00e4tzt. <\/p>\n\n\n\n<h4 class=\"wp-block-heading\">(Mannheim-Waldhof) &#8211; Autofahrer kommt von Stra\u00dfe ab und kollidiert mit Stra\u00dfenbahn \/ Ein Fahrgast leicht verletzt<\/h4>\n\n\n\n<p>Aus bislang unbekannter Ursache kam ein 55-j\u00e4hriger Skoda-Fahrer am  Donnerstag, gegen 14:25 Uhr, in der Schienenstra\u00dfe von der Fahrbahn ab  und kollidierte mit einer parallel fahrenden Stra\u00dfenbahn. Der Autofahrer  war in Richtung Mannheim-Sandhofen unterwegs und hielt an der  Einm\u00fcndung zur Luzenbergstra\u00dfe an einer roten Ampel an. Als diese auf  Gr\u00fcn schaltete, setzte er seinen Weg fort und kam pl\u00f6tzlich nach links  von der Stra\u00dfe ab, wobei es zum Zusammensto\u00df mit der Tram kam. Der  57-j\u00e4hrige Stra\u00dfenbahnfahrer leitete eine Bremsung ein, woraufhin eine  66-j\u00e4hrige Frau st\u00fcrzte und sich leicht verletzte. Beide Fahrzeuge  wurden durch die Kollision besch\u00e4digt. Der Sachschaden wird auf \u00fcber  10.000 Euro gesch\u00e4tzt. <\/p>\n\n\n\n<h4 class=\"wp-block-heading\">(Mannheim-Neuostheim) &#8211; Gitterboxen von Firmengel\u00e4nde gestohlen \/ Wer hat Verd\u00e4chtiges beobachtet?<\/h4>\n\n\n\n<p>Von einem Firmengel\u00e4nde in der Hans-Thoma-Stra\u00dfe, H\u00f6he Coblitzallee,  entwendeten bislang Unbekannte im Zeitraum von Mittwoch, 14 Uhr bis  Donnerstag, 8 Uhr, insgesamt 30 Gitterboxen in einem Wert von ca. 3.000  Euro. Die T\u00e4ter waren auf noch ungekl\u00e4rte Art und Weise auf das Gel\u00e4nde  gelangt und hoben die ca. 1,20 m langen x 0,80 m breiten Boxen  vermutlich \u00fcber einen Zaun, um diese dann abzutransportieren. <\/p>\n\n\n\n<p>Die  Ermittler des Polizeipostens Mannheim-Seckenheim haben die Ermittlungen  aufgenommen und suchen Zeugen, die verd\u00e4chtige Beobachtungen gemacht  haben. Diese werden gebeten, sich unter Tel.: 0621\/48971 zu melden. <\/p>\n\n\n\n<h4 class=\"wp-block-heading\">(Mannheim-Sch\u00f6nau) &#8211; Radfahrer kollidiert mit BMW und wird mit Verletzungen in Klinik eingeliefert<\/h4>\n\n\n\n<p>Ein 83-j\u00e4hriger Radfahrer musste am Donnerstag, gegen 16:20 Uhr, nach  einem Zusammensto\u00df mit einem BMW in eine Klinik eingeliefert werden. Der  Mann befuhr mit seinem Fahrrad in H\u00f6he der K\u00f6nigsberger Allee einen  Wirtschaftsweg und wollte in die Lilienthalstra\u00dfe einbiegen. Hierbei kam  es zum Zusammensto\u00df mit dem vorfahrtsberechtigten BMW eines  55-J\u00e4hrigen, der in Richtung Mannheim-Sch\u00f6nau unterwegs war. Der  83-J\u00e4hrige st\u00fcrzte zu Boden und erlitt eine Kopfplatzwunde und eine  Kn\u00f6chelfraktur. Er wurde aufgrund der Verletzungen in einem Krankenhaus  station\u00e4r aufgenommen. An den beiden Fahrzeugen entstand Sachschaden in  H\u00f6he von \u00fcber 2.000 Euro. <\/p>\n\n\n\n<h4 class=\"wp-block-heading\">(Heidelberg) &#8211; Radfahrer kann Kollision mit Auto verhindern, st\u00fcrzt und verletzt sich leicht, Zeugen gesucht!<\/h4>\n\n\n\n<p>Am Freitag gegen 08.50 Uhr st\u00fcrzte ein 45-j\u00e4hriger Radfahrer an der  Kreuzung Kurf\u00fcrsten-Anlage\/ Mittermaierstra\u00dfe, am Hauptbahnhof und  verletzte sich leicht. <\/p>\n\n\n\n<p>Nach derzeitigem Stand der Ermittlungen \nbefuhr ein 62-j\u00e4hriger Fahrer eines Ford Galaxys die Lessingstra\u00dfe und \nwollte links in die Kurf\u00fcrsten-Anlage abbiegen. Bei Abbiegevorgang kam \nder 45-J\u00e4hrige mit seinem Rennrad aus der Mittermaierstra\u00dfe und wollte \ngeradeaus in Richtung Lessingstra\u00dfe fahren. <\/p>\n\n\n\n<p>Nach derzeitigem \nStand der Ermittlungen versuchte der Radfahrer eine Kollision mit dem \nFord zu verhindern, dies gelang, jedoch verlor er hierbei die Kontrolle \n\u00fcber sein Fahrrad und st\u00fcrzte. <\/p>\n\n\n\n<p>Es entstand lediglich geringer Sachschaden am Rad des 45-J\u00e4hrigen. <\/p>\n\n\n\n<p>Das\n Verkehrskommissariat Heidelberg sucht nun Zeugen des Vorfalls. Diese \nm\u00f6gen sich unter der Telefonnummer 0621 174 4140 melden. <\/p>\n\n\n\n<h4 class=\"wp-block-heading\">(Heidelberg) &#8211; Alkoholisierter Radfahrer an Crash beteiligt<\/h4>\n\n\n\n<p>Ein 51-j\u00e4hriger Mercedes-Fahrer war am Donnerstagabend gegen 21.45 Uhr  in der Stra\u00dfe &#8222;Am B\u00e4chenbuckel&#8220; unterwegs, fuhr an einem haltenden  Fahrzeug vorbei, ohne allerdings den entgegenkommenden Radfahrer  durchfahren zu lassen. Der 37-j\u00e4hrige Heidelberger, der ohne Beleuchtung  mit seinem Bike fuhr, versuchte durch ein Ausweichman\u00f6ver eine  Kollision zu verhindern. Dabei prallte er jedoch gegen eine  Grundst\u00fccksbegrenzung und anschlie\u00dfend gegen die Fahrert\u00fcr des Mercedes.  Er verletzte sich dabei, entfernte sich zun\u00e4chst von der Unfallstelle,  kehrte aber noch vor Eintreffen der alarmierten Polizeistreife wieder  zur\u00fcck. <\/p>\n\n\n\n<p>W\u00e4hrend der Unfallaufnahme stellten die Beamten des \nPolizeireviers Heidelberg-Nord eine deutliche Alkoholfahne fest und \nordneten eine \u00dcberpr\u00fcfung an. Nach dem Ergebnis von immerhin 2,4 \nPromille wurde ihm auf der Wache eine Blutprobe entnommen. <\/p>\n\n\n\n<p>Da der\n 37-J\u00e4hrige zudem \u00fcber Verletzungen klagte, wurde eine \nRettungswagenbesatzung hinzugezogen. Eine Einweisung in ein Krankenhaus \nlehnte der Mann ab. <\/p>\n\n\n\n<p>An dem Mercedes d\u00fcrfte Schaden von 1.000 Euro entstanden sein. Nach Abschluss der Ermittlungen werden Anzeigen vorgelegt. <\/p>\n\n\n\n<h4 class=\"wp-block-heading\">(Heidelberg) &#8211; 28-j\u00e4hriger Mann schwer verletzt auf Grundst\u00fcck aufgefunden; Zeugen gesucht<\/h4>\n\n\n\n<div class=\"wp-block-image\"><figure class=\"aligncenter\"><img decoding=\"async\" src=\"https:\/\/speyer24news.com\/wp-content\/uploads\/2019\/07\/Zeugen-gesucht-Neutral-3.jpg\" alt=\"\" class=\"wp-image-17272\"\/><\/figure><\/div>\n\n\n\n<p>Ein 28-j\u00e4hriger Mann wurde am Donnerstagvormittag, gegen 9.40 Uhr mit  schweren Verletzungen auf einem Grundst\u00fcck am &#8222;Kurzen Buckel&#8220;  aufgefunden. Wie er sich diese Verletzungen zugezogen haben k\u00f6nnte, ist  Gegenstand der Ermittlungen der Kriminalpolizeidirektion Heidelberg. <\/p>\n\n\n\n<p>Hinweise\n auf ein Fremdverschulden liegen derzeit nicht vor. Vielmehr gehen die \nErmittler momentan von einem Sturzgeschehen aus gr\u00f6\u00dferer H\u00f6he aus. <\/p>\n\n\n\n<p>Wie\n sie bereits herausfanden, hatte der Mann gegen 7 Uhr eine nahegelegene \nBetreuungseinrichtung verlassen und war von Zeugen dabei beobachtet \nworden. Wo sich der Mann in der Zwischenzeit aufhielt und wann er sich \ndiese Verletzungen zuzog, ist noch nicht bekannt. Er wird wie folgt \nbeschrieben: ca. 175 cm; schlank; \u00be-lange Jeans; blaues T-Shirt. Er war \nbarfu\u00df unterwegs. <\/p>\n\n\n\n<p>Zeugen, denen der Mann nach 7 Uhr im Bereich \ndes &#8222;Kurzen Buckels&#8220; aufgefallen ist, werden gebeten, sich mit dem \nKriminaldauerdienst, Tel.: 0621\/174-4444 in Verbindung zu setzen. <\/p>\n\n\n\n<h4 class=\"wp-block-heading\">(Heidelberg) &#8211; Audi A 4 Avant massiv besch\u00e4digt \/ Verursacher fl\u00fcchtet Zeugen gesucht<\/h4>\n\n\n\n<p>Einen am Stra\u00dfenrand der Ladenburger Stra\u00dfe\/Wilhelm-Blum-Stra\u00dfe  abgestellten Audi A 4 Avant besch\u00e4digte in der Nacht zum Donnerstag ein  bislang unbekannter Autofahrer und entfernte sich danach unerlaubt. Der  Gesch\u00e4digte stellte seinen Wagen am Abend gegen 18 Uhr ab und musste am  Donnerstagfr\u00fch, gegen 6.40 Uhr die Besch\u00e4digungen im Frontbereich  feststellen. Den Schaden beziffert die Polizei auf mindestens 5.000  Euro. <\/p>\n\n\n\n<p>Zeugen, die auf den Vorfall aufmerksam wurden und Hinweise  zum Fl\u00fcchtigen geben k\u00f6nnen, werden gebeten, sich beim Polizeirevier  Heidelberg-Nord, Tel.: 06221\/4569-0, zu melden. <\/p>\n\n\n\n<h4 class=\"wp-block-heading\">(Hockenheim \/ Rhein-Neckar-Kreis) &#8211; Lkw machte sich selbstst\u00e4ndig&#8230;<\/h4>\n\n\n\n<p>Verletzt wurde der Fahrer seines Lkw bei einem Vorfall am  Donnerstagnachmittag in der Beethovenstra\u00dfe. Der Mann war gerade damit  besch\u00e4ftigt, bei laufendem Motor und ge\u00f6ffneter Fahrzeugt\u00fcre ein  Betonmischger\u00e4t auf die Ladefl\u00e4che seines Lkw zu laden. Urpl\u00f6tzlich  setzte sich der Lkw in Bewegung und rollte dem Mann \u00fcber den Fu\u00df. In der  Folge schob der Lkw einen geparkten Seat Ibiza nach hinten und kracht  im weiteren Verlauf auf einen ebenfalls abgestellten Mercedes. <\/p>\n\n\n\n<p>An allen drei Fahrzeugen entstand Schaden, den die Polizei mit \u00fcber 8.000 Euro beziffert. <\/p>\n\n\n\n<p>Der Lkw-Fahrer wurde durch eine Rettungswagenbesatzung vor Ort erstversorgt und danach in ein Krankenhaus verbracht.<\/p>\n\n\n\n<h4 class=\"wp-block-heading\">(Neulu\u00dfheim \/ Rhein-Neckar-Kreis) &#8211; Unbekannte besch\u00e4digen Ger\u00e4te auf Spielplatz \/ Polizei sucht Zeugen<\/h4>\n\n\n\n<p>In der Nacht von Donnerstag auf Freitag besch\u00e4digten unbekannte T\u00e4ter  Spielger\u00e4te auf einem Spielplatz in Neulu\u00dfheim. Die Unbekannten  beschmierten in der Nacht u.a. die &#8222;Seilbahn&#8220; des Spielplatzes in der  Reilinger Stra\u00dfe, indem sie Sitzteller und Haltestange mit schwarzer  Bitumenmasse beschmierten. Kurz vor 13 Uhr beschmutzte sich ein  9-j\u00e4hriges M\u00e4dchen hierdurch H\u00e4nde und Oberbekleidung mit der schwarzen,  klebrigen Masse. Es entstand Sachschaden in noch nicht bekannter H\u00f6he. <\/p>\n\n\n\n<p>Zeugen,  die verd\u00e4chtige Wahrnehmungen gemacht haben und sachdienliche Hinweise  geben k\u00f6nnen, werden gebeten, sich beim Polizeirevier Hockenheim, Tel.:  06205\/2860-0 zu melden. <\/p>\n\n\n\n<h4 class=\"wp-block-heading\">(Reilingen \/ Kirrlach \/ Rhein-Neckar-Kreis) &#8211; Polizei sucht dringend Zeugen f\u00fcr Verkehrsunfall<\/h4>\n\n\n\n<h4 class=\"wp-block-heading\" style=\"text-align:center\">Pressemeldung Nr. 2<\/h4>\n\n\n\n<p>Wie bereits am Donnerstag, 08.08.2019 berichtet, ereignete sich am  Mittwochvormittag, gegen 10 Uhr auf der K 4255 in Fahrtrichtung Kirrlach  ein Verkehrsunfall, bei dem sich der Verursacher unerlaubt von der  Unfallstelle entfernt hatte. Dabei war Sachschaden in H\u00f6he von rund  10.000 Euro entstanden. <\/p>\n\n\n\n<p>Erste Ermittlungen sowie intensive \nSpurensuche am Unfallort ergaben, dass es sich bei dem \nunfallverursachenden Fahrzeug um einen wei\u00dfen Kleintransporter der Marke\n Opel, Modell Movano gehandelt haben muss. Dieser muss erhebliche \nBesch\u00e4digungen vorne und seitlich rechts aufweisen. Zudem fehlen \nAu\u00dfenspiegel und eine Radkappe. Diese wurden an der Unfallstelle \naufgefunden. <\/p>\n\n\n\n<p>Zeugen, die den Unfall beobachtet haben und  sachdienliche Hinweise zum fl\u00fcchtigen Fahrzeug und dessen Fahrer geben  k\u00f6nnen, werden gebeten, sich bei der Verkehrspolizei Mannheim, Tel.:  0621\/174-4045 zu melden. <\/p>\n\n\n\n<h4 class=\"wp-block-heading\">(Malsch \/ Rauenberg \/ Rhein-Neckar-Kreis) &#8211; Roller-Fahrer bei Unfall auf der B 3 verletzt<\/h4>\n\n\n\n<p>Verletzt wurde ein aus dem Landkreis Karlsruhe stammender Roller-Fahrer  bei einem Unfall am Donnerstag kurz nach 19 Uhr auf der B  3\/&#8220;Uhlandsh\u00f6he&#8220;. Sowohl der 35-j\u00e4hrige Roller-Fahrer als auch die  unfallverursachende Audi A 4-Fahrerin standen zun\u00e4chst an der Rotlicht  zeigenden Ampel. Als diese auf &#8222;gr\u00fcn&#8220; umschaltete, setzte die  Autofahrerin zum \u00dcberholen des Roller-Fahrers an, wobei es in der Folge  zur Kollision und zum Sturz des 35-J\u00e4hrigen kam. <\/p>\n\n\n\n<p>Rettungssanit\u00e4ter und Notarzt waren im Einsatz und k\u00fcmmerten sich um die Verletzungen. <\/p>\n\n\n\n<p>Den Gesamtschaden beziffert die Polizei auf 3.500 Euro. Die aus Nu\u00dfloch stammende Verursacherin sieht einer Anzeige entgegen. <\/p>\n\n\n\n<h4 class=\"wp-block-heading\">(Eppelheim \/ Rhein-Neckar-Kreis) &#8211; Nach \u00dcbergriff Zeugen gesucht!<\/h4>\n\n\n\n<figure class=\"wp-block-image\"><img decoding=\"async\" src=\"https:\/\/speyer24news.com\/wp-content\/uploads\/2019\/07\/Zeugen-gesucht-Neutral-3.jpg\" alt=\"\" class=\"wp-image-17272\"\/><\/figure>\n\n\n\n<p> In der Nacht am Samstag, den 03.08.2019, wurde ein 24-J\u00e4hriger in der  Boschstra\u00dfe von bislang unbekannten T\u00e4tern bedroht und sp\u00e4ter k\u00f6rperlich  angegangen &#8211; die Kriminalpolizeidirektion Heidelberg hat die  Ermittlungen aufgenommen. <\/p>\n\n\n\n<p>Der junge Mann war in den fr\u00fchen \nMorgenstunden zu Fu\u00df auf dem Heimweg, als pl\u00f6tzlich ein wei\u00dfer \nTransporter neben ihm hielt und ein Unbekannter die seitliche \nSchiebet\u00fcre \u00f6ffnete und ausstieg. Dieser bedrohte ihn mit einem Messer \nund zwang ihn in das Auto, das mit mindestens zwei weiteren Unbekannten \nbesetzt war, einzusteigen. Aus Angst kam der 24-J\u00e4hrige der Aufforderung\n nach. Noch w\u00e4hrend der Fahrt in der Handelsstra\u00dfe wurde er mit der \nFaust ins Gesicht geschlagen. An einem Feldgebiet nahe Eppelheim stiegen\n die T\u00e4ter mit dem jungen Mann aus dem Fahrzeug, hielten ihn fest und \nschlugen auf diesen ein. Anschlie\u00dfend fl\u00fcchteten die unbekannten M\u00e4nner \nmit dem Transporter. Der 24-J\u00e4hrige konnte zu Fu\u00df nach Hause laufen und \nerstattete kurz darauf Strafanzeige. Die Hintergr\u00fcnde der Tat sind noch \nunklar. <\/p>\n\n\n\n<p>Die Kriminalpolizei hat die Ermittlungen aufgenommen und  sucht nach Zeugen, die Hinweise zu den T\u00e4tern, dem Fahrzeug oder Tat  selbst geben k\u00f6nnen. Diese werden gebeten, sich unter 0621 174-4444 an  die Beamten zu wenden. <\/p>\n\n\n\n<h4 class=\"wp-block-heading\">(Schriesheim \/ Rhein-Neckar-Kreis) &#8211; Skoda besch\u00e4digt und aufgebrochen \/ Wertgegenst\u00e4nde geklaut &#8211; Zeugen gesucht!<\/h4>\n\n\n\n<p>In der Talstra\u00dfe, auf einem Parkplatz nahe des Sportsch\u00fctzenvereins,  schlug ein bislang unbekannter T\u00e4ter zwischen Dienstag und Donnerstag an  einem Skoda die Heckscheibe sowie die Scheibe der hinteren T\u00fcr der  Beifahrerseite ein. Zudem wurde das Auto an der Heckklappe, im  Frontbereich und am rechten hinteren Kotfl\u00fcgel besch\u00e4digt. Der T\u00e4ter  entwendete aus dem Fahrzeug CDs, Adapter, Kabel und eine Handyhalterung  im Wert von mehreren hundert Euro und machte sich damit schlie\u00dflich aus  dem Staub. Die H\u00f6he des Sachschadens kann derzeit noch nicht beziffert  werden. <\/p>\n\n\n\n<p>Zeugen, die verd\u00e4chtige Beobachtungen gemacht haben,  werden gebeten, sich mit dem Polizeiposten Schriesheim unter Tel.:  06203\/61301 oder dem Polizeirevier Weinheim unter Tel.: 06201\/1003-0 in  Verbindung zu setzen. <\/p>\n\n\n\n<h4 class=\"wp-block-heading\">(Weinheim \/ Rhein-Neckar-Kreis) &#8211; Zeuge macht Autohalter auf Unfallflucht aufmerksam \/ Weitere Zeugen gesucht<\/h4>\n\n\n\n<p>Am Donnerstagnachmittag, kurz nach 16 Uhr, beobachtete ein aufmerksamer  Zeuge auf einem Supermarktparkplatz in der Bergstra\u00dfe, H\u00f6he  Hopfenstra\u00dfe, eine Smart-Fahrerin, die beim Ausparken gegen einen Audi  A6 gesto\u00dfen war und dann davonfuhr. Der Zeuge teilte dies dem  gesch\u00e4digten Autohalter mit, der daraufhin einen Schaden an seinem  Fahrzeug feststellte. Der Sachschaden wird auf ca. 3.000 Euro gesch\u00e4tzt.  <\/p>\n\n\n\n<p>Das Kennzeichen des fl\u00fcchtigen Fahrzeugs sowie eine Beschreibung\n der Insassen sind der Polizei bekannt. Die Ermittlungen zu dem \nverantwortlichen Fahrer dauern an. <\/p>\n\n\n\n<p>Weitere Zeugen, die den Unfall  beobachtet haben, werden gebeten, sich beim Polizeirevier Weinheim  unter Tel.: 06201\/1003-0 zu melden. <\/p>\n\n\n\n<h4 class=\"wp-block-heading\">(Hemsbach \/ Rhein-Neckar-Kreis) &#8211; Zwei Leichtverletzte bei Verkehrsunfall<\/h4>\n\n\n\n<p>Zu einem Verkehrsunfall, der zwei Leichtverletzte und Schaden von rund  10.000 Euro forderte, kam es am Donnerstagabend kurz vor 20 Uhr in der  Schlo\u00dfparkstra\u00dfe. Ein Fahranf\u00e4nger aus Lorsch erkannte einen  vorfahrtsberechtigten Mercedes zu sp\u00e4t und versuchte, zu bremsen und  auszuweichen. Aufgrund mangelnder Fahrpraxis kracht er beim  Ausweichman\u00f6ver mit seinem Nissan gegen den Gartenzaun eines Anwesens  sowie einen Baum. Zu einer Ber\u00fchrung mit dem Mercedes kam es jedoch  nicht. Die Gesamtschadensh\u00f6he d\u00fcrfte sich ersten Angaben zufolge auf  10.000 Euro belaufen. <\/p>\n\n\n\n<p>Der 18-J\u00e4hrige wie auch eine Mitfahrerin \nzogen sich Verletzungen zu, wurden an der Unfallstelle erstversorgt und \ndanach in ein nahegelegenes Krankenhaus eingeliefert. Die Freiwillige \nFeuerwehr Hemsbach war zudem mit 16 Mann im Einsatz. <\/p>\n","protected":false},"excerpt":{"rendered":"<div class=\"mh-excerpt\"><p>Polizeimeldungen vom Freitag (09.08.2019) (Speyer) &#8211; Verkehrsunfallflucht &#8222;Im Neudeck 1&#8220; Am Donnerstag, dem 08.08.2019, kam es zwischen 07:30 Uhr und 10:30 Uhr zu einem Verkehrsunfall in der Stra\u00dfe &#8222;Im Neudeck 1&#8220; in Speyer. Hierbei besch\u00e4digte <a class=\"mh-excerpt-more\" href=\"https:\/\/speyer24news.com\/?p=17628\" title=\"Polizei:\">[&#8230;]<\/a><\/p>\n<\/div>","protected":false},"author":3,"featured_media":0,"comment_status":"open","ping_status":"open","sticky":false,"template":"","format":"standard","meta":{"_monsterinsights_skip_tracking":false,"_monsterinsights_sitenote_active":false,"_monsterinsights_sitenote_note":"","_monsterinsights_sitenote_category":0,"footnotes":""},"categories":[12],"tags":[61,2555,63,105,53,102,213,55,103,106,427,62,104,979,1565],"aioseo_notices":[],"amp_enabled":true,"_links":{"self":[{"href":"https:\/\/speyer24news.com\/index.php?rest_route=\/wp\/v2\/posts\/17628"}],"collection":[{"href":"https:\/\/speyer24news.com\/index.php?rest_route=\/wp\/v2\/posts"}],"about":[{"href":"https:\/\/speyer24news.com\/index.php?rest_route=\/wp\/v2\/types\/post"}],"author":[{"embeddable":true,"href":"https:\/\/speyer24news.com\/index.php?rest_route=\/wp\/v2\/users\/3"}],"replies":[{"embeddable":true,"href":"https:\/\/speyer24news.com\/index.php?rest_route=%2Fwp%2Fv2%2Fcomments&post=17628"}],"version-history":[{"count":2,"href":"https:\/\/speyer24news.com\/index.php?rest_route=\/wp\/v2\/posts\/17628\/revisions"}],"predecessor-version":[{"id":17637,"href":"https:\/\/speyer24news.com\/index.php?rest_route=\/wp\/v2\/posts\/17628\/revisions\/17637"}],"wp:attachment":[{"href":"https:\/\/speyer24news.com\/index.php?rest_route=%2Fwp%2Fv2%2Fmedia&parent=17628"}],"wp:term":[{"taxonomy":"category","embeddable":true,"href":"https:\/\/speyer24news.com\/index.php?rest_route=%2Fwp%2Fv2%2Fcategories&post=17628"},{"taxonomy":"post_tag","embeddable":true,"href":"https:\/\/speyer24news.com\/index.php?rest_route=%2Fwp%2Fv2%2Ftags&post=17628"}],"curies":[{"name":"wp","href":"https:\/\/api.w.org\/{rel}","templated":true}]}}