{"id":17641,"date":"2019-08-10T09:03:15","date_gmt":"2019-08-10T08:03:15","guid":{"rendered":"https:\/\/speyer24news.com\/?p=17641"},"modified":"2019-08-10T09:03:17","modified_gmt":"2019-08-10T08:03:17","slug":"germersheim-und-landkreis-ger-3","status":"publish","type":"post","link":"https:\/\/speyer24news.com\/?p=17641","title":{"rendered":"Germersheim und Landkreis GER:"},"content":{"rendered":"<style type=\"text\/css\">\r\n\t.ads_top_disp{}\r\n\t.ads_top_corner_disp{ float:left; margin:0px 10px 10px 0px; }\r\n\t.ads_first_p_disp{}\r\n\t.ads_bottom_disp{}\r\n\t<\/style>\n<h2 class=\"wp-block-heading\"><strong>Mensch\nJunge! 2019<\/strong><\/h2>\n\n\n\n<h3 class=\"wp-block-heading\"><strong>Eine Aktionswoche f\u00fcr Jungs im Landkreis Germersheim<\/strong><\/h3>\n\n\n\n<div class=\"wp-block-image\"><figure class=\"aligncenter\"><img decoding=\"async\" loading=\"lazy\" width=\"500\" height=\"589\" src=\"https:\/\/speyer24news.com\/wp-content\/uploads\/2019\/08\/Mensch_Junge_Logo.png\" alt=\"\" class=\"wp-image-17642\" srcset=\"https:\/\/speyer24news.com\/wp-content\/uploads\/2019\/08\/Mensch_Junge_Logo.png 500w, https:\/\/speyer24news.com\/wp-content\/uploads\/2019\/08\/Mensch_Junge_Logo-255x300.png 255w\" sizes=\"(max-width: 500px) 100vw, 500px\" \/><\/figure><\/div>\n\n\n\n<p>Die Kreisjugendpflege des Landkreises Germersheim initiiert<strong> vom 2. bis 8. September 2019<\/strong> zum neunten Mal eine Aktionswoche nur f\u00fcr Jungen. \u201eEs freut mich, dass es in diesem Jahr erneut gelungen ist, ein vielf\u00e4ltiges und abwechslungsreiches Programm auf die Beine zu stellen\u201c, so Landrat Dr. Fritz Brechtel, Schirmherr der Aktionswoche: \u201eSt\u00fctzpfeiler der j\u00e4hrlich stattfindenden Aktionswoche ist ein stetig wachsendes Netzwerk und die gute, kontinuierliche Kooperation aller Beteiligten in unserem Landkreis.\u201c Kooperationspartner sind nach wie vor sowohl die kommunalen als auch die freien Tr\u00e4ger der Jugend- und Sozialarbeit, die Schulsozialarbeit (SSA) bzw. die Familienorientierte Sch\u00fclerarbeit (FOS) und die Mitarbeiter des 4+1-Programms des Landkreises. Somit beteiligen sich in diesem Jahr mit dem CJD, dem DKSB, der Caritas, dem Jugendwerk St. Josef, der AGFJ, dem Haus Meilenstein, Sepia, der Suchtberatungsstelle NIDRO, dem Stadtteilladen \u201eKleine Au\u201c, der IB S\u00fcdwest gGmbH sowie dem NABU e.V. eine Vielzahl von Tr\u00e4gern an der \u201eMensch Junge!\u201c-Woche im Landkreis Germersheim.<\/p>\n\n\n\n<p>Auch\ndieses Mal begr\u00fc\u00dft die Kreisjugendpflege zahlreiche neue Kooperationspartner,\nmit denen es, wie bereits im Vorjahr, erneut gelungen ist, ein umfangreiches\nProgramm mit \u00fcber 40 Projekten zu realisieren.<\/p>\n\n\n\n<p>\u201eBei\nden geschlossenen, oftmals schulinternen Veranstaltungen werden Angebote zu den\nThemen Selbstbehauptung\/Selbstverteidigung, Pr\u00e4vention\/Gewaltschutz, Mut,\nGemeinschaft st\u00e4rken, Fotografie, Zirkus, Abenteuer und Natur, Rap-Kultur,\nKochen, Ern\u00e4hrung, aber auch sportliche Angebote aus den Bereichen Fu\u00dfball,\nKlettern, Standup Paddle und Wakeboardfahren oder auch mal ein Museumsbesuch\numgesetzt\u201c, so der Erste Kreisbeigeordnete Christoph Buttweiler, \u201eAuch bei den\noffenen Angeboten der kommunalen Jugendpflege, den Jugendzentren und den\nJugendmigrationsdiensten, zu denen sich alle interessierte Jungen direkt\nanmelden k\u00f6nnen, kommen Spiel, Spa\u00df und Action nicht zu kurz.\u201c<\/p>\n\n\n\n<p>Weitere Infos sind beim Kreisjugendamt Germersheim \u00fcber Mirco Leingang, Tel. 07274\/53-372, E-Mail m.leingang@kreis-germersheim.de erh\u00e4ltlich. Der Programmflyer mit den entsprechenden Kontaktdaten zu den verschiedenen Projekten der \u201eMensch Junge!\u201c-Woche steht als Download im Internet unter <a href=\"http:\/\/www.kreis-germersheim.de\">www.kreis-germersheim.de<\/a> (Rubrik: \u25b6Formulare Downloads, Mensch Junge! Woche) bereit.<\/p>\n\n\n\n<h3 class=\"wp-block-heading\"><strong>F\u00fcr\nfolgende offene Angebote k\u00f6nnen sich interessierte Jungen direkt bei den\nVeranstaltern anmelden:<\/strong><\/h3>\n\n\n\n<h4 class=\"wp-block-heading\"><strong>Wasserski\nfahren, Bellheim, Mo 02.09.19<\/strong><\/h4>\n\n\n\n<p>Wir\ngehen nach St. Leon Rot auf die Wasserskianlage. Dort k\u00f6nnen wir verschiedene\nBoards f\u00fcr alle Schwierigkeitsstufen verwenden. Ein toller Spa\u00df f\u00fcr jedes\nAlter.<\/p>\n\n\n\n<p><strong>F\u00fcr Jungs ab 10 Jahre. Uhrzeit: 16.45 Uhr. TN-Geb.: 2,50 \u20ac. Anmeldung erforderlich! Veranstalter: VG Jugendpflege Bellheim. Infos &amp; Anmeldung: Dominik Wilhelm, 07272-91115, E-Mail:\u00a0 <a href=\"jugendpflege@vg-bellheim.de\">jugendpflege@vg-bellheim.de<\/a><\/strong><\/p>\n\n\n\n<h4 class=\"wp-block-heading\"><strong>K\u00fcchenhelden\ngesucht- An die T\u00f6pfe, fertig, los!!!, <\/strong><\/h4>\n\n\n\n<p><strong>Jugendtreff\nSondernheim (Alter Bahnhof), Mo 02.09.19<\/strong><\/p>\n\n\n\n<p>Heute\nback ich, morgen koch ich und dann ess ich! Wir haben Spa\u00df beim Zubereiten von\nleckeren Gerichten und beim gemeinsamen Essen! <\/p>\n\n\n\n<p><strong>F\u00fcr Jungs von 10 bis 12 Jahren. Uhrzeit: 15.30 Uhr. TN-Geb.: 2 \u20ac. Anmeldung erforderlich! Veranstalter: IB S\u00fcdwest gGmbH Jugendtreff Sondernheim &amp; SSA der Richard-von-Weizs\u00e4cker-Realschule Germersheim. Infos &amp; Anmeldung: Alev Ucaner \/ Heike Keller, Tel. 0176-63290687 od. 07274-707228, E-Mail: <a href=\"alev.ucaner@ib.de\">alev.ucaner@ib.de<\/a><\/strong><\/p>\n\n\n\n<h4 class=\"wp-block-heading\"><strong>Workshop:\nCAJON SELBST BAUEN, W\u00f6rth, Mi 04.09.19<\/strong><\/h4>\n\n\n\n<p>Eine\nCaj\u00f3n ist ein Perkussionsinstrument aus Lateinamerika. Sie sieht aus wie eine\n\u201eKiste\u201c aus Holz, auf die man sich setzt. Wir verwenden Baus\u00e4tze (\u201eSchlagwerk\nCBA1s\u201c), die alle Materialien beinhalten. In diesem kleinen Workshop baut jeder\nTeilnehmer seine eigene Caj\u00f3n, die er nat\u00fcrlich behalten darf.<\/p>\n\n\n\n<p><strong>F\u00fcr Jungs von 8 bis 18 Jahren. Uhrzeit: 15.00 Uhr. TN-Geb.: 35 \u20ac. Anmeldung erforderlich bis 30.08.2019! Veranstalter: IB S\u00fcdwest gGmbH, Kinder- und Jugendzentrum W\u00f6rth. Infos &amp; Anmeldung: Mathias R\u00f6sler, Tel. 07271-8622,<\/strong> <strong>E-Mail: <a href=\"juze-woerth@ib.de\">juze-woerth@ib.de<\/a><\/strong><\/p>\n\n\n\n<h4 class=\"wp-block-heading\"><strong>Fussballgolf,\nBellheim, Mi 04.09.19<\/strong><\/h4>\n\n\n\n<p>Ein\nGolfplatz der etwas anderen Art erwartet uns an diesem Tag in St. Leon Rot. 18\nBahnen garantieren Spa\u00df und Abwechslung. Hierf\u00fcr m\u00fcsst ihr keine\nFu\u00dfballkenntnisse haben. Anmelden und Spa\u00df haben.<\/p>\n\n\n\n<p><strong>F\u00fcr Jungs ab 10 Jahre. Uhrzeit: 16.45 Uhr. TN-Geb.: 2,50 \u20ac. Anmeldung erforderlich! Veranstalter: VG Jugendpflege Bellheim. Infos &amp; Anmeldung: Dominik Wilhelm, 07272-91115, E-Mail:\u00a0 <a href=\"jugendpflege@vg-bellheim.de\">jugendpflege@vg-bellheim.de<\/a><\/strong><\/p>\n\n\n\n<h4 class=\"wp-block-heading\"><strong>Batman,\nAsterix oder \u2026? Wir gestalten unseren eigenen Comic!, Jugendtreff Sondernheim\n(Alter Bahnhof), Do 05.09.19<\/strong><\/h4>\n\n\n\n<p>Du\nwolltest schon immer ein Held sein? Werde der Hauptdarsteller in deinem eigenen\nComic. Mit dem Einsatz von I-Pads und Unterst\u00fctzung von Freuden werden spannende\nund lustige Abenteuer in Bild und Wort umgesetzt. <\/p>\n\n\n\n<p><strong>F\u00fcr Jungs von 10 bis 13 Jahren. Uhrzeit: 15.30 Uhr. TN-Geb.: 2 \u20ac.\u00a0 Anmeldung erforderlich! Veranstalter: : IB S\u00fcdwest gGmbH Jugendtreff Sondernheim &amp; SSA der Richard-von-Weizs\u00e4cker-Realschule Germersheim &amp; NIDRO Germersheim, Fachstelle Spielsucht. Infos &amp; Anmeldung: Alev Ucaner \/ Heike Keller, Tel. 0176-63290687 od. 07274-707228, E-Mail: <a href=\"alev.ucaner@ib.de\">alev.ucaner@ib.de<\/a> <\/strong><\/p>\n\n\n\n<h4 class=\"wp-block-heading\"><strong>Junge\nK\u00fcchenchefs &#8211; Jungs k\u00f6nnen kochen!<\/strong><\/h4>\n\n\n\n<p><strong>CJD\nMaximiliansau, Do 05.09.19<\/strong><strong><\/strong><\/p>\n\n\n\n<p>Hunger auf Burger &amp; Co.? Dann macht mit!<\/p>\n\n\n\n<p>Wir &#8211; die beiden\nJugendmigrationsdienste (JMD) des Kreises &#8211; wollen Euch zeigen, wie leicht es\nist, gesunde und vor allem leckere Burger mit den dazugeh\u00f6rigen Beilagen selbst\nzu machen. Da auch immer das Auge mitisst, wollen wir das Essen ansprechend\nanrichten und gemeinsam in chilliger Runde genie\u00dfen. Dazu gibt es noch jede\nMenge Tipps, wie leicht das Kochen gelingt. Da werden eure Freunde und Familien\nzu Hause staunen, was ihr Neues drauf habt. Damit wir nicht zu wenig Material\neinkaufen, meldet Euch bitte bis sp\u00e4testens 03. September an.<\/p>\n\n\n\n<p><strong>F\u00fcr Jungs von 12 bis 14 Jahren<\/strong>. <strong>Uhrzeit: 15.00 Uhr. Ort: CJD Maximiliansau. TN-Geb.: 2 \u20ac. Anmeldung erforderlich! Veranstalter: JMD Germersheim (IB S\u00fcdwest gGmbH) und JMD W\u00f6rth (CJD Maximiliansau). Infos &amp; Anmeldung: Joachim Petermann, Tel. 07274-9499723, E-Mail: <a href=\"Joachim.Petermann@ib.de\">Joachim.Petermann@ib.de<\/a> f\u00fcr den JMD Germersheim bzw.<\/strong> <strong>Kathrin Frewell, Tel. 07271-947124, E-Mail: <a href=\"kathrin.frewell@cjd.de\">kathrin.frewell@cjd.de<\/a> f\u00fcr den JMD W\u00f6rth<\/strong><\/p>\n\n\n\n<h4 class=\"wp-block-heading\"><strong>Kartfahren,\nBellheim, Fr 06.09.19<\/strong><\/h4>\n\n\n\n<p>Kommt\nmit nach W\u00f6rth und erlebt den Rausch der Geschwindigkeit auf neuen\nelektronischen Karts. Auch f\u00fcr Anf\u00e4nger geeignet. Kinderleicht zu bedienen und\nhoher Spa\u00dffaktor!<\/p>\n\n\n\n<p><strong>F\u00fcr Jungs ab 10 Jahre. Uhrzeit: 16.30 Uhr. TN-Geb.: 2,50 \u20ac. Anmeldung erforderlich! Veranstalter: VG Jugendpflege Bellheim. Infos &amp; Anmeldung: Dominik Wilhelm, 07272-91115, E-Mail:\u00a0 <a href=\"jugendpflege@vg-bellheim.de\">jugendpflege@vg-bellheim.de<\/a><\/strong><\/p>\n\n\n\n<h4 class=\"wp-block-heading\"><strong>Wasserski am St. Leoner See,\nR\u00fclzheim, Fr 06.09.19 <\/strong><\/h4>\n\n\n\n<p>Du wolltest schon immer mal auf\nSkiern \u00fcbers Wasser rauschen? \u2026 Dann bist du bei uns genau richtig! Wir fahren\ngemeinsam zum St. Leoner See, wo du dich mehrere Stunden am Wasserskifahren\nausprobieren und austoben kannst. Bitte Schwimmsachen mitbringen. Schwimmweste,\nWasserski und Punktekarte sind im Preis enthalten. Neopren-Anzug kann gegen\neine Leihgeb\u00fchr von 6 Euro und ein Wakeboard gegen eine Leihgeb\u00fchr von 12 Euro\nausgeliehen werden. <\/p>\n\n\n\n<p><strong>F\u00fcr Jungs ab 12 Jahre. Treffpunkt: 14 Uhr an der\nVerbandsgemeindeverwaltung R\u00fclzheim, von dort gemeinsame Fahrt nach St. Leon.\nR\u00fcckfahrt gegen 19 Uhr. <\/strong><strong>TN-Geb.: 10 \u20ac. Anmeldung erforderlich! <\/strong><strong>Veranstalter: VG-Jugendpflege R\u00fclzheim,\u00a0 Ansprechpartner: Markus Schwall, Tel. 07272-70021029, 0172 5347478, E-Mail: <a href=\"http:\/\/m.schwall@ruelzheim\">m.schwall@ruelzheim<\/a>. <\/strong><\/p>\n\n\n\n<h4 class=\"wp-block-heading\"><strong>Anf\u00e4ngerklettersteig in Boppard, So\n08.09.19 <\/strong><\/h4>\n\n\n\n<p>Die Jugendpflege nimmt&nbsp;\n5 motivierte Kletterbegeisterte Jungs mit zum Mittelrheinklettersteig in\nBoppard mit. Dies ist ein Einsteigerklettersteig. Ein Klettersteig ist ein mit\nEisenleitern, Eisenstiften, Klammern (als Trittstufen) und (Stahl-)Seilen\ngesicherter (versicherter) Kletterweg am nat\u00fcrlichen oder k\u00fcnstlichen Fels.\nAusr\u00fcstung, Fahrt und ein kleines Mittagessen ist in der Teilnehmergeb\u00fchr\nenthalten.<\/p>\n\n\n\n<p><strong>F\u00fcr Jungs ab 12 Jahren. Treffpunkt: 8 Uhr am Rathaus R\u00fclzheim. TN-Geb.: 12,50 \u20ac. Anmeldung erforderlich! Mitzubring sind ein kleiner Rucksack, Wander-Trekkingschuhe, eine Regenjacke und etwas zu trinken. Veranstalter: VG-Jugendpflege R\u00fclzheim,\u00a0 Ansprechpartner: Markus Schwall, Tel. 07272-70021029, 0172 5347478, E-Mail: <a href=\"http:\/\/m.schwall@ruelzheim\">m.schwall@ruelzheim<\/a>. <\/strong><\/p>\n\n\n\n<h4 class=\"wp-block-heading\"><strong>Malen\nauf Leinwand mit Acryl, Jockgrim, Mo 09.09.19<\/strong><\/h4>\n\n\n\n<p>Die Jockgrimer K\u00fcnstlerin Katja Colling bietet in\nden R\u00e4umlichkeiten des Jugendzentrum Jockgrim (Untere Buchstra\u00dfe 33, unterhalb\nder B\u00fccherei) einen Malkurs&nbsp; an. Max. 6\nPl\u00e4tze stehen zur Verf\u00fcgung.<\/p>\n\n\n\n<p><strong>F\u00fcr Jungs von 10 bis 14 Jahren. Uhrzeit: 15 Uhr bis 18 Uhr. Ort: Jugendzentrum Jockgrim. Veranstalter: VG-Jugendpflege Jockgrim. Infos &amp; Anmeldung: Peter Jung, Tel. 0151-24172418, E-Mail: <\/strong><a href=\"mailto:p.jung@vg-jockgrim.de\"><strong>p.jung@vg-jockgrim.de<\/strong><\/a><strong>. Anmeldung erforderlich\u00a0 bis 02.09.19.<\/strong> <strong>Hinweis: Bitte Kleidung mitbringen, die auch verschmutzt werden darf.<\/strong><\/p>\n\n\n\n<p><em>Kreisverwaltung Germersheim<br>10.08.2019<\/em><\/p>\n\n\n\n<h2 class=\"wp-block-heading\"><strong>Altglasabfuhr\nim Landkreis Germersheim<\/strong><\/h2>\n\n\n\n<h3 class=\"wp-block-heading\"><strong>Altglasannahme als Notl\u00f6sung in den Wertstoffh\u00f6fen m\u00f6glich<\/strong><\/h3>\n\n\n\n<div class=\"wp-block-image\"><figure class=\"aligncenter\"><img decoding=\"async\" loading=\"lazy\" width=\"800\" height=\"582\" src=\"https:\/\/speyer24news.com\/wp-content\/uploads\/2019\/08\/Altglas-Box.jpg\" alt=\"\" class=\"wp-image-17643\" srcset=\"https:\/\/speyer24news.com\/wp-content\/uploads\/2019\/08\/Altglas-Box.jpg 800w, https:\/\/speyer24news.com\/wp-content\/uploads\/2019\/08\/Altglas-Box-300x218.jpg 300w, https:\/\/speyer24news.com\/wp-content\/uploads\/2019\/08\/Altglas-Box-768x559.jpg 768w\" sizes=\"(max-width: 800px) 100vw, 800px\" \/><\/figure><\/div>\n\n\n\n<p>Immer wieder gibt es in\nden letzten Wochen Verz\u00f6gerungen und Ausf\u00e4lle bei der Abholung von Altglas im\nLandkreis Germersheim. \u201eDas ist au\u00dferordentlich \u00e4rgerlich. Ich kann den Zorn\neiniger Mitb\u00fcrger gut verstehen, den leider vor allem die Mitarbeiter der Kreisverwaltung\nv\u00f6llig zu Unrecht trifft\u201c, so Landrat Dr. Fritz Brechtel. Wiederholt haben sich\ndie Mitarbeiter der Abfallwirtschaft des Landkreises Germersheim an die f\u00fcr die\nAbfuhr zust\u00e4ndige Firma S\u00fcd-M\u00fcll bzw. Firma Reclay gewandt. \u201eLeider ist die\nAbfuhr seitdem nicht zuverl\u00e4ssiger. Bis heute sehe ich keine grundlegende\nBesserung. Ganz aktuell haben wir auch nochmals die eigentlich auftraggebende\nFirma Reclay angeschrieben und eine unverz\u00fcgliche L\u00f6sung angemahnt. Der\nLandkreis ist kein direkter Vertragspartner und kein Auftraggeber f\u00fcr die\nGlassammlung, da diese rein privatwirtschaftlich \u00fcber das Duale System\nDeutschland (DSD) organisiert ist. Daher sind auch unsere M\u00f6glichkeiten leider\nsehr begrenzt\u201c, berichtet Brechtel.<\/p>\n\n\n\n<p>Als vor\u00fcbergehende\nNotl\u00f6sung hat die Kreisverwaltung nun in die drei Wertstoffh\u00f6fe Glascontainer\nliefern lassen. Dort k\u00f6nnen B\u00fcrger Ihren Glasabfall loswerden. \u201eDas darf\nnat\u00fcrlich nur eine kurzfristige L\u00f6sung zur Entlastung betroffener B\u00fcrgerinnen\nund B\u00fcrger sein. Ich werde alles uns m\u00f6gliche daran setzten, dass diese\nchaotischen Zust\u00e4nde beendet werden und die Firmen ihre Auftr\u00e4ge ordnungsgem\u00e4\u00df\nerf\u00fcllen\u201c, sagt Landrat Brechtel.<\/p>\n\n\n\n<h4 class=\"wp-block-heading\"><strong>Wertstoffhof \u00d6ffnungszeiten<\/strong><\/h4>\n\n\n\n<p>Montag bis Freitag von 8.00 bis 12.00 Uhr, 12.45 bis 16.15 Uhr,<\/p>\n\n\n\n<p>Samstags von 8.00 Uhr bis 12.45 Uhr<\/p>\n\n\n\n<p>Bellheim (Container steht ab Montag, 12. August, bereit):<\/p>\n\n\n\n<p>Waldst\u00fcckerring 45, Bellheim<\/p>\n\n\n\n<p>R\u00fclzheim (Container steht ab Samstag, 10. August, bereit):<\/p>\n\n\n\n<p>Mozartstra\u00dfe 27, R\u00fclzheim<\/p>\n\n\n\n<p>Berg (Container steht ab Montag, 12. August, bereit):<\/p>\n\n\n\n<p>an der L 545 zwischen Berg (Neulauterburg) und Scheibenhardt.<\/p>\n\n\n\n<p><em>Kreisverwaltung Germersheim<br>10.08.2019<\/em><\/p>\n","protected":false},"excerpt":{"rendered":"<div class=\"mh-excerpt\"><p>Mensch Junge! 2019 Eine Aktionswoche f\u00fcr Jungs im Landkreis Germersheim Die Kreisjugendpflege des Landkreises Germersheim initiiert vom 2. bis 8. September 2019 zum neunten Mal eine Aktionswoche nur f\u00fcr Jungen. \u201eEs freut mich, dass es <a class=\"mh-excerpt-more\" href=\"https:\/\/speyer24news.com\/?p=17641\" title=\"Germersheim und Landkreis GER:\">[&#8230;]<\/a><\/p>\n<\/div>","protected":false},"author":3,"featured_media":0,"comment_status":"open","ping_status":"open","sticky":false,"template":"","format":"standard","meta":{"_monsterinsights_skip_tracking":false,"_monsterinsights_sitenote_active":false,"_monsterinsights_sitenote_note":"","_monsterinsights_sitenote_category":0,"footnotes":""},"categories":[449],"tags":[2633,2636,2637,456,2635,210,1668,2601,2634,2632,1205,467,224],"aioseo_notices":[],"amp_enabled":true,"_links":{"self":[{"href":"https:\/\/speyer24news.com\/index.php?rest_route=\/wp\/v2\/posts\/17641"}],"collection":[{"href":"https:\/\/speyer24news.com\/index.php?rest_route=\/wp\/v2\/posts"}],"about":[{"href":"https:\/\/speyer24news.com\/index.php?rest_route=\/wp\/v2\/types\/post"}],"author":[{"embeddable":true,"href":"https:\/\/speyer24news.com\/index.php?rest_route=\/wp\/v2\/users\/3"}],"replies":[{"embeddable":true,"href":"https:\/\/speyer24news.com\/index.php?rest_route=%2Fwp%2Fv2%2Fcomments&post=17641"}],"version-history":[{"count":1,"href":"https:\/\/speyer24news.com\/index.php?rest_route=\/wp\/v2\/posts\/17641\/revisions"}],"predecessor-version":[{"id":17644,"href":"https:\/\/speyer24news.com\/index.php?rest_route=\/wp\/v2\/posts\/17641\/revisions\/17644"}],"wp:attachment":[{"href":"https:\/\/speyer24news.com\/index.php?rest_route=%2Fwp%2Fv2%2Fmedia&parent=17641"}],"wp:term":[{"taxonomy":"category","embeddable":true,"href":"https:\/\/speyer24news.com\/index.php?rest_route=%2Fwp%2Fv2%2Fcategories&post=17641"},{"taxonomy":"post_tag","embeddable":true,"href":"https:\/\/speyer24news.com\/index.php?rest_route=%2Fwp%2Fv2%2Ftags&post=17641"}],"curies":[{"name":"wp","href":"https:\/\/api.w.org\/{rel}","templated":true}]}}