{"id":17657,"date":"2019-08-10T09:55:10","date_gmt":"2019-08-10T08:55:10","guid":{"rendered":"https:\/\/speyer24news.com\/?p=17657"},"modified":"2019-08-10T09:55:12","modified_gmt":"2019-08-10T08:55:12","slug":"rhein-pfalz-kreis-12","status":"publish","type":"post","link":"https:\/\/speyer24news.com\/?p=17657","title":{"rendered":"Rhein-Pfalz-Kreis:"},"content":{"rendered":"<style type=\"text\/css\">\r\n\t.ads_top_disp{}\r\n\t.ads_top_corner_disp{ float:left; margin:0px 10px 10px 0px; }\r\n\t.ads_first_p_disp{}\r\n\t.ads_bottom_disp{}\r\n\t<\/style>\n<h2 class=\"wp-block-heading\"><strong>Wieder regul\u00e4re \u00d6ffnungszeiten im Kreisbad Heidespa\u00df in Maxdorf-Lambsheim ab kommenden Montag<\/strong><\/h2>\n\n\n\n<div class=\"wp-block-image\"><figure class=\"aligncenter\"><img decoding=\"async\" loading=\"lazy\" width=\"800\" height=\"599\" src=\"https:\/\/speyer24news.com\/wp-content\/uploads\/2019\/08\/Maxdorf-Lambsheim-Kreisbad-Heidespa\u00df.jpg\" alt=\"\" class=\"wp-image-17658\" srcset=\"https:\/\/speyer24news.com\/wp-content\/uploads\/2019\/08\/Maxdorf-Lambsheim-Kreisbad-Heidespa\u00df.jpg 800w, https:\/\/speyer24news.com\/wp-content\/uploads\/2019\/08\/Maxdorf-Lambsheim-Kreisbad-Heidespa\u00df-300x225.jpg 300w, https:\/\/speyer24news.com\/wp-content\/uploads\/2019\/08\/Maxdorf-Lambsheim-Kreisbad-Heidespa\u00df-768x575.jpg 768w, https:\/\/speyer24news.com\/wp-content\/uploads\/2019\/08\/Maxdorf-Lambsheim-Kreisbad-Heidespa\u00df-678x509.jpg 678w, https:\/\/speyer24news.com\/wp-content\/uploads\/2019\/08\/Maxdorf-Lambsheim-Kreisbad-Heidespa\u00df-326x245.jpg 326w, https:\/\/speyer24news.com\/wp-content\/uploads\/2019\/08\/Maxdorf-Lambsheim-Kreisbad-Heidespa\u00df-80x60.jpg 80w\" sizes=\"(max-width: 800px) 100vw, 800px\" \/><\/figure><\/div>\n\n\n\n<p><strong>Maxdorf-Lambsheim \/ Kreisbad &#8211; <\/strong>Die Kreisverwaltung des Rhein-Pfalz-Kreises freut sich mitzuteilen, dass der Schwimmbad- und Saunabereich des Kreisbades Heidespa\u00df in Maxdorf-Lambsheim <strong>ab Montag, 12. August 2019<\/strong> wieder zu den regul\u00e4ren \u00d6ffnungszeiten Bade- und Saunag\u00e4ste empfangen kann. <\/p>\n\n\n\n<p>Die Badezeit wird daher ab kommender Woche an den Montagen von 13 bis 18 Uhr sein. Dienstags bis freitags haben die Badeg\u00e4ste die M\u00f6glichkeit, von 13 bis 21:30 Uhr dem Badevergn\u00fcgen nachzugehen. An den Wochenenden wird das Baden samstags in der Zeit von 11 bis 18 Uhr und sonntags von 9 Uhr bis 19 Uhr erm\u00f6glicht. Dies entspricht den regul\u00e4ren Bad-\u00d6ffnungszeiten au\u00dferhalb der Ferien.<\/p>\n\n\n\n<div class=\"wp-block-image\"><figure class=\"alignleft is-resized\"><img decoding=\"async\" loading=\"lazy\" src=\"https:\/\/speyer24news.com\/wp-content\/uploads\/2019\/08\/Maxdorf-Lambsheim-Kreisbad-Heidespa\u00df2.jpg\" alt=\"\" class=\"wp-image-17659\" width=\"283\" height=\"221\" srcset=\"https:\/\/speyer24news.com\/wp-content\/uploads\/2019\/08\/Maxdorf-Lambsheim-Kreisbad-Heidespa\u00df2.jpg 450w, https:\/\/speyer24news.com\/wp-content\/uploads\/2019\/08\/Maxdorf-Lambsheim-Kreisbad-Heidespa\u00df2-300x235.jpg 300w\" sizes=\"(max-width: 283px) 100vw, 283px\" \/><\/figure><\/div>\n\n\n\n<p>Saunieren\nist wieder von Montag bis Freitag von 10 bis 22 Uhr m\u00f6glich, samstags bis 21\nUhr und sonntags in der Zeit von 9 bis 19 Uhr.<\/p>\n\n\n\n<p>Weitere Informationen sind unter <a href=\"http:\/\/www.kreisbaeder.de\">www.kreisbaeder.de<\/a> zu finden.<\/p>\n\n\n\n<p><em>Kreisverwaltung Rhein-Pfalz-Kreis<br>10.08.2019<\/em><\/p>\n","protected":false},"excerpt":{"rendered":"<div class=\"mh-excerpt\"><p>Wieder regul\u00e4re \u00d6ffnungszeiten im Kreisbad Heidespa\u00df in Maxdorf-Lambsheim ab kommenden Montag Maxdorf-Lambsheim \/ Kreisbad &#8211; Die Kreisverwaltung des Rhein-Pfalz-Kreises freut sich mitzuteilen, dass der Schwimmbad- und Saunabereich des Kreisbades Heidespa\u00df in Maxdorf-Lambsheim ab Montag, 12. <a class=\"mh-excerpt-more\" href=\"https:\/\/speyer24news.com\/?p=17657\" title=\"Rhein-Pfalz-Kreis:\">[&#8230;]<\/a><\/p>\n<\/div>","protected":false},"author":3,"featured_media":0,"comment_status":"open","ping_status":"open","sticky":false,"template":"","format":"standard","meta":{"_monsterinsights_skip_tracking":false,"_monsterinsights_sitenote_active":false,"_monsterinsights_sitenote_note":"","_monsterinsights_sitenote_category":0,"footnotes":""},"categories":[1564],"tags":[2648,2647,155],"aioseo_notices":[],"amp_enabled":true,"_links":{"self":[{"href":"https:\/\/speyer24news.com\/index.php?rest_route=\/wp\/v2\/posts\/17657"}],"collection":[{"href":"https:\/\/speyer24news.com\/index.php?rest_route=\/wp\/v2\/posts"}],"about":[{"href":"https:\/\/speyer24news.com\/index.php?rest_route=\/wp\/v2\/types\/post"}],"author":[{"embeddable":true,"href":"https:\/\/speyer24news.com\/index.php?rest_route=\/wp\/v2\/users\/3"}],"replies":[{"embeddable":true,"href":"https:\/\/speyer24news.com\/index.php?rest_route=%2Fwp%2Fv2%2Fcomments&post=17657"}],"version-history":[{"count":1,"href":"https:\/\/speyer24news.com\/index.php?rest_route=\/wp\/v2\/posts\/17657\/revisions"}],"predecessor-version":[{"id":17660,"href":"https:\/\/speyer24news.com\/index.php?rest_route=\/wp\/v2\/posts\/17657\/revisions\/17660"}],"wp:attachment":[{"href":"https:\/\/speyer24news.com\/index.php?rest_route=%2Fwp%2Fv2%2Fmedia&parent=17657"}],"wp:term":[{"taxonomy":"category","embeddable":true,"href":"https:\/\/speyer24news.com\/index.php?rest_route=%2Fwp%2Fv2%2Fcategories&post=17657"},{"taxonomy":"post_tag","embeddable":true,"href":"https:\/\/speyer24news.com\/index.php?rest_route=%2Fwp%2Fv2%2Ftags&post=17657"}],"curies":[{"name":"wp","href":"https:\/\/api.w.org\/{rel}","templated":true}]}}