{"id":17661,"date":"2019-08-10T10:09:59","date_gmt":"2019-08-10T09:09:59","guid":{"rendered":"https:\/\/speyer24news.com\/?p=17661"},"modified":"2019-08-10T10:10:00","modified_gmt":"2019-08-10T09:10:00","slug":"hockenheim-22","status":"publish","type":"post","link":"https:\/\/speyer24news.com\/?p=17661","title":{"rendered":"Hockenheim:"},"content":{"rendered":"<style type=\"text\/css\">\r\n\t.ads_top_disp{}\r\n\t.ads_top_corner_disp{ float:left; margin:0px 10px 10px 0px; }\r\n\t.ads_first_p_disp{}\r\n\t.ads_bottom_disp{}\r\n\t<\/style>\n<div class=\"wp-block-image\"><figure class=\"aligncenter\"><img decoding=\"async\" loading=\"lazy\" width=\"800\" height=\"559\" src=\"https:\/\/speyer24news.com\/wp-content\/uploads\/2019\/07\/1250-Jahre-Hockenheim-1.jpg\" alt=\"\" class=\"wp-image-17291\" srcset=\"https:\/\/speyer24news.com\/wp-content\/uploads\/2019\/07\/1250-Jahre-Hockenheim-1.jpg 800w, https:\/\/speyer24news.com\/wp-content\/uploads\/2019\/07\/1250-Jahre-Hockenheim-1-300x210.jpg 300w, https:\/\/speyer24news.com\/wp-content\/uploads\/2019\/07\/1250-Jahre-Hockenheim-1-768x537.jpg 768w\" sizes=\"(max-width: 800px) 100vw, 800px\" \/><\/figure><\/div>\n\n\n\n<h2 class=\"wp-block-heading\"><strong>JUZ-Fassade wird zur Leinwand<\/strong><\/h2>\n\n\n\n<div class=\"wp-block-image\"><figure class=\"aligncenter\"><img decoding=\"async\" loading=\"lazy\" width=\"800\" height=\"498\" src=\"https:\/\/speyer24news.com\/wp-content\/uploads\/2019\/08\/2019-08-09-JUZ_Neugestaltung-Fassade.jpg\" alt=\"\" class=\"wp-image-17662\" srcset=\"https:\/\/speyer24news.com\/wp-content\/uploads\/2019\/08\/2019-08-09-JUZ_Neugestaltung-Fassade.jpg 800w, https:\/\/speyer24news.com\/wp-content\/uploads\/2019\/08\/2019-08-09-JUZ_Neugestaltung-Fassade-300x187.jpg 300w, https:\/\/speyer24news.com\/wp-content\/uploads\/2019\/08\/2019-08-09-JUZ_Neugestaltung-Fassade-768x478.jpg 768w\" sizes=\"(max-width: 800px) 100vw, 800px\" \/><figcaption>v.l.: Kayou Azzi, Daniel K\u00f6hnlein, Tim R\u00f6der, Graffiti-K\u00fcnstler Pablo Fontagnier und Zarah Ahmed, strahlen nach getaner Arbeit um die Wette. Foto: Matthias Falke, JUZ<\/figcaption><\/figure><\/div>\n\n\n\n<p>Seit Ende Juli erstrahlt die Fassade des Jugendzentrums\nam Aquadrom (JUZ) in der Arndtstra\u00dfe 5 in neuem Glanz. Bei hochsommerlichen\nTemperaturen gestaltete der professionelle Graffiti-Sprayer Pablo Fontagnier\ngemeinsam mit vier Nachwuchsk\u00fcnstlern aus dem JUZ den Eingangsbereich des\nJugendtreffs neu. <\/p>\n\n\n\n<p>Das Ergebnis kann sich sehen lassen: Das\nvorher unscheinbare Gem\u00e4uer erstrahlt in bunten, lebensfrohen Farben und in\neiner f\u00fcr eine Jugendeinrichtung zeitgem\u00e4\u00dfen Optik.<\/p>\n\n\n\n<p>\u201eWir sind sehr zufrieden und freuen uns, dass\nwir als JUZ nunmehr auch sprichw\u00f6rtlich im \u00f6ffentlichen Raum sichtbar sind. Den\nJugendlichen gef\u00e4llt es sehr, vor allem weil sie auch selbst mitgestalten\nkonnten\u201c, sagt Einrichtungsleiter Matthias Falke.<\/p>\n\n\n\n<p>Graffiti-K\u00fcnstler\nPablo Fontagnier, der seinen vier Assistenten zun\u00e4chst eine ausf\u00fchrliche\nEinf\u00fchrung in die Geheimnisse der Graffiti-Kunst gab, war vom Engagement der\nJUZ-Besucher angetan. \u201eIch habe schon viele Jugendzentren in Deutschland\nbespr\u00fcht, aber eine solche Disziplin und eine so gro\u00dfe Einsatzfreude habe ich\nnoch nie erlebt\u201c, sagte er anerkennend.<\/p>\n\n\n\n<p>Das JUZ ist eine Einrichtung der offenen Kinder- und Jugendarbeit. \u201eEs ist ein Ort, an dem junge Menschen unabh\u00e4ngig von Sprache, Heimat, Herkunft und Glaube willkommen sind. Wir haben vielf\u00e4ltige Bildungs- und Freizeitangebote. Die neu gestaltete Fassade spiegelt diese Vielfalt und den multikulturellen Reichtum nun auch wieder\u201c, freut sich Falke. Momentan hat das JUZ Sommerpause. Ab dem 10. September sind die Betreuer Simone Sand und Matthias Falke wieder vor Ort. Dann k\u00f6nnen sich Kinder und Jugendliche im Alter von neun bis 27 Jahren beim Besuch des JUZ selbst ein Bild vom neuen Gesicht der Einrichtung machen.<\/p>\n\n\n\n<p><em>Text: Stadtverwaltung Hockenheim Foto: Matthias Falke, JUZ<br>10.08.2019<\/em><\/p>\n\n\n\n<h2 class=\"wp-block-heading\"><strong>Sommerliches\n\u00dcberraschungskino<\/strong><\/h2>\n\n\n\n<p>Das \u00dcberraschungskino in der Stadtbibliothek Hockenheim findet ausnahmsweise auch in den Sommerferien statt. Am <strong>Dienstag, 20. August 2019<\/strong>, beginnt das Kino bereits um 11 Uhr. Was gezeigt wird? Wie der Name sagt: Einfach \u00fcberraschen lassen. Es richtet sich an Kinder im Alter ab sechs Jahren. Einlass ist ab 10.30 Uhr im Vorf\u00fchrraum im Untergeschoss der Zehntscheune. Der Eintritt ist frei. Kostenlose Eintrittskarten f\u00fcr Kinder und begleitende Erwachsene sind ab sofort bis einschlie\u00dflich 19. August 2019, 18 Uhr, in der Stadtbibliothek erh\u00e4ltlich. Ein Eintritt ohne Karte ist nicht m\u00f6glich.<\/p>\n\n\n\n<p><em>Stadtverwaltung Hockenheim<br>10.08.2019<\/em><\/p>\n","protected":false},"excerpt":{"rendered":"<div class=\"mh-excerpt\"><p>JUZ-Fassade wird zur Leinwand Seit Ende Juli erstrahlt die Fassade des Jugendzentrums am Aquadrom (JUZ) in der Arndtstra\u00dfe 5 in neuem Glanz. Bei hochsommerlichen Temperaturen gestaltete der professionelle Graffiti-Sprayer Pablo Fontagnier gemeinsam mit vier Nachwuchsk\u00fcnstlern <a class=\"mh-excerpt-more\" href=\"https:\/\/speyer24news.com\/?p=17661\" title=\"Hockenheim:\">[&#8230;]<\/a><\/p>\n<\/div>","protected":false},"author":3,"featured_media":17326,"comment_status":"open","ping_status":"open","sticky":false,"template":"","format":"standard","meta":{"_monsterinsights_skip_tracking":false,"_monsterinsights_sitenote_active":false,"_monsterinsights_sitenote_note":"","_monsterinsights_sitenote_category":0,"footnotes":""},"categories":[489],"tags":[108,2650,885,2649,2651,1286],"aioseo_notices":[],"amp_enabled":true,"_links":{"self":[{"href":"https:\/\/speyer24news.com\/index.php?rest_route=\/wp\/v2\/posts\/17661"}],"collection":[{"href":"https:\/\/speyer24news.com\/index.php?rest_route=\/wp\/v2\/posts"}],"about":[{"href":"https:\/\/speyer24news.com\/index.php?rest_route=\/wp\/v2\/types\/post"}],"author":[{"embeddable":true,"href":"https:\/\/speyer24news.com\/index.php?rest_route=\/wp\/v2\/users\/3"}],"replies":[{"embeddable":true,"href":"https:\/\/speyer24news.com\/index.php?rest_route=%2Fwp%2Fv2%2Fcomments&post=17661"}],"version-history":[{"count":1,"href":"https:\/\/speyer24news.com\/index.php?rest_route=\/wp\/v2\/posts\/17661\/revisions"}],"predecessor-version":[{"id":17663,"href":"https:\/\/speyer24news.com\/index.php?rest_route=\/wp\/v2\/posts\/17661\/revisions\/17663"}],"wp:featuredmedia":[{"embeddable":true,"href":"https:\/\/speyer24news.com\/index.php?rest_route=\/wp\/v2\/media\/17326"}],"wp:attachment":[{"href":"https:\/\/speyer24news.com\/index.php?rest_route=%2Fwp%2Fv2%2Fmedia&parent=17661"}],"wp:term":[{"taxonomy":"category","embeddable":true,"href":"https:\/\/speyer24news.com\/index.php?rest_route=%2Fwp%2Fv2%2Fcategories&post=17661"},{"taxonomy":"post_tag","embeddable":true,"href":"https:\/\/speyer24news.com\/index.php?rest_route=%2Fwp%2Fv2%2Ftags&post=17661"}],"curies":[{"name":"wp","href":"https:\/\/api.w.org\/{rel}","templated":true}]}}