{"id":17681,"date":"2019-08-10T11:45:53","date_gmt":"2019-08-10T10:45:53","guid":{"rendered":"https:\/\/speyer24news.com\/?p=17681"},"modified":"2019-08-10T11:45:55","modified_gmt":"2019-08-10T10:45:55","slug":"verkehrsnotizen-stadtnotizen","status":"publish","type":"post","link":"https:\/\/speyer24news.com\/?p=17681","title":{"rendered":"Verkehrsnotizen &#038; Stadtnotizen:"},"content":{"rendered":"<style type=\"text\/css\">\r\n\t.ads_top_disp{}\r\n\t.ads_top_corner_disp{ float:left; margin:0px 10px 10px 0px; }\r\n\t.ads_first_p_disp{}\r\n\t.ads_bottom_disp{}\r\n\t<\/style>\n<h1 class=\"wp-block-heading\" style=\"text-align:center\">Stadtnotizen:<\/h1>\n\n\n\n<div class=\"wp-block-image\"><figure class=\"aligncenter\"><img decoding=\"async\" src=\"https:\/\/speyer24news.com\/wp-content\/uploads\/2019\/07\/Speyer-Logo-1.jpg\" alt=\"\" class=\"wp-image-16683\"\/><\/figure><\/div>\n\n\n\n<h2 class=\"wp-block-heading\"><strong>Speyer im Zeichen der Regenbogenflagge<\/strong><\/h2>\n\n\n\n<div class=\"wp-block-image\"><figure class=\"aligncenter\"><img decoding=\"async\" loading=\"lazy\" width=\"800\" height=\"600\" src=\"https:\/\/speyer24news.com\/wp-content\/uploads\/2019\/08\/DSC06560.jpg\" alt=\"\" class=\"wp-image-17686\" srcset=\"https:\/\/speyer24news.com\/wp-content\/uploads\/2019\/08\/DSC06560.jpg 800w, https:\/\/speyer24news.com\/wp-content\/uploads\/2019\/08\/DSC06560-300x225.jpg 300w, https:\/\/speyer24news.com\/wp-content\/uploads\/2019\/08\/DSC06560-768x576.jpg 768w, https:\/\/speyer24news.com\/wp-content\/uploads\/2019\/08\/DSC06560-678x509.jpg 678w, https:\/\/speyer24news.com\/wp-content\/uploads\/2019\/08\/DSC06560-326x245.jpg 326w, https:\/\/speyer24news.com\/wp-content\/uploads\/2019\/08\/DSC06560-80x60.jpg 80w\" sizes=\"(max-width: 800px) 100vw, 800px\" \/><\/figure><\/div>\n\n\n\n<p>Anl\u00e4sslich des Christopher Street Days (CSD) Rhein-Neckar vom 9. bis 11. August  2019 zeigt auch die Stadt Speyer Flagge und hat am Stadthaus, dem Rathaus und der Villa Ecarius die Regenbogenflagge gehisst. \u201eSpeyer ist eine bunte und offene Stadt und lebt von der  Vielf\u00e4ltigkeit der Menschen in der Region. Gerne unterst\u00fctzen wir den  CSD und setzen mit der Regenbogenflagge ein deutliches  Zeichen f\u00fcr mehr Toleranz und Gleichberechtigung und gegen die  Diskriminierung von lesbischen, schwulen, bisexuellen,  transgeschlechtlichen und intergeschlechtlichen Menschen (LSBTI*)\u201c, so  Oberb\u00fcrgermeisterin Stefanie Seiler.<\/p>\n\n\n\n<div class=\"wp-block-image\"><figure class=\"aligncenter\"><img decoding=\"async\" loading=\"lazy\" width=\"500\" height=\"679\" src=\"https:\/\/speyer24news.com\/wp-content\/uploads\/2019\/08\/IMG_4872.jpg\" alt=\"\" class=\"wp-image-17687\" srcset=\"https:\/\/speyer24news.com\/wp-content\/uploads\/2019\/08\/IMG_4872.jpg 500w, https:\/\/speyer24news.com\/wp-content\/uploads\/2019\/08\/IMG_4872-221x300.jpg 221w\" sizes=\"(max-width: 500px) 100vw, 500px\" \/><\/figure><\/div>\n\n\n\n<p>In  diesem Jahr findet der CSD Rhein-Neckar unter dem Motto \u201eZusammenhalt  wirkt \u2013 50 Jahre Stonewall\u201c statt und erinnert an seine historischen  Urspr\u00fcnge in New York City, wo es am 28. Juni 1969 in der Szene-Bar  Stonewall Inn zu Demonstrationen und Aufst\u00e4nden gegen die Polizeigewalt  gegen\u00fcber Homosexuellen kam. Der CSD Rhein-Neckar ist der Christopher  Street Day in den St\u00e4dten Mannheim, Ludwigshafen  und Heidelberg sowie in der gesamten Rhein-Neckar-Region. Den H\u00f6hepunkt  bilden die politische Demonstration und Parade durch die Mannheimer  Innenstadt am Samstag, 10. August 2019 und das anschlie\u00dfende Stra\u00dfenfest  im Ehrenhof des Mannheimer Schlosses.<\/p>\n\n\n\n<p><em>Stadt Speyer<br>10.08.2019<\/em><\/p>\n\n\n\n<h2 class=\"wp-block-heading\"><strong>\u201eFlorale Gr\u00fc\u00dfe aus Speyer!\u201c<\/strong><\/h2>\n\n\n\n<figure class=\"wp-block-image\"><img decoding=\"async\" loading=\"lazy\" width=\"800\" height=\"524\" src=\"https:\/\/speyer24news.com\/wp-content\/uploads\/2019\/08\/StASp_233-1_Reg_010093_Mehrfachansicht_gelaufen_11Mai1899_Mail.jpg\" alt=\"\" class=\"wp-image-17683\" srcset=\"https:\/\/speyer24news.com\/wp-content\/uploads\/2019\/08\/StASp_233-1_Reg_010093_Mehrfachansicht_gelaufen_11Mai1899_Mail.jpg 800w, https:\/\/speyer24news.com\/wp-content\/uploads\/2019\/08\/StASp_233-1_Reg_010093_Mehrfachansicht_gelaufen_11Mai1899_Mail-300x197.jpg 300w, https:\/\/speyer24news.com\/wp-content\/uploads\/2019\/08\/StASp_233-1_Reg_010093_Mehrfachansicht_gelaufen_11Mai1899_Mail-768x503.jpg 768w\" sizes=\"(max-width: 800px) 100vw, 800px\" \/><\/figure>\n\n\n\n<p>Im Zeitalter von WhatsApp und Instagram darf man durchaus nostalgisch  werden: Passend zum 150-j\u00e4hrigen Jubil\u00e4um der Postkarte am 1. Oktober  2019 hat das Stadtarchiv Speyer drei Ansichtskarten aus seinem  Bildarchiv als hochwertige Postkarten neu aufgelegt. Die  grafisch aufw\u00e4ndig gestalteten farbigen Chromolithografien stammen aus  der Zeit um 1900.<\/p>\n\n\n\n<div class=\"wp-block-image\"><figure class=\"aligncenter\"><img decoding=\"async\" loading=\"lazy\" width=\"800\" height=\"522\" src=\"https:\/\/speyer24news.com\/wp-content\/uploads\/2019\/08\/StASp_233-1_Reg_12568_Speyer_Mehrfachansicht_gelaufen_05Juli1896_Mail.jpg\" alt=\"\" class=\"wp-image-17684\" srcset=\"https:\/\/speyer24news.com\/wp-content\/uploads\/2019\/08\/StASp_233-1_Reg_12568_Speyer_Mehrfachansicht_gelaufen_05Juli1896_Mail.jpg 800w, https:\/\/speyer24news.com\/wp-content\/uploads\/2019\/08\/StASp_233-1_Reg_12568_Speyer_Mehrfachansicht_gelaufen_05Juli1896_Mail-300x196.jpg 300w, https:\/\/speyer24news.com\/wp-content\/uploads\/2019\/08\/StASp_233-1_Reg_12568_Speyer_Mehrfachansicht_gelaufen_05Juli1896_Mail-768x501.jpg 768w\" sizes=\"(max-width: 800px) 100vw, 800px\" \/><\/figure><\/div>\n\n\n\n<p>Die Idee dazu ergab sich bei der Recherche nach  floralen Bildmotiven f\u00fcr die Ausstellung \u201eEs gr\u00fcnt so gryn wenn Speyers  Bl\u00fcten bl\u00fchen\u201c, die im Rahmen der Aktion \u201eDas Gryne Band\u201c noch bis zum  29. September im Glaspavillon, Rathausr\u00fcckgeb\u00e4ude,  Maximilianstra\u00dfe 12, gezeigt wird \u2013 best\u00e4rkt durch die positiven  Reaktionen auf die dort gezeigten nostalgischen Postkarten.<\/p>\n\n\n\n<div class=\"wp-block-image\"><figure class=\"aligncenter\"><img decoding=\"async\" loading=\"lazy\" width=\"800\" height=\"514\" src=\"https:\/\/speyer24news.com\/wp-content\/uploads\/2019\/08\/StASp_233-6_Nr_000793_Mehrfachansicht_Kleeblatt_Mail.jpg\" alt=\"\" class=\"wp-image-17685\" srcset=\"https:\/\/speyer24news.com\/wp-content\/uploads\/2019\/08\/StASp_233-6_Nr_000793_Mehrfachansicht_Kleeblatt_Mail.jpg 800w, https:\/\/speyer24news.com\/wp-content\/uploads\/2019\/08\/StASp_233-6_Nr_000793_Mehrfachansicht_Kleeblatt_Mail-300x193.jpg 300w, https:\/\/speyer24news.com\/wp-content\/uploads\/2019\/08\/StASp_233-6_Nr_000793_Mehrfachansicht_Kleeblatt_Mail-768x493.jpg 768w\" sizes=\"(max-width: 800px) 100vw, 800px\" \/><\/figure><\/div>\n\n\n\n<p>Die drei Ansichtskarten k\u00f6nnen zum Preis von je  1,00 Euro oder im 3-er-Set f\u00fcr 2,50 Euro in der Tourist-Information  Speyer (Mo \u2013 Fr\u00a0\u00a09:00 &#8211; 12:00 und 14:00 \u2013 17:00 Uhr,\u00a0 Sa 10:00 \u2013 15:00  Uhr, So und Feiertag\u00a0 10:00 \u2013 14:00 Uhr) und im Stadtarchiv  Speyer (Di \u2013 Do 9:00 \u2013 12:00 und 13:00 \u2013 16:00 Uhr) erworben werden.<\/p>\n\n\n\n<p><em>Stadt Speyer<br>10.08.2019<\/em><\/p>\n\n\n\n<h2 class=\"wp-block-heading\"><strong>Gro\u00dfz\u00fcgige Drittmittelf\u00f6rderung: Stadtarchiv Speyer erh\u00e4lt Bundesmittel zur Bestandserhaltung<\/strong><\/h2>\n\n\n\n<div class=\"wp-block-image\"><figure class=\"aligncenter\"><img decoding=\"async\" loading=\"lazy\" width=\"500\" height=\"654\" src=\"https:\/\/speyer24news.com\/wp-content\/uploads\/2019\/08\/IMG_8714.jpg\" alt=\"\" class=\"wp-image-17682\" srcset=\"https:\/\/speyer24news.com\/wp-content\/uploads\/2019\/08\/IMG_8714.jpg 500w, https:\/\/speyer24news.com\/wp-content\/uploads\/2019\/08\/IMG_8714-229x300.jpg 229w\" sizes=\"(max-width: 500px) 100vw, 500px\" \/><\/figure><\/div>\n\n\n\n<p>Dank\n der Vermittlung der Landesstelle Bestandserhaltung in Rheinland-Pfalz \nerhielt das Stadtarchiv Speyer eine Vollf\u00f6rderung der \nKoordinierungsstelle\n f\u00fcr die Erhaltung des schriftlichen Kulturguts (KEK) in H\u00f6he von rund \n26.000 Euro.\n<\/p>\n\n\n\n<p>\u201eWir\n sind froh und dankbar, dass wir Bundesmittel in dieser betr\u00e4chtlichen \nH\u00f6he f\u00fcr die Erhaltung der wertvollen und einzigartigen\n Akten aus reichsst\u00e4dtischer Zeit bekommen haben\u201c, betont Dr. Christiane\n Pfanz-Sponagel, Leiterin des Stadtarchivs Speyer. Die historischen \nSchriftst\u00fccke wiesen Spuren eines \u00e4lteren Feuchtigkeitsschadens auf und \nkonnten im Rahmen der Bundesmittelf\u00f6rderung nun\n (trocken) gereinigt und konservatorisch behandelt werden. Sie sind \nnicht nur von \u00fcberregionaler Relevanz, sondern auch f\u00fcr die Erforschung \nder deutschen Geschichte des Mittelalters und der fr\u00fchen Neuzeit \ninteressant. Speyer war \u00fcber die Salier- und Stauferzeit\n hinaus ein \u201eZentralort\u201c des Reiches. Die Beziehungen der Stadtobrigkeit\n zu Kaiser und Reich k\u00f6nnen nicht nur anhand der Mitwirkung in der \n\u201egro\u00dfen Politik\u201c nachgezeichnet werden, sondern zeigen sich auch im \nvergleichsweise umfangreichen Niederschlag in den\n Aktenbest\u00e4nden des Stadtarchivs, dem \u00e4ltesten Kommunalarchiv der Pfalz.\n <\/p>\n\n\n\n<p>Die\n 2011 von der Beauftragten der Bundesregierung f\u00fcr Kultur und Medien \n(BKM) und der Kulturstiftung der L\u00e4nder eingerichtete \nKoordinierungsstelle\n f\u00fcr die Erhaltung des schriftlichen Kulturguts hat sich, wie ihr Name \nschon sagt, bundesweit den Erhalt des schriftlichen Kulturgutes zur \nAufgabe gemacht. Die Landesstelle Bestandserhaltung in Rheinland-Pfalz \nnimmt sich des Themas auf Landesebene an. Die Institution\n weist darauf hin, dass schriftliches Kulturgut ein wichtiger Teil des \nkulturellen Ged\u00e4chtnisses und sinn- und identit\u00e4tsstiftend f\u00fcr die \nGesellschaft ist. Ferner betont sie die Bedeutung des authentischen \nOriginals: \u201eDas Original z\u00e4hlt. Digitalisierung tr\u00e4gt\n zwar auch zum Schutz des schriftlichen Kulturguts bei, kann das \nOriginal aber nicht ersetzen.\u201c<\/p>\n\n\n\n<p>Mit\n mehr als 2,5 km Archivgut lagern im Stadtarchiv Speyer Millionen von \nDokumenten, deren Restaurierung im Schadensfall unbezahlbar\n w\u00e4re. Archive und andere schriftliches Kulturgut verwahrende \nInstitutionen m\u00fcssen daher nicht zuletzt aus wirtschaftlichen Gr\u00fcnden \nauf Pr\u00e4vention setzen, um die Entstehung von Sch\u00e4den zu vermeiden. K\u00fchle\n und trockene Lagerorte, Schutzverpackungen und Reinigungsarbeiten\n sowie Notfallvorsorge sind solche vorbeugenden Ma\u00dfnahmen.<\/p>\n\n\n\n<p>F\u00fcr  die Nachhaltigkeit des Projektes im Stadtarchiv Speyer ist gesorgt.  Derzeit wird der Bestand in s\u00e4urefreie Archivkartons umverpackt.  Durch den Ende August erfolgenden Einbau eines Klimager\u00e4ts werden die  Lagerungsbedingungen erheblich verbessert. Dar\u00fcber hinaus sind weitere  Ma\u00dfnahmen zur dauerhaften Bestandserhaltung f\u00fcr andere bedeutende  Archivalien geplant.<\/p>\n\n\n\n<p><em>Stadt Speyer<br>10.08.2019<\/em><\/p>\n\n\n\n<h1 class=\"wp-block-heading\" style=\"text-align:center\">Verkehrsnotizen:<\/h1>\n\n\n\n<figure class=\"wp-block-image\"><img decoding=\"async\" src=\"https:\/\/speyer24news.com\/wp-content\/uploads\/2019\/07\/Vollsperrung-2.jpg\" alt=\"\" class=\"wp-image-17123\"\/><\/figure>\n\n\n\n<h2 class=\"wp-block-heading\"><strong>Kleine Pfaffengasse gesperrt<\/strong><\/h2>\n\n\n\n<p>Aufgrund  von Leitungsarbeiten wird die Kleine Pfaffengasse zwischen Kulturhof  und Grasgasse <strong>ab 16.08.2019 bis voraussichtlich 22.08.2019<\/strong>  f\u00fcr den Individualverkehr gesperrt. Die Kleine Pfaffengasse wird  beidseitig als Sackgasse ausgewiesen und eine Umleitung eingerichtet.<\/p>\n\n\n\n<p>Bei R\u00fcckfragen steht die Tiefbauabteilung unter der Telefonnummern 14-2237 zur Verf\u00fcgung.<\/p>\n\n\n\n<h2 class=\"wp-block-heading\"><strong>Korngasse gesperrt<\/strong><\/h2>\n\n\n\n<p>Aufgrund  von Leitungsarbeiten wird die Korngasse in H\u00f6he Bistumshaus <strong>ab 19.08.2019 bis voraussichtlich 27.08.2019 <\/strong>f\u00fcr den motorisierten  Individualverkehr gesperrt. Die Korngasse wird beidseitig als Sackgasse  ausgewiesen.<\/p>\n\n\n\n<p>Bei R\u00fcckfragen steht die Stra\u00dfenverkehrsbeh\u00f6rde unter den Telefonnummern 14-2739, -2682 und -2492 zur Verf\u00fcgung.<\/p>\n\n\n\n<p><em>Stadt Speyer<br>10.08.2019<\/em><\/p>\n","protected":false},"excerpt":{"rendered":"<div class=\"mh-excerpt\"><p>Stadtnotizen: Speyer im Zeichen der Regenbogenflagge Anl\u00e4sslich des Christopher Street Days (CSD) Rhein-Neckar vom 9. bis 11. August 2019 zeigt auch die Stadt Speyer Flagge und hat am Stadthaus, dem Rathaus und der Villa Ecarius <a class=\"mh-excerpt-more\" href=\"https:\/\/speyer24news.com\/?p=17681\" title=\"Verkehrsnotizen &#038; Stadtnotizen:\">[&#8230;]<\/a><\/p>\n<\/div>","protected":false},"author":3,"featured_media":0,"comment_status":"open","ping_status":"open","sticky":false,"template":"","format":"standard","meta":{"_monsterinsights_skip_tracking":false,"_monsterinsights_sitenote_active":false,"_monsterinsights_sitenote_note":"","_monsterinsights_sitenote_category":0,"footnotes":""},"categories":[47],"tags":[2667,2672,2668,2673,926,2675,2676,2671,2669,2670,6,2674,657,658],"aioseo_notices":[],"amp_enabled":true,"_links":{"self":[{"href":"https:\/\/speyer24news.com\/index.php?rest_route=\/wp\/v2\/posts\/17681"}],"collection":[{"href":"https:\/\/speyer24news.com\/index.php?rest_route=\/wp\/v2\/posts"}],"about":[{"href":"https:\/\/speyer24news.com\/index.php?rest_route=\/wp\/v2\/types\/post"}],"author":[{"embeddable":true,"href":"https:\/\/speyer24news.com\/index.php?rest_route=\/wp\/v2\/users\/3"}],"replies":[{"embeddable":true,"href":"https:\/\/speyer24news.com\/index.php?rest_route=%2Fwp%2Fv2%2Fcomments&post=17681"}],"version-history":[{"count":1,"href":"https:\/\/speyer24news.com\/index.php?rest_route=\/wp\/v2\/posts\/17681\/revisions"}],"predecessor-version":[{"id":17688,"href":"https:\/\/speyer24news.com\/index.php?rest_route=\/wp\/v2\/posts\/17681\/revisions\/17688"}],"wp:attachment":[{"href":"https:\/\/speyer24news.com\/index.php?rest_route=%2Fwp%2Fv2%2Fmedia&parent=17681"}],"wp:term":[{"taxonomy":"category","embeddable":true,"href":"https:\/\/speyer24news.com\/index.php?rest_route=%2Fwp%2Fv2%2Fcategories&post=17681"},{"taxonomy":"post_tag","embeddable":true,"href":"https:\/\/speyer24news.com\/index.php?rest_route=%2Fwp%2Fv2%2Ftags&post=17681"}],"curies":[{"name":"wp","href":"https:\/\/api.w.org\/{rel}","templated":true}]}}