{"id":17697,"date":"2019-08-10T12:17:20","date_gmt":"2019-08-10T11:17:20","guid":{"rendered":"https:\/\/speyer24news.com\/?p=17697"},"modified":"2019-08-10T12:17:22","modified_gmt":"2019-08-10T11:17:22","slug":"geschwindigkeitskontrolle-blitzer-4","status":"publish","type":"post","link":"https:\/\/speyer24news.com\/?p=17697","title":{"rendered":"Geschwindigkeitskontrolle \/ Blitzer:"},"content":{"rendered":"<style type=\"text\/css\">\r\n\t.ads_top_disp{}\r\n\t.ads_top_corner_disp{ float:left; margin:0px 10px 10px 0px; }\r\n\t.ads_first_p_disp{}\r\n\t.ads_bottom_disp{}\r\n\t<\/style>\n<h2 class=\"wp-block-heading\">Radarkontrollen f\u00fcr die Woche vom 12. August bis 18. August 2019<\/h2>\n\n\n\n<figure class=\"wp-block-image\"><img decoding=\"async\" src=\"https:\/\/speyer24news.com\/wp-content\/uploads\/2019\/07\/Radar.jpg\" alt=\"\" class=\"wp-image-17421\"\/><\/figure>\n\n\n\n<p><strong>(Ludwigshafen) &#8211; <\/strong>Die Stadt Ludwigshafen nimmt in folgenden Stadtteilen Radarkontrollen vor.<\/p>\n\n\n\n<ul><li> Montag, 12. August: Oggersheim, Mitte und West<\/li><li> Dienstag, 13. August: Gartenstadt, Rheing\u00f6nheim und Mundenheim<\/li><li> Mittwoch, 14. August: Edigheim, Maudach und Pfingstweide<\/li><li> Donnerstag, 15. August: S\u00fcd, Ruchheim und Oggersheim<\/li><li> Freitag, 16. August: Oppau, Friesenheim und Nord<\/li><li> Samstag, 17. August: Gartenstadt und Oggersheim<\/li><\/ul>\n\n\n\n<p>Kurzfristige \u00c4nderungen beh\u00e4lt sich der Bereich Stra\u00dfenverkehr vor. Kontrollen k\u00f6nnen auch kurzfristig an anderen Stellen stattfinden.<\/p>\n\n\n\n<p><em>Stadt Ludwigshafen am Rhein<br>10.08.2019<\/em><\/p>\n\n\n\n<h2 class=\"wp-block-heading\">Geschwindigkeitskontrollen die Woche vom 12. bis 16. August<\/h2>\n\n\n\n<figure class=\"wp-block-image\"><img decoding=\"async\" src=\"https:\/\/speyer24news.com\/wp-content\/uploads\/2019\/07\/Kontrolle-BaW\u00fc-1.jpg\" alt=\"\" class=\"wp-image-17422\"\/><\/figure>\n\n\n\n<p><strong>(Mannheim) &#8211; <\/strong>Die Stadt Mannheim f\u00fchrt vom 12. bis 16. August in folgenden Stra\u00dfen Radarkontrollen durch:<\/p>\n\n\n\n<ul><li> Bellenstra\u00dfe<\/li><li> Carolus-Vocke-Ring<\/li><li> Collinistra\u00dfe<\/li><li> Darmstadter Stra\u00dfe<\/li><li> Eschenhof<\/li><li> Gl\u00fccksteinplatz<\/li><li> Hauptstra\u00dfe<\/li><li> Kleiner Anfang<\/li><li> Kolpingstra\u00dfe<\/li><li> Marburger Stra\u00dfe<\/li><li> Meerfeldstra\u00dfe<\/li><li> Meerwiesenstra\u00dfe<\/li><li> Mudauer Ring<\/li><li> Otto-Siffling-Stra\u00dfe<\/li><li> Rheinaustra\u00dfe<\/li><li> Schwanenstra\u00dfe<\/li><li> Schwarzwaldstra\u00dfe<\/li><li> Speckweg<\/li><li> Talstra\u00dfe<\/li><li> Theodor-Heuss-Anlage<\/li><li> Windeckstra\u00dfe<\/li><li> Z\u00e4her Wille<\/li><\/ul>\n\n\n\n<p>Kurzfristige \u00c4nderungen oder zus\u00e4tzliche Messstellen sind aus aktuellem Anlass m\u00f6glich.<\/p>\n\n\n\n<p><em>Stadt Mannheim<br>10.08.2019<\/em><\/p>\n","protected":false},"excerpt":{"rendered":"<div class=\"mh-excerpt\"><p>Radarkontrollen f\u00fcr die Woche vom 12. August bis 18. August 2019 (Ludwigshafen) &#8211; Die Stadt Ludwigshafen nimmt in folgenden Stadtteilen Radarkontrollen vor. Montag, 12. August: Oggersheim, Mitte und West Dienstag, 13. August: Gartenstadt, Rheing\u00f6nheim und <a class=\"mh-excerpt-more\" href=\"https:\/\/speyer24news.com\/?p=17697\" title=\"Geschwindigkeitskontrolle \/ Blitzer:\">[&#8230;]<\/a><\/p>\n<\/div>","protected":false},"author":3,"featured_media":0,"comment_status":"open","ping_status":"open","sticky":false,"template":"","format":"standard","meta":{"_monsterinsights_skip_tracking":false,"_monsterinsights_sitenote_active":false,"_monsterinsights_sitenote_note":"","_monsterinsights_sitenote_category":0,"footnotes":""},"categories":[64],"tags":[19,947,28,779,227,17,949,1310,948],"aioseo_notices":[],"amp_enabled":true,"_links":{"self":[{"href":"https:\/\/speyer24news.com\/index.php?rest_route=\/wp\/v2\/posts\/17697"}],"collection":[{"href":"https:\/\/speyer24news.com\/index.php?rest_route=\/wp\/v2\/posts"}],"about":[{"href":"https:\/\/speyer24news.com\/index.php?rest_route=\/wp\/v2\/types\/post"}],"author":[{"embeddable":true,"href":"https:\/\/speyer24news.com\/index.php?rest_route=\/wp\/v2\/users\/3"}],"replies":[{"embeddable":true,"href":"https:\/\/speyer24news.com\/index.php?rest_route=%2Fwp%2Fv2%2Fcomments&post=17697"}],"version-history":[{"count":1,"href":"https:\/\/speyer24news.com\/index.php?rest_route=\/wp\/v2\/posts\/17697\/revisions"}],"predecessor-version":[{"id":17698,"href":"https:\/\/speyer24news.com\/index.php?rest_route=\/wp\/v2\/posts\/17697\/revisions\/17698"}],"wp:attachment":[{"href":"https:\/\/speyer24news.com\/index.php?rest_route=%2Fwp%2Fv2%2Fmedia&parent=17697"}],"wp:term":[{"taxonomy":"category","embeddable":true,"href":"https:\/\/speyer24news.com\/index.php?rest_route=%2Fwp%2Fv2%2Fcategories&post=17697"},{"taxonomy":"post_tag","embeddable":true,"href":"https:\/\/speyer24news.com\/index.php?rest_route=%2Fwp%2Fv2%2Ftags&post=17697"}],"curies":[{"name":"wp","href":"https:\/\/api.w.org\/{rel}","templated":true}]}}