{"id":17699,"date":"2019-08-11T08:41:59","date_gmt":"2019-08-11T07:41:59","guid":{"rendered":"https:\/\/speyer24news.com\/?p=17699"},"modified":"2019-08-11T10:38:53","modified_gmt":"2019-08-11T09:38:53","slug":"polizei-37","status":"publish","type":"post","link":"https:\/\/speyer24news.com\/?p=17699","title":{"rendered":"Polizei:"},"content":{"rendered":"<style type=\"text\/css\">\r\n\t.ads_top_disp{}\r\n\t.ads_top_corner_disp{ float:left; margin:0px 10px 10px 0px; }\r\n\t.ads_first_p_disp{}\r\n\t.ads_bottom_disp{}\r\n\t<\/style>\n<h2 class=\"wp-block-heading\">Polizeimeldungen vom Wochenende (10.08 &amp; 11.08.2019)<\/h2>\n\n\n\n<div class=\"wp-block-image\"><figure class=\"aligncenter\"><img decoding=\"async\" src=\"https:\/\/speyer24news.com\/wp-content\/uploads\/2019\/07\/Aktuelles-Polizeilogo-1.jpg\" alt=\"\" class=\"wp-image-16637\"\/><\/figure><\/div>\n\n\n\n<h4 class=\"wp-block-heading\">(Speyer) &#8211; Verkehrsunfallflucht unter Alkoholeinfluss<\/h4>\n\n\n\n<p>Eine 47-j\u00e4hrige Autofahrerin parkte, in der Nacht zu Sonntag, ihren PKW auf einem Parkplatz in der Speyerer Innenstadt aus und touchierte dabei zwei geparkte  Fahrzeuge. Allerdings fl\u00fcchtete sie von der Unfallstelle, konnte jedoch  kurz darauf angehalten und einer Verkehrskontrolle unterzogen werden.  Dabei konnte auch die Ursache f\u00fcr ihre Fahrunsicherheit festgestellt  werden: 2,05 Promille. Die Frau musste eine Blutprobe und ihren  F\u00fchrerschein abgeben. <\/p>\n\n\n\n<p>Sie erwartet ein Strafverfahren wegen Stra\u00dfenverkehrsgef\u00e4hrdung und Verkehrsunfallflucht. <\/p>\n\n\n\n<h4 class=\"wp-block-heading\">(Speyer) &#8211; 24-j\u00e4hriger Speyerer nach Schl\u00e4gerei verletzt<\/h4>\n\n\n\n<p>Am Freitagabend, dem 09.08.2019 kam es in der Innenstadt von Speyer zu einer  Schl\u00e4gerei zwischen mehreren Jugendlichen. Dabei wurde ein 24-j\u00e4hriger  Mann durch mehrere Jugendliche angegriffen und leicht verletzt. Die  T\u00e4ter fl\u00fcchteten zwar zun\u00e4chst vor dem Eintreffen der Polizei und  konnten auch trotz umfangreicher Fahndungsma\u00dfnahmen nicht mehr  angetroffen werden. Allerdings konnten zwei Jugendliche, auf welche die  Personenbeschreibung der m\u00f6glichen T\u00e4ter zutraf, unter den Schaulustigen  festgestellt und kontrolliert werden. Ermittlungen zu einer m\u00f6glichen  Tatbeteiligung laufen. <\/p>\n\n\n\n<p>Zeugenhinweise werden unter Tel.-Nr. 06232-1370 oder per Mail an <a href=\"mailto:pispeyer@polizei.rlp.de\">pispeyer@polizei.rlp.de<\/a> entgegen genommen. <\/p>\n\n\n\n<h4 class=\"wp-block-heading\">(Speyer) &#8211; 35-j\u00e4hriger st\u00fcrzt unter Alkoholeinfluss mit dem Fahrrad auf dem Radweg<\/h4>\n\n\n\n<p>Am Freitagabend, dem 09.08.2019, f\u00e4hrt ein 35-j\u00e4hriger Mann aus Speyer auf  der Wormser Landstra\u00dfe in Richtung Speyerer Norden und st\u00fcrzt bei  regennasser Fahrbahn auf dem Radweg. Der Mann wird leicht verletzt und  ins Krankenhaus gebracht. <\/p>\n\n\n\n<p>Da durch die eingesetzten Beamten vor  Ort Alkoholgeruch wahrgenommen werden kann, wird mit dem Mann ein  freiwilliger Alkoholtest angeboten. Da dieser einen Wert von 2,08  Promille ergab, wurde dem Verunfallten im Krankenhaus auch eine  Blutprobe entnommen. Es wird gegen ihn ein Ermittlungsverfahren wegen  Stra\u00dfenverkehrsgef\u00e4hrdung unter Alkoholeinfluss eingeleitet. <\/p>\n\n\n\n<h4 class=\"wp-block-heading\">(Otterstadt) &#8211; PKW aufgebrochen und Autoradio entwendet<\/h4>\n\n\n\n<p>Ein 43-j\u00e4hriger Mann hatte am Freitagabend seinen PKW auf einem Parkplatz in Otterstadt  an einem Campingplatz geparkt. Offenbar suchte ein unbekannter T\u00e4ter in  der Nacht das Fahrzeug auf, verschaffte sich \u00fcber das Cabrio-Dach  Zugang in den Innenraum und baute das Autoradio aus. Auch weitere  Wertgegenst\u00e4nde wurden entwendet. <\/p>\n\n\n\n<p>Es entstand ein Sachschaden in vierstelliger H\u00f6he. <\/p>\n\n\n\n<p>Zeugenhinweise werden unter Tel.-Nr. 06232-1370 oder per Mail an <a href=\"mailto:pispeyer@polizei.rlp.de\">pispeyer@polizei.rlp.de<\/a> entgegen genommen. <\/p>\n\n\n\n<h4 class=\"wp-block-heading\">(Waldsee) &#8211; R\u00e4uberischer Diebstahl<\/h4>\n\n\n\n<p>Am Samstagmorgen brachen zwei unbekannte T\u00e4ter in eine Lagerhalle ein  und entwendeten ca. 1 Tonne Kupferkabel, welches sie in einen wei\u00dfen  Transporter luden. Hierbei wurden sie vom Gesch\u00e4digten bemerkt, der von  einem T\u00e4ter daraufhin angegriffen und geschlagen wurde. Den T\u00e4tern  gelang die Flucht. Zeugen, die Angaben zur Tat oder T\u00e4ter machen k\u00f6nnen,  werden gebeten, sich mit der Polizeiinspektion Schifferstadt unter der  06235 4950 oder per Email <a href=\"mailto:pischifferstadt@polizei.rlp.de\">pischifferstadt@polizei.rlp.de<\/a> in Verbindung zu setzen. <\/p>\n\n\n\n<h4 class=\"wp-block-heading\">(Schifferstadt) &#8211; Falschfahrer A 61 Fahrtrichtung Speyer zwischen Anschlussstelle Schifferstadt und Kreuz Speyer<\/h4>\n\n\n\n<div class=\"wp-block-image\"><figure class=\"aligncenter\"><img decoding=\"async\" loading=\"lazy\" width=\"800\" height=\"533\" src=\"https:\/\/speyer24news.com\/wp-content\/uploads\/2019\/08\/10.08.19-Schifferstadt-Falschfahrer.jpg\" alt=\"\" class=\"wp-image-17700\" srcset=\"https:\/\/speyer24news.com\/wp-content\/uploads\/2019\/08\/10.08.19-Schifferstadt-Falschfahrer.jpg 800w, https:\/\/speyer24news.com\/wp-content\/uploads\/2019\/08\/10.08.19-Schifferstadt-Falschfahrer-300x200.jpg 300w, https:\/\/speyer24news.com\/wp-content\/uploads\/2019\/08\/10.08.19-Schifferstadt-Falschfahrer-768x512.jpg 768w\" sizes=\"(max-width: 800px) 100vw, 800px\" \/><figcaption>Kraftrad<\/figcaption><\/figure><\/div>\n\n\n\n<p>Am 10.08.19, gegen 18:25 Uhr, wurde der Polizeiautobahnstation Ruchheim  mitgeteilt, dass ein Motorrad als Geisterfahrer auf der A61 gesehen  wurde. Das Motorrad soll auf der Richtungsfahrbahn Speyer entgegen der  Fahrtrichtung zwischen dem Kreuz Speyer und der Anschlussstelle  Schifferstadt gefahren sein. Die \u00d6rtlichkeit wurde umgehend durch zwei  Streifen der Polizeiautobahnstation Ruchheim angefahren, weiter kamen  Unterst\u00fctzungskr\u00e4fte von den Polizeiinspektionen Schifferstadt und  Speyer hinzu. Der Motorradfahrer konnte schlie\u00dflich festgestellt und auf  dem Parkplatz Birkenschlag kontrolliert werden. Der 19 j\u00e4hrige Fahrer  hatte f\u00fcr das Motorrad keine ausreichende Fahrerlaubnis. Au\u00dferdem war  kein Kennzeichen angebracht und das Motorrad war nicht zugelassen. Als  Grund f\u00fcr die &#8222;Geisterfahrt&#8220; gab der Fahrer an, dass er seinen  Geldbeutel und sein Smartphone verloren habe. Personen die durch die  Geisterfahrt gef\u00e4hrdet wurden, werden gebeten sich bei der  Polizeiautobahnstation Ruchheim unter folgender Telefonnummer zu melden:  06237\/9330 <\/p>\n\n\n\n<h4 class=\"wp-block-heading\">(Schifferstadt) &#8211; Sachbesch\u00e4digung<\/h4>\n\n\n\n<p>Am Samstagmorgen, gegen 07:00 Uhr, besch\u00e4digten 3 Jugendliche, auf dem  Schulhof des Paul-von-Denis Schulzentrum, zwei Holzb\u00e4nke, indem sie  Holzlatten heraushebelten. Bei Erkennen eines Zeugen fl\u00fcchteten sie in  Richtung S\u00fcdbahnhof. An den B\u00e4nken ist ein Schaden von ca. 150EUR  entstanden. <\/p>\n\n\n\n<h4 class=\"wp-block-heading\">(Neuhofen) &#8211; Verkehrsunfall unter Alkoholeinfluss<\/h4>\n\n\n\n<p>Am Samstag kam, gegen 16:00 Uhr, ein Rollerfahrer in der Ludwigshafener  Stra\u00dfe nach rechts von der Fahrbahn ab und besch\u00e4digte zwei parkende  PKW. Hierdurch entstand ein Fremdschaden von ca. 2000EUR. Bei dem  60-j\u00e4hrigen Verursacher konnte starker Alkoholgeruch wahrgenommen  werden. Ein Test ergab einen Wert von 2,51 Promille. Ihm wurde auf der  Dienststelle eine Blutprobe entnommen, ein Strafverfahren wurde  eingeleitet. <\/p>\n\n\n\n<h4 class=\"wp-block-heading\">(Dannstadt-Schauernheim) &#8211; R\u00e4uberischer Diebstahl<\/h4>\n\n\n\n<p>Am Samstagabend, kurz vor Mitternacht, konnten zwei T\u00e4ter beobachtet  werden, wie sie in einem Garten in der Berliner Stra\u00dfe Diebesgut in  Plastikt\u00fcten verstauten. Bei Ansprache durch Zeugen fl\u00fcchteten sie in  Richtung Friedhof in der Hauptstra\u00dfe. Hier bewarfen sie den Zeugen, der  sie bis dahin verfolgt hatte, mit faustgro\u00dfen Steinen. Dieser wurde  hierdurch nicht verletzt.  Die T\u00e4ter flohen von dort mit einem schwarzen  BMW ohne Kennzeichen in Richtung Schifferstadt. Das Diebesgut stammt  vermutlich vom Wertstoffhof am Rathausplatz. Zeugen, die Angaben zur Tat  oder T\u00e4ter machen k\u00f6nnen, werden gebeten, sich mit der  Polizeiinspektion Schifferstadt unter der 06235 4950 oder per Email <a href=\"mailto:pischifferstadt@polizei.rlp.de\">pischifferstadt@polizei.rlp.de<\/a> in Verbindung zu setzen. <\/p>\n\n\n\n<h4 class=\"wp-block-heading\">(R\u00f6merberg) &#8211; Streitigkeiten auf Hoffest eskalieren<\/h4>\n\n\n\n<p>Ein 31-j\u00e4hriger und ein 65-j\u00e4hriger Mann gerieten in der Nacht zu Sonntag auf einem Fest in R\u00f6merberg derart in Streit, dass der \u00c4ltere letztlich von dem J\u00fcngeren gesto\u00dfen wurde, dadurch auf den Boden fiel und sich leicht verletzte. Der beschuldigte junge Mann fl\u00fcchtete vom Tatort und konnte sp\u00e4ter ermittelt werden. <\/p>\n\n\n\n<p>Der gesch\u00e4digte Mann wurde vorsorglich ins Krankenhaus verbracht. <\/p>\n\n\n\n<h4 class=\"wp-block-heading\">(Lingenfeld) &#8211; Eskalation beim Hundespaziergang<\/h4>\n\n\n\n<p>Beleidigt und gen\u00f6tigt wurde eine 19-J\u00e4hrige unter anderem am Freitag  (09.08.19) gegen 10:30 Uhr, als sie mit ihrem Hund in Lingenfeld  spazieren ging. Auf der Verl\u00e4ngerung der Stra\u00dfe &#8222;Lauxengarten&#8220; kam der  jungen Frau ein \u00e4lterer Herr entgegen, der sie direkt unwirsch auf ihren  Hund ansprach. Anschlie\u00dfend beleidigte der etwa 70-J\u00e4hrige die Frau und  drohte damit, dem Tier beim n\u00e4chsten Aufeinandertreffen etwas anzutun.  Die Polizei Germersheim ermittelt nunmehr wegen Beleidigung und N\u00f6tigung  zum Nachteil der Lingenfelderin. Der mutma\u00dfliche T\u00e4ter wird als etwa  1,70m gro\u00df und korpulent beschrieben. Er habe wei\u00dfe Haare und zudem  mehrere auff\u00e4llige Zahnl\u00fccken im Unterkiefer. Zum Tatzeitpunkt war der  Mann mit dunkler M\u00fctze und Sonnenbrille bekleidet. Zeugen des Vorfalls  werden gebeten, sich telefonisch bei der Polizeiinspektion Germersheim  unter 07274\/958-0 oder per E-Mail unter <a href=\"mailto:pigermersheim@polizei.rlp.de\">pigermersheim@polizei.rlp.de<\/a> zu melden. <\/p>\n\n\n\n<h4 class=\"wp-block-heading\">(Germersheim) &#8211; Was lange w\u00e4hrt&#8230;<\/h4>\n\n\n\n<p>Hoch erfreut war ein 33-J\u00e4hriger, als die Polizei Germersheim ihn am  Freitagabend (09.08.19) telefonisch kontaktierte. Dem Herrn wurde durch  einen Beamten mitgeteilt, dass sein gestohlener Motorroller  wiederaufgetaucht sei. Kurios an der Geschichte ist, dass der Roller  bereits im Jahre 2011 entwendet wurde. In wessen Besitz sich das  Fahrzeug all die Jahre befand, kann derzeit nicht nachvollzogen werden.  Der urspr\u00fcngliche Eigent\u00fcmer war so erfreut \u00fcber die Nachricht, dass er  sich direkt von seinem jetzigen Wohnort in Leipzig in Richtung  Germersheim aufmachte, um seinen Roller noch in derselben Nacht  abzuholen. Sogar den urspr\u00fcnglichen Fahrzeugbrief konnte der Herr  vorlegen, der laut eigener Aussage aus nostalgischen Gr\u00fcnden immer noch  sehr an dem Zweirad h\u00e4ngt. Somit war es auch wenig verwunderlich, dass  der Wahlleipziger bei der \u00dcbergabe des einwandfrei in Schuss gehaltenen  Rollers pl\u00f6tzlich Tr\u00e4nen in den Augen hatte. <\/p>\n\n\n\n<h4 class=\"wp-block-heading\">(W\u00f6rth am Rhein) &#8211; B 9 nach Unfall gesperrt<\/h4>\n\n\n\n<p>In den fr\u00fchen Morgenstunden des 10.08.2019 befuhr ein 18-j\u00e4hriger  Fahranf\u00e4nger aus hiesiger Region die B 9 in Richtung Karlsruhe.  Vermutlich infolge mangelnder Fahrpraxis kam er an der \u00dcberleitung zur B  10 von der Fahrbahn ab und kollidierte mit der Leitplanke. Der Fahrer  wurde dabei leicht verletzt, an seinem Pkw entstand ein Totalschaden.  Aufgrund ausgelaufener Betriebsstoffe und den damit verbundenen  Reinigungsarbeiten musste die \u00dcberleitung zur B 10 f\u00fcr ca. 3 Stunden  gesperrt werden. <\/p>\n\n\n\n<h4 class=\"wp-block-heading\">(W\u00f6rth am Rhein) &#8211; Schlange im Garten<\/h4>\n\n\n\n<p>Am Mittag des 09.08.2019 bat ein Hausbesitzer aus W\u00f6rth die hiesige  Polizei um Hilfe, da er eine Schlange in seinem Garten festgestellt  hatte. Vor Ort konnte von den Beamten das Tier als eine harmlose  Ringelnatter identifiziert werden. Das bereits eingefangene Tier wurde  danach im angrenzenden Waldgebiet wieder ausgesetzt. <\/p>\n\n\n\n<h4 class=\"wp-block-heading\">(Hagenbach) &#8211; Pkw-Anh\u00e4nger entwendet<\/h4>\n\n\n\n<p>Zwischen dem 09.08.2019 und dem 10.08.2019 entwendeten unbekannte T\u00e4ter  einen zweiachsigen Pkw-Anh\u00e4nger, welcher in der Industriestra\u00dfe  abgestellt war. Der mit Holz beladene Anh\u00e4nger hatte einen Wert von ca.  4000 Euro. Zeugenhinweise werden durch die Polizei W\u00f6rth erbeten. <\/p>\n\n\n\n<h4 class=\"wp-block-heading\">(Billigheim-Ingenheim) &#8211; Verkehrsunfallflucht mit Sachschaden \/ Zeugenaufruf<\/h4>\n\n\n\n<p>In der Zeit vom 10.08.2019, 13:50 &#8211; 15:40 Uhr, ereignete sich in 76831  Billigheim-Ingenheim, Marktstra\u00dfe 64, Fahrtrichtung Appenhofen ein  Verkehrsunfall mit Flucht. Ein bislang unbekannter Fahrzeugf\u00fchrer  streifte, vermutlich beim Vorbeifahren, den ordnungsgem\u00e4\u00df geparkten Pkw  des Gesch\u00e4digten und besch\u00e4digte diesen an der linken hinteren  Fahrzeugseite. Im Anschluss entfernte sich der Unfallverursacher von der  Unfallstelle, ohne sich um den entstandenen Schaden zu k\u00fcmmern.  Aufgrund des Schadensbildes, k\u00f6nnte es sich beim dem Unfallverursacher  m\u00f6glicherweise um einen Fahrradfahrer gehandelt haben. Hinweise auf den  fl\u00fcchtigen Fahrzeugf\u00fchrer liegen derzeit nicht vor. <\/p>\n\n\n\n<p>Der \nSachschaden bel\u00e4uft sich auf ca. 3.000,- EUR. Hinweise nimmt die \nPolizeiinspektion Landau, Tel.: 06341\/287-0 oder per E-Mail: <a href=\"mailto:pilandau@polizei.rlp.de\">pilandau@polizei.rlp.de<\/a> entgegen. <\/p>\n\n\n\n<h4 class=\"wp-block-heading\">(Albersweiler) &#8211; Verkehrsunfall unter Alkoholbeeinflussung<\/h4>\n\n\n\n<p>Am Abend des 10.08.2019, gegen 18:30 Uhr, befuhr ein 54-j\u00e4hriger  Mofa-Fahrer aus dem Raum Annweiler, mit seinem Mofa die Groschelstra\u00dfe  in Albersweiler. <\/p>\n\n\n\n<p>Hierbei verlor dieser aufgrund seines \nAlkoholkonsums das Gleichgewicht und touchierte einen am Fahrbahnrand \nordnungsgem\u00e4\u00df geparkten Pkw. Im Anschluss st\u00fcrzte der Mofa-Fahrer zu \nBoden und zog sich dabei leichte Verletzungen zu. <\/p>\n\n\n\n<p>Im Rahmen der  Unfallaufnahme konnte bei dem Unfallverursacher deutlicher  Atemalkoholgeruch festgestellt werden. Ein freiwillig durchgef\u00fchrter  Atemalkoholtest ergab einen Wert von 2,33 Promille. Dem Fahrer wurde  daraufhin eine Blutprobe entnommen. Bei dem Verkehrsunfall entstand  Sachschaden in H\u00f6he von ca. 2.000,- EUR <\/p>\n\n\n\n<h4 class=\"wp-block-heading\">(Landau) &#8211; Verkehrsunfall unter Alkoholbeeinflussung<\/h4>\n\n\n\n<p>Am Morgen des 11.08.2019, gegen 05:00 Uhr, befuhr ein 31-j\u00e4hriger  Pkw-Fahrer aus dem Raum Landau, mit seinem Pkw die Dresdner Stra\u00dfe in  76829 Landau. <\/p>\n\n\n\n<p>Hierbei kam dieser nach links von der Fahrbahn ab und kollidierte mit dort befindlichen Gartenzaun eines Wohnanwesens. <\/p>\n\n\n\n<p>Im  Rahmen der Unfallaufnahme konnte bei dem Unfallverursacher deutlicher  Atemalkoholgeruch festgestellt werden. Ein freiwillig durchgef\u00fchrter  Atemalkoholtest ergab einen Wert von 1,48 Promille. Weiter r\u00e4umte der  Fahrer ein, dass er sein Mobiltelefon w\u00e4hrend der Fahrt mehrfach benutzt  habe und dadurch abgelenkt war. Dem Fahrer wurde daraufhin eine  Blutprobe entnommen und der F\u00fchrerschein sichergestellt. Bei dem  Verkehrsunfall entstand Sachschaden in H\u00f6he von ca. 2.000,- EUR. <\/p>\n\n\n\n<h4 class=\"wp-block-heading\">(Landau) &#8211; Wiederholt ohne F\u00fchrerschein unterwegs<\/h4>\n\n\n\n<p>Am 11.08.2019, um 0:10 Uhr, wurde durch die Streife eine  Verkehrskontrolle in 76829 Landau, Maximilianstra\u00dfe, durchgef\u00fchrt. Im  Rahmen der Kontrolle konnte die 27-j\u00e4hrige Pkw-Fahrerin, aus dem Raum  Bad Bergzabern, keinen g\u00fcltigen F\u00fchrerschein vorweisen. Eine \u00dcberpr\u00fcfung  der Fahrerin ergab, dass diese bereits einige Monate zuvor wegen  &#8222;Fahren ohne Fahrerlaubnis&#8220; straff\u00e4llig geworden war. Gegen die Fahrerin  wurde nun ein weiteres Strafverfahren eingeleitet und die Weiterfahrt  mit dem Pkw untersagt. <\/p>\n\n\n\n<h4 class=\"wp-block-heading\">(Landau) &#8211; Falsche Polizeibeamte am Telefon<\/h4>\n\n\n\n<p>Am Abend des 10.08.2019 haben gleich zwei Damen, im Alter von 63 und 64  Jahren, aus dem Raum Landau richtig reagiert, als sie von der &#8222;Polizei  Landau&#8220; angerufen wurden. Diese konnten im Gespr\u00e4ch schnell die  Betrugsmasche der Anrufer erkennen und legten auf.  Es wird daher  angeraten, sollten Zweifel an der &#8222;Echtheit&#8220; der vermeintlichen  Polizeibeamten bestehen, notieren sie sich den Namen sowie die Rufnummer  des Anrufers und setzten sie sich mit ihrer lokalen Polizeidienststelle  in Verbindung. Weitere Informationen zu dieser Betrugsmasche finden sie  auch im Internet unter <a rel=\"noreferrer noopener\" target=\"_blank\" href=\"http:\/\/www.polizei.rlp.de\">www.polizei.rlp.de<\/a>. <\/p>\n\n\n\n<h4 class=\"wp-block-heading\">(Bornheim) &#8211; Brand im Abstellraum eines Mehrparteienhauses<\/h4>\n\n\n\n<p>In der Nacht von Freitag auf Samstag wurden zwei Bewohner einer  Kellerwohnung in der Gartenstra\u00dfe durch die Rauchentwicklung eines, an  ein Mehrparteienhaus angebauten Abstellraumes verletzt. Durch die  zwischen Abstellraum und Kellerwohnung befindlichen Fenster war Rauch in  die Wohnr\u00e4ume der schlafenden 25 und 28 Jahre alten Bewohner gelangt.  Diese wurden durch einen weiteren Anwohner, welcher den Brand bemerkt  hatte, geweckt und konnten sp\u00e4ter durch Rettungskr\u00e4fte medizinisch  versorgt werden. Durch den Brand wurde der Kellerraum komplett verru\u00dft  und Teile des Innenputzes im Bereich des Brandherdes besch\u00e4digt. Ebenso  die beiden Fenster, welche zur Kellerwohnung geh\u00f6ren Neben mehreren  Fahrzeugen der Feuerwehr Bornheim war die Feuerwehr Offenbach a.d.  Queich  mit 5 Fahrzeugen 22 Einsatzkr\u00e4ften vor Ort. <\/p>\n\n\n\n<p>Die Kriminalpolizei hat die Ermittlungen zur Brandursache aufgenommen. Die Schadensh\u00f6he betr\u00e4gt etwa 5000EUR. <\/p>\n\n\n\n<p>Sachdienliche Hinweise nimmt die Polizeiinspektion Landau unter der Telefonnummer 06341-287-0 oder per E-Mail unter <a href=\"mailto:pilandau@polizei.rlp.de\">pilandau@polizei.rlp.de<\/a> entgegen. <\/p>\n\n\n\n<h4 class=\"wp-block-heading\">(Weyher) &#8211; Falsche Polizeibeamte<\/h4>\n\n\n\n<div class=\"wp-block-image\"><figure class=\"aligncenter\"><img decoding=\"async\" loading=\"lazy\" width=\"600\" height=\"338\" src=\"https:\/\/speyer24news.com\/wp-content\/uploads\/2019\/08\/Enkeltrickbetrug.jpg\" alt=\"\" class=\"wp-image-17701\" srcset=\"https:\/\/speyer24news.com\/wp-content\/uploads\/2019\/08\/Enkeltrickbetrug.jpg 600w, https:\/\/speyer24news.com\/wp-content\/uploads\/2019\/08\/Enkeltrickbetrug-300x169.jpg 300w\" sizes=\"(max-width: 600px) 100vw, 600px\" \/><figcaption>Betrug<\/figcaption><\/figure><\/div>\n\n\n\n<p>Richtig reagiert hatte am Samstag, gegen 21 Uhr eine 74-j\u00e4hrige Frau,  nachdem die &#8222;Polizei&#8220; bei ihr angerufen hatte. Sie erkannte aus dem  Dialog schnell, dass es sich nicht um die echte Polizei handelte und  beendete das Gespr\u00e4ch. Hinter dem Anruf d\u00fcrfte eine Betrugsmasche zum  Nachteil \u00e4lterer Menschen stehen. Die Polizei r\u00e4t: Sollten Zweifel an  der &#8222;Echtheit&#8220; der Polizei bestehen, notieren sie sich den Namen und die  Rufnummer des Anrufers und setzten sie sich mit ihrer lokalen  Polizeidienststelle in Verbindung. Einen Informationsfilm des  Landeskriminalamtes hierzu finden sie unter: <a rel=\"noreferrer noopener\" target=\"_blank\" href=\"https:\/\/www.youtube.com\/watch?v=gwMr8RxYh38&amp;feature=youtu.be\">https:\/\/www.youtube.com\/watch?v=gwMr8RxYh38&amp;feature=youtu.be<\/a> <\/p>\n\n\n\n<h4 class=\"wp-block-heading\">(Rhodt unter der Rietburg) &#8211; Brand einer Lagerhalle<\/h4>\n\n\n\n<p>Zu einem Feuerwehreinsatz kam es am Freitag gegen 9 Uhr, nachdem in  einer Lagerhalle Rauch aus einer Steckdose trat. Durch die Feuerwehr  wurde ein Schwelbrand hinter der Wand festgestellt. Zur L\u00f6schung des  Brandes musste die Wand aufgestemmt werden. Wie hoch der Sachschaden  ist, kann bislang nicht abgesch\u00e4tzt werden. Die Ermittlungen  hinsichtlich der Brandursache dauern an. <\/p>\n\n\n\n<h4 class=\"wp-block-heading\">(Edenkoben) &#8211; Busreise mit Verz\u00f6gerung<\/h4>\n\n\n\n<p>Mit Verz\u00f6gerung kamen zirka 40 Kinder und Jugendliche am Samstagmorgen  an ihrem Bestimmungsort an. Ein aufmerksamer Verkehrsteilnehmer hatte  gegen 11 Uhr mitgeteilt, dass der Reisebus eine ungew\u00f6hnliche  Seitenneigung h\u00e4tte. Der Bus, welcher auf der A65 in Richtung Norden  unterwegs war, konnte in Edenkoben durch eine Streife aufgenommen und in  Neustadt kontrolliert werden. Nach einer Inspektion bei einer  nahegelegenen technischen Pr\u00fcfstelle wurde dem Bus aus  Sicherheitsaspekten die Weiterfahrt untersagt. Die Reiseg\u00e4ste wurden von  einem Ersatzbus abgeholt. <\/p>\n\n\n\n<h4 class=\"wp-block-heading\">(Edenkoben) &#8211; Verkehrss\u00fcnder verwarnt<\/h4>\n\n\n\n<p>Am Freitagmorgen in der Zeit von 11:30 bis 12:45 Uhr wurden von der  Polizei in der Staatsstra\u00dfe Verkehrskontrollen durchgef\u00fchrt. Hierbei  ergaben sich f\u00fcnf Gurtverst\u00f6\u00dfe, einen Versto\u00df gegen die Ladungssicherung  und vier M\u00e4ngelberichte. F\u00fcr zwei Autofahrer wird es teuer. Diese  benutzten w\u00e4hrend der Fahrt ihr Handy. Ihnen droht ein Bu\u00dfgeld von 100  Euro. <\/p>\n\n\n\n<h4 class=\"wp-block-heading\">(Wachenheim) &#8211; Verkehrsunfall mit verletztem Motorradfahrer<\/h4>\n\n\n\n<p>Am 10.08.2019 gegen 15:25 Uhr kam es an der Ampelkreuzung in Wachenheim  zu einem Verkehrsunfall zwischen einem 64-j\u00e4hrigen PKW-Fahrer aus Forst  und einem 66-j\u00e4hrigen Motorradfahrer aus Wachenheim. Der PKW-Fahrer  befuhr die Weinstra\u00dfe in Richtung Bad D\u00fcrkheim und wollte an besagter  Ampelkreuzung nach links in die Waldstra\u00dfe abbiegen. Der Motorradfahrer  befuhr die Weinstra\u00dfe in entgegengesetzter Richtung. Beim Abbiegevorgang  \u00fcbersah der Autofahrer den Motorradfahrer, sodass dieser, um eine  Kollision zu vermeiden, eine Bremsung \/ Ausweichbewegung einleiten  musste und hierbei zu Fall kam. Der Zweiradfahrer zog sich Prellungen am  Bein zu &#8211; am Motorrad entstand ein Sachschaden in H\u00f6he von ca. 3000EUR.<\/p>\n\n\n\n<h4 class=\"wp-block-heading\">(Bad D\u00fcrkheim) &#8211; Verkehrskontrollen im Bereich der Polizeiinspektion Bad D\u00fcrkheim<\/h4>\n\n\n\n<p>Im Rahmen einer station\u00e4ren Kontrollstelle auf der B37 mussten in der  Nacht zum Samstag, den 11.08.2019, gleich mehrere alkoholisierte  Fahrzeugf\u00fchrer festgestellt und beanstandet werden. So war ein  21-j\u00e4hriger aus Kleinkarlbach mit seinem PKW kontrolliert worden, wobei  den Beamten bei diesem Alkoholgeruch aufgefallen war. Ein durchgef\u00fchrter  Atemalkoholtest ergab einen Wert von 0,68 Promille. Weiterhin wurde ein  49 Jahre alter PKW-Fahrer beanstandet, bei dem ebenfalls im Rahmen der  Kontrolle Atemalkoholgeruch festgestellt werden konnte. Ein  durchgef\u00fchrter Atemalkoholtest erbrachte hier einen Wert von 0,65  Promille. Beiden Fahrzeugf\u00fchrern wurde die Weiterfahrt untersagt und  entsprechende Ordnungswidrigkeitenverfahren eingeleitet. Zudem wurde der  Beifahrerin des 49-j\u00e4hrigen die Weiterfahrt pr\u00e4ventiv untersagt, da  auch diese zuvor alkoholische Getr\u00e4nke konsumiert hatte. <\/p>\n\n\n\n<h4 class=\"wp-block-heading\">(Bad D\u00fcrkheim) &#8211; Eingeschlagenes Beifahrerfenster, Sachbesch\u00e4digung<\/h4>\n\n\n\n<p>In der Nacht von Donnerstag, den 08.08.2019 auf Freitag, den 09.08.2019  wurde durch bislang unbekannte T\u00e4ter die Scheibe des Beifahrerfensters  an einem PKW eingeschlagen. Die 76-j\u00e4hrige Gesch\u00e4digte aus Bad D\u00fcrkheim  konnte gegen 3 Uhr morgens ein lautes &#8222;Scheppern&#8220; wahrnehmen. Sie ging  davon aus, dass eine Haust\u00fcr zugefallen sei. Kurz darauf h\u00f6rte sie  M\u00e4nnerstimmen. Aus dem Fahrzeug wurde nichts entwendet. Der  Gesamtschaden bel\u00e4uft sich auf ca. 800 Euro. Wer sachdienliche Hinweise,  insbesondere zu den\/dem T\u00e4ter(n)  geben kann, wird gebeten sich mit der  Polizeiinspektion Bad D\u00fcrkheim unter der Telefonnummer Tel.:  06322\/963-0 oder per Email <a href=\"mailto:pibadduerkheim@polizei.rlp.de\">pibadduerkheim@polizei.rlp.de<\/a> in Verbindung zu setzen. <\/p>\n\n\n\n<h4 class=\"wp-block-heading\">(Freinsheim) &#8211; Diebstahl aus PKW<\/h4>\n\n\n\n<p>In der Nacht vom 09.08.2019 auf den 10.08.2019 kam es in der  Friedhofstra\u00dfe in Freinsheim zum Diebstahl diverser Gegenst\u00e4nde aus  einem dort geparkten PKW. Bislang unbekannte T\u00e4ter hatten eine Scheibe  des Fahrzeugs eingeworfen und unter anderem ein mobiles Navigationsger\u00e4t  und Bargeld entwendet. Hinweise bitte an die Polizeiinspektion Bad  D\u00fcrkheim, Tel. 06322\/963-0, oder <a href=\"mailto:pibadduerkheim@polizei.rlp.de\">pibadduerkheim@polizei.rlp.de<\/a> <\/p>\n\n\n\n<h4 class=\"wp-block-heading\">(Frankenthal) &#8211; Stra\u00dfenlaterne besch\u00e4digt und gefl\u00fcchtet<\/h4>\n\n\n\n<p>Am 10.08.2019, um 08:45 Uhr wird die Polizei Frankenthal \u00fcber eine  besch\u00e4digte Stra\u00dfenlaterne in der Lambsheimer Stra\u00dfe H\u00f6he Hausnummer 79  in Frankenthal informiert. Vor Ort k\u00f6nnen die Beamten an der Laterne  Besch\u00e4digungen eines Verkehrsunfalles feststellen. Ein bislang  unbekannter Fahrzeugf\u00fchrer bef\u00e4hrt vermutlich vom Westring kommend die  Lambsheimer Stra\u00dfe, kommt aus ungekl\u00e4rter Ursache von der Fahrbahn ab  und kollidiert mit der Stra\u00dfenlaterne. Anschlie\u00dfend entfernt sich der  unbekannte Fahrzeugf\u00fchrer von der \u00d6rtlichkeit, ohne sich um den  entstandenen Schaden in H\u00f6he von ca. 1000 Euro zu k\u00fcmmern. Ob sich der  Verkehrsunfall in der Nacht zum Samstag ereignet hat, oder bereits  l\u00e4nger zur\u00fcckliegt ist bislang nicht bekannt. <\/p>\n\n\n\n<p>Wer sachdienliche \nHinweise zu dem genannten Fall geben kann, wird gebeten sich mit der \nPolizeiinspektion Frankenthal unter der Rufnummer 06233\/313-0 oder der \nPolizeiwache Maxdorf unter der Rufnummer 06237\/934-100 in Verbindung zu \nsetzen. Hinweise k\u00f6nnen auch per E-Mail unter <a href=\"mailto:pifrankenthal@polizei.rlp.de\">pifrankenthal@polizei.rlp.de<\/a> an die Polizei \u00fcbermittelt werden. <\/p>\n\n\n\n<h4 class=\"wp-block-heading\">(Frankenthal) &#8211; Verkehrsunfallflucht<\/h4>\n\n\n\n<p>Im Zeitraum 09.08.2019, 18:30 Uhr &#8211; 10.08.2019, 01:30 Uhr, besch\u00e4digt  ein bislang unbekannter Fahrzeugf\u00fchrer in der M\u00f6rscher Stra\u00dfe H\u00f6he  Hausnummer 4 in Frankenthal beim Vorbeifahren einen geparkten Skoda  Fabia und entfernt sich unerlaubt von der Unfallstelle. Am Skoda ist  Sachschaden in H\u00f6he von 1000 Euro entstanden. Die Polizei weist darauf  hin, dass Unerlaubtes Entfernen vom Unfallort kein Kavaliersdelikt ist!  Der fl\u00fcchtige Fahrer muss mit einer Geld- oder Freiheitsstrafe bis zu 3  Jahren und evtl. mit einem F\u00fchrerscheinentzug rechnen. Au\u00dferdem kann der  Fl\u00fcchtige den Kaskoschutz seiner Kfz-Versicherung verlieren und von  seiner Versicherung an der Begleichung des Fremdschadens beteiligt  werden. Die Polizei r\u00e4t deshalb jeden Unfall zu melden. <\/p>\n\n\n\n<p>Wir wollen, dass Sie sicher Leben &#8211; ihre Polizei Frankenthal. <\/p>\n\n\n\n<p>Wer  sachdienliche Hinweise zu dem genannten Fall geben kann, wird gebeten  sich mit der Polizeiinspektion Frankenthal unter der Rufnummer  06233\/313-0 oder der Polizeiwache Maxdorf unter der Rufnummer  06237\/934-100 in Verbindung zu setzen. Hinweise k\u00f6nnen auch per E-Mail  unter <a href=\"mailto:pifrankenthal@polizei.rlp.de\">pifrankenthal@polizei.rlp.de<\/a> an die Polizei \u00fcbermittelt werden. <\/p>\n\n\n\n<h4 class=\"wp-block-heading\">(Frankenthal) &#8211; Geldb\u00f6rse entwendet<\/h4>\n\n\n\n<div class=\"wp-block-image\"><figure class=\"aligncenter\"><img decoding=\"async\" src=\"https:\/\/speyer24news.com\/wp-content\/uploads\/2019\/08\/Taschendiebstahl.jpg\" alt=\"\" class=\"wp-image-17702\"\/><\/figure><\/div>\n\n\n\n<p>Am 09.08.2019, zwischen 12:45 Uhr &#8211; 13:00 Uhr entwendet ein bislang  unbekannter T\u00e4ter auf dem Wochenmarkt in Frankenthal unbemerkt die  Geldb\u00f6rse einer 79- j\u00e4hrigen Passantin mit 30 Euro Bargeld. <\/p>\n\n\n\n<p>\u00c4ltere\n Menschen werden immer wieder Opfer von Diebst\u00e4hlen und Betr\u00fcgereien, da\n sie von T\u00e4tern oftmals als leichte &#8222;Beute&#8220; angesehen werden. Bitte \nbeachten Sie folgende Hinweise der Polizei, um sich vor Taschendieben zu\n sch\u00fctzen: <\/p>\n\n\n\n<ul><li>Tragen Sie Geld, Schecks, Kreditkarten und Papiere immer in  verschlossenen Innentaschen der Kleidung m\u00f6glichst dicht am K\u00f6rper.<\/li><li>Tragen Sie Hand- und Umh\u00e4ngetaschen verschlossen auf der  K\u00f6rpervorder-seite oder klemmen Sie sie sich unter den Arm.<\/li><li>Benutzen Sie einen Brustbeutel, eine G\u00fcrtelinnentasche, einen Geldg\u00fcrtel oder eine am G\u00fcrtel angekettete Geldb\u00f6rse.<\/li><li>Legen Sie Geldb\u00f6rsen nicht oben in Einkaufstasche, Einkaufskorb oder  Ein-kaufswagen, sondern tragen Sie sie m\u00f6glichst k\u00f6rpernah.<\/li><li>H\u00e4ngen Sie Handtaschen im Restaurant, im Kaufhaus oder im Laden (selbst bei  der Anprobe von Schuhen oder Kleidung) nicht an Stuhllehnen und  stellen Sie sie nicht unbeaufsichtigt ab. <\/li><\/ul>\n\n\n\n<p>Weitere Tipps wie sie sich vor Dieben und Betr\u00fcgern sch\u00fctzen k\u00f6nnen, finden Sie unter <a target=\"_blank\" href=\"http:\/\/www.polizei-beratung.de\" rel=\"noreferrer noopener\">www.polizei-beratung.de<\/a>. <\/p>\n\n\n\n<p>Wir wollen, dass Sie sicher Leben &#8211; Ihre Polizei Frankenthal. <\/p>\n\n\n\n<p>Wer  sachdienliche Hinweise zu dem genannten Fall geben kann, wird gebeten  sich mit der Polizeiinspektion Frankenthal unter der Rufnummer  06233\/313-0 oder der Polizeiwache Maxdorf unter der Rufnummer  06237\/934-100 in Verbindung zu setzen. Hinweise k\u00f6nnen auch per E-Mail  unter <a href=\"mailto:pifrankenthal@polizei.rlp.de\">pifrankenthal@polizei.rlp.de<\/a> an die Polizei \u00fcbermittelt werden. <\/p>\n\n\n\n<h4 class=\"wp-block-heading\">(Frankenthal) &#8211; Alkoholisiert und ohne F\u00fchrerschein unterwegs<\/h4>\n\n\n\n<p>Bei einer allgemeinen Verkehrskontrolle Freitagnacht gegen 02:25 Uhr im  Foltzring in Frankenthal k\u00f6nnen die Beamten bei einem 31-j\u00e4hrigen  Fahrzeugf\u00fchrer starken Alkoholgeruch wahrnehmen. Ein Alkoholtest ergibt  einen Wert von 1,58 Promille, weshalb die Entnahme einer Blutprobe  angeordnet wird. Da der Fahrer zugibt nicht im Besitz einer g\u00fcltigen  Fahrerlaubnis zu sein, muss er sich neben Trunkenheit im Verkehr auch  wegen Fahren ohne Fahrerlaubnis verantworten. <\/p>\n\n\n\n<h4 class=\"wp-block-heading\">(Ludwigshafen) &#8211; Einbruch in Schule<\/h4>\n\n\n\n<p>Weil sich Jugendliche in der Nacht zu Sonntag (11. August 2019, 2:10  Uhr) auf dem Gel\u00e4nde der Kopernikus Realschule aufhielten und L\u00e4rm  verursachten, sollten diese durch den Kommunalen Vollzugsdienst (KvD)  der Stadtverwaltung Ludwigshafen kontrolliert werden. Die jungen Leute  ergriffen die Flucht bei Erkennen des KvD, welcher bei einer Nachschau  am Schulgeb\u00e4ude ein gewaltsam ge\u00f6ffnetes Fenster bemerkte. Unbekannte  dr\u00fcckten ein Fenster aus dem Rahmen und drangen in die Realschule ein,  diverses Computerzubeh\u00f6r lag zum Abtransport bereit. Da nicht  ausgeschlossen werden konnte, dass sich noch jemand im Geb\u00e4ude befand,  wurde es umstellt und mit einem Sp\u00fcrhund der Polizei durchsucht. Die  Suche verlief ergebnislos. Ob die gefl\u00fcchteten Jugendlichen mit der Tat  in Zusammenhang stehen ist unklar. Zeugen, die Beobachtungen gemacht  haben, werden gebeten sich mit der Polizeiinspektion Ludwigshafen 2  unter Tel.: 0621 963-2222 oder E-Mail: <a href=\"mailto:piludwigshafen2@polizei.rlp.de\">piludwigshafen2@polizei.rlp.de<\/a> in Verbindung zu setzen. <\/p>\n\n\n\n<h4 class=\"wp-block-heading\">(Ludwigshafen) &#8211; Handfeste Auseinandersetzung in Shisha-Bar<\/h4>\n\n\n\n<p>Am Sonntag, den 11.08.2019, gegen 01:00 Uhr, kam es in einer Shisha-Bar  in der Ludwigstra\u00dfe in Ludwigshafen zu einer handgreiflichen  Auseinandersetzung zwischen mehreren G\u00e4sten. Ein 22-j\u00e4hriger  Ludwigshafener, der sich mit seiner Freundin in der Bar befand, soll von  dem 28-J\u00e4hrigen Ex-Freund der jetzigen Freundin des Gesch\u00e4digten und  dessen 19-j\u00e4hrigem Bekannten angegriffen worden sein. Im Zuge dieser  Auseinandersetzung seien diverses Geschirr, Shisha-Pfeifen und Gl\u00e4ser zu  Bruch gegangen. Beim Eintreffen der alarmierten Polizei  waren die  beiden Beschuldigten nicht mehr vor Ort. Der Gesch\u00e4digte war aufgrund  einer tiefen Schnittverletzung am Bein zeitweise nicht mehr ansprechbar.  Er wurde in ein Ludwigshafener Krankenhaus verbracht. Im Zuge der  Spurensicherung vor Ort konnte ein blutverschmiertes Messer aufgefunden  und sichergestellt werden. Die beiden Beschuldigten konnten sp\u00e4ter in  einem Speyerer Krankenhaus festgestellt werden. Zeugen werden gebeten  mit der Polizeiinspektion Ludwigshafen 1 Kontakt aufzunehmen, Tel. 0621  963-2122 oder per E-Mail <a href=\"mailto:piludwigshafen1@polizei.rlp.de\">piludwigshafen1@polizei.rlp.de<\/a> <\/p>\n\n\n\n<h4 class=\"wp-block-heading\">(Ludwigshafen) &#8211; Unfall unter Alkoholeinfluss<\/h4>\n\n\n\n<p>Am Samstag, den 10.08.2019 kam es gegen 17:15 Uhr an der Einm\u00fcndung  Rheing\u00f6nheimer Stra\u00dfe und F\u00fcrstenstra\u00dfe zu einem Verkehrsunfall. Ein  66-j\u00e4hriger Ludwigshafener befuhr mit seinem PKW die Rheing\u00f6nheimer  Stra\u00dfe von der Saarlandstra\u00dfe kommend und wollte nach rechts in die  F\u00fcrstenstra\u00dfe einbiegen. Beim Abbiegen kam der PKW zu weit nach rechts  auf den Gehweg und streifte einen dort befindlichen 76-j\u00e4hrigen  Fu\u00dfg\u00e4nger. Der Fu\u00dfg\u00e4nger wurde am Arm leicht verletzt und wurde zur  Kontrolle in ein Krankenhaus verbracht. Bei dem Unfallverursacher konnte  durch die aufnehmenden Beamten deutlicher Atemalkoholgeruch  festgestellt werden. Ein freiwilliger Atemalkoholtest vor Ort ergab  einen Wert von 1,8 Promille. Dem 66-J\u00e4hrigen wurde daraufhin eine  Blutprobe entnommen und der F\u00fchrerschein wurde beschlagnahmt. <\/p>\n\n\n\n<h4 class=\"wp-block-heading\">(Ludwigshafen) &#8211; Nachbarschaftsstreit eskaliert<\/h4>\n\n\n\n<p>In der Nacht von Freitag, 09.08.2019 auf Samstag, 10.08.2019 kam es  gegen 23:00 Uhr in einem Mehrfamilienhaus in der Mundenheimer Stra\u00dfe in  Ludwigshafen zun\u00e4chst aufgrund einer Ruhest\u00f6rung zu einem Streitgespr\u00e4ch  zwischen einem 30-J\u00e4hrigem und seinem 26-j\u00e4hrigem Nachbarn. Der Streit  im Treppenhaus gipfelte in einer wechselseitigen K\u00f6rperverletzung. Beide  Kontrahenten zogen sich oberfl\u00e4chliche Gesichtsverletzungen zu. Der  26-J\u00e4hrige ging daraufhin in seine Wohnung zur\u00fcck, holte ein  K\u00fcchenmesser und drohte seinem Nachbar, welcher sich zwischenzeitlich in  eine Wohnung gefl\u00fcchtet hatte, damit ihn umzubringen. Der 26-J\u00e4hrige  wurde vor Ort festgenommen und bis zum Folgetag in Polizeigewahrsam  genommen. <\/p>\n\n\n\n<h4 class=\"wp-block-heading\">(Mannheim) &#8211; 120.000 Zuschauer bei Christopher-Street-Day-Parade<\/h4>\n\n\n\n<div class=\"wp-block-image\"><figure class=\"aligncenter\"><img decoding=\"async\" loading=\"lazy\" width=\"450\" height=\"470\" src=\"https:\/\/speyer24news.com\/wp-content\/uploads\/2019\/08\/67799283_2287863131330354_1287065088586416128_n.jpg\" alt=\"\" class=\"wp-image-17703\" srcset=\"https:\/\/speyer24news.com\/wp-content\/uploads\/2019\/08\/67799283_2287863131330354_1287065088586416128_n.jpg 450w, https:\/\/speyer24news.com\/wp-content\/uploads\/2019\/08\/67799283_2287863131330354_1287065088586416128_n-287x300.jpg 287w\" sizes=\"(max-width: 450px) 100vw, 450px\" \/><\/figure><\/div>\n\n\n\n<p>Die Auftaktkundgebung zum diesj\u00e4hrigen Christopher-Street-Day begann am Samstag um 14.00 Uhr am Neckartor. An der anschlie\u00dfenden Parade durch die  Innenstadt Mannheims nahmen insgesamt 45 Fahrzeuge teil. Entlang der  Aufzugsstrecke fanden sich etwa 120.000 Zuschauer ein. W\u00e4hrend der  Parade kam es zu erheblichen Verkehrsbeeintr\u00e4chtigungen. Ursache hierf\u00fcr  war, dass sich der Zug stark in die L\u00e4nge zog, die entstandenen L\u00fccken  nicht geschlossen werden konnten, wodurch die jeweiligen Sperrungen  l\u00e4nger andauerten. Gegen 16.30 Uhr erreichte die Parade das Mannheimer  Schloss. W\u00e4hrend der Parade kam es zu insgesamt drei medizinischen  Notf\u00e4llen, bei denen der Rettungsdienst t\u00e4tig wurde. Gleichzeitig fand  im Ehrenhof des Mannheimer Schlosses das CSD-Stra\u00dfenfest statt. Hier  fanden sich bis zu 5.000 Besucher ein, zumal dort gegen 17.30 Uhr die  S\u00e4ngerin Kerstin Ott auftrat. Nach Abbrennen eines Feuerwerks wurden die  Feierlichkeiten gegen 23.00 Uhr beendet. Bis auf kleinere Vorkommnisse  verlief die Veranstaltung friedlich und st\u00f6rungsfrei. <\/p>\n\n\n\n<h4 class=\"wp-block-heading\">(Mannheim) &#8211; T\u00e4terfestnahme nach versuchtem Diebstahl aus Auto<\/h4>\n\n\n\n<p>Ein 30-j\u00e4hriger Mann wurde am fr\u00fchen Samstagmorgen dabei beobachtet,  wie er versuchte, aus einem VW, der im Quadrat K7 geparkt war,  Gegenst\u00e4nde zu stehlen. <\/p>\n\n\n\n<p>Die von Zeugen verst\u00e4ndigte Polizei \nfahndete sofort mit mehreren Streifen nach dem Mann, der noch in \nunmittelbarer N\u00e4he des Tatorts vorl\u00e4ufig festgenommen wurde. <\/p>\n\n\n\n<p>Der \nVerd\u00e4chtige, der mit \u00fcber 1,5 Promille deutlich alkoholisiert war, wurde\n nach seiner erkennungsdienstlichen Behandlung und Erlangung seiner \nN\u00fcchternheit wieder auf freien Fu\u00df gesetzt. <\/p>\n\n\n\n<p>Die Ermittlungen, auch wie es ihm gelang, ins Innere des Fahrzeuges zu kommen, dauern an. <\/p>\n\n\n\n<h4 class=\"wp-block-heading\">(Mannheim) &#8211; Hoher Sachschaden bei Verkehrsunfall; ein Leichtverletzter<\/h4>\n\n\n\n<p>Ein Leichtverletzter und ein Sachschaden von \u00fcber 10.000.- Euro war die  Bilanz eines Auffahrunfalls, der sich am fr\u00fchen Freitagabend in der  Speyrer Stra\u00dfe ereignete. Ein 67-j\u00e4hriger Citroen-Fahrer war kurz nach  19 Uhr auf der Speyerer Stra\u00dfe in Richtung Steubenstra\u00dfe unterwegs, als  er an einer roten Ampel anhalten musste. Dies erkannte ein nachfolgender  73-j\u00e4hriger Suzuki-Fahrer zu sp\u00e4t und fuhr auf. Dabei wurde der  67-J\u00e4hrige leicht verletzt. Er wollte selbst\u00e4ndig einen Arzt aufsuchen. <\/p>\n\n\n\n<h4 class=\"wp-block-heading\">(Mannheim) &#8211; Einbruch in Pr\u00fcfgesellschaft f\u00fcr Kraftfahrzeuge; Zeugen dringend gesucht<\/h4>\n\n\n\n<p>Unbekannte T\u00e4ter drangen in der Nacht von Donnerstag auf Freitag in die  B\u00fcror\u00e4ume einer Pr\u00fcfgesellschaft f\u00fcr Kraftfahrzeuge in der  Marie-Curie-Stra\u00dfe im Stadtteil Rheinau ein, flexten zwei Tresore auf  und entwendeten neben mehreren hundert Euro auch 200 Pr\u00fcfplaketten. <\/p>\n\n\n\n<p>Der Gesamtschaden l\u00e4sst sich noch nicht n\u00e4her beziffern. <\/p>\n\n\n\n<p>Zeugen werden gebeten, sich mit dem Polizeirevier MA-Neckarau, Tel.: 0621\/83397-0 in Verbindung zu setzen. <\/p>\n\n\n\n<h4 class=\"wp-block-heading\">(Heidelberg) &#8211; PKW-Fahrerin f\u00e4hrt zwei Fu\u00dfg\u00e4nger an<br>Zeugen gesucht<\/h4>\n\n\n\n<p>Das Ehepaar \u00fcberquerte am Freitag kurz vor 21.30 Uhr die Karlsruher Stra\u00dfe auf  H\u00f6he der Ortenauer Stra\u00dfe auf einer mit Fu\u00dfg\u00e4ngerampel geregelten  Fu\u00dfg\u00e4ngerfurt, als sie von der in Richtung Innenstadt fahrenden  PKW-Fahrerin erfasst wurden. Die 31-j\u00e4hrige und ihr 34-j\u00e4hriger Ehemann  erlitten hierdurch leichte Verletzungen, die im Krankenhaus ambulant  behandelt wurden. Die 44-j\u00e4hrige Ford-Fahrerin blieb unverletzt,  allerdings musste sie auf der Dienststelle eine Blutprobe abgeben, da  bei ihr Alkoholbeeinflussung festgestellt wurde. Ihr PKW wurde  abgeschleppt. Die H\u00f6he des Sachschadens wird auf ca. 5000,- Euro  gesch\u00e4tzt. Die Karlsruher Stra\u00dfe war in Richtung Innenstadt f\u00fcr ca. eine  Stunde gesperrt. Sowohl die Fu\u00dfg\u00e4nger, als auch die PKW-Fahrerin  behaupten, Gr\u00fcn gehabt zu haben, weshalb das Verkehrskommissariat  Heidelberg Zeugen ben\u00f6tigt, die zum Unfallhergang Angaben machen k\u00f6nnen.  Telefon: 0621\/174-4140. <\/p>\n\n\n\n<h4 class=\"wp-block-heading\">(Heidelberg) &#8211; Autoaufbruch, Zeugen gesucht<\/h4>\n\n\n\n<p>Am Freitag wurde ein grauer Mercedes der E-Klasse aufgebrochen, der  zwischen 18.30 Uhr und 19.30 Uhr in der Poststra\u00dfe, H\u00f6he Sparkasse  abgestellt war. <\/p>\n\n\n\n<p>Aus dem Fahrzeug wurde ein Rucksack gestohlen, in\n dem sich neben einem Geldbeutel mit verschiedenen Kreditkarten auch \nzwei Sonnenbrillen und eine Spiegelreflexkamera befanden. <\/p>\n\n\n\n<p>Der Diebstahlsschaden bel\u00e4uft sich nach ersten Sch\u00e4tzungen auf rund 2.000.- Euro. <\/p>\n\n\n\n<p>Hinweise bitte an das Polizeirevier HD-Mitte, Tel.: 06221\/99-1700. <\/p>\n\n\n\n<h4 class=\"wp-block-heading\">(Heidelberg) &#8211; Linienbus mit PKW zusammengesto\u00dfen<br>zwei Personen schwer verletzt<\/h4>\n\n\n\n<p>Rotlichtmissachtung war am Freitagabend die Ursache f\u00fcr einen  Verkehrsunfall zwischen einem PKW und einem Linienbus auf der  Schlierbacher Landstra\u00dfe. Eine 31-j\u00e4hrige Opel-Fahrerin fuhr kurz nach  19.00 Uhr in Richtung Neckargem\u00fcnd, als sie auf H\u00f6he der Einm\u00fcndung  Hausackerweg das Rotlicht \u00fcbersah und mit dem auf die Schlierbacher  Landstra\u00dfe einfahrenden Linienbus zusammenstie\u00df. Die 31-j\u00e4hrige und ihr  Beifahrer wurden hierdurch schwer verletzt und mussten in umliegende  Krankenh\u00e4user eingeliefert werden. Der Busfahrer sowie seine sieben  Fahrg\u00e4ste blieben unverletzt. Beide Fahrzeuge mussten abgeschleppt  werden. Es entstand Sachschaden in H\u00f6he von ca. 15.000,- Euro. Die  Schlierbacher Landstra\u00dfe war w\u00e4hrend der Unfallaufnahme durch das  Verkehrskommissariat Heidelberg zeitweise voll gesperrt. Nach ca. zwei  Stunden war die Fahrbahn wieder frei. <\/p>\n\n\n\n<h4 class=\"wp-block-heading\">(Heidelberg) &#8211; Wohnungseinbruch; Zeugen gesucht<\/h4>\n\n\n\n<p>Zwischen Donnerstag, 23 Uhr und Freitag, 16.30 Uhr, wurde in eine  Wohnung eines Mehrfamilienhauses in der R\u00f6merstra\u00dfe, H\u00f6he Blumenstra\u00dfe,  eingebrochen. <\/p>\n\n\n\n<p>Der oder die T\u00e4ter brachen die Eingangst\u00fcr auf und entwendeten mehrere hundert Euro Bargeld. <\/p>\n\n\n\n<p>Zeugen,\n die verd\u00e4chtige Personen im Haus gesehen haben, werden gebeten, sich \nmit dem Polizeirevier HD-Mitte, Tel.: 06221\/99-1700 in Verbindung zu \nsetzen. <\/p>\n\n\n\n<h4 class=\"wp-block-heading\">(Heidelberg) &#8211; 80-j\u00e4hrige Frau bei Unfall mit Linienbus schwer verletzt<\/h4>\n\n\n\n<p>Bei einem Verkehrsunfall am Freitagnachmittag in der Bergheimer Stra\u00dfe wurde eine 80-j\u00e4hrige Frau schwer verletzt. <\/p>\n\n\n\n<p>Eine\n 24-j\u00e4hrige Audi-Fahrerin war auf der Bergheimer Stra\u00dfe in Richtung \nBismarckplatz unterwegs, als sie gegen 13.15 Uhr nach links in die \nThibautstra\u00dfe abbiegen wollte. Dabei \u00fcbersah sie den in gleiche Richtung\n im Schienenbereich fahrenden Bus der Linie 35. <\/p>\n\n\n\n<p>Um eine Kollision\n zu verhindert musste der 52-j\u00e4hrige Fahrer des Linienbusses eine \nVollbremsung hinlegen, weshalb die 80-j\u00e4hrige Businsassin st\u00fcrzte und \nsich dabei eine schwere Beinverletzung zuzog. Nach ihrer not\u00e4rztlichen \nBehandlung wurde die Frau in eine Klinik eingeliefert. <\/p>\n\n\n\n<p>Ein Sachschaden ist bei dem Unfall nicht entstanden. Es kam zu keiner Kollision beider Fahrzeuge. <\/p>\n\n\n\n<p>Der Schienenverkehr war rund 45 Minuten bis gegen 14 Uhr unterbrochen.<\/p>\n\n\n\n<h4 class=\"wp-block-heading\">(Heidelberg) &#8211; Baumaschinen gestohlen; Zeugen gesucht<\/h4>\n\n\n\n<p>Baumaschinen, wie Kompressoren und Pressmaschinen im Gesamtwert von  10.000.- Euro, wurden in der Nacht von Donnerstag auf Freitag von einer  Baustelle in der Sofienstra\u00dfe entwendet. <\/p>\n\n\n\n<p>Zeugen, denen  verd\u00e4chtige Personen oder Fahrzeuge aufgefallen sind, werden gebeten,  sich beim Polizeirevier HD-Mitte, Tel.: 06221\/99-1700 zu melden. <\/p>\n\n\n\n<h4 class=\"wp-block-heading\">(Heidelberg) &#8211; Falsche Polizeibeamte mit neuer Masche<\/h4>\n\n\n\n<p>Am Donnerstagmittag wurden mehrere Heidelberger von falschen Polizeibeamten angerufen &#8211; diesmal mit einer neuen Masche. <\/p>\n\n\n\n<p>Die\n angerufenen Zeugen berichteten, dass sie in der Mittagszeit von \nangeblichen Polizeibeamten angerufen wurden, die ihnen mitteilten, dass \nein Haftbefehl gegen sie vorliege. Dabei wurden ihnen ein Aktenzeichen \nder Staatsanwaltschaft Wuppertal, sowie eine Telefonnummer des angeblich\n zust\u00e4ndigen Staatsanwalts genannt. Bei einem Anruf teilte der \nangebliche Staatsdiener mit, dass der Haftbefehl gegen eine Kaution in \nH\u00f6he von mehreren tausend Euro ausgesetzt werden k\u00f6nne. Die genannte \nSumme m\u00fcsse daf\u00fcr nur auf ein Konto \u00fcberwiesen werden. <\/p>\n\n\n\n<p>Alle \nAngerufenen reagierten richtig und meldeten die Vorf\u00e4lle beim \nzust\u00e4ndigen Polizeirevier. Hier wurde schnell klar: Es besteht weder ein\n Haftbefehl, noch Zahlungsaufforderungen gegen die Zeugen. Ein \nfinanzieller Schaden trat nicht ein. <\/p>\n\n\n\n<p>Die Beamten der  Kriminalpolizeidirektion Heidelberg haben die Ermittlungen aufgenommen  und suchen nach weiteren Zeugen. Personen die ebenfalls angerufen wurden  und \u00e4hnliche Erfahrungen gemacht haben, werden gebeten, sich unter 0621  174-4444 an die Ermittler zu wenden oder jede andere  Polizeidienststelle. <\/p>\n\n\n\n<h4 class=\"wp-block-heading\">(Oftersheim \/ Rhein-Neckar-Kreis) &#8211; Mann von Traktor \u00fcberrollt.<\/h4>\n\n\n\n<p>Am Samstagmittag, gegen 12.00 Uhr, befand sich ein 72-J\u00e4hriger mit  seinem Traktor im Bereich des Wingertsbuckelweges in Oftersheim um Holz  zu machen. Der Mann war gerade dabei einen Anh\u00e4nger anzukuppeln, als er  pl\u00f6tzlich vom zur\u00fcckrollenden Traktor erfasst und schlie\u00dflich \u00fcberrollt  wurde. Im Anschluss fuhr der Mann zun\u00e4chst wieder nach Hause und  berichtete seiner Ehefrau von dem Unfall. Da die Schmerzen zunehmend  st\u00e4rker wurden, verst\u00e4ndigte diese den Notruf. Der Mann erlitt bei dem  Unfall ein \u00dcberrolltrauma und wurde zur weiteren Untersuchung in ein  Krankenhaus verbracht. Ermittlungen zum genauen Unfallhergang wurden  durch das Polizeirevier Schwetzingen aufgenommen. <\/p>\n\n\n\n<h4 class=\"wp-block-heading\">(Neulu\u00dfheim \/ Rhein-Neckar-Kreis) &#8211; Unfallflucht auf Discounterparkplatz; Zeugen gesucht<\/h4>\n\n\n\n<p>Ein bislang unbekannter Autofahrer besch\u00e4digte am Freitagvormittag  einen grauen VW Up, der zwischen 11.20 und 12 Uhr auf dem Parkplatz des  Netto-Marktes am Bahnhof abgestellt war. <\/p>\n\n\n\n<p>Der Sachschaden wird auf rund 2.000.- Euro gesch\u00e4tzt. <\/p>\n\n\n\n<p>Zeugen werden gebeten, sich mit dem Polizeirevier Hockenheim, Tel.: 06205\/2860-0 in Verbindung zu setzen. <\/p>\n\n\n\n<h4 class=\"wp-block-heading\">(Sandhausen \/ Rhein-Neckar-Kreis) &#8211; PKW \u00fcberschl\u00e4gt sich, 5 leicht verletzte Personen.<\/h4>\n\n\n\n<p>Am fr\u00fchen Samstagmorgen, gegen 06.30 Uhr, kam es in Sandhausen in H\u00f6he  der Hardtwaldhalle zu einem folgeschweren Verkehrsunfall. Die 18-j\u00e4hrige  Fahrzeugf\u00fchrerin fuhr vom Parkplatz gegen\u00fcber der Hardtwaldhalle auf  die Jahnstra\u00dfe ein, auf welcher sie nach kurzer Fahrt nach rechts von  der Fahrbahn abkommt und mit einem Stra\u00dfenpfosten kollidiert. Im  weiteren Verlauf \u00fcberschlug sich das Fahrzeug. Bei dem Verkehrsunfall  wurden alle 5 Insassen des Fahrzeuges leicht verletzt, konnten sich  jedoch alle alleine aus dem Fahrzeuginneren befreien.   Ein vor Ort  durch die Beamten durchgef\u00fchrter Alkoholtest verlief positiv. Die  Fahrzeugf\u00fchrerin hatte knapp 1 Promille, was urs\u00e4chlich f\u00fcr den  Verkehrsunfall gewesen sein d\u00fcrfte. Es entstand Totalschaden am  Fahrzeug. Der Gesamtschaden bel\u00e4uft sich auf ca. 10.000 EUR. Die  Fahrzeuginsassen wurden mit Rettungsw\u00e4gen in umliegende Krankenh\u00e4user  verbracht, konnten aber zwischenzeitlich alle wieder das Krankenhaus  verlassen. <\/p>\n\n\n\n<h4 class=\"wp-block-heading\">(Gem. Sandhausen \/ A 5 \/ Rhein-Neckar-Kreis) &#8211; Sexualdelikt auf Rastplatz; Zeugen dringend gesucht<\/h4>\n\n\n\n<div class=\"wp-block-image\"><figure class=\"aligncenter\"><img decoding=\"async\" src=\"https:\/\/speyer24news.com\/wp-content\/uploads\/2019\/07\/Zeugen-gesucht-Neutral-3.jpg\" alt=\"\" class=\"wp-image-17272\"\/><\/figure><\/div>\n\n\n\n<p>Am Freitagabend, gegen 20 Uhr, legte eine Familie aus Unterfranken auf  dem Nachhauseweg aus dem Urlaub eine Pause auf der Tank- und Rastanlage  Hardtwald-Ost ein, um mit den beiden Kindern in einem Schnellrestaurant  zu essen. Als sich die 12-j\u00e4hrige Tochter anschlie\u00dfend eingie Zeit im  Au\u00dfenbereich aufhielt, bemerkte sie einen Mann, der am Treppengel\u00e4nder  des Eingangsbereiches lehnte und mit heruntergelassener Hose an seinem  Glied spielte. <\/p>\n\n\n\n<p>Als das Kind die Mutter verst\u00e4ndigte, fl\u00fcchtete  der Mann und fuhr in einem dunklen Auto davon. Er wird wie folgt beschrieben: <\/p>\n\n\n\n<ul><li>ca. 40-50 Jahre<\/li><li>ca. 175-180 cm<\/li><li>kurze, helle Haare<\/li><li>Er trug ein orange-rotes T-Shirt, eine helle Hose und eine runde Brille. <\/li><\/ul>\n\n\n\n<p>Das Dezernat Sexualdelikte der Kriminalpolizeidirektion Heidelberg hat die weiteren Ermittlungen \u00fcbernommen. <\/p>\n\n\n\n<p>Hinweise bitte an den Kriminaldauerdienst, Tel.: 0621\/174-4444 oder jede andere Polizeidienststelle. <\/p>\n\n\n\n<h4 class=\"wp-block-heading\">(Nu\u00dfloch \/ Rhein-Neckar-Kreis) &#8211; Rollerfahrer bei Unfall schwer verletzt<\/h4>\n\n\n\n<p>Ein 32-j\u00e4hriger Rollerfahrer wurde am Freitagnachmittag bei einer Kollision mit einem Auto schwer verletzt. <\/p>\n\n\n\n<p>Gegen\n 16.20 Uhr bog eine 74-j\u00e4hrige Peugeot-Fahrerin vom Oderweg nach links \nauf die Hauptstra\u00dfe ein und \u00fcbersah dabei den 32-J\u00e4hrigen, der in \nRichtung Walldorfer Stra\u00dfe unterwegs war. <\/p>\n\n\n\n<p>Durch die Kollision \nwurde der Rollerfahrer auf die Stra\u00dfe geschleudert. Nach seiner \nErstversorgung vor Ort, wurde er mit einem Rettungswagen in eine Klinik \ngebracht. <\/p>\n\n\n\n<p>Der Gesamtschaden bel\u00e4uft sich auf rund 2.000.- Euro. <\/p>\n\n\n\n<h4 class=\"wp-block-heading\">(St. Leon-Rot \/ Rhein-Neckar-Kreis) &#8211; Zwei Verletzte nach Frontalzusammensto\u00df; wer hatte &#8222;Rot?&#8220;; Zeugen gesucht<\/h4>\n\n\n\n<p>Bei einem Frontalzusammensto\u00df auf der L 546 wurden am Freitagnachmittag  zwei Autofahrer verletzt. Der Sachschaden bel\u00e4uft sich auf rund  25.000.- Euro. <\/p>\n\n\n\n<p>Ein 57-j\u00e4hriger Mitsubishi-Fahrer war auf der L \n546 in Richtung St. Leon-Rot unterwegs, als gegen 13.20 Uhr, wie die \nbisherigen Ermittlungen ergaben, bei Rot nach links in die Opelstra\u00dfe \nabbiegen wollte. Dies hatte zur Folge, dass er mit einer \nentgegenkommenden 60-j\u00e4hrigen Smart-Fahrerin frontal kollidierte. <\/p>\n\n\n\n<p>Nach ihren not\u00e4rztlichen Behandlungen kamen beide Autofahrer in eine Klinik. Ihre Fahrzeuge wurden abgeschleppt. <\/p>\n\n\n\n<p>Da  der Unfallhergang insbesondere die Ampelschaltung an der Einm\u00fcndung L  546\/Opelstra\u00dfe noch nicht eindeutig gekl\u00e4rt ist, werden Zeugen gebeten,  sich bei der Verkehrspolizei Heidelberg, Tel.: 0621\/174-4140 oder beim  Polizeirevier Wiesloch, Tel.: 06222\/5709-0 zu melden.<\/p>\n\n\n\n<h4 class=\"wp-block-heading\">(Sinsheim-D\u00fchren \/ Rhein-Neckar-Kreis) &#8211; Heckenbrand, vermutlich durch Unkrautentfernung<\/h4>\n\n\n\n<p>Am Samstagabend, gegen 21.40 Uhr, wurden die Rettungskr\u00e4fte zu einem  Brand in die Stra\u00dfe Tiefer Weg in D\u00fchren gerufen. Vor Ort stand zu  diesem Zeitpunkt eine etwa 4m lange Tuja-Hecke in Vollbrand. Die  eingesetzte freiwillige Feuerwehr kam mit 15 Einsatzkr\u00e4ften vor Ort,  konnte den Brand schnell l\u00f6schen und somit ein \u00dcbergreifen auf das  Wohnanwesen verhindern. Befragungen vor Ort ergaben, dass am Nachmittag  durch Bewohner des Wohnanwesens das Unkraut am Gehweg mittels Gasbrenner  entfernt wurde. Ob der dadurch entstandene Funkenflug auch tats\u00e4chlich  urs\u00e4chlich f\u00fcr den Heckenbrand gewesen ist, bedarf noch weiterer  Ermittlungen durch das Polizeirevier Sinsheim. <\/p>\n\n\n\n<h4 class=\"wp-block-heading\">(Sinsheim \/ Rhein-Neckar-Kreis) &#8211; Auffahrunfall mit hohem Sachschaden; keine Verletzte<\/h4>\n\n\n\n<p>Bei einem Auffahrunfall in der Innenstadt entstand am Freitagmittag ein Sachschaden von rund 10.000.- Euro. <\/p>\n\n\n\n<p>Ein\n 49-j\u00e4hriger Mercedes-Fahrer war gegen 12 Uhr auf der Friedrichstra\u00dfe in\n Richtung Bahnhof unterwegs, als er kurz vor der Einm\u00fcndung zur \nMuthstra\u00dfe verkehrsbedingt abbremsen musste. Dies erkannte ein \nnachfolgender 29-j\u00e4hriger Opel-Fahrer zu sp\u00e4t und fuhr auf. <\/p>\n\n\n\n<p>Verletzt wurde zum Gl\u00fcck niemand. <\/p>\n\n\n\n<p>W\u00e4hrend der Unfallaufnahme kam es zu kurzzeitigen Verkehrsbehinderungen. <\/p>\n\n\n\n<h4 class=\"wp-block-heading\">(Epfenbach \/ Rhein-Neckar-Kreis) &#8211; Drei Verletzte nach Frontalzusammensto\u00df<\/h4>\n\n\n\n<p>Am Samstagabend gegen 18.15 Uhr kam es in Epfenbach im  Rhein-Neckar-Kreis zu einem schweren Verkehrsunfall. Die 73-j\u00e4hrige  Fahrzeugf\u00fchrerin eines Skoda Fabia befuhr zum Unfallzeitpunkt die  Spechbacher Stra\u00dfe in Richtung Spechbach, als sie aus bislang  unbekannter Ursache auf die Gegenfahrbahn geriet. Hier kollidierte sie  frontal mit dem entgegenkommenden Pkw eines 30-J\u00e4hrigen. Die  Unfallverursacherin zog sich bei dem Zusammensto\u00df schwere Verletzungen  zu und wurde mit einem Rettungswagen in ein umliegendes Krankenhaus  verbracht. Ihr Unfallgegner in einem CLA 200, sowie dessen 24-j\u00e4hrige  Beifahrerin wurden gl\u00fccklicherweise nur leicht verletzt, jedoch  ebenfalls in ein umliegendes Krankenhaus verbracht. Am Skoda entstand  ein Sachschaden in H\u00f6he von ca. 5.000 Euro. Am Mercedes-Benz betr\u00e4gt der  Schaden ca. 25.000 Euro. Die beiden nicht mehr fahrbereiten Fahrzeuge  mussten im Anschluss an die Unfallaufnahme abgeschleppt werden. Zu  Verkehrsbeeintr\u00e4chtigungen kam es nicht. <\/p>\n\n\n\n<h4 class=\"wp-block-heading\">(Ladenburg \/ Rhein-Neckar-Kreis) &#8211; Unfallflucht; Zeugen gesucht<\/h4>\n\n\n\n<p>Ein bislang unbekannter Autofahrer besch\u00e4digte am Freitagnachmittag   beim Ein- oder Ausparken einen Seat Alhambra, der zwischen 14.20-14.40  Uhr auf dem Lidl-Parkplatz in der Wallstadter Stra\u00dfe abgestellt war. <\/p>\n\n\n\n<p>Der Sachschaden bel\u00e4uft sich auf rund 2.000.- Euro. <\/p>\n\n\n\n<p>Zeugen werden gebeten, sich mit dem Polizeirevier Ladenburg, Tel.: 06203\/9305-0 in Verbindung zu setzen. <\/p>\n\n\n\n<h4 class=\"wp-block-heading\">(A 5 \/ Hirschberg \/ Rhein-Neckar-Kreis) &#8211; Verletzter Fu\u00dfg\u00e4nger entfernt sich von der Unfallstelle \/ umfangreiche Suchma\u00dfnahmen &#8211; Zeugen gesucht<\/h4>\n\n\n\n<p>Am Sonntagmorgen gegen 02.15 Uhr befuhr ein 50-j\u00e4hriger Dacia-Fahrer  die BAB 5 in Fahrtrichtung Heidelberg. Kurz vor der Anschlussstelle  Hirschberg kam pl\u00f6tzlich von rechts ein Fu\u00dfg\u00e4nger auf die Fahrbahn, der  die Autobahn in Richtung Hirschberg-Gro\u00dfsachen \u00fcberqueren wollte. Der  Dacia streifte den Fu\u00dfg\u00e4nger mit dem rechten Au\u00dfenspiegel und der  rechten, hinteren Fahrzeugseite. Der 50-J\u00e4hrige bremste sein Fahrzeug  anschlie\u00dfend bis zum Stillstand ab, um sich um den Fu\u00dfg\u00e4nger zu k\u00fcmmern.  Dieser war jedoch nicht mehr auffindbar. Eine hinterherfahrende Zeugin  teilte mit, dass sich der Fu\u00dfg\u00e4nger mit eigener Kraft in Richtung  Leitplanke bewegte und den Arm vor Schmerzen hielt. Sie konnte ihn wie  folgt beschreiben: <\/p>\n\n\n\n<p>m\u00e4nnlich, Glatze, rot-graue Oberbekleidung. <\/p>\n\n\n\n<p>Da\n aufgrund der Spurenlage schwere Verletzungen nicht auszuschlie\u00dfen \nwaren, wurden im Anschluss umfangreiche, weitr\u00e4umige Suchma\u00dfnahmen bis \nzum Sonntagvormittag durchgef\u00fchrt. Zur Suche waren neben mehreren \nPolizeibeamten, die Feuerwehr Weinheim, das THW und DRK Heidelberg mit \nMantrailer- und Fl\u00e4chensp\u00fcrhunden eingebunden. Zus\u00e4tzlich wurde eine \nDrohne mit W\u00e4rmebildkamera und abschlie\u00dfend ein Polizeihubschrauber \neingesetzt. Der Fu\u00dfg\u00e4nger konnte bislang nicht aufgefunden werden. Eine \nNachfrage bei den umliegenden Krankenh\u00e4usern und Rettungsleitstellen \nf\u00fchrte ebenfalls nicht zum Auffinden der Person. <\/p>\n\n\n\n<p>Personen, die \nHinweise zum vorliegenden Sachverhalt geben k\u00f6nnen oder der Mann selbst,\n werden gebeten, sich mit dem Autobahnpolizeirevier Mannheim unter \n0621\/470930 in Verbindung zu setzen. <\/p>\n","protected":false},"excerpt":{"rendered":"<div class=\"mh-excerpt\"><p>Polizeimeldungen vom Wochenende (10.08 &amp; 11.08.2019) (Speyer) &#8211; Verkehrsunfallflucht unter Alkoholeinfluss Eine 47-j\u00e4hrige Autofahrerin parkte, in der Nacht zu Sonntag, ihren PKW auf einem Parkplatz in der Speyerer Innenstadt aus und touchierte dabei zwei geparkte <a class=\"mh-excerpt-more\" href=\"https:\/\/speyer24news.com\/?p=17699\" title=\"Polizei:\">[&#8230;]<\/a><\/p>\n<\/div>","protected":false},"author":3,"featured_media":0,"comment_status":"open","ping_status":"open","sticky":false,"template":"","format":"standard","meta":{"_monsterinsights_skip_tracking":false,"_monsterinsights_sitenote_active":false,"_monsterinsights_sitenote_note":"","_monsterinsights_sitenote_category":0,"footnotes":""},"categories":[12],"tags":[61,2555,63,105,53,102,213,55,103,106,427,62,104,979,1565],"aioseo_notices":[],"amp_enabled":true,"_links":{"self":[{"href":"https:\/\/speyer24news.com\/index.php?rest_route=\/wp\/v2\/posts\/17699"}],"collection":[{"href":"https:\/\/speyer24news.com\/index.php?rest_route=\/wp\/v2\/posts"}],"about":[{"href":"https:\/\/speyer24news.com\/index.php?rest_route=\/wp\/v2\/types\/post"}],"author":[{"embeddable":true,"href":"https:\/\/speyer24news.com\/index.php?rest_route=\/wp\/v2\/users\/3"}],"replies":[{"embeddable":true,"href":"https:\/\/speyer24news.com\/index.php?rest_route=%2Fwp%2Fv2%2Fcomments&post=17699"}],"version-history":[{"count":3,"href":"https:\/\/speyer24news.com\/index.php?rest_route=\/wp\/v2\/posts\/17699\/revisions"}],"predecessor-version":[{"id":17725,"href":"https:\/\/speyer24news.com\/index.php?rest_route=\/wp\/v2\/posts\/17699\/revisions\/17725"}],"wp:attachment":[{"href":"https:\/\/speyer24news.com\/index.php?rest_route=%2Fwp%2Fv2%2Fmedia&parent=17699"}],"wp:term":[{"taxonomy":"category","embeddable":true,"href":"https:\/\/speyer24news.com\/index.php?rest_route=%2Fwp%2Fv2%2Fcategories&post=17699"},{"taxonomy":"post_tag","embeddable":true,"href":"https:\/\/speyer24news.com\/index.php?rest_route=%2Fwp%2Fv2%2Ftags&post=17699"}],"curies":[{"name":"wp","href":"https:\/\/api.w.org\/{rel}","templated":true}]}}