{"id":17727,"date":"2019-08-14T09:02:18","date_gmt":"2019-08-14T08:02:18","guid":{"rendered":"https:\/\/speyer24news.com\/?p=17727"},"modified":"2019-08-18T08:10:09","modified_gmt":"2019-08-18T07:10:09","slug":"polizei-38","status":"publish","type":"post","link":"https:\/\/speyer24news.com\/?p=17727","title":{"rendered":"Polizei:"},"content":{"rendered":"<style type=\"text\/css\">\r\n\t.ads_top_disp{}\r\n\t.ads_top_corner_disp{ float:left; margin:0px 10px 10px 0px; }\r\n\t.ads_first_p_disp{}\r\n\t.ads_bottom_disp{}\r\n\t<\/style>\n<h2 class=\"wp-block-heading\">Polizeimeldungen vom Montag &amp; Dienstag (12.08. &amp; 13.08.2019)<\/h2>\n\n\n\n<div class=\"wp-block-image\"><figure class=\"aligncenter\"><img decoding=\"async\" src=\"https:\/\/speyer24news.com\/wp-content\/uploads\/2019\/07\/Aktuelles-Polizeilogo-1.jpg\" alt=\"\" class=\"wp-image-16637\"\/><\/figure><\/div>\n\n\n\n<h4 class=\"wp-block-heading\">(Speyer) &#8211; Sicherheitsabstand nicht eingehalten<\/h4>\n\n\n\n<p>Weil sie offensichtlich den Sicherheitsabstand nicht einhielt, fuhr am Sonntagvormittag eine 24-j\u00e4hrige Speyerin mit ihrem Pkw auf den vor ihr verkehrsbedingt  abbremsenden Pkw eines 60-j\u00e4hrigen aus Speyer auf. Durch den Aufprall  wurde der 60-j\u00e4hrige Fahrzeuglenker sowie dessen 57-j\u00e4hrige Beifahrerin  leicht verletzt. An beiden Fahrzeugen entstand zudem ein Sachschaden in  H\u00f6he von circa 9000 Euro. Das Auto der Unfallverursacherin war nicht  mehr fahrbereit und musste abgeschleppt werden. <\/p>\n\n\n\n<p>Zeugenhinweise werden unter Tel.-Nr. 06232-1370 oder per Mail an <a href=\"mailto:pispeyer@polizei.rlp.de\">pispeyer@polizei.rlp.de<\/a> entgegen genommen. <\/p>\n\n\n\n<h4 class=\"wp-block-heading\">(R\u00f6merberg) &#8211; Metalldiebstahl<\/h4>\n\n\n\n<p>Aluminium in gro\u00dfem Umfang ist zw.  0.08.2019, 15:00 Uhr &#8211; 12.08.2019, 07:00 Uhr in einem Betrieb in der Werkstra\u00dfe in R\u00f6merberg entwendet worden. Das Metall war in mehreren Gitterboxen gelagert, von  denen jede Einzelne mehrere Hundert Kilo Gewicht hatte, so dass davon  ausgegangen werden muss, dass der\/die T\u00e4ter technisches Hilfswerkzeug  und ein entsprechendes Fahrzeug f\u00fcr den Abtransport genutzt haben  muss\/m\u00fcssen. Der entstandene Schaden liegt im 5-stelligen Bereich. <\/p>\n\n\n\n<p>Zeugenhinweise werden unter Tel.-Nr. 06232-1370 oder per Mail an <a href=\"mailto:pispeyer@polizei.rlp.de\">pispeyer@polizei.rlp.de<\/a> entgegen genommen. <\/p>\n\n\n\n<h4 class=\"wp-block-heading\">(Germersheim) &#8211; Zu betrunken, um zu fl\u00fcchten &#8230;<\/h4>\n\n\n\n<p>  &#8230; war am Sonntagmittag gegen 13.30 Uhr ein 45-j\u00e4hriger  Verkehrsteilnehmer in Germersheim. Zeugen meldeten, dass der Mann  torkelnd in sein Auto einstieg und davonfuhr. Als er einer Kontrolle  unterzogen werden sollte, versuchte der 45-J\u00e4hrige zu Fu\u00df zu fl\u00fcchten.  Aufgrund der Alkoholisierung fiel er jedoch bereits nach wenigen Metern  hin und wurde durch die Beamten gefesselt. Ein Atemalkoholtest war  ebenfalls nicht m\u00f6glich. Auf der Dienststelle wurde ihm eine Blutprobe  entnommen. Da er zudem nicht im Besitz einer g\u00fcltigen Fahrerlaubnis ist,  wurde neben dem Strafverfahren wegen Trunkenheit im Verkehr noch ein  weiteres Strafverfahren wegen des Fahrens ohne Fahrerlaubnis  eingeleitet.<\/p>\n\n\n\n<h4 class=\"wp-block-heading\">(Germersheim) &#8211; Mr. Worldwide h\u00e4lt Polizei Germersheim auf Trab<\/h4>\n\n\n\n<p>Einen freilaufenden Pitbull, den man doch &#8222;Por Favor&#8220; schnellstm\u00f6glich  einfangen solle, meldeten besorgte B\u00fcrger am Samstag (10.08.19) gegen  13:25 Uhr der Polizei Germersheim. Das Tier renne &#8222;On The Floor&#8220; in der  Friedrich-Ebert-Stra\u00dfe umher, suche anscheinend seinen &#8222;Richest Man&#8220; und  wirke hierbei etwas &#8222;Krazy&#8220;. Die eingesetzten Beamten &#8211; selbst  Hundehalter und ausgewiesene Tierfreunde &#8211; dachten zun\u00e4chst zwar &#8222;We  Ain&#8217;t Even Supposed to Be Here&#8220;, wollten jedoch nicht &#8222;Egoista&#8220; sein und  sich um den &#8222;Scared&#8220; R\u00fcden k\u00fcmmern. Obwohl anscheinend nicht &#8222;Rabioso&#8220;,  reagierte dieser nicht auf gutes Zureden, verhielt sich eher &#8222;Bad&#8220; und  startete eine ausgewachsene &#8222;Rebelution&#8220;. Mit einem gebellten &#8222;I Know  You Want Me&#8220; flitzte der Vierbeiner davon. Als die Beamten schon  bef\u00fcrchteten, dass die fu\u00dfl\u00e4ufige Verfolgung nunmehr &#8222;All Night Long&#8220;  andauern w\u00fcrde, erschien der Hundehalter &#8222;Outta Nowhere&#8220; vor Ort. Er  erl\u00e4uterte, dass sein Hund nur am &#8222;Messin&#8216; Around&#8220; sei und bedankte sich  herzlich bei den Polizisten. &#8222;Wir hatten zwar nicht die &#8222;Time Of Our  Lives&#8220;, jedoch haben wir uns den jetzt anstehenden Feierabend und den  sp\u00e4teren &#8222;Bedroom&#8220; redlich verdient.&#8220;, sollen diese augenzwinkernd  geantwortet haben, bevor sie die \u00d6rtlichkeit wieder verlie\u00dfen. <\/p>\n\n\n\n<h4 class=\"wp-block-heading\">(Bellheim) &#8211; Promille-Fahrer per Haftbefehl gesucht<\/h4>\n\n\n\n<p>1,96 Promille &#8222;pustete&#8220; ein 28-j\u00e4hriger Verkehrsteilnehmer, nachdem er  am Montagabend gegen 20:45 Uhr am Kreisverkehr an der  Postgrabenstra\u00dfe\/Fortm\u00fchlstra\u00dfe die Kontrolle \u00fcber sein Mofa verlor und  st\u00fcrzte. Die hohe Promillezahl hatte f\u00fcr den Mann eine  Blutprobenentnahme zur Folge. Bei einer weiteren \u00dcberpr\u00fcfung stellte  sich heraus, dass er zudem per Haftbefehl gesucht wurde. Seine Mutter  bezahlte den offenen Betrag, sodass der 28-J\u00e4hrige wieder aus dem  polizeilichen Gewahrsam entlassen werden konnte. <\/p>\n\n\n\n<h4 class=\"wp-block-heading\">(Kuhardt) &#8211; Zeugenaufruf nach Einbruchsversuch<\/h4>\n\n\n\n<p>Zu einem versuchten Einbruch in ein Einfamilienhaus in der Hauptstra\u00dfe  in Kuhardt kam es in der Nacht von Sonntag auf Montag. Unbekannte T\u00e4ter  versuchten gegen 2:30 Uhr die Eingangst\u00fcr zu \u00f6ffnen, was jedoch  misslang. An der T\u00fcr entstand Sachschaden. Zeugenhinweise nimmt die  Polizeiinspektion Germersheim unter 07274\/958-0 oder per Mail an <a href=\"mailto:pigermersheim@polizei.rlp.de\">pigermersheim@polizei.rlp.de<\/a> entgegen. <\/p>\n\n\n\n<h4 class=\"wp-block-heading\">(Kuhardt) &#8211; Zeugenaufruf nach Unfallflucht<\/h4>\n\n\n\n<p>Ein Sachschaden in H\u00f6he von zirka 300 Euro verursachte am Samstagabend  ein bislang unbekannter Verkehrsteilnehmer an einem geparkten Auto. Der  besch\u00e4digte wei\u00dfe VW Golf parkte zwischen 18 und 23 Uhr Am Rheinberg. Da  sich der Streifschaden an der rechten Seite des Hecksto\u00dff\u00e4ngers  befindet, k\u00f6nnte es sich beim Unfallverursacher um einen Fahrradfahrer  handeln. Zeugenhinweise nimmt die Polizeiinspektion Germersheim unter  07274\/958-0 oder per Mail an <a href=\"mailto:pigermersheim@polizei.rlp.de\">pigermersheim@polizei.rlp.de<\/a> entgegen. <\/p>\n\n\n\n<h4 class=\"wp-block-heading\">(Hagenbach) &#8211; Auffahrunfall mit einer leicht Verletzten<\/h4>\n\n\n\n<p>Eine 45-j\u00e4hrige Autofahrerin hatte am Sonntag, dem 11.08.2019, um 12.00  Uhr, verkehrsbedingt an der Einm\u00fcndung der Habsburger Stra\u00dfe in die L  540 (Friedenstra\u00dfe). Eine ihr nachfolgende, 53-j\u00e4hrige Autofahrerin  stie\u00df vermutlich wegen zu geringen Sicherheitsabstands gegen das  abbremsende Fahrzeug. Beim Aufprall auf das vorausfahrende Fahrzeug,  wurde dessen Fahrerin leicht verletzt. Es entstand Sachschaden in H\u00f6he  von etwa 2500 Euro. <\/p>\n\n\n\n<h4 class=\"wp-block-heading\">(Hagenbach) &#8211; Trunkenheit im Verkehr<\/h4>\n\n\n\n<p>Am Sonntag, dem 11.08.2019, um 01.20 Uhr, wurde in der Habsburger Allee  ein 54-j\u00e4hriger Autofahrer kontrolliert, der unter Alkoholeinfluss  stand. Mit einem Promillepegel von 1,12 Promille hatte er einen \u00fcber den  Durst getrunken und musste sich einer Blutentnahme unterziehen. Sein  F\u00fchrerschein wurde sicher- gestellt und ein Strafverfahren wegen  Trunkenheit im Verkehr eingeleitet<\/p>\n\n\n\n<h4 class=\"wp-block-heading\">(Oberhausen) &#8211; Verkehrsunfallflucht<\/h4>\n\n\n\n<p>Am Freitag, den 09.08.2019 um 16:40 Uhr befuhr ein bislang unbekannter,  silberner PKW mit S\u00dcW-Kennzeichen die B427 von Kandel kommend in  Richtung Bad Bergzabern. In der Ortsdurchfahrt von Oberhausen streifte  dieses Fahrzeug einen in H\u00f6he der Oberen Hauptstra\u00dfe 3 ordnungsgem\u00e4\u00df  geparkten roten Ford mit S\u00dcW-Kennzeichen und verursachte Sachschaden in  H\u00f6he von ca. 350 Euro. Danach hielt die Fahrerin des silbernen PKW zwar  noch kurz an, fuhr aber dann einfach weiter. Hinweise bitte an die  Polizei Bad Bergzabern unter der Telefonnummer 06343\/93340, oder per  E-Mail unter <a href=\"mailto:pibadbergzabern@polizei.rlp.de\">pibadbergzabern@polizei.rlp.de<\/a> <\/p>\n\n\n\n<h4 class=\"wp-block-heading\">(Bad Bergzabern) &#8211; Hochwertiges Mountainbike gestohlen<\/h4>\n\n\n\n<p>Am Montag, 12.08.19, zwischen 08:00 und 11:00 Uhr, wurde im Viertelweg,  im Bereich der dortigen Schule, ein mit Zahlenschloss gesichertes  hellblaues, Mountainbike, Marke Giant, im Wert von 1600.- Euro  gestohlen. Hinweise auf den oder die T\u00e4ter bitte unter 06343-93340 oder  per Email unter <a href=\"mailto:pibadbergzabern@polizei.rlp.de\">pibadbergzabern@polizei.rlp.de<\/a> an die Polizeiinspektion Bad Bergzabern melden. <\/p>\n\n\n\n<h4 class=\"wp-block-heading\">(Niederhorbach) &#8211; Absperrgitter und Karussell besch\u00e4digt<\/h4>\n\n\n\n<p>In der Nacht von 10.\/11.08.2019, zwischen 23:30 Uhr und 01:15 Uhr,  wurde in der Hauptstra\u00dfe, auf dem Festplatz der Weinkerwe, ein  Absperrgitter umgeworfen. Hierbei wurde sowohl das Gitter, als auch das  Kassenh\u00e4uschen am Karussell besch\u00e4digt. Es entstand ein Sachschaden in  H\u00f6he von 500.- Euro. Hinweise auf den bislang unbekannten T\u00e4ter bittet  die Polizeiinspektion Bad Bergzabern, unter 06343\/93340 oder per Email  unter <a href=\"mailto:pibadbergzabern@polizei.rlp.de\">pibadbergzabern@polizei.rlp.de<\/a> zu melden. <\/p>\n\n\n\n<h4 class=\"wp-block-heading\">(Heuchelheim-Klingen) &#8211; Personensuche mit Hubschrauber nach Verkehrsunfall<\/h4>\n\n\n\n<p>Durch einen Spazierg\u00e4nger wurde am Sonntagnachmittag im Wingert bei Heuchelheim-Klingen ein  verlassenes, erheblich unfallbesch\u00e4digtes Fahrzeug aus dem  Zulassungsbezirk Pirmasens gemeldet, welches kurz zuvor an dem  Spazierg\u00e4nger vorbeigefahren war. Der Fahrer war nicht mehr vor Ort.  Aufgrund der Besch\u00e4digungen am Fahrzeug musste von erheblichen  Verletzungen des Fahrers ausgegangen werden und es wurde eine  Personensuche mittels Polizeihubschrauber und Personensp\u00fcrhund  eingeleitet. Im weiteren Verlauf der Suche konnte der 33 j\u00e4hrige Fahrer  aus dem Landkreis Bad D\u00fcrkheim durch eine Funkstreife in einer  Ferienwohnung in Heucheheim-Klingen festgestellt werden. Der Fahrer ist  nicht im Besitz einer g\u00fcltigen Fahrerlaubnis. Gegen 19.00 Uhr wurden die  Suchma\u00dfnahmen eingestellt. <\/p>\n\n\n\n<h4 class=\"wp-block-heading\">(Heuchelheim-Klingen) &#8211; Verkehrsunfallflucht im Weinberg<\/h4>\n\n\n\n<p>Am 11.8.2019, gegen 15.00 Uhr, wurde  auf einem Feldweg zwischen  Heuchelheim und Klingenm\u00fcnster von  Zeugen ein verunfallter Pkw  gemeldet. Dieser lag erheblich besch\u00e4digt im Weinberg. Bei Eintreffen  der Polizeistreife waren am stark unfallbesch\u00e4digten Pkw keine Personen  festzustellen. Der Unfalllage nach zu urteilen, mussten Insassen  zumindest blutende Verletzungen davongetragen haben. Eine  Nahbereichsfahndung verlief zun\u00e4chst erfolglos. Die Suche mit einem  Polizeihubschrauber und Personensp\u00fcrhund war eingeleitet. Ermittlungen  \u00fcber den Fahrzeughalter f\u00fchrten dann zum 33-j\u00e4hrigen Pkw-Fahrer. Dieser  hielt sich in Heuchelheim-Klingen auf und wies leicht, blutende  Verletzungen auf. Zum Unfallhergang machte er keine Angaben. Ihn  erwartet nun ein Ermittlungsverfahren wegen Stra\u00dfenverkehrsgef\u00e4hrdung  und Unerlaubten Entfernens von der Unfallstelle. Am Pkw entstand  Totalschaden. Mehrere Weinbergszeilen wurden besch\u00e4digt.<\/p>\n\n\n\n<h4 class=\"wp-block-heading\">(Landau) &#8211; Dreister Wechseltrick \/ Geld gestohlen<\/h4>\n\n\n\n<p>Ein bisher unbekannter T\u00e4ter bat 79-j\u00e4hrigen Gesch\u00e4digten am  Wei\u00dfquartierplatz in Landau darum, ihm Geld f\u00fcr den Parkscheinautomaten  zu wechseln. <\/p>\n\n\n\n<p>Kurze Zeit sp\u00e4ter bemerkte der Gesch\u00e4digte beim Tanken, dass ihm Geldscheine aus seiner Geldb\u00f6rse entwendet wurden. <\/p>\n\n\n\n<p>Den T\u00e4ter konnte der Zeuge wie folgt beschreiben: <\/p>\n\n\n\n<ul><li>ca. 30-40 Jahre alt<\/li><li>1,70-1,75 m gro\u00df<\/li><li>Kr\u00e4ftige Statur mit kurzen, schwarzen Haaren<\/li><li>S\u00fcdl\u00e4ndische Aussehen<\/li><li>deutsche Sprache<\/li><\/ul>\n\n\n\n<p>Vom Wei\u00dfquartierplatz ging der T\u00e4ter in Richtung Sparkasse. <\/p>\n\n\n\n<p>Ein\n gleichgelagerter Fall ereignete sich bereits am 18.07.2019 an gleicher \nStelle und die Personenbeschreibung stimmt fast l\u00fcckenlos \u00fcberein. <\/p>\n\n\n\n<p>Zeugen werden gebeten sich mit der Kriminalinspektion Landau unter Telefon: 06341-287-0 in Verbindung zu setzen. <\/p>\n\n\n\n<h4 class=\"wp-block-heading\">(Landau) &#8211; K\u00f6rperverletzung<\/h4>\n\n\n\n<p>Am 12.8.2019, gegen 17.30 Uhr, musste eine Polizeistreife in den  Ostpark, da es Auseinandersetzungen zwischen 3 m\u00e4nnlichen Personen gab.  Vor Ort wurden  drei m\u00e4nnlichen Personen im Alter zwischen 21 und 44  Jahren, angetroffen. Die Ursache des Streites der Personen konnte   aufgrund starker Alkoholisierung zweier Personen, und mangelnder  Kommunikationsf\u00e4higkeit, nicht ermittelt werden. Bei dem Streit ging  eine Glasflasche zu Bruch und einer der Beteiligten erlitt eine  Sch\u00fcrfwunde am Knie. Ein Ermittlungsverfahren wegen K\u00f6rperverletzung  wurde eingeleitet. <\/p>\n\n\n\n<h4 class=\"wp-block-heading\">(Landau) &#8211; Sachbesch\u00e4digung<\/h4>\n\n\n\n<p>Am Montagmorgen, 12.8.19, gegen 8.30Uhr, wurde die Sachbesch\u00e4digung an  einem Bankgeb\u00e4udes in Landau in der Waffenstra\u00dfe gemeldet. Bislang  unbekannte T\u00e4ter hatten die Klingelanlage des Geb\u00e4udes, zwei  Sandsteinplatten der Fassade und eine Glasscheibe besch\u00e4digt. Der Tat  wurde  in der Zeit von Freitag, 9.8.19 bis 12.8.19 ver\u00fcbt.  Durch den  Glasbruch wurden dahinter befindliche Ausgabeautomaten besch\u00e4digt. Die  H\u00f6he des Schadens wird auf ca. 17.000EUR gesch\u00e4tzt. Sachdienliche  Hinweise auf die Verursacher der Sachbesch\u00e4digung erbittet die Polizei  Landau unter Tel. Nr. 06341\/2870 oder per Email <a href=\"mailto:pilandau@polizei.rlp.de\">pilandau@polizei.rlp.de<\/a> <\/p>\n\n\n\n<h4 class=\"wp-block-heading\">(Landau) &#8211; Verkehrskontrolle, Pkw-Fahrer unter Drogeneinfluss<\/h4>\n\n\n\n<p>Bei einer Kontrolle eines 23-j\u00e4hrigen Pkw-Fahrers am fr\u00fchen  Montagmorgen in Landau wurden drogentypische, k\u00f6rperliche Merkmale  festgestellt. Das Auffinden von Marihuana in geringen Mengen belegte den  Verdacht. Die Folge war ein Drogenschnelltest, der positiv verlief,  eine Blutentnahme, Sicherstellung von F\u00fchrerschein und  Fahrzeugschl\u00fcssel, sowie ein Ermittlungsverfahren. <\/p>\n\n\n\n<h4 class=\"wp-block-heading\">(Landau) &#8211; Verkehrsunfall unter Alkoholeinwirkung<\/h4>\n\n\n\n<p>Einen Verkehrsunfall unter Alkoholeinfluss verursachte am fr\u00fchen  Sonntagmorgen ein 31-j\u00e4hriger Pkw-Fahrer in der Dresdener Stra\u00dfe in  Landau. Durch das Bedienen seines Mobiltelefons w\u00e4hrend der Fahrt kam er  von der Fahrbahn ab und prallte gegen einen Gartenzaun. Bei der  Unfallaufnahme konnte deutlicher Alkoholgeruch festgestellt werden. Ein  durchgef\u00fchrter Test ergab eine Atemalkoholkonzentration von 1,48  Promille. Eine Blutentnahme, Sicherstellung des F\u00fchrerscheines und  Fahrzeugschl\u00fcssel, sowie ein Ermittlungsverfahren wegen  Stra\u00dfenverkehrsgef\u00e4hrdung ist die Folge. <\/p>\n\n\n\n<h4 class=\"wp-block-heading\">(Landau) &#8211; Sachbesch\u00e4digung an Pkw<\/h4>\n\n\n\n<p>In der Zeit zwischen  Samstag, 10. und Sonntag, 11.8.2019 wurden durch  unbekannte T\u00e4ter auf einem Parkplatz in der Stettiner Stra\u00dfe in Landau  die Reifen zweier dort geparkter Pkw besch\u00e4digt. Es wurden insgesamt 5  Reifen platt gestochen. Sachdienliche Hinweise auf die Verursacher der  Sachbesch\u00e4digung erbittet die Polizei Landau unter Tel. Nr. 06341\/2870  oder per Email <a href=\"mailto:pilandau@polizei.rlp.de\">pilandau@polizei.rlp.de<\/a> <\/p>\n\n\n\n<h4 class=\"wp-block-heading\">(Flemlingen) &#8211; Brennendes M\u00fcllfahrzeug<\/h4>\n\n\n\n<p>Am 13.08.2019, gegen 09:52 Uhr, geriet die Ladefl\u00e4che eines beladenen  M\u00fcllfahrzeugs aus bislang ungekl\u00e4rter Ursache in Brant. Das Fahrzeug  fing im Ort an zu brennen und konnte noch au\u00dferhalb, auf der L512,  abgestellt werden, um ein gr\u00f6\u00dferen Schadensausma\u00df zu verhindern. Die  Stra\u00dfe zwischen Flemlingen und Hainfeld musste vollgesperrt werden. <\/p>\n\n\n\n<h4 class=\"wp-block-heading\">(Neustadt) &#8211; Geld und Musikbox abgenommen<\/h4>\n\n\n\n<p>Die 18-j\u00e4hrige gesch\u00e4digte Frau verabredete sich am 12.08.2019 gegen  19:30 Uhr  mit einer Freundin im Bereich Rosengarten. Drei weitere  weibliche Bekannte gesellten sich unerwartet dazu und es kam zum Streit.  Die drei Frauen im Alter von 18 &#8211; 21 Jahren, forderten gemeinsam von  der Gesch\u00e4digten Geld, beleidigten sie und drohten mit Schl\u00e4gen. Sie  h\u00e4ndigte daraufhin 5 Euro und eine kleine Musikbox aus, was den Dreien  jedoch nicht gen\u00fcgte. Sie n\u00f6tigten die 18-J\u00e4hrige mit zur Sparkasse zu  gehen um weiteres Geld abzuheben. Der 18-J\u00e4hrigen gelang es, die Polizei  zu informieren. Beim Eintreffen der Beamten waren die drei  Tatverd\u00e4chtigen nicht mehr vor Ort. Allerdings konnten sie in der N\u00e4he  aufgegriffen werden. Die Musikbox und das Geld konnten nicht aufgefunden  werden. Die drei tatverd\u00e4chtigen Frauen erwartet nun ein Strafverfahren  wegen r\u00e4uberischer Erpressung. <\/p>\n\n\n\n<h4 class=\"wp-block-heading\">(Neustadt) &#8211; Ohne g\u00fcltigen F\u00fchrerschein unterwegs<\/h4>\n\n\n\n<p>Ein 26-j\u00e4hriger Fahrer eines Mercedes Sprinter wurde am fr\u00fchen Morgen  des 11.08.2019 in der Manfred-Vetter-Stra\u00dfe einer Verkehrskontrolle  unterzogen. Bei der \u00dcberpr\u00fcfung zeigte der Mann einen ausl\u00e4ndischen  F\u00fchrerschein vor. Da der Mann bereits \u00fcber ein Jahr in Deutschland einen  festen Wohnsitz hat, ist der F\u00fchrerschein nicht mehr g\u00fcltig.  Entsprechend wurde die Weiterfahrt untersagt und ein Strafverfahren  wegen Fahren ohne g\u00fcltige Fahrerlaubnis eingeleitet. <\/p>\n\n\n\n<h4 class=\"wp-block-heading\">(Frankeneck) &#8211; Kennzeichen gestohlen<\/h4>\n\n\n\n<p>In gleich zwei F\u00e4llen wurden in Frankeneck in der Talstra\u00dfe am  Vormittag des 10.8.2019 zwei hintere Kennzeichen gestohlen. Ein  Kennzeichen befand sich an einem Pkw Citroen, das zweite Kennzeichen war  an einem Ford Focus angebracht. Die H\u00f6he des einzelnen Sachschadens  d\u00fcrfte sich bei etwa 100 Euro bewegen. M\u00f6gliche Zeugen werden gebeten,  sich mit der Polizei Neustadt unter 06321 854-0 oder per E-Mail unter <a href=\"mailto:pineustadt@polizei.rlp.de\">pineustadt@polizei.rlp.de<\/a> in Verbindung zu setzen. <\/p>\n\n\n\n<h4 class=\"wp-block-heading\">(Ha\u00dfloch) &#8211; Sachbesch\u00e4digung an Fahrzeugen<\/h4>\n\n\n\n<p>Am Samstag, den 10.08.2019, wurden in den Abendstunden an vier  geparkten Pkw`s jeweils ein oder mehrere Fahrzeugreifen mutwillig  zerstochen. Alle Fahrzeuge waren im Bereich des Feldweges am  Wehlachweiher geparkt. Zeugen werden gebeten, sich bei der  Polizeiinspektion Ha\u00dfloch unter 06324\/9330 oder <a href=\"mailto:pihassloch@polizei.rlp.de\">pihassloch@polizei.rlp.de<\/a> zu melden. <\/p>\n\n\n\n<h4 class=\"wp-block-heading\">(Bad D\u00fcrkheim) &#8211; 13 Verst\u00f6\u00dfe bei Geschwindigkeitskontrollen<\/h4>\n\n\n\n<p>Am Montag wurden bei zwei Kontrollen in Kallstadt 10  Geschwindigkeitsverst\u00f6\u00dfe festgestellt. In der Zeit von 14.15 Uhr bis  15.00 Uhr wurden in der Weinstra\u00dfe neun Verst\u00f6\u00dfe festgestellt. Bei  erlaubtem Tempo 30 lag die h\u00f6chste gemessene Geschwindigkeit bei 50  km\/h. Bei einer weiteren Kontrolle in der Zeit von 23.15 Uhr bis 00.00  Uhr wurde nur eine Geschwindigkeits\u00fcberschreitung festgestellt. In  Hardenburg wurde von 17.00 Uhr bis 18.00 Uhr an der B 37 gemessen. Hier  wurden zwei Verst\u00f6\u00dfe festgestellt. Von 00.10 Uhr bis 00.55 Uhr wurde in  Bad D\u00fcrkheim in der Mannheimer Stra\u00dfe bei geringem Verkehrsaufkommen ein  Fahrzeugf\u00fchrer festgestellt, der bei erlaubten 50 km\/h mit 74 km\/h  gemessen wurde. <\/p>\n\n\n\n<h4 class=\"wp-block-heading\">(Bad D\u00fcrkheim) &#8211; Fahrzeugf\u00fchrer unter Cannabiseinfluss<\/h4>\n\n\n\n<p>Bei einem 25-J\u00e4hrigen Fahrzeugf\u00fchrer wurden am Montagnachmittag   drogenspezifische Auff\u00e4lligkeiten festgestellt. Ein Vortest best\u00e4tigte  den Verdacht, weshalb die Weiterfahrt in Hardenburg untersagt und eine  Blutprobe angeordnet wurde. <\/p>\n\n\n\n<h4 class=\"wp-block-heading\">(Freinsheim) &#8211;  Musikveranstaltung f\u00fchrt zu B\u00fcrgerbeschwerden<\/h4>\n\n\n\n<p>Keine Kenntnis hatte die Polizei von einer Musikveranstaltung auf dem  freien Feld zwischen Freinsheim und Weisenheim am Sand. Die erste  Mitteilung erfolgte bereits am Nachmittag des 10.08.19, als reger  PKW-Verkehr in diesem Bereich gemeldet wurde. In den Abendstunden fand  dort ein Live-Konzert statt, welches erneut zu einer Vielzahl von  B\u00fcrgerbeschwerden f\u00fchrte. Der Veranstalter konnte keine Genehmigung  vorlegen, weshalb die zust\u00e4ndige Verbandsgemeinde informiert wurde. Am  Sonntag meldete sich ein Besucher dieser Veranstaltung bei  der Polizei,  weil er von zwei Personen ins Gesicht geschlagen wurde. Ein  Ermittlungsverfahren wurde eingeleitet. <\/p>\n\n\n\n<h4 class=\"wp-block-heading\">(Gr\u00fcnstadt) &#8211; Verkehrsunfall mit 3 leicht verletzten Beteiligten<\/h4>\n\n\n\n<p>Zu einem Verkehrsunfall, bei dem alle drei Beteiligten leicht verletzt  wurden, kam es am Dienstag, 13.08.2019 um 21:40 Uhr. Eine 45-j\u00e4hrige  Frau aus Eisenberg befuhr mit ihrem Mini die Obers\u00fclzer Stra\u00dfe in  Gr\u00fcnstadt in Richtung Obers\u00fclzen. An der Anschlussstelle zur B 271  (Umgehungsstra\u00dfe) wollte sie nach links einbiegen. Hierbei \u00fcbersah sie  einen entgegenkommenden Opel Corsa, dessen Fahrer, ein 20-j\u00e4hriger aus  Gr\u00fcnstadt, auf der L 453 in Richtung Innenstadt unterwegs war. Im  Bereich der Einm\u00fcndung kam es zum Zusammensto\u00df. Bei beiden Fahrzeugen  wurden die Airbags ausgel\u00f6st. Beide Fahrer, sowie die 29-j\u00e4hrige  Beifahrerin im Mini, wurden leicht verletzt und zur Abkl\u00e4rung in ein  Krankenhaus eingeliefert. Beide Fahrzeuge mussten abgeschleppt werden.  Die Zufahrt zur B 271 war f\u00fcr 45 Minuten voll gesperrt. Neben der  Polizei Gr\u00fcnstadt waren die Feuerwehr Gr\u00fcnstadt, der Rettungsdienst und  die Stra\u00dfenmeisterei Gr\u00fcnstadt im Einsatz. Der entstanden Schaden wird  auf 22.000 EUR gesch\u00e4tzt.<\/p>\n\n\n\n<h4 class=\"wp-block-heading\">(Frankenthal) &#8211; Verkehrsunfallflucht I<\/h4>\n\n\n\n<p>Die Gesch\u00e4digte stellt ihren Pkw Mercedes-Benz Viano am 12.08.2019, in  der Zeit von 12.00 Uhr bis 19.00 Uhr, in der Fohlenstra\u00dfe, H\u00f6he  Hausnummer 4, ab. Als sie wieder zu ihrem Fahrzeug kommt, muss sie  feststellen, dass dieses durch einen bislang unbekannten Fahrzeugf\u00fchrer  an der linken hinteren Sto\u00dfstange besch\u00e4digt wurde. Der Schaden wird auf  etwa 1000 Euro gesch\u00e4tzt. <\/p>\n\n\n\n<p>Die Polizei weist darauf hin, dass \nUnerlaubtes Entfernen vom Unfallort kein Kavaliersdelikt ist! Der \nfl\u00fcchtige Fahrer muss mit einer Geld- oder Freiheitsstrafe bis zu 3 \nJahren und evtl. mit einem F\u00fchrerscheinentzug rechnen. Au\u00dferdem kann der\n Fl\u00fcchtige den Kaskoschutz seiner Kfz-Versicherung verlieren und von \nseiner Versicherung an der Begleichung des Fremdschadens beteiligt \nwerden. Die Polizei r\u00e4t deshalb jeden Unfall zu melden. <\/p>\n\n\n\n<p>Wir wollen, dass Sie sicher Leben &#8211; ihre Polizei Frankenthal. <\/p>\n\n\n\n<p>Wer\n sachdienliche Hinweise zu dem genannten Fall geben kann, wird gebeten \nsich mit der Polizeiinspektion Frankenthal unter der Rufnummer \n06233\/313-0 oder der Polizeiwache Maxdorf unter der Rufnummer \n06237\/934-1100 in Verbindung zu setzen. Hinweise k\u00f6nnen auch per E-Mail \nunter <a href=\"mailto:pifrankenthal@polizei.rlp.de\">pifrankenthal@polizei.rlp.de<\/a> an die Polizei \u00fcbermittelt werden. <\/p>\n\n\n\n<h4 class=\"wp-block-heading\">(Frankenthal) &#8211; Verkehrsunfallflucht II<\/h4>\n\n\n\n<p>Die Gesch\u00e4digte stellt ihren Pkw Audi A1 am 12.08.2019, in der Zeit von  08.00 Uhr bis 17.30 Uhr, in der Fr\u00fchlingstra\u00dfe, H\u00f6he Hausnummer 2, ab.  Als sie wieder zu ihrem Pkw kommt, muss sie feststellen, dass dieser  durch einen bislang unbekannten Fahrzeugf\u00fchrer an der vorderen  Sto\u00dfstange besch\u00e4digt wurde. Der Schaden wird auf etwa 250 Euro  gesch\u00e4tzt. <\/p>\n\n\n\n<p>Die Polizei weist darauf hin, dass Unerlaubtes \nEntfernen vom Unfallort kein Kavaliersdelikt ist! Der fl\u00fcchtige Fahrer \nmuss mit einer Geld- oder Freiheitsstrafe bis zu 3 Jahren und evtl. mit \neinem F\u00fchrerscheinentzug rechnen. Au\u00dferdem kann der Fl\u00fcchtige den \nKaskoschutz seiner Kfz-Versicherung verlieren und von seiner \nVersicherung an der Begleichung des Fremdschadens beteiligt werden. Die \nPolizei r\u00e4t deshalb jeden Unfall zu melden. <\/p>\n\n\n\n<p>Wir wollen, dass Sie sicher Leben &#8211; ihre Polizei Frankenthal. <\/p>\n\n\n\n<p>Wer\n sachdienliche Hinweise zu dem genannten Fall geben kann, wird gebeten \nsich mit der Polizeiinspektion Frankenthal unter der Rufnummer \n06233\/313-0 oder der Polizeiwache Maxdorf unter der Rufnummer \n06237\/934-1100 in Verbindung zu setzen. Hinweise k\u00f6nnen auch per E-Mail \nunter <a href=\"mailto:pifrankenthal@polizei.rlp.de\">pifrankenthal@polizei.rlp.de<\/a> an die Polizei \u00fcbermittelt werden. <\/p>\n\n\n\n<h4 class=\"wp-block-heading\">(Frankenthal) &#8211; Verkehrsunfall mit schwerverletztem Kind<\/h4>\n\n\n\n<p>Am 12.08.2019, gegen 13.15 Uhr, bef\u00e4hrt eine 26-j\u00e4hrige Frau aus  Frankenthal mit ihrem Pkw Audi die M\u00f6rscher Stra\u00dfe in Richtung M\u00f6rsch.  In H\u00f6he der Hausnummer 113 \u00fcberschreitet pl\u00f6tzlich ein 12-j\u00e4hriger Junge  aus Bobenheim-Roxheim die Fahrbahn und wird hierbei von der linken  Front des Pkw erfasst und zu Boden geschleudert. Hierbei wird der Junge  schwer verletzt und mittels eines Rettungshubschraubers in eine Klinik  in Mannheim verbracht. Nach derzeitigem Informationsstand besteht keine  akute Lebensgefahr. Die Befragung der Pkw-F\u00fchrerin, sowie von  Unfallzeugen, ergab, dass der Junge augenscheinlich vor einem haltenden  Linienbus pl\u00f6tzlich auf die Fahrbahn trat, um zu auf der anderen  Stra\u00dfenseite befindlichen Schulfreunden zu laufen. Zur Kl\u00e4rung des  Unfallherganges wurde auf Anordnung der Staatsanwaltschaft Frankenthal  der unfallbeteiligte Pkw sichergestellt und ein Gutachter hinzugezogen.  Der Schaden am Pkw wird auf etwa 4000 Euro gesch\u00e4tzt. Die Polizei  Frankenthal sucht in diesem Zusammenhang nach weiteren Zeugen, welche  Angaben zum Unfallhergang machen k\u00f6nnen. <\/p>\n\n\n\n<p>Wer sachdienliche \nHinweise zu dem genannten Fall geben kann, wird gebeten sich mit der \nPolizeiinspektion Frankenthal unter der Rufnummer 06233\/313-0 oder der \nPolizeiwache Maxdorf unter der Rufnummer 06237\/934-1100 in Verbindung zu\n setzen. Hinweise k\u00f6nnen auch per E-Mail unter <a href=\"mailto:pifrankenthal@polizei.rlp.de\">pifrankenthal@polizei.rlp.de<\/a> an die Polizei \u00fcbermittelt werden. <\/p>\n\n\n\n<h4 class=\"wp-block-heading\">(Frankenthal) &#8211; Verkehrsunfallflucht III<\/h4>\n\n\n\n<p>Gleich 2 Verkehrsunfallfluchten beanzeigt die Gesch\u00e4digte zu ihrem  Nachteil, beide Male hat sie ihren Pkw Hyundai in der Schmiedgasse, H\u00f6he  Hausnummer 50, abgestellt. Zun\u00e4chst kommt es vom 01.08.2019 bis zum  02.08.2019 zu einer Besch\u00e4digung am rechten Seitenschweller. Hier wird  der Schaden auf etwa 800 Euro gesch\u00e4tzt. Vom 11.08.2019 bis 12.08.2019  kommt es zu einer weiteren Besch\u00e4digung an der hinteren linken  Sto\u00dfstange. Hier wird der Schaden auf etwa 500 Euro gesch\u00e4tzt. <\/p>\n\n\n\n<p>Die\n Polizei weist darauf hin, dass Unerlaubtes Entfernen vom Unfallort kein\n Kavaliersdelikt ist! Der fl\u00fcchtige Fahrer muss mit einer Geld- oder \nFreiheitsstrafe bis zu 3 Jahren und evtl. mit einem F\u00fchrerscheinentzug \nrechnen. Au\u00dferdem kann der Fl\u00fcchtige den Kaskoschutz seiner \nKfz-Versicherung verlieren und von seiner Versicherung an der \nBegleichung des Fremdschadens beteiligt werden. Die Polizei r\u00e4t deshalb \njeden Unfall zu melden. <\/p>\n\n\n\n<p>Wir wollen, dass Sie sicher Leben &#8211; ihre Polizei Frankenthal. <\/p>\n\n\n\n<p>Wer\n sachdienliche Hinweise zu dem genannten Fall geben kann, wird gebeten \nsich mit der Polizeiinspektion Frankenthal unter der Rufnummer \n06233\/313-0 oder der Polizeiwache Maxdorf unter der Rufnummer \n06237\/934-1100 in Verbindung zu setzen. Hinweise k\u00f6nnen auch per E-Mail \nunter <a href=\"mailto:pifrankenthal@polizei.rlp.de\">pifrankenthal@polizei.rlp.de<\/a> an die Polizei \u00fcbermittelt werden. <\/p>\n\n\n\n<h4 class=\"wp-block-heading\">(Frankenthal) &#8211; Diebstahl eines Kennzeichens<\/h4>\n\n\n\n<p>Die Gesch\u00e4digte stellt ihren Pkw Mitsubishi Colt in der Zeit von  08.08.2019, 14.00 Uhr, bis 11.08.2019, 21.00 Uhr, am Falterplatz ab. Als  sie wieder zu ihrem Fahrzeug kommt, muss sie feststellen, dass bislang  unbekannte T\u00e4ter das hintere amtliche Kennzeichen entwendet haben. Der  Schaden wird auf etwa 30 Euro gesch\u00e4tzt. <\/p>\n\n\n\n<p>Wer sachdienliche \nHinweise zu dem genannten Fall geben kann, wird gebeten sich mit der \nPolizeiinspektion Frankenthal unter der Rufnummer 06233\/313-0 oder der \nPolizeiwache Maxdorf unter der Rufnummer 06237\/934-1100 in Verbindung zu\n setzen. Hinweise k\u00f6nnen auch per E-Mail unter <a href=\"mailto:pifrankenthal@polizei.rlp.de\">pifrankenthal@polizei.rlp.de<\/a> an die Polizei \u00fcbermittelt werden. <\/p>\n\n\n\n<h4 class=\"wp-block-heading\">(Frankenthal) &#8211; Sachbesch\u00e4digung an Pkw<\/h4>\n\n\n\n<p>Der Gesch\u00e4digte stellt seinen Pkw Audi Q5 in der Zeit von 10.08.2019,  14.00 Uhr, bis 11.08.2019, 08.00, am Kleingartenverein M\u00f6rscher Weiden  ab. Als er wieder zu seinem Fahrzeug kommt, muss er feststellen, dass  dieses durch bislang unbekannte T\u00e4ter massiv besch\u00e4digt wurde. Der  Schaden wird auf etwa 10.000 Euro gesch\u00e4tzt. <\/p>\n\n\n\n<p>Wer sachdienliche  Hinweise zu dem genannten Fall geben kann, wird gebeten sich mit der  Polizeiinspektion Frankenthal unter der Rufnummer 06233\/313-0 oder der  Polizeiwache Maxdorf unter der Rufnummer 06237\/934-1100 in Verbindung zu  setzen. Hinweise k\u00f6nnen auch per E-Mail unter <a href=\"mailto:pifrankenthal@polizei.rlp.de\">pifrankenthal@polizei.rlp.de<\/a> an die Polizei \u00fcbermittelt werden. <\/p>\n\n\n\n<h4 class=\"wp-block-heading\">(Bobenheim-Roxheim) &#8211; Diebstahl von Motorrad<\/h4>\n\n\n\n<p>Der Gesch\u00e4digte stellt seinen Motorrad Yamaha in der Zeit von  11.08.2019, 21.00 Uhr, bis 12.08.2019, 10.00 Uhr, in der  Walter-Rathenau-Stra\u00dfe, H\u00f6he Hausnummer 6, ab. Als er dieses wieder  benutzen will, stellt er fest, dass dieses durch bislang unbekannte  T\u00e4ter entwendet wurde. Weiterhin wurden durch die T\u00e4ter noch ein  Motorradhelm und Motorradhandschuhe entwendet. Der Schaden wird auf etwa  4500 Euro gesch\u00e4tzt. <\/p>\n\n\n\n<p>Wer sachdienliche Hinweise zu dem genannten  Fall geben kann, wird gebeten sich mit der Polizeiinspektion  Frankenthal unter der Rufnummer 06233\/313-0 oder der Polizeiwache  Maxdorf unter der Rufnummer 06237\/934-1100 in Verbindung zu setzen.  Hinweise k\u00f6nnen auch per E-Mail unter <a href=\"mailto:pifrankenthal@polizei.rlp.de\">pifrankenthal@polizei.rlp.de<\/a> an die Polizei \u00fcbermittelt werden. <\/p>\n\n\n\n<h4 class=\"wp-block-heading\">(Ludwigshafen) &#8211; In Keller eingebrochen<\/h4>\n\n\n\n<p>Gegen 3 Uhr am 13.08.2019 brachen bislang Unbekannte in vier  Kellerabteile eines Mehrfamilienhauses ein und durchsuchten diese. Ob es  ihnen gelang etwas zu entwenden, ist bislang unklar. Auf ihrer Flucht  wurden die T\u00e4ter von einer Zeugin beobachtet. Sie konnte die Unbekannten  wie folgt beschreiben: Beide m\u00e4nnlich und schlank, zwischen 1,70m und  1,75m gro\u00df. <\/p>\n\n\n\n<p>Die Polizeiinspektion Ludwigshafen 1 bittet um sachdienliche Hinweise unter der Telefonnummer 0621 963-2122 oder per e-Mail <a href=\"mailto:piludwigshafen1@polizei.rlp.de\">piludwigshafen1@polizei.rlp.de<\/a>. <\/p>\n\n\n\n<h4 class=\"wp-block-heading\">(Ludwigshafen) &#8211; 39-j\u00e4hriger Radfahrer angefahren<\/h4>\n\n\n\n<p>Am 12.08.2019, gegen 15:45 Uhr, fuhr ein 19-J\u00e4hriger mit seinem Auto  auf der Oggersheimer Stra\u00dfe. Als er im Einm\u00fcndungsbereich zur Oderstra\u00dfe  nach links abbiegen wollte, stie\u00df er mit einem 39-j\u00e4hrigen Radfahrer  zusammen. Dieser wurde auf die Motorhaube geschleudert und leicht  verletzt. <\/p>\n\n\n\n<p>Die Vordergabel des Rads wurde hierbei stark besch\u00e4digt. Eine genaue Schadensh\u00f6he ist bislang nicht bekannt. <\/p>\n\n\n\n<h4 class=\"wp-block-heading\">(Ludwigshafen) &#8211; Unverantwortliche Raserei auf dem Kaiserw\u00f6rthdamm<\/h4>\n\n\n\n<p>Eine Zivilstreife der Zentralen Verkehrsdienste der Polizeidirektion  Neustadt(ausgestattet mit einer geeichten Video-Messanlage) wurde am  gestrigen Montag, den 12.08.2019, um 14.30 Uhr, im Stadtgebiet  Ludwigshafen in H\u00f6he der Berufsfeuerwehr, von einem 28-j\u00e4hrigen  Golf-Fahrer mit deutlich \u00fcberh\u00f6hter Geschwindigkeit \u00fcberholt. Er wurde  anschlie\u00dfend mit 104 km\/h gemessen. Erst an der nahen Radars\u00e4ule bremste  er seinen Pkw ab. Bei der anschlie\u00dfenden Verkehrskontrolle wurde der  Mann eingehend ermahnt, seine Fahrweise zuk\u00fcnftig zu \u00e4ndern. Er muss nun  wegen einer vors\u00e4tzlichen Geschwindigkeits\u00fcberschreitung innerhalb  geschlossener Ortschaften mit einer empfindlichen Geldbu\u00dfe in H\u00f6he von  560 EURO, verbunden mit einem 2-monatigen Fahrverbot sowie einem Eintrag  von zwei Punkten beim Fahreignungsregister in Flensburg rechnen. Die  Punkte werden erst nach f\u00fcnf Jahren getilgt. <\/p>\n\n\n\n<h4 class=\"wp-block-heading\">(Ludwigshafen) &#8211; Kellerparzellen aufgebrochen<\/h4>\n\n\n\n<p>Zwischen dem 07.08.2019 (10 Uhr) und dem 12.08.2019 (14 Uhr) wurden in  der Carl-Bosch-Stra\u00dfe insgesamt f\u00fcnf Kellerparzellen eines  Mehrfamilienhauses aufgebrochen und durchw\u00fchlt. Entwendet wurden nach  derzeitigem Stand der Ermittlungen lediglich eine Kiste Spirituosen. <\/p>\n\n\n\n<p>Sachdienliche Hinweise bitte an die Polizeiinspektion Ludwigshafen 2  unter der Telefonnummer 0621 963-2222 oder per E-Mail <a href=\"mailto:piludwigshafen2@polizei.rlp.de\">piludwigshafen2@polizei.rlp.de<\/a>. <\/p>\n\n\n\n<h4 class=\"wp-block-heading\">(Ludwigshafen) &#8211; Wohnungseinbruch in der Hemshofstra\u00dfe<\/h4>\n\n\n\n<p>Im Zeitraum 10.08.2019, 20 Uhr, bis 12.08.2019, 12:15 Uhr, kam es in  einer Wohnung eines Mehrparteienhauses in der Hemshofstra\u00dfe zu einem  Einbruch. Der oder die T\u00e4ter hebelten eine T\u00fcr auf und durchsuchten die  R\u00e4umlichkeiten. Entwendet wurde nach derzeitigem Stand der Ermittlungen  nichts. <\/p>\n\n\n\n<p>Wer sachdienliche Hinweise geben kann, wird gebeten, sich  bei der Kriminalpolizei Ludwigshafen unter der Telefonnummer  0621\/963-2773 oder per E-Mail <a href=\"mailto:kiludwigshafen@polizei.rlp.de\">kiludwigshafen@polizei.rlp.de<\/a> zu melden. <\/p>\n\n\n\n<h4 class=\"wp-block-heading\">(Ludwigshafen) &#8211; Bargeld aus Wohnung gestohlen<\/h4>\n\n\n\n<p>Zu einer Wohnung eines Mehrfamilienhauses in der Gro\u00dfe Gasse  verschafften sich am Montag, 12.08.2019 zwischen 11 Uhr und 11:50 Uhr,  Unbekannte T\u00e4ter gewaltsam Zugang. Im Innern durchw\u00fchlen sie Schr\u00e4nke  und Schubladen und konnten mehrere hundert Euro sowie diverse  Ausweisdokumente entwenden. <\/p>\n\n\n\n<p>Wer sachdienliche Hinweise geben  kann, wird gebeten, sich bei der Kriminalpolizei Ludwigshafen unter der  Telefonnummer 0621\/963-2773 oder per E-Mail <a href=\"mailto:kiludwigshafen@polizei.rlp.de\">kiludwigshafen@polizei.rlp.de<\/a> zu melden. <\/p>\n\n\n\n<h4 class=\"wp-block-heading\">(Ludwigshafen) &#8211; Geld aus Automat gestohlen<\/h4>\n\n\n\n<p>In der Dehmel-Stra\u00dfe wurde im Zeitraum 30.07.2019, 10 Uhr, und  12.08.2019, 10 Uhr, die Geldkassette eines Parkscheinautomaten  angegangen und mehrere hundert Euro entwendet. Am Automaten entstand  au\u00dferdem ein Sachschaden von gesch\u00e4tzten 5.000 Euro. <\/p>\n\n\n\n<p>Die Polizeiinspektion Ludwigshafen 1 bittet um sachdienliche Hinweise unter der Telefonnummer 0621 963-2122 oder per e-Mail <a href=\"mailto:piludwigshafen1@polizei.rlp.de\">piludwigshafen1@polizei.rlp.de<\/a>. <\/p>\n\n\n\n<h4 class=\"wp-block-heading\">(Ludwigshafen) &#8211; In Keller eingebrochen<\/h4>\n\n\n\n<p>In der B\u00fcrgermeister-Gr\u00fcnzweig-Stra\u00dfe gelang es Unbekannten in ein  Kellerabteil eines Mehrfamilienhauses einzubrechen. Sie erbeuteten im  Zeitraum vom 10.08.2019, 22 Uhr und dem 11.08.2019, 19:30 Uhr diverse  Lebensmittel sowie einen Tretroller. Eine genaue Schadensh\u00f6he ist  bislang nicht bekannt. <\/p>\n\n\n\n<p>Sachdienliche Hinweise bitte an die Polizeiinspektion Ludwigshafen 2  unter der Telefonnummer 0621 963-2222 oder per E-Mail <a href=\"mailto:piludwigshafen2@polizei.rlp.de\">piludwigshafen2@polizei.rlp.de<\/a>. <\/p>\n\n\n\n<h4 class=\"wp-block-heading\">(Ludwigshafen) &#8211; Widerstand in Maudacher Stra\u00dfe<\/h4>\n\n\n\n<p>Nachdem am 11.08.2019 gegen 05:30 Uhr Polizeibeamte eine wechselseitige  K\u00f6rperverletzung in einer Gastst\u00e4tte in der Maudacher Stra\u00dfe  (Gartenstadt) aufgenommen hatten, kam es zu einer Widerstandhandlung  eines unbeteiligten 26-J\u00e4hrigen. Er hatte die Beamten immer wieder  verbal angegangen und sie schlie\u00dflich beleidigt. Aus diesem Grunde  sollte er einer Personenkontrolle unterzogen werden. Da er die  Herausgabe seines Ausweises verweigerte, wurde ihm die Durchsuchung  seiner Person angek\u00fcndigt. Gegen diese setzte sich der 26-J\u00e4hrige massiv  zu Wehr, indem er die Beamten gezielt schlug und trat. Er wurde  daraufhin zu Boden gebracht, gefesselt und zur Dienststelle mitgenommen.  Nach der Entnahme einer Blutprobe konnte er wieder gehen. <\/p>\n\n\n\n<p>Durch  die Widerstandshandlung wurden der 26-J\u00e4hrige sowie die Beamten leicht  verletzt. Die Polizisten waren weiterhin dienstf\u00e4hig. <\/p>\n\n\n\n<h4 class=\"wp-block-heading\">(Ludwigshafen) &#8211; Flucht von kurzer Dauer<\/h4>\n\n\n\n<p>Die Polizeiinspektion Ludwigshafen 1 bedankt sich bei dem Fahrer eines  Kleinwagens, welcher am Samstagabend mit seiner Beifahrerin die B37 in  Fahrtrichtung Mannheim befuhr. <\/p>\n\n\n\n<p>Gegen 22:20 Uhr kam es im Bereich \nder Auffahrt zur Konrad-Adenauer-Br\u00fccke zu einer gef\u00e4hrlichen \nK\u00f6rperverletzung zum Nachteil eines 23-J\u00e4hrigen Mannes aus \nDannstadt-Schauernheim. Beim Eintreffen der Polizei fl\u00fcchteten die drei \nTatbeteiligten bereits \u00fcber die Br\u00fccke Richtung Mannheim. Da aus \ntaktischen Gr\u00fcnden der Streifenwagen zur\u00fcckgelassen werden musste, stieg\n ein Polizeibeamter kurzerhand in das vorbeifahrende Auto des \ncouragierten Verkehrsteilnehmers zu und verfolgte einen der fl\u00fcchtigen \nPersonen bis nach Mannheim. Alle drei Tatbeteiligten konnten \nfestgenommen werden. <\/p>\n\n\n\n<h4 class=\"wp-block-heading\">(Ludwigshafen) &#8211; Unfallflucht auf B 9 \/ Zeugen gesucht<\/h4>\n\n\n\n<p>Bereits letzten Freitagmorgen, 09.08.2019, gegen 9:25 Uhr, kam es auf  der Bundesstra\u00dfe 9 von Frankenthal kommend in Richtung Worms zu einem  Verkehrsunfall mit Unfallflucht. Ein unbekannter LKW-Fahrer wechselte zu  diesem Zeitpunkt vom rechten Fahrstreifen die Spur und fuhr dabei gegen  ein Auto. Dieses war neben dem LKW gefahren. Obwohl der Autofahrer  hupte, entfernte sich der LKW-Fahrer unerlaubt von der  Unfall\u00f6rtlichkeit. <\/p>\n\n\n\n<p>Durch den Zusammensto\u00df wurde die rechte Fahrzeugseite des PKW zerkratzt und der Au\u00dfenspiegel besch\u00e4digt. <\/p>\n\n\n\n<p>Sachdienliche Hinweise bitte an die Polizeiinspektion Ludwigshafen 2  unter der Telefonnummer 0621 963-2222 oder per E-Mail <a href=\"mailto:piludwigshafen2@polizei.rlp.de\">piludwigshafen2@polizei.rlp.de<\/a>. <\/p>\n\n\n\n<h4 class=\"wp-block-heading\">(Mannheim) &#8211; Taschendiebinnen entwenden Geldb\u00f6rse von Seniorin und pl\u00fcndern deren Konto, Zeugen gesucht! Hinweise der Polizei!<\/h4>\n\n\n\n<figure class=\"wp-block-image\"><img decoding=\"async\" src=\"https:\/\/speyer24news.com\/wp-content\/uploads\/2019\/08\/Taschendiebstahl.jpg\" alt=\"\" class=\"wp-image-17702\"\/><\/figure>\n\n\n\n<p>Am Montag gegen 11.30 Uhr verwickelten zwei bislang unbekannte Frauen  eine Seniorin in der Lameystra\u00dfe in H\u00f6he der Hausnummer 25 in ein  Gespr\u00e4ch. <\/p>\n\n\n\n<p>W\u00e4hrend des Gespr\u00e4chs, die Frauen fragten nach dem Weg \nzu einem Krankenhaus, entwendete eine der Frauen unbemerkt die Geldb\u00f6rse\n der Seniorin, die sie in der Jackentasche mit sich f\u00fchrte. Danach \nentfernte sich das Duo in Richtung Luisenpark. <\/p>\n\n\n\n<p>Kurz nach der Tat \nbemerkte die Seniorin den Diebstahl und sperrte ihre Bankkarten. Trotz \ndes schnellen Handelns der Frau, wurden mit den Karten widerrechtlich \nmehrere Bargeldabhebungen von dem Konto der Frau get\u00e4tigt. <\/p>\n\n\n\n<p>Mit dem mitgef\u00fchrtem Bargeld aus dem Geldbeutel bel\u00e4uft sich der Verm\u00f6gensschaden auf 5.050 Euro. <\/p>\n\n\n\n<p>Ermittlungen\n ergaben, dass die Seniorin gegen 10.45 Uhr in einer Deutschen Bank \nFiliale im Quadrat P 7 zuvor Geld abgehoben hatte. Die Ermittler gehen \ndavon aus, dass bereits hier die Seniorin beobachtet und ausgesp\u00e4ht \nwurde. <\/p>\n\n\n\n<p>Die T\u00e4terin wurden wie folgt beschrieben: <\/p>\n\n\n\n<p>beide Mitte 20, blonde Haare, osteurop\u00e4ischer Ph\u00e4notyp, sprachen deutsch mit Akzent, helle Kleidung <\/p>\n\n\n\n<p>Die\n Ermittlungsgruppe Unbare Zahlungsmittel (UBZ) beim Polizeirevier \nMannheim-Oststadt \u00fcbernahm die Ermittlungen und sucht nun Zeugen und \noder Personen denen die verd\u00e4chtigen Personen aufgefallen sind. Diese \nwerden gebeten, sich unter 0621 174 3310 zu melden. <\/p>\n\n\n\n<p>Die Polizei r\u00e4t dringend, folgende Ratschl\u00e4ge zu beherzigen: <\/p>\n\n\n\n<ul><li>Tragen Sie ihre Handtasche fest unter dem Arm, den Trageriemen  um den K\u00f6rper <\/li><\/ul>\n\n\n\n<ul><li>   Lassen Sie Ihre Tasche nie unbeobachtet <\/li><\/ul>\n\n\n\n<ul><li>  Achten Sie auf Sicherheitsabstand, lassen Sie m\u00f6glichst keinen  &#8222;K\u00f6rperkontakt&#8220; mit Fremden zu <\/li><\/ul>\n\n\n\n<ul><li>Bereits beim Geldabheben auf der Bank sollten Sie auf  verd\u00e4chtige Personen achten! Auch Taschendiebe arbeiten zu zweit oder dritt und sp\u00e4hen ihre Opfer bereits am Bankautomaten oder beim \u00d6ffnen des Geldbeutels an der Supermarktkasse aus (Lohnt es sich \u00fcberhaupt,  Denjenigen oder Diejenige zu bestehlen?) <\/li><\/ul>\n\n\n\n<ul><li>Geldb\u00f6rsen sollten am K\u00f6rper, m\u00f6glichst in einer Innentasche  getragen werden <\/li><\/ul>\n\n\n\n<ul><li>Benutzen Sie Brustbeutel <\/li><\/ul>\n\n\n\n<ul><li>Nehmen Sie nicht mehr Geld als unbedingt n\u00f6tig mit <\/li><\/ul>\n\n\n\n<ul><li>Bewahren Sie EC-Karte, Bargeld, F\u00fchrerschein, Krankenkassenkarte etc. getrennt voneinander auf <\/li><\/ul>\n\n\n\n<ul><li>Nehmen Sie nicht alle Papiere \u00fcberall mit hin (z.B. F\u00fchrerschein nur bei Bedarf mitnehmen) <\/li><\/ul>\n\n\n\n<ul><li>WICHTIG: EC-Karte und PIN geh\u00f6ren nie zusammen! <\/li><\/ul>\n\n\n\n<ul><li>Lassen Sie Ihre Karte im Falle eines Diebstahls sofort sperren <\/li><\/ul>\n\n\n\n<ul><li>Beim Feststellen eines Taschendiebstahls: Erstatten Sie sofort  Anzeige bei der Polizei <\/li><\/ul>\n\n\n\n<h4 class=\"wp-block-heading\">(Mannheim) &#8211; Nach Auseinandersetzung mit Waldhof-Anh\u00e4ngern:  Ermittlungsgruppe identifiziert 19 Beschuldigte und pr\u00fcft Vorw\u00fcrfe gg.  einen Polizisten  (vgl. PM PP MA 20.05., 10.56 Uhr\/ 21.05., 16.22 Uhr)<\/h4>\n\n\n\n<h4 class=\"wp-block-heading\">Gemeinsame Pressemitteilung der Staatsanwaltschaft und des Polizeipr\u00e4sidiums Mannheim <\/h4>\n\n\n\n<p>40\n Zeugen, unz\u00e4hlige Anwohnerbefragungen und Telefonate, f\u00fcnf \nVideoaufnahmen sowie die Aufnahmen der Bodycam eines Polizisten &#8211; das \nPolizeipr\u00e4sidium Mannheim hat mit hohem Aufwand Licht ins Dunkel der \nVorf\u00e4lle vom 18. Mai 2019 gebracht. An besagtem Samstag hatte um 23.50 \nUhr ein Zeuge die Polizei verst\u00e4ndigt, weil vor einer Gastst\u00e4tte im \nQuadrat U5, Friedrichsring ca. 30 bis 40 sogenannte Fans des SV Waldhof \nMannheim bengalische Feuer abbrennen w\u00fcrden. Darauf hatte sich eine \naufgeheizte Situation entwickelt, bei der es auch zu Vorw\u00fcrfen gegen \neinen Polizisten kam. <\/p>\n\n\n\n<p>19 Beschuldigte hat die Ermittlungsgruppe \n&#8222;Ulrich&#8220; &#8211; bestehend aus mindestens 13 Beamtinnen und Beamten &#8211; \nnamentlich ermittelt. Die Staatsanwaltschaft Mannheim ermittelt nun \nunter anderem wegen des Verdachts des schweren Landfriedensbruchs gegen \ndie Personen im Alter von 20 bis 34 Jahren. 15 der 19 Beschuldigten \nwurden au\u00dferdem erkennungsdienstlich behandelt. <\/p>\n\n\n\n<p><strong>Was war geschehen? <\/strong><\/p>\n\n\n\n<p>Als\n die ersten beiden Streifenwagenbesatzungen ankamen, sollen sich etwa 10\n bis 15 Personen vor dem Biergarten aufgehalten haben, weitere 20 im \nBiergarten. Schon vor dem Eintreffen der Polizei soll ein Unbekannter \nein etwa einen Quadratmeter gro\u00dfes Feuer auf dem Gehweg mit Papier \nangefacht haben. Aus Sicherheitsgr\u00fcnden baten die Polizisten die \nAnwesenden, vom Feuer zur\u00fcckzutreten, was aber trotz mehrfacher \nWiederholung nicht befolgt wurde. Zus\u00e4tzlich provozierte ein bislang \nunbekannter R\u00e4delsf\u00fchrer die Polizisten und beleidigte sie. Als die \nBeamten ihn festnehmen wollten, zog er sich in den Schutz der Gruppe \nzur\u00fcck und entwischte. Einer der Polizisten soll bei dem Versuch, den \nR\u00e4delsf\u00fchrer festzunehmen, von Mitgliedern der Gruppe k\u00f6rperlich \nattackiert, mit Pfefferspray bespr\u00fcht und mit einem Glas beworfen worden\n sein. Das Pfefferspray soll auch weitere Kollegen getroffen haben. <\/p>\n\n\n\n<p>Anschlie\u00dfend\n kam es zu Beschimpfungen der Polizisten aus der Menge heraus. Etwa \nzeitgleich sollen aus dem Biergarten heraus Gl\u00e4ser auf die \nPolizeibeamten geworfen worden sein &#8211; und zwar so intensiv, dass sich \ndie Beamten auf den Friedrichsring hinter ihre Streifenwagen \nzur\u00fcckziehen mussten. Kurze Zeit sp\u00e4ter nahmen die Beamten einen \n20-j\u00e4hrigen Mann vorl\u00e4ufig fest, der ein Glas in Richtung der Beamten \ngeworfen haben soll. <\/p>\n\n\n\n<p>Gegen Mitternacht sollen dann zwei weitere \nM\u00e4nner einen Holzzaun der Gastwirtschaft \u00fcberstiegen und dabei \nbesch\u00e4digt haben. Mit Hilfe eines Diensthunds wurden der 28- und der \n31-J\u00e4hrige nach kurzer Flucht gestellt. <\/p>\n\n\n\n<p>Die Stimmung vor Ort war \naufgeheizt. Weitere Einsatzkr\u00e4fte kamen hinzu. Erst durch den mehrfachen\n Einsatz von Pfefferspray und Schlagst\u00f6cken sowie der Verst\u00e4rkung \nbrachte die Polizei die Situation unter Kontrolle. Die Bilanz: Drei \nPolizeibeamte erlitten leichte Atemwegsreizungen durch eingeatmetes \nPfefferspray. Zwei weitere Personen, eine 27-J\u00e4hrige und ein 22-j\u00e4hriger\n Mann sollen ebenfalls durch Pfefferspray verletzt worden sein. <\/p>\n\n\n\n<p>Aufgrund\n der Vorkommisse vor der Gastst\u00e4tte wurde bei der \nKriminalpolizeidirektion Heidelberg und dem Kriminalkommissariat \nMannheim eine Ermittlungsgruppe eingerichtet. Die &#8222;EG Ulrich&#8220; \nbesch\u00e4ftigte sich seither mit der Aufarbeitung der Geschehnisse in der \nTatnacht. <\/p>\n\n\n\n<p>Da eine 27-J\u00e4hrige Vorw\u00fcrfe am Einschreiten der Polizei\n \u00e4u\u00dferte, setzte das Polizeipr\u00e4sidium Mannheim Ermittler der \nKriminalpolizeidirektion Heidelberg, Kriminalinspektion 1, ein. Sie \nsollen m\u00f6gliche Straftaten der eingesetzten Polizeibeamten aufkl\u00e4ren. \nDie Frau ver\u00f6ffentlichte kurz nach den Geschehnissen ihre Sichtweisen \nund Anschuldigungen zun\u00e4chst auf einer Social-Media-Plattform. Die \nKriminalpolizeidirektion Heidelberg ermittelt nun gegen einen \n40-j\u00e4hrigen Polizeibeamten wegen Verdachts der Beleidigung und \nK\u00f6rperverletzung im Amt. Ihm wird vorgeworfen, bei seinem Eintreffen an \nder Einsatz\u00f6rtlichkeit eine beleidigende \u00c4u\u00dferung get\u00e4tigt zu haben. \nAuch wird gepr\u00fcft, ob der anschlie\u00dfende Pfeffersprayeinsatz rechtm\u00e4\u00dfig \nwar, bei dem die 27-j\u00e4hrige Anzeigenerstatterin verletzt worden sein \nsoll. <\/p>\n\n\n\n<p>Die Ermittlungen der Staatsanwaltschaft Mannheim und der Kriminalpolizeidirektion Heidelberg dauern an. <\/p>\n\n\n\n<h4 class=\"wp-block-heading\">(Mannheim) &#8211; Fahrzeugbrand im Bereich der Johann-Sch\u00fctte-Stra\u00dfe<\/h4>\n\n\n\n<p>Am Sonntagabend gegen 23.05 Uhr wurde durch mehrere Anwohner \u00fcber  Notruf gemeldet, dass im Bereich der Johann-Sch\u00fctte-Stra\u00dfe ein Fahrzeug  brennen w\u00fcrde. Bei Eintreffen der Einsatzkr\u00e4fte konnten sie einen BMW X6  feststellen, welcher im Heckbereich brannte. Das Feuer entwickelte sich  schnell zu einem Vollbrand des BMW und griff schlie\u00dflich noch auf einen  daneben stehenden Opel \u00fcber. Weitere auf dem Parkplatz in der N\u00e4he  stehende Fahrzeuge konnten rechtzeitig weg gefahren werden. An beiden  Fahrzeugen entstand ein Gesamtschaden von ca. 45.000 EUR. Verletzt wurde  niemand. Nach derzeitigem Ermittlungsstand ist von einem technischen  Defekt auszugehen. Die Ermittlungen wurden durch das Polizeirevier  Sandhofen aufgenommen. <\/p>\n\n\n\n<h4 class=\"wp-block-heading\">(Mannheim-Innenstadt) &#8211; Fu\u00dfg\u00e4nger von Pkw erfasst, Unfallzeugen gesucht<\/h4>\n\n\n\n<p>Am Sonntagmittag, gegen 14.00 Uhr, ereignete sich ein Verkehrsunfall,  bei dem ein Fu\u00dfg\u00e4nger von einem Pkw erfasst und verletzt wurde. Nach  derzeitigem Ermittlungsstand \u00fcberquerte ein 46 j\u00e4hriger Fu\u00dfg\u00e4nger, von  der Jungbuschstra\u00dfe her kommend,  bei Rotlicht den Luisenring. Hier  wurde er von einem, von der Dalbergstra\u00dfe bei Gr\u00fcnlicht auf den  Luisenring einbiegenden, Pkw Fiat eines 56 J\u00e4hrigen erfasst und frontal  aufgeladen. Durch den Zusammensto\u00df schlug der Fu\u00dfg\u00e4nger mit dem Kopf auf  die Windschutzscheibe und st\u00fcrzte in der weiteren Folge auf die  Fahrbahn. Die zun\u00e4chst angenommen schweren Verletzungen des Fu\u00dfg\u00e4ngers  erwiesen zum Gl\u00fcck  als nicht so schwer. Er erlitt lediglich mehrere  Prellungen und eine Kopfplatzwunde, so dass er bereits in den fr\u00fchen  Abendstunden wieder aus einem nahegelegenen  Krankenhaus entlassen  werden konnte. Am Pkw des Fiat Fahrers entstand ein Sachschaden von ca.  1500,- Euro. Der Verkehrsunfallaufnahmedienst Heidelberg hat die  Ermittlungen aufgenommen. Unfallzeugen werden gebeten sich mit diesem in  Verbindung zu setzen (Tel: 0621-1744140). <\/p>\n\n\n\n<h4 class=\"wp-block-heading\">(Mannheim-Jungbusch) &#8211; Unbekannte SUV-Fahrerin kommt von der Fahrbahn ab und prallt gegen Verkehrszeichen \/ Zeugen gesucht!<\/h4>\n\n\n\n<p>Am Montag, gegen 13:40 Uhr, kam eine bislang unbekannte Autofahrerin im  Luisenring, in H\u00f6he des Quadrats I7, aus unbekannten Gr\u00fcnden von der  Fahrbahn ab und prallte gegen ein Verkehrszeichen. Die unbekannte  Autofahrerin war mit ihrem grauen SUV in Richtung Kurpfalzkreisel  unterwegs und kollidierte an der Einm\u00fcndung zur Seilerstra\u00dfe auf einem  Gr\u00fcnstreifen mit dem Verkehrsschild, welches aus dem Boden gerissen und  auf die Stra\u00dfe geschleudert wurde. Die Verursacherin setzte anschlie\u00dfend  ohne anzuhalten ihre Fahrt fort und fl\u00fcchtete in unbekannte Richtung.  Ein Zeuge teilte den Vorfall der Polizei mit und gab an, dass die  Verursacherin einen grauen SUV mit Ludwigshafener Kennzeichen fuhr. Eine  Personenbeschreibung liegt jedoch nicht vor. Der entstandene  Sachschaden ist derzeit noch nicht bekannt. <\/p>\n\n\n\n<p>Weitere Zeugen des \nUnfalls, die sachdienliche Hinweise geben k\u00f6nnen, werden gebeten, sich \nbeim Polizeirevier Mannheim-Innenstadt unter Tel.: 0621\/1258-0 zu \nmelden. <\/p>\n\n\n\n<h4 class=\"wp-block-heading\">(Mannheim-Jungbusch) &#8211; Handy gefunden und behalten \/ Zeugen gesucht<\/h4>\n\n\n\n<p>Ein 59-j\u00e4hriger Mann hat am fr\u00fchen Sonntagmorgen ein im Stadtteil  Jungbusch aufgefundenes Handy unterschlagen. Eine 26-j\u00e4hrige Frau hatte  am fr\u00fchen Sonntagmorgen im Bereich der Hafenstra\u00dfe\/Jungbuschstra\u00dfe ihr  Mobiltelefon im Wert von rund 1.000 Euro verloren. Nach erfolgloser  Suche konnte sie mittels der Ortungsapp ihr Handy im Bereich  Hafenstra\u00dfe\/Jungbuschstra\u00dfe lokalisieren. Wenig sp\u00e4ter befand sich das  Mobiltelefon im Bereich der Unterm\u00fchlaustra\u00dfe. <\/p>\n\n\n\n<p>Im Rahmen der \nFahndung konnte festgestellt werden, dass sich das Ger\u00e4t in einem in \nRichtung Sandhofen fahrenden Fiat befinden muss. Das Fahrzeug wurde \ngestoppt und der Fahrer auf das Handy angesprochen. Dieser gab an, das \nGer\u00e4t gefunden und an sich genommen zu haben. Das Ger\u00e4t konnte eindeutig\n als das Mobiltelefon der Anzeigeerstatterin identifiziert werden. <\/p>\n\n\n\n<p>Die Verliererin konnte ihr Ger\u00e4t wieder in Empfang nehmen. <\/p>\n\n\n\n<p>Gegen den Finder wird nun wegen Verdacht der Fundunterschlagung ermittelt. <\/p>\n\n\n\n<h4 class=\"wp-block-heading\">(Mannheim-Neckarstadt) &#8211; Beim Vorbeifahren VW gestreift und gefl\u00fcchtet \/ Zeugen gesucht!<\/h4>\n\n\n\n<p>In der Zeit von Sonntag, 19 Uhr, bis Montag, 7:45 Uhr, besch\u00e4digte ein  bislang unbekannter Autofahrer in der \u00d6hmdstra\u00dfe einen geparkten VW Eos  und entfernte sich im Anschluss von der Unfallstelle. Der VW wurde an  der kompletten linken Fahrzeugseite zerkratzt, sodass die gesch\u00e4digte  Autohalterin einen Schaden in H\u00f6he von \u00fcber 3.000 Euro zu regulieren  hat. <\/p>\n\n\n\n<p>Zeugen, die den Unfall beobachtet haben und Hinweise zum  Unfallverursacher geben k\u00f6nnen, werden gebeten, sich mit dem  Polizeirevier Mannheim-Neckarstadt unter Tel.: 0621\/3301-0 in Verbindung  zu setzen. <\/p>\n\n\n\n<h4 class=\"wp-block-heading\">(Mannheim-Almenhof) &#8211; Fenster eines Kindergartens aufgebrochen \/ Zeugen gesucht!<\/h4>\n\n\n\n<p>In der Zeit von Samstagmorgen bis Sonntagmorgen versuchte ein bislang  unbekannter T\u00e4ter in einen Kindergarten in der Karl-Blind-Stra\u00dfe  einzubrechen. Der Unbekannte flexte ein Gitter auf und \u00f6ffnete  anschlie\u00dfend auf noch unbekannte Art und Weise das dahinterliegende  Fenster. Ob er in das Geb\u00e4ude einstieg, ist derzeit jedoch noch unklar.  Die H\u00f6he des Sachschadens steht ebenfalls noch nicht fest. <\/p>\n\n\n\n<p>Zeugen,  die verd\u00e4chtige Beobachtungen gemacht haben, werden gebeten, sich mit  dem Polizeirevier Mannheim-Neckarau unter Tel.: 0621\/83397-0 in  Verbindung zu setzen. <\/p>\n\n\n\n<h4 class=\"wp-block-heading\">(Mannheim-Feudenheim) &#8211; Eine leichtverletzte Person und zwei abschleppreife Autos nach Unfall im Kreuzungsbereich<\/h4>\n\n\n\n<p>An der Kreuzung Wallstadter Stra\u00dfe\/Theodor-Storm-Stra\u00dfe ereignete sich  am Sonntag, gegen 9:45 Uhr, ein Verkehrsunfall, bei dem eine Person  leicht verletzt wurde. Ein 73-j\u00e4hriger VW-Fahrer nahm an der Kreuzung  einem von links kommenden 38-j\u00e4hrigen BMW-Fahrer die Vorfahrt, woraufhin  beide im Kreuzungsbereich zusammenstie\u00dfen. Durch die Kollision zog sich  der BMW-Fahrer leichte Verletzungen zu und musste nach einer Versorgung  vor Ort in ein Krankenhaus gebracht werden. Beide Fahrzeuge waren nicht  mehr fahrbereit und mussten abgeschleppt werden. Der Sachschaden wird  auf rund 10.000 Euro gesch\u00e4tzt. <\/p>\n\n\n\n<h4 class=\"wp-block-heading\">(Mannheim-Sch\u00f6nau) &#8211; Ermittlungen nach Fahrzeugbrand aufgenommen, hoher Sachschaden, Zeugen gesucht!<\/h4>\n\n\n\n<p>Am Sonntag kurz nach 23 Uhr wurden Polizei und Feuerwehr verst\u00e4ndigt,  da ein Auto auf einem Parkplatz in der Johann-Sch\u00fctte-Stra\u00dfe in H\u00f6he der  Hausnummer 45 brennen w\u00fcrde. <\/p>\n\n\n\n<p>Vor Ort brannte ein BMW X6. <\/p>\n\n\n\n<p>Die\n Funkwagenbesatzung ermittelte die Halter nahestehender Fahrzeuge, die \nverst\u00e4ndigt wurden und ihr Fahrzeuge wegfuhren. Bevor der Brand gel\u00f6scht\n werden konnte, griff das Feuer auf einen Opel \u00fcber. <\/p>\n\n\n\n<p>Es entstand ein Sachschaden von 45.000 Euro. <\/p>\n\n\n\n<p>Die Ermittlungen, u.a. zur Brandursache \u00fcbernahm das Kriminalkommissariat Mannheim. <\/p>\n\n\n\n<p>Zeugen  des Brandes und oder Personen, die verd\u00e4chtige Wahrnehmungen in der  Sache gemacht haben, werden gebeten, sich unter 0621 174 4444 zu melden.  <\/p>\n\n\n\n<h4 class=\"wp-block-heading\">(Mannheim-Rheinau \/ B 36) &#8211; Autofahrer kollidiert beim Fahrstreifenwechsel mit Anh\u00e4nger eines LKW \/ LKW-Fahrer setzte seine Fahrt fort &#8211; Zeugen gesucht!<\/h4>\n\n\n\n<p>Auf der B36 ereignete sich am Montag kurz nach 14 Uhr eine  Verkehrsunfallflucht, zu der die Polizei Zeugen sucht. Ein 70-j\u00e4hriger  Autofahrer bog von der L\u00fcderitzstra\u00dfe nach rechts auf die Schwetzinger  Landstra\u00dfe ab, um anschlie\u00dfend auf die B36 in Richtung Schwetzingen zu  fahren. Als er dann vom Beschleunigungsstreifen auf die rechte Fahrspur  wechselte, kollidierte er mit dem Anh\u00e4nger eines LKW, wobei das Auto des  Mannes erheblich besch\u00e4digt wurde. Der unbekannte Fahrer des LKWs fuhr  ohne anzuhalten weiter und setzte seine Fahrt auf die BAB6 in Richtung  Karlsruhe fort. Der LKW-Anh\u00e4nger m\u00fcsste an der rechten hinteren Seite  besch\u00e4digt worden sein. Am Auto des 70-J\u00e4hrigen entstand  wirtschaftlicher Totalschaden. Der Sachschaden wird auf ca. 15.000 Euro  gesch\u00e4tzt. <\/p>\n\n\n\n<p>Der betroffene LKW-Fahrer sowie Zeugen, die den Unfall\n beobachtet haben, werden gebeten, sich mit dem Polizeiposten \nMannheim-Rheinau unter Tel.: 0621\/87682-0 oder dem Polizeirevier \nMannheim-Neckarau unter Tel.: 0621\/83397-0 in Verbindung zu setzen. <\/p>\n\n\n\n<h4 class=\"wp-block-heading\">(Mannheim-Rheinau) &#8211; Betrunkene M\u00e4nner randalieren in der Relaisstra\u00dfe, weitere Gesch\u00e4digte gesucht<\/h4>\n\n\n\n<p>Am Sonntag gegen 08.45 Uhr meldeten sich mehrere Anrufer bei der  Polizei, dass in H\u00f6he der Relaisstra\u00dfe 41 zwei M\u00e4nner randalieren  w\u00fcrden. Diese w\u00fcrden auf geparkte Fahrzeuge einschlagen und gegen diese  Treten. <\/p>\n\n\n\n<p>Beim Eintreffen einer Funkwagenbesatzung des \nPolizeireviers Mannheim-Neckar konnten diese zwei Tatverd\u00e4chtige im \nAlter von 23 und 28 Jahren vorl\u00e4ufig festnehmen. Der 23-j\u00e4hrige warf \nbeim Eintreffen der Funkwagenbesatzung zudem Aluminiumplomben weg, in \nwelchen sich 4,5 Gramm Haschisch und 1,5 Gramm Marihuana befanden. \nAufgrund der Aggressivit\u00e4t der M\u00e4nner wurden diese gefesselt und zum \nPolizeirevier Mannheim-Neckarau gefahren. <\/p>\n\n\n\n<p>Ein dort durchgef\u00fchrter\n Alkoholtest ergab bei beiden Personen einen Wert von \u00fcber zwei \nPromille. In der Dienststelle beleidigte der 23-J\u00e4hrige einen \nPolizeibeamten. <\/p>\n\n\n\n<p>Bei einer Nachschau konnte ein besch\u00e4digter Pkw festgestellt werden, der Sachschaden bel\u00e4uft sich auf ca. 5.000 Euro. <\/p>\n\n\n\n<p>Nach Abschluss aller polizeilichen Ma\u00dfnahmen wurden die Tatverd\u00e4chtigen wieder auf freien Fu\u00df gesetzt. <\/p>\n\n\n\n<p>Die  Ermittler des Polizeireviers Mannheim-Neckarau konnten nicht  ausschlie\u00dfen, dass weitere Fahrzeuge besch\u00e4digt wurden und suchen daher  weitere Gesch\u00e4digte, die in Tatortn\u00e4he ihr Fahrzeug geparkt hatte und  nun Besch\u00e4digungen feststellen mussten. Diese werden gebeten, sich unter  0621 833970 zu melden. <\/p>\n\n\n\n<h4 class=\"wp-block-heading\">(Mannheim-Neckarau) &#8211; Durch Zufall Cannabis-Plantage entdeckt<\/h4>\n\n\n\n<div class=\"wp-block-image\"><figure class=\"aligncenter\"><img decoding=\"async\" loading=\"lazy\" width=\"500\" height=\"670\" src=\"https:\/\/speyer24news.com\/wp-content\/uploads\/2019\/08\/31.07.19-MA-Plantage.jpg\" alt=\"\" class=\"wp-image-17729\" srcset=\"https:\/\/speyer24news.com\/wp-content\/uploads\/2019\/08\/31.07.19-MA-Plantage.jpg 500w, https:\/\/speyer24news.com\/wp-content\/uploads\/2019\/08\/31.07.19-MA-Plantage-224x300.jpg 224w\" sizes=\"(max-width: 500px) 100vw, 500px\" \/><figcaption>Plantage \n\nPP Mannheim<\/figcaption><\/figure><\/div>\n\n\n\n<p>Bereits am Mittwoch, den 31.07.2019, wurden Beamte des Polizeireviers  Mannheim-Neckarau auf eine Cannabis-Plantage im Aufeldweg IV aufmerksam &#8211;  und das durch einen Zufall. <\/p>\n\n\n\n<p>Die Beamten streiften in den \nNachmittagsstunden im Bereich Niederfeld und Almenhof auf eher \nungew\u00f6hnliche Weise, n\u00e4mlich in ziviler Kleidung und auf Fahrr\u00e4dern. Als\n die Polizisten um 16:30 Uhr einen 40-j\u00e4hrigen Radfahrer kontrollieren \nwollten, fl\u00fcchtete dieser zun\u00e4chst in Richtung Rheinbadweg. Nachdem ihm \nder Weg abgeschnitten wurde, stoppte er seine Fahrt, griff unvermittelt \nin die Hosentasche und warf ein Fl\u00e4schchen in die angrenzende \nKleingartenanlage. Der zun\u00e4chst Fl\u00fcchtige wurde noch vor Ort \nfestgenommen. Bei der anschlie\u00dfenden Suche in den G\u00e4rten nach dem \nweggeworfenen Gegenstand stieg den Beamten starker Marihuanageruch in \ndie Nase. Dem Geruch folgend, staunten diese nicht schlecht, als sie \ndurch einen Gartenzaun eine Cannabis-Plantage auf dem Nachbargrundst\u00fcck \nentdeckten. <\/p>\n\n\n\n<p>Da der Betreiber der Plantage vor Ort nicht ausfindig\n gemacht werden konnten, wurde das Grundst\u00fcck mit einem Beschluss des \nzust\u00e4ndigen Gerichts durchsucht. Insgesamt wurden 31 Cannabispflanzen \nsichergestellt, die mit hochwertigem Equipment professionell aufgezogen \nwurden. In der dazugeh\u00f6rigen Gartenh\u00fctte wurde zudem eine Ernte von \nknapp 325 Gramm Marihuana sichergestellt. <\/p>\n\n\n\n<p>Gemeinsam mit der \nErmittlungsgruppe Rauschgift der Kriminalpolizeidirektion Heidelberg \nermittelten die Beamten des Polizeireviers Mannheim-Neckarau einen \n26-J\u00e4hrigen als Betreiber der Plantage. Die Ermittlungen, ob der \nebenfalls ermittelte P\u00e4chter des Gartengrundst\u00fccks beim Anbau und der \nHerstellung von Bet\u00e4ubungsmitteln beteiligt war, dauern an. Beide M\u00e4nner\n gelangen wegen des Anbaus und der Herstellung von Bet\u00e4ubungsmitteln, \nsowie des Verdachts des Handeltreibens zur Anzeige. <\/p>\n\n\n\n<p>Das  weggeworfene Fl\u00e4schchen des 40-J\u00e4hrigen war aber nicht vergessen worden,  sondern konnte ebenfalls sichergestellt werden. Der Inhalt: 0,55 Gramm  Amphetamin. Der festgenommene Radfahrer muss sich nun wegen des Besitzes  von Bet\u00e4ubungsmitteln strafrechtlich verantworten. Ein Bezug zu den  Betreibern der Cannabis-Plantage gibt es nicht &#8211; es war somit einem  au\u00dfergew\u00f6hnlichen Zufall zu verdanken, dass der Mann sein  Bet\u00e4ubungsmitteln neben die mittlerweile abgeerntete Plantage warf. <\/p>\n\n\n\n<h4 class=\"wp-block-heading\">(Mannheim-Friedrichsfeld) &#8211; Motorradfahrerin kollidiert mit abbiegenden Pkw<\/h4>\n\n\n\n<p>Am Sonntag, gegen 11.30 Uhr, befuhr ein 32-j\u00e4hriger Mann mit seinem  Toyota Auris die Friedrichsfelder Landstra\u00dfe in Richtung Schwetzingen.  In H\u00f6he der Kleingartenanlage in Friedrichsfeld bog er ordnungsgem\u00e4\u00df  nach links in den Marderweg ab. Eine 64-j\u00e4hrige Motorradfahrerin wollte  den Pkw \u00fcberholen und kollidierte mit diesem. Die Motorradfahrerin wurde  hierbei verletzt und in ein Krankenhaus eingeliefert. An beiden  Fahrzeugen entstand jeweils rund 5.000 Euro Sachschaden. W\u00e4hrend der  Unfallaufnahme war die Friedrichsfelder Landstra\u00dfe einseitig gesperrt.  Es ergaben sich keine nennenswerten Verkehrsbehinderungen. <\/p>\n\n\n\n<h4 class=\"wp-block-heading\">(Heidelberg) &#8211; Badeunfall im Neckar \/ 32-J\u00e4hriger verstirbt im Krankenhaus<\/h4>\n\n\n\n<p>Ein 32-j\u00e4hriger Mann verstarb am Sonntagabend nach einem tragischen  Badeunfall im Neckar in Heidelberg. Polizei und Rettungskr\u00e4fte wurden  gegen 18.39 Uhr verst\u00e4ndigt, nachdem der Mann, der im Bereich der  Neckarwiese ins Wasser gestiegen war, nicht mehr auftauchte. Im Rahmen  umfangreicher Suchma\u00dfnahmen unter Hinzuziehung von Wasserschutzpolizei,  Feuerwehr, DLRG und Rettungshunden konnte er durch einen Taucher der Feuerwehr Heidelberg nur noch leblos geborgen werden. Der 32-J\u00e4hrige wurde unter laufenden Reanimationsma\u00dfnahmen in ein Krankenhaus eingeliefert. Dort erlag er sp\u00e4ter seinen Verletzungen. Die  Kriminalpolizei hat die weiteren Ermittlungen \u00fcbernommen. <\/p>\n\n\n\n<h4 class=\"wp-block-heading\">(Heidelberg) &#8211; Badeunfall; 32-J\u00e4hriger stirbt im Krankenhaus<\/h4>\n\n\n\n<h4 class=\"wp-block-heading\" style=\"text-align:center\">Pressemitteilung Nr. 2<\/h4>\n\n\n\n<p>Mangelnde Schwimmkenntnisse und ein hoher Alkoholisierungsgrad d\u00fcrften  die wesentlichen Faktoren gewesen sein, die dazu gef\u00fchrt haben, dass der  32-j\u00e4hrige Mann aus Ludwigshafen am fr\u00fchen Sonntagabend im Neckar  ertrank. <\/p>\n\n\n\n<p>Ein Taucher hatte den leblosen mann geborgen. Trotz \nReanimationsma\u00dfnahmen verstarb der Iraker am sp\u00e4ten Sonntagabend in \neiner Klinik. <\/p>\n\n\n\n<p>Der 32-J\u00e4hrige hatte sich mit Freunden auf der  Neckarwiese aufgehalten und sich gegen 18.40 Uhr zum Schwimmen ins  Wasser begeben. <\/p>\n\n\n\n<h4 class=\"wp-block-heading\">(Heidelberg) &#8211; Ford Focus massiv besch\u00e4digt \/ Verursacher entfernt sich<\/h4>\n\n\n\n<p>Einen auf dem Parkplatz des M\u00e4rchenparadieses im K\u00f6nigstuhlweg  abgestellten Ford Focus besch\u00e4digte am Sonntag ein bislang unbekannter  Autofahrer, richtete Sachschaden von rund 6.000 Euro an und entfernte  sich danach unerlaubt. Der Gesch\u00e4digte parkte seinen Wagen gegen 17 Uhr  und musste bei seiner R\u00fcckkehr &#8211; etwa zwei Stunden sp\u00e4ter &#8211; die  Besch\u00e4digungen feststellen. Aufgrund des Schadensbildes kommt als  Verursacherfahrzeug ein gr\u00f6\u00dferes Fahrzeug, evtl. SUV in Frage. Die  Beamten des Polizeireviers Heidelberg-Mitte ermitteln nun wegen  Unfallflucht und nehmen unter Tel.: 06221\/99-1700 sachdienliche  Zeugenhinweise entgegen. <\/p>\n\n\n\n<h4 class=\"wp-block-heading\">(Heidelberg) &#8211; Scheibe eingeschlagen \/ Wer hat Beobachtungen gemacht ?<\/h4>\n\n\n\n<p>Die Schaufensterscheibe eines Gesch\u00e4fts in der Kurf\u00fcrsten-Passage  schlug in der Nacht zum Sonntag ein bislang unbekannter T\u00e4ter ein. Durch  die \u00d6ffnung war es m\u00f6glich, zum Rezeptionspult zu greifen. Ob  Gegenst\u00e4nde darauf bzw. Inhalte dieser Gegenst\u00e4nde entwendet wurden, ist  bislang noch nicht bekannt. Die Ermittlungen der Polizei dauern noch  an. Zur Sicherung der defekten Scheibe wurde die Berufsfeuerwehr  Heidelberg beauftragt. Als Einbruchszeit d\u00fcrfte 3 Uhr bis 8.30 Uhr am  Sonntagmorgen in Frage kommen. Zeugen, die Verd\u00e4chtiges beobachtet  haben, werden gebeten, sich beim Polizeirevier Heidelberg-Mitte, Tel.:  06221\/99-1700, zu melden. <\/p>\n\n\n\n<h4 class=\"wp-block-heading\">(Heidelberg) &#8211; VW Passat im Parkhaus besch\u00e4digt \/ Zeugen gesucht<\/h4>\n\n\n\n<p>Einen im Parkhaus, Ebene 2 in der Sandgasse abgestellten VW Passat  besch\u00e4digte am Samstag ein bislang nicht ermittelter Autofahrer. Die  Gesch\u00e4digte parkte ihren Wagen zwischen 12.30 und 23 Uhr und hat nun  einen Schaden von 2.0000 Euro zu regeln. Der Verursacher, der sich nicht  um die Angelegenheit k\u00fcmmerte und fl\u00fcchtete, rammte den VW  m\u00f6glicherweise bei seinem Einparkman\u00f6ver. Zeugen, die evtl. auf den  Vorfall aufmerksam wurden und Hinweise zum Fl\u00fcchtigen geben k\u00f6nnen,  werden gebeten, sich beim Polizeirevier Heidelberg-Mitte, Tel.:  06221\/99-1700, zu melden. <\/p>\n\n\n\n<h4 class=\"wp-block-heading\">(Heidelberg-Altstadt) &#8211; Durstige Einbrecher \/ Zeugen gesucht<\/h4>\n\n\n\n<p>Mehrere Kisten Prosecco erbeuteten unbekannte T\u00e4ter am Samstagabend  bei einem  Einbruch in eine studentische Einrichtung in der  Heidelberger  Altstadt. Ein Zeuge konnte kurz vor 20 Uhr drei M\u00e4nner  beobachten,  die \u00fcber mehrere Z\u00e4une stiegen und sich durch den Garten in den  Hinterhof des Anwesens in der Hauptstra\u00dfe begaben. Er rief  ihnen noch zu, das Grundst\u00fcck zu verlassen. Kurz darauf konnte er ein lautes  Ger\u00e4usch vernehmen und drei M\u00e4nner davonrennen sehen, die  mehrere  Prosecco-Kisten und dem Arm trugen. <\/p>\n\n\n\n<p>Nach derzeitigem Erkenntnisstand brachen die Einbrecher die \nEingangst\u00fcr der Studentenunterkunft gewaltsam auf und entwendeten aus\ndem Geb\u00e4udeinneren drei Kisten mit Prosecco. Anschlie\u00dfend fl\u00fcchteten \nsie in Richtung Kornmarkt. <\/p>\n\n\n\n<p>Die drei m\u00e4nnlichen T\u00e4ter werden wie folgt beschrieben: <\/p>\n\n\n\n<ul><li>Ca. 20 bis 25 Jahre alt<\/li><li>Ca. 180 cm gro\u00df<\/li><li>Deutsches Erscheinungsbild<\/li><li>Ein T\u00e4ter trug ein blaues Poloshirt und blaue Jeans<\/li><li>Ein weiterer T\u00e4ter war mit einer kurzen roten Hose bekleidet und hatte einen Kinnbart<\/li><li>Der dritte T\u00e4ter konnte nicht n\u00e4her beschrieben werden<\/li><\/ul>\n\n\n\n<p>Zeugen, die verd\u00e4chtige Wahrnehmungen gemacht haben und sachdienliche Hinweise zu den T\u00e4tern geben k\u00f6nnen, werden gebeten, sich beim  Polizeirevier Heidelberg-Mitte, Tel.: 06221\/99-1700 zu melden. <\/p>\n\n\n\n<h4 class=\"wp-block-heading\">(Heidelberg-Altstadt) &#8211; 21-j\u00e4hrige Frau von zwei Unbekannten unsittlich ber\u00fchrt und geschlagen \/ Polizei sucht Zeugen<\/h4>\n\n\n\n<figure class=\"wp-block-image\"><img decoding=\"async\" src=\"https:\/\/speyer24news.com\/wp-content\/uploads\/2019\/07\/Zeugen-gesucht-Neutral-3.jpg\" alt=\"\" class=\"wp-image-17272\"\/><\/figure>\n\n\n\n<p>Eine\n 21-j\u00e4hrige Frau wurde am fr\u00fchen Samstagmorgen von zwei unbekannten \nM\u00e4nnern unsittlich ber\u00fchrt und geschlagen. Gegen vier Uhr wurde die \njunge Frau von einem unbekannten Mann in eindeutig sexueller Absicht \nangesprochen. Nachdem diese ablehnte, fasst ihr der Mann an das Ges\u00e4\u00df \nund die Br\u00fcste. Der Mann war in Begleitung einer weiteren m\u00e4nnlichen \nPerson. Als die Frau das Lokal in der Hauptstra\u00dfe verlie\u00df, wurde sie von\n den beiden M\u00e4nnern abgepasst. Einer der M\u00e4nner packte sie daraufhin am \nArm, w\u00e4hrend ihr der andere Mann mit der Faust ins Gesicht schlug und \nihr zu verstehen gab, dass er ein Nein von einer Frau nicht akzeptiere. <\/p>\n\n\n\n<p>Die beiden m\u00e4nnlichen T\u00e4ter werden wie folgt beschrieben: <\/p>\n\n\n\n<p>T\u00e4ter 1: <\/p>\n\n\n\n<ul><li>Anfang 20<\/li><li>Ca. 175 cm gro\u00df<\/li><li>Breite, athletische Figur<\/li><li>Osteurop\u00e4isches Erscheinungsbild<\/li><li>Breites Gesicht und platte Nase<\/li><li>Kurze, blonde und wellige Haare<\/li><li>Heller Dreitagebart<\/li><li>Sprach englisch mit russischem Akzent<\/li><li>Trug ein dunkelgraues T-Shirt <\/li><\/ul>\n\n\n\n<p>T\u00e4ter 2: <\/p>\n\n\n\n<ul><li>Ca. 175 cm gro\u00df<\/li><li>D\u00fcnne Statur<\/li><li>Schwarze, lockige Haare<\/li><li>Schwarzes T-Shirt <\/li><\/ul>\n\n\n\n<p>Zeugen, die auf den Vorfall aufmerksam  geworden sind und sachdienliche Hinweise zu den beiden M\u00e4nnern geben  k\u00f6nnen, werden gebeten, sich beim Kriminaldauerdienst der  Kriminalpolizeidirektion Heidelberg, Tel.: 0621\/174-4444 zu melden. <\/p>\n\n\n\n<h4 class=\"wp-block-heading\">(Heidelberg-Bergheim) &#8211; Betrunkener Mann mit e-Scooter unterwegs<\/h4>\n\n\n\n<p>Am Montagabend war ein 30-j\u00e4hriger Mann betrunken mit einem e-Scooter  im Stadtteil Bergheim unterwegs und verursachte zudem einen  Verkehrsunfall. Der Mann befuhr kurz vor 23 Uhr mit einem E-Tretroller  die Bergheimer Stra\u00dfe direkt vor einem Streifenwagen der Polizei.  Pl\u00f6tzlich st\u00fcrzte der 30-J\u00e4hrige ohne Fremdeinwirkung auf die Fahrbahn  und verletzte sich dabei leicht. Bei der anschlie\u00dfenden Unfallaufnahmen  bemerkten die Beamten sofort deutlichen Alkoholgeruch in dessen Atem.  Ein Alkoholtest ergab einen Wert von \u00fcber 1,4 Promille. Ihm wurde  daraufhin eine Blutprobe entnommen. Gegen ihn wird nun wegen  Stra\u00dfenverkehrsgef\u00e4hrdung ermittelt. Er muss nun auch mit dem Entzug  seiner Fahrerlaubnis rechnen. <\/p>\n\n\n\n<p>In diesem Zusammenhang weist die  Polizei auf folgendes hin: Bei den sogenannten e-Scootern handelt es  sich um Kraftfahrzeuge. Alkoholfahrten mit solchen Elektrorollern werden  somit genauso behandelt und geahndet wie Alkoholfahrten mit anderen  Kraftfahrzeugen (Autos, Kraftr\u00e4der o.a.). Die Alkoholgrenzwerte sind  hierbei identisch. Die Rechtsfolge ist regelm\u00e4\u00dfig der Entzug der  Fahrerlaubnis. <\/p>\n\n\n\n<h4 class=\"wp-block-heading\">(Heidelberg-Boxberg) &#8211; Nach Brandstiftung Zeugen gesucht<\/h4>\n\n\n\n<p>Ein bislang unbekannter T\u00e4ter legte in der Nacht von Samstag auf  Sonntag gleich zwei Feuer &#8211; die Kriminalpolizeidirektion Heidelberg  sucht jetzt nach Zeugen. <\/p>\n\n\n\n<p>Der T\u00e4ter setzte um kurz nach 2 Uhr im \nFasanenw\u00e4ldchen Nr. 8 an der Giebelseite des Geb\u00e4udes einen abgestellten\n Motorroller in Brand. Nach ersten Ermittlungen verschaffte sich der \nUnbekannte anschlie\u00dfend \u00fcber eine Brandschutzt\u00fcre Zutritt zu den \nKellerr\u00e4umen des Anwesens Nr. 6 um dort ein Feuer vor einem Keller zu \nlegen. Der Brandstifter fl\u00fcchtete anschlie\u00dfend unerkannt. <\/p>\n\n\n\n<p>Eine \nAnwohnerin bemerkte den bereits in Vollbrand stehenden Motorroller und \nversuchte diesen noch zu l\u00f6schen, was ihr allerdings nicht gelang. Dabei\n stellte sie ebenfalls das Feuer im Keller des Geb\u00e4udes fest und \nalarmierte Polizei und Feuerwehr. Aufgrund des Rauches im Geb\u00e4ude \nmussten die Bewohner dieses verlassen. Durch die Einsatzkr\u00e4fte der \nFeuerwehr konnten beide Br\u00e4nde gel\u00f6scht werden, sodass die Bewohner um \n03:30 Uhr wieder in ihre Wohnung zur\u00fcckkehren konnten. <\/p>\n\n\n\n<p>Die \nErmittler der Kriminalpolizei haben die Ermittlungen aufgenommen und \nsuchen in diesem Zusammenhang nach Zeugen. Personen, die verd\u00e4chtige \nWahrnehmungen gemacht haben, werden gebeten, sich unter 0621 174-4444 an\n die Beamten zu wenden. <\/p>\n\n\n\n<p>Als Besonderheit gilt f\u00fcr unter 21-J\u00e4hrige auch  hier ein Grenzwert von 0,0 Promille. Ein Versto\u00df kann  f\u00fchrerscheinrechtliche Konsequenzen nach sich ziehen und wird mit  Fahrverbot und Bu\u00dfgeld geahndet. <\/p>\n\n\n\n<h4 class=\"wp-block-heading\">(Heidelberg-Neuenheim) &#8211; Unbekannter Mann pr\u00e4sentiert sich in unsittlicher Weise \/ Polizei sucht Zeugen<\/h4>\n\n\n\n<div class=\"wp-block-image\"><figure class=\"aligncenter\"><img decoding=\"async\" src=\"https:\/\/speyer24news.com\/wp-content\/uploads\/2019\/07\/Zeugen-gesucht-Neutral-3.jpg\" alt=\"\" class=\"wp-image-17272\"\/><\/figure><\/div>\n\n\n\n<p>Im Stadtteil Neuenheim zeigte sich am fr\u00fchen Montagnachmittag ein  unbekannter Mann in unsittlicher Weise gegen\u00fcber einer 35-j\u00e4hrigen  Spazierg\u00e4ngerin. Die 35-J\u00e4hrige war gegen 14.30 Uhr auf dem Fu\u00dfweg  hinter dem Zoo am Neckar unterwegs. Vor ihr lief ein Mann, der  schlie\u00dflich zum Treppenabgang in Richtung Neckar ging. Als die Frau den  Treppenabgang passierte, lag der Mann auf einer Mauer in Ufern\u00e4he. Sein  Hosenladen war ge\u00f6ffnet, sein Geschlechtsteil war sichtbar. Als er die  Spazierg\u00e4ngerin wahrnahm, setzte er sich auf und suchte Blickkontakt zu  ihr. Die Frau setzte ihren Weg zun\u00e4chst schnellen Schrittes fort. Als  sie bemerkte, dass ihr dem Mann mit offener Hose folgte, rannte sie  davon. <\/p>\n\n\n\n<p>Der unbekannte Mann wird wie folgt beschrieben: <\/p>\n\n\n\n<ul><li>Ca. 30 bis 35 Jahre alt<\/li><li>Ca. 180 cm gro\u00df<\/li><li>Schlanke Figur<\/li><li>Kurze dunkle, braune Haare<\/li><li>Sonnengebr\u00e4unte Haut<\/li><li>Mitteleurop\u00e4isches Erscheinungsbild<\/li><li>Bekleidet mit langer Jeans und wei\u00dfem T-Shirt oder Polo-Shirt<\/li><li>Hatte einen roten Rucksack oder eine rote Tasche bei sich <\/li><\/ul>\n\n\n\n<p>Zeugen,  die verd\u00e4chtige Wahrnehmungen gemacht haben oder sachdienliche Hinweise  geben k\u00f6nnen, werden gebeten, sich beim Kriminaldauerdienst der  Kriminalpolizeidirektion Heidelberg, Tel.: 0621\/174-4444 zu melden. <\/p>\n\n\n\n<h4 class=\"wp-block-heading\">(Heidelberg-Handschuhsheim) &#8211; Brand eines Gew\u00e4chshauses \/ Polizei sucht Zeugen<\/h4>\n\n\n\n<p>Am fr\u00fchen Dienstagmorgen wurde Polizei und Feuerwehr der Brand eines  Gew\u00e4chshauses im Feldgebiet bei Handschuhsheim gemeldet. Kurz vor ein  Uhr war aus bislang unbekannter Ursache ein Gew\u00e4chshaus in Form eines  Folientunnels im Gewann Fischpfad zwischen Angelweg und Mittelfeldweg in  Brand geraten. Das Feuer konnte durch die Freiwillige Feuerwehr  Handschuhsheim, die mit einem L\u00f6schzug vor Ort kam, rasch gel\u00f6scht  werden. Neben der Folie des Gew\u00e4chshauses wurden ein Wasserschlauch  sowie mehrere Tomatenpflanzen in Mitleidenschaft gezogen. Die H\u00f6he des  Sachschadens kann derzeit noch nicht beziffert werden. <\/p>\n\n\n\n<p>Die Ermittlungen des Fachdezernats der Kriminalpolizeidirektion Heidelberg zur Brandursache dauern derzeit an. <\/p>\n\n\n\n<p>Zeugen,  die verd\u00e4chtige Wahrnehmungen gemacht haben und sachdienliche Hinweise  geben k\u00f6nnen, werden gebeten, sich beim Kriminaldauerdienst der  Kriminalpolizeidirektion Heidelberg, Tel.: 0621\/174-4444 zu melden. <\/p>\n\n\n\n<h4 class=\"wp-block-heading\">(Heidelberg-Wieblingen) &#8211; Unbekannte gehen bei Einbruch in Pizzeria leer aus \/ Zeugen gesucht!<\/h4>\n\n\n\n<p>Am fr\u00fchen Sonntag, zwischen 2 Uhr und 9 Uhr, kam es in der  Ludwig-Guttmann-Stra\u00dfe zu einem Einbruch in eine Pizzeria. Ein oder  mehrere bislang unbekannte T\u00e4ter verschafften sich \u00fcber die Terrasse  Zugang zum Geb\u00e4ude und schlugen eines der Fenster ein. \u00dcber dieses  gelangten sie in die R\u00e4umlichkeiten der Pizzeria, wo sie im  Thekenbereich Schr\u00e4nke und Schubladen durchsuchten. F\u00fcndig wurden sie  hierbei jedoch nicht, sodass sie im Anschluss ohne Beute die Flucht  ergriffen. Der Sachschaden wird auf mehrere hundert Euro gesch\u00e4tzt. <\/p>\n\n\n\n<p>Zeugen,  die verd\u00e4chtige Wahrnehmungen gemacht haben, werden gebeten, sich beim  Polizeirevier Heidelberg-S\u00fcd unter Tel.: 06221\/3418-0 oder beim  Polizeiposten Heidelberg-Wieblingen unter Tel.: 06221\/830740 zu melden. <\/p>\n\n\n\n<h4 class=\"wp-block-heading\">(Heidelberg \/ Dortmund) &#8211; Falsche Polizeibeamte wegen gewerbsm\u00e4\u00dfigen  Bandenbetrugs u.a. auf Antrag der Staatsanwaltschaft Heidelberg in  Untersuchungshaft<\/h4>\n\n\n\n<h4 class=\"wp-block-heading\">Gemeinsame Pressemitteilung der Staatsanwaltschaft Heidelberg und des Polizeipr\u00e4sidiums Mannheim <\/h4>\n\n\n\n<p>Auf Antrag der Staatsanwaltschaft Heidelberg wurden Haftbefehle gegen drei M\u00e4nner im Alter von 18, 23 und 26 Jahren erlassen. <\/p>\n\n\n\n<p>Die\n Beschuldigten sind dringend verd\u00e4chtig, sich mit weiteren, bislang noch\n nicht identifizierten Mitt\u00e4tern zusammengeschlossen zu haben, um sich \ndurch \u00fcberregionale Betrugstaten zum Nachteil \u00e4lterer Menschen eine \nnicht nur vor\u00fcbergehende Einnahmequelle von einigem Umfang zu \nverschaffen. Hierzu sollte mindestens ein Bandenmitglied in einer \nVielzahl von F\u00e4llen telefonisch Kontakt mit meist hochbetagten \nGesch\u00e4digten im gesamten Bundesgebiet aufnehmen und diesen vorspiegeln, \ner sei Polizeibeamter. Unter einem Vorwand sollten sodann hohe \nGeldsummen oder sonstige Wertsachen gefordert werden. Sollte das Opfer \nauf den Schwindel hereinfallen und sich bereit erkl\u00e4ren, dem angeblichen\n Staatsbeamten Geld zur Verf\u00fcgung zu stellen, w\u00fcrde der T\u00e4ter seinem \nOpfer die weitere Vorgehensweise mitteilen, an deren Ende jeweils die \n\u00dcbergabe des Bargeldes oder der Wertsachen an ein weiteres \nBandenmitglied stehen w\u00fcrde. <\/p>\n\n\n\n<p>Im Umsetzung dieses Tatplans soll \nein bislang unbekanntes Mitglied der Bande am 25.06.2019 Kontakt mit \neinem 89-j\u00e4hrigen Heidelberger aufgenommen und diesen unter einem \nVorwand dazu bewegt haben, Wertgegenst\u00e4nde in H\u00f6he von 30.000 Euro aus \nseinem Bankschlie\u00dffach an einen angeblichen Polizeibeamten zu \u00fcbergeben.\n Am Folgetag soll ein weiteres Bandenmitglied die Wertsachen abgeholt \nund dem 23-J\u00e4hrigen zur weiteren Verwertung der Gegenst\u00e4nde \u00fcbergeben \nhaben. <\/p>\n\n\n\n<p>In \u00e4hnlicher Vorgehensweise und unter dem Vorwand, \nPolizeibeamter zu sein, soll ein unbekanntes Bandenmitglied am \n05.08.2019 einen Mann in Nordhorn (Nordrhein-Westfalen) get\u00e4uscht haben.\n Dabei soll der Gesch\u00e4digte 20.500 Euro an den 18-J\u00e4hrigen \u00fcbergeben \nhaben, der unter der Anleitung des 23-J\u00e4hrigen agiert haben soll. Der \n26-J\u00e4hrige soll auch in diesem Fall als Fahrer beteiligt gewesen sein. <\/p>\n\n\n\n<p>Im\n Zeitraum vom 01.08. bis zum 08.08.2019 soll ein Bandenmitglied unter \ndem Vorwand, als Polizeibeamter im Auftrag der Staatsanwaltschaft zu \nhandeln, einen \u00e4lteren Mann in Dortmund dazu bewegt haben, insgesamt \n240.000 Euro von seinem Konto abzuheben, um es anschlie\u00dfend an einen \nAbholer zu \u00fcbergeben. Aufgrund intensiver Ermittlungen der \nKriminalpolizeidirektion Heidelberg wurden in Zusammenarbeit mit dem \nPolizeipr\u00e4sidium Dortmund die 18- und 26-j\u00e4hrigen Beschuldigten am \n08.08.2019 in Dortmund, wenige Meter von der Wohnung des get\u00e4uschten \nMannes entfernt und vor \u00dcbergabe des Geldes mit Hilfe von \nSpezialeinheiten festgenommen. Durch eine sofort eingeleitete Fahndung \nkonnte wenig sp\u00e4ter der 23-j\u00e4hrige Beschuldigte ebenfalls vorl\u00e4ufig \nfestgenommen werden. <\/p>\n\n\n\n<p>Am Freitagmittag wurden der 18- und der \n26-J\u00e4hrige der Ermittlungsrichterin des Amtsgerichts Heidelberg \nvorgef\u00fchrt. Diese erlie\u00df auf Antrag der Staatsanwaltschaft Heidelberg \nHaftbefehl. Anschlie\u00dfend wurden die beiden deutschen Staatsangeh\u00f6rigen \nin Justizvollzugsanstalten eingeliefert. <\/p>\n\n\n\n<p>Der 23-j\u00e4hrige wurde in  Nordrhein Westfalen einem Ermittlungsrichter vorgef\u00fchrt. Dieser erlie\u00df  ebenfalls Haftbefehl. Anschlie\u00dfend wurde der serbische Staatsangeh\u00f6rige  in eine Justizvollzugsanstalt eingeliefert. <\/p>\n\n\n\n<h4 class=\"wp-block-heading\">(Heidelberg \/ Eppelheim \/ Rhein-Neckar-Kreis) &#8211; Vermisster tot aufgefunden<\/h4>\n\n\n\n<h4 class=\"wp-block-heading\" style=\"text-align:center\">Pressemeldung 2, vgl. PM vom 13.08.2019, 16.42 Uhr<\/h4>\n\n\n\n<p>Der seit 12. August als Vermisster gesuchte Johann K. wurde am Freitag  gegen 12.30 Uhr tot in einem Waldgebiet in Heidelberg-Handschuhsheim  aufgefunden. <\/p>\n\n\n\n<p>Derzeit gibt es keine Hinweise, die auf eine \nFremdverschuldung Dritter am Tod des Mannes hindeuten. Die Ermittlungen \nzur Todesursache der Beamten der Kriminalpolizeidirektion Heidelberg \ndauern an. <\/p>\n\n\n\n<h4 class=\"wp-block-heading\">(Ketsch \/ Rhein-Neckar-Kreis) &#8211; Polizeiliche Bilanz des Ketscher Backfischfests 2019, Zeugen gesucht nach exhibitionistischer Handlung!<\/h4>\n\n\n\n<p> In der Zeit von Freitag, 02. August bis Sonntag, 11. August 2019 fand das diesj\u00e4hrige Backfischfest Im Bruch statt. <\/p>\n\n\n\n<p>Der\n Leiter des Polizeipostens Ketsch und Gesamteinsatzleiter des \nBackfischfestes, Herr Polizeihauptkommissar Udo Samland und die \neingesetzten Polizeibeamten mussten weniger Straftaten als in den Jahren\n zuvor aufnehmen. <\/p>\n\n\n\n<p>So kam es w\u00e4hrend der Festwoche zu insgesamt 10 K\u00f6rperverletzungsdelikten, davon zwei gef\u00e4hrliche K\u00f6rperverletzungen. <\/p>\n\n\n\n<p>So\n versetzte u.a. am vergangen Sonntag gegen 00.40 Uhr im Festzelt ein \nbislang unbekannter T\u00e4ter einem 20-J\u00e4hrigen einen Kopfsto\u00df, als dieser \nschunkelnd auf einer Bierbank stand. <\/p>\n\n\n\n<p>Des Weiteren wurden ein \nFahrrad und ein Roller entwendet. Ein verlorengegangenes Handy wurde \nunterschlagen. Zudem wurden sechs Anzeigen wegen Urinierens in der \n\u00d6ffentlichkeit, eine Anzeige wegen Nichtbefolgen eines Platzverweises \nund eine Anzeige wegen falscher Personalienangaben vorlegt. <\/p>\n\n\n\n<p>Zudem kam es zu diversen Streitigkeiten zwischen Personen, die von der Polizei geschlichtet werden mussten. <\/p>\n\n\n\n<p>Besonders\n schwere Folgen verursachten Vandalen, die ein Verkehrsschild Im Bruch \numwarfen und so den Sturz eines 16-j\u00e4hrigen Radfahrers verursachten, der\n hierbei schwer verletzt wurde (vgl. PM vom 05.08.19, 11.50 Uhr). <\/p>\n\n\n\n<p>Zu\n Guter Letzt wurde ein 26-j\u00e4hriger Tatverd\u00e4chtiger vorl\u00e4ufig \nfestgenommen, der am letzten Samstag gegen 23.30 Uhr auf dem Parkplatz \nhinter dem Festzelt, gegen\u00fcber den Tennispl\u00e4tzen sich zwei Frauen \nunsittlich zeigte. Der Mann zeigte sich mit freigelegtem Penis und \nspielte vor den Frauen daran herum. <\/p>\n\n\n\n<p>In diesem Fall sucht die  Kriminalpolizei Zeugen und oder weitere Gesch\u00e4digte, die den Mann  wahrgenommen haben. Diese m\u00f6gen sich unter 0621 174 4444 bei der  Kriminalpolizei melden. <\/p>\n\n\n\n<h4 class=\"wp-block-heading\">(Ketsch \/ Rhein-Neckar-Kreis) &#8211; Autofahrer touchiert 3er BMW und fl\u00fcchtet \/ Zeugen gesucht!<\/h4>\n\n\n\n<p>Am Samstag touchierte ein bislang unbekannter Autofahrer einen 3er BMW,  der in der Schillerstra\u00dfe, an der Einm\u00fcndung zur Bahnhofstra\u00dfe, geparkt  war. Der gesch\u00e4digte Fahrzeughalter stellte sein Auto gegen 16 Uhr an  der \u00d6rtlichkeit ab und musste bei seiner R\u00fcckkehr gegen 19 Uhr Sch\u00e4den  im Bereich der vorderen Sto\u00dfstange und am linken Scheinwerfer  feststellen. An dem Auto konnten wei\u00dfe Lackspuren gesichert werden. Der  Sachschaden bel\u00e4uft sich auf ca. 3.000 Euro. <\/p>\n\n\n\n<p>Zeugen, die den  Unfall beobachtet haben und Hinweise zum Verursacher geben k\u00f6nnen,  werden gebeten, sich beim Polizeirevier Schwetzingen unter Tel.:  06202\/288-0 zu melden. <\/p>\n\n\n\n<h4 class=\"wp-block-heading\">(Schwetzingen \/ Rhein-Neckar-Kreis) &#8211; B535 \/ Pkw kommt von Fahrbahn ab &#8211; Fahrzeugf\u00fchrerin verletzt<\/h4>\n\n\n\n<p>Am Montagabend gegen 18.15 Uhr kam es auf der B 535 zu einem  Verkehrsunfall. Die 49-j\u00e4hrige Fahrzeugf\u00fchrerin eines Hyundai i30 befuhr  die Friedrichsfelder Stra\u00dfe aus Richtung Hirschacker kommend und wollte  auf H\u00f6he Schwetzingen auf die B 535 auffahren. Aus bislang unbekannter  Ursache verlor sie in der Rechtskurve der Auffahrt die Kontrolle \u00fcber  ihr Fahrzeug. Im weiteren Verlauf fuhr sie mittig auf den Gr\u00fcnstreifen  und weiter auf die dort beginnenden Leitplanken auf. Nach wenigen Metern  kippte ihr Pkw von der Leitplanke auf die linke Fahrzeugseite. Da sich  die Frau alleine in ihrem Hyundai befand, konnte sie sich zun\u00e4chst nicht  aus der misslichen Lage befreien. Mit der Hilfe von zwei  hinzugekommenen Verkehrsteilnehmern konnte sie ihren Pkw schlie\u00dflich  \u00fcber die Beifahrert\u00fcr verlassen. Die 49-J\u00e4hrige erlitt einen Schock und  wurde zur weiteren Abkl\u00e4rung in ein umliegendes Krankenhaus verbracht.  Der Hyundai wurde im Bereich der Fahrerseite erheblich besch\u00e4digt.  Weiterhin traten \u00d6l und Benzin aus. Neben dem Rettungsdienst und der  Polizei befand sich auch die Freiwillige Feuerwehr der Stadt  Schwetzingen vor Ort. Durch diese wurde ein St\u00fcck verunreinigtes  Erdreich abgetragen. Neben dem Pkw, welcher im Nachgang von einem  Abschleppdienst geborgen werden musste, wurden mehrere  Leitplankenelemente in Mitleidenschaft gezogen. Die H\u00f6he des  entstandenen Sachschadens kann derzeit noch nicht beziffert werden. Die  Auf- und Abfahrt der B535 musste f\u00fcr den Zeitraum der Unfallaufnahme,  bis ca. 19.45 Uhr, komplett gesperrt werden. <\/p>\n\n\n\n<h4 class=\"wp-block-heading\">(Altlu\u00dfheim \/ Rhein-Neckar-Kreis) &#8211; Zeugen zu Unfallflucht in der Schulstra\u00dfe gesucht!<\/h4>\n\n\n\n<p>In der Schulstra\u00dfe kam es am Montag, gegen 18:15 Uhr, zu einer  Unfallflucht, zu der die Polizei Zeugen sucht. Ein Autofahrer befuhr die  Schulstra\u00dfe in Richtung Rheinh\u00e4user Stra\u00dfe. Kurz nach der Einm\u00fcndung  zur M\u00fchlstra\u00dfe, kam ihm ein silberfarbener Mercedes entgegen, welcher am  Fahrbahnrand vor einem geparkten Audi einscherte und zun\u00e4chst dort  anhielt. Doch dann setzte die Fahrerin des Wagens mit ihrem Fahrzeug  zur\u00fcck und blieb am geparkten Audi h\u00e4ngen. Die Autofahrerin entfernte  sich nach dem Zusammensto\u00df in Richtung Ziegelstra\u00dfe, ohne sich um den  verursachten Schaden zu k\u00fcmmern. Laut Aussage des Zeugens handelte es  sich bei dem fl\u00fcchtigen Fahrzeug um eine A-Klasse \u00e4lteren Baujahrs mit  HD-Kennzeichen. Die Fahrerin des Wagens wird beschrieben als Dame mit  kurzen grauen Haaren im Alter von ca. 65 Jahren. Der Sachschaden am Audi  wird auf ca. 3.000 Euro gesch\u00e4tzt. <\/p>\n\n\n\n<p>Weitere Zeugen, die den  Unfall beobachtet haben und Hinweise zu der unbekannten  Mercedes-Fahrerin geben k\u00f6nnen, werden gebeten, sich mit dem  Polizeirevier Hockenheim unter Tel.: 06205\/2860-0 in Verbindung zu  setzen. <\/p>\n\n\n\n<h4 class=\"wp-block-heading\">(Reilingen \/ Rhein-Neckar-Kreis) &#8211; Hat ein M\u00fcllwagen ein geparktes Fahrzeug besch\u00e4digt? Zeugen gesucht!<\/h4>\n\n\n\n<p>Am Montag gegen 17.15 Uhr soll ein 46-j\u00e4hriger Fahrer eines M\u00fcllwagens  beim Abbiegen ein ordnungsgem\u00e4\u00df geparkten Opel gestreift haben. <\/p>\n\n\n\n<p>Nach\n derzeitigem Ermittlungsstand befuhr das M\u00fcllfahrzeug die \nFriedrichsstra\u00dfe und bog links in die Hauptstra\u00dfe ein. Hierbei soll er \ndas in diesem Bereich geparkten Fahrzeug gestreift haben. An dem Opel \nwurde der bereits mit einem Klebeband befestigte Au\u00dfenspiegel \nabgefahren, die Fahrert\u00fcr verkratzt und der vordere Kotfl\u00fcgel \nbesch\u00e4digt. Es entstand ein Schaden in H\u00f6he von 1.000 Euro. <\/p>\n\n\n\n<p>Eine \nZeugin beobachtete den Unfall und machte den 46-J\u00e4hrigen darauf \naufmerksam. Dieser verst\u00e4ndigte die Polizei. Die Zeugin entfernte sich \ndanach von der Unfallstelle. <\/p>\n\n\n\n<p>Ob der M\u00fcllwagen tats\u00e4chlich den \nSchaden an dem geparkten Opel verursachte, ist nun u.a. Gegenstand der \nErmittlungen der Beamten des Polizeireviers Hockenheim. <\/p>\n\n\n\n<p>Die \nBeamten suchen nun nach der Zeugin, die den Fahrer auf den Unfall \naufmerksam machte und nach weiteren m\u00f6glichen Zeugen des Unfalls. Diese \nm\u00f6gen sich unter 06205 28600 melden. <\/p>\n\n\n\n<h4 class=\"wp-block-heading\">(Reilingen \/ Rhein-Neckar-Kreis) &#8211; Hyundai Tucson erheblich besch\u00e4digt \/  Kommt Fahrer eines LKW als Verursacher in Frage? Zeugen gesucht!<\/h4>\n\n\n\n<p>In der Hauptstra\u00dfe, in H\u00f6he der Brunnengasse, wurde am Sonntag,  zwischen 4 Uhr und 9:30 Uhr, ein schwarzer Hyundai Tucson besch\u00e4digt.  Ein bislang unbekannter Fahrzeugf\u00fchrer hatte den ordnungsgem\u00e4\u00df geparkten  PKW touchiert und sich anschlie\u00dfend von der Unfallstelle entfernt. Der  Hyundai wurde im Bereich des hinteren sowie vorderen Radkastens der  Fahrerseite und an der Fahrert\u00fcr erheblich besch\u00e4digt, sodass der  Fahrzeughalter einen Schaden in H\u00f6he von rund 5.000 Euro zu regulieren  hat. <\/p>\n\n\n\n<p>Aufgrund des Schadensbildes gehen die Ermittler davon aus, \ndas der Verursacher ein Land- oder Forstwirtschaftliches Fahrzeug bzw. \neinen LKW gefahren haben muss. <\/p>\n\n\n\n<p>Zeugen, die den Unfall beobachtet  haben und Hinweise zum Verursacher geben k\u00f6nnen, werden gebeten, sich  mit dem Polizeirevier Hockenheim unter Tel.: 06205\/2860-0 in Verbindung  zu setzen. <\/p>\n\n\n\n<h4 class=\"wp-block-heading\">(St. Leon-Rot \/ Rhein-Neckar-Kreis) &#8211; Unbekannter Fahrradfahrer rammte geparkten VW und fl\u00fcchtet \/ Zeugen gesucht!<\/h4>\n\n\n\n<p>Ein bislang unbekannter Fahrradfahrer war am fr\u00fchen Dienstag, gegen  0:45 Uhr, in der Hauptstra\u00dfe unterwegs und kam in H\u00f6he der Tullastra\u00dfe  aus nicht gekl\u00e4rten Gr\u00fcnden von der Fahrbahn ab. Er stie\u00df gegen einen am  rechten Fahrbahnrand geparkten VW und riss an diesem den linken  Au\u00dfenspiegel ab. Anschlie\u00dfend setzte der Unbekannte seine Fahrt in  Richtung St. Leon fort, ohne sich um den entstandenen Schaden zu  k\u00fcmmern. Der Sachschaden wird auf mehrere hundert Euro gesch\u00e4tzt. <\/p>\n\n\n\n<p>Zeugen,\n die sachdienliche Hinweise zu dem Fl\u00fcchtigen geben k\u00f6nnen, werden \ngebeten, sich mit dem Polizeirevier Wiesloch unter Tel.: 06222\/5709-0 in\n Verbindung zu setzen. <\/p>\n\n\n\n<h4 class=\"wp-block-heading\">(Walldorf \/ Rhein-Neckar-Kreis) &#8211; Eindeutig zu tief ins Glas geschaut&#8230;<\/h4>\n\n\n\n<p>Am Samstagnachmittag setzte ein Zeuge die Polizei dar\u00fcber in Kenntnis,  dass der Fahrer einer Sattelzugmaschine in der Josef-Reiert-Stra\u00dfe einen  Unfall gebaut und sich danach unerlaubt von der Unfallstelle &#8211; Richtung  A 5 &#8211; entfernt h\u00e4tte. Kurze Zeit sp\u00e4ter konnte durch eine  Streifenwagenbesatzung des Autobahnpolizeireviers Walldorf der Sattelzug  gesichtet und auch gestoppt werden. Bereits beim Erstkontakt schlug den  Beamten eine deutliche Alkoholfahne entgegen. Zum Kontrollzeitpunkt  stand der 42-j\u00e4hrige Fahrer mit 2,66 Promille deutlichst unter  Alkoholeinwirkung. Von &#8222;seinem Crash&#8220;, einen BMW touchiert zu haben,  wusste der aus der Ukraine stammende Mann allerdings nichts. Seinen  Rausch konnte er auf der Wache auskurieren. Insgesamt entstand Schaden  von \u00fcber 5.000 Euro. <\/p>\n\n\n\n<h4 class=\"wp-block-heading\">(Walldorf \/ Rhein-Neckar-Kreis) &#8211; Unbekannter versucht Kleinkraftrad zu entwenden \/ Polizei sucht Zeugen<\/h4>\n\n\n\n<p>Wie erst jetzt zur Anzeige gebracht wurde, versuchte ein unbekannter  T\u00e4ter am Dienstag, 06. August in Walldorf ein Kleinkraftrad zu  entwenden. Der Unbekannte versuchte das in der Bahnhofstra\u00dfe abgestellte  Kraftrad zu entwenden, indem er zun\u00e4chst die Lenkradsperre gewaltsam  \u00fcberwand. Dabei wurde er von einer Zeugin beobachtet. Als er bemerkte,  dass er beobachtet wurde, lie\u00df der von der weiteren Tatausf\u00fchrung ab und  fl\u00fcchtete. <\/p>\n\n\n\n<p>Der unbekannte Mann wird wie folgt beschrieben: <\/p>\n\n\n\n<ul><li>Ca. 183 cm gro\u00df<\/li><li>Kurze schwarze Haare<\/li><li>Bart<\/li><li>D\u00fcnn<\/li><li>Mitteleurop\u00e4isches Erscheinungsbild <\/li><\/ul>\n\n\n\n<p>Zeugen, die  verd\u00e4chtige Wahrnehmungen gemacht haben und sachdienliche Hinweise geben  k\u00f6nnen, werden gebeten, sich beim Polizeirevier Wiesloch, Tel.:  06202\/5709-0 zu melden. <\/p>\n\n\n\n<h4 class=\"wp-block-heading\">(Nu\u00dfloch \/ Rhein-Neckar-Kreis) &#8211; Unfall forderte eine Verletzte und 15.000 Euro Schaden<\/h4>\n\n\n\n<p>Ein Wieslocher VW Caddy-Fahrer verursachte am Montagnachmittag gegen  17.30 Uhr in der Blumen-\/Goethestra\u00dfe einen Verkehrsunfall, bei dem  Gesamtschaden von rund 15.000 Euro entstand. Beim \u00dcberqueren der  Kreuzung achtete er nicht auf den ordnungsgem\u00e4\u00df fahrenden Fiat  Punto-Fahrer, so dass es zur Karambolage kam. Eine Mitfahrerin im Fiat  klagte bei der Unfallaufnahme \u00fcber Verletzungen und wurde nach der  Erstversorgung in das Schwetzinger Krankenhaus eingeliefert. Der stark  besch\u00e4digte Fiat Punto musste von einem Abschleppunternehmen  abtransportiert werden. Der Verursacher sieht einer Anzeige bei der  Staatsanwaltschaft Heidelberg entgegen. <\/p>\n\n\n\n<h4 class=\"wp-block-heading\">(Wiesloch \/ Rhein-Neckar-Kreis) &#8211; Polizei Wiesloch bittet um Zeugenhinweise<\/h4>\n\n\n\n<p>Die Fassade eines Anwesens in der Heidelberger Stra\u00dfe besch\u00e4digte in  der Zeit zwischen Freitagabend, 20 Uhr und Samstagvormittag, 11 Uhr ein  bislang noch nicht ermittelter Autofahrer vermutlich bei einem  Ein-\/Ausparkman\u00f6ver. Ohne sich um die Angelegenheit &#8211; es entstand  Schaden von 2.000 Euro &#8211; zu k\u00fcmmern, entfernte sich der Verursacher  unerlaubt. <\/p>\n\n\n\n<p>An der daneben befindlichen Fallleitung einer \nRegenrinne konnten blaue Lackantragungen gesichert werden. Ob diese von \ndem verursachenden Wagen stammen, bedarf der weiteren Recherchen. <\/p>\n\n\n\n<p>Zeugen,  die im fraglichen Zeitraum evtl. auf den Vorfall aufmerksam wurden und  Hinweise zum Fl\u00fcchtigen geben k\u00f6nnen, werden gebeten, Kontakt mit dem  Polizeirevier Wiesloch, Tel.: 06222\/57090, aufzunehmen. <\/p>\n\n\n\n<h4 class=\"wp-block-heading\">(Rauenberg \/ Rhein-Neckar-Kreis) &#8211; Autos nach Unfall nicht mehr fahrbereit<\/h4>\n\n\n\n<p>Im Kreuzungsbereich Tal-\/Sch\u00f6nbornstra\u00dfe stie\u00dfen am Montag kurz nach 12  Uhr zwei Fahrzeuge zusammen, die beide auch nicht mehr fahrbereit waren  und in Eigenregie von der Unfallstelle entfernt werden mussten.  Verursacht hatte den Unfall eine 79-j\u00e4hrige Audi A 3-Fahrerin, die die  Vorfahrt eines ordnungsgem\u00e4\u00df fahrenden Mercedes-Fahrers nicht beachtet  hatte. Die Polizei beziffert den Gesamtschaden auf 7.000 Euro. Da sich  im Mercedes Kinder befanden, wurde vorsorglich eine  Rettungswagenbesatzung hinzugezogen. Alle Beteiligten \u00fcberstanden den  Crash zum Gl\u00fcck ohne Verletzungen. <\/p>\n\n\n\n<h4 class=\"wp-block-heading\">(Rauenberg \/ Rhein-Neckar-Kreis) &#8211; Schmorbrand eines Stromverteilerkastens in einer Pension, hoher Sachschaden<\/h4>\n\n\n\n<p>Am Montag kurz nach 09 Uhr wurden Polizei und Feuerwehr zu einer Rauchentwicklung in die Wieslocher Stra\u00dfe 36 gerufen. <\/p>\n\n\n\n<p>Vor Ort wurde schwarzer Rauch festgestellt, der aus s\u00e4mtlichen Kellerfenster der Pension quoll. <\/p>\n\n\n\n<p>Personen befanden sich nicht im Geb\u00e4ude. <\/p>\n\n\n\n<p>Ein\n Schmorbrand des Hauptverteilerstromkastens im Keller des Anwesens war \nder Grund der Rauchentwicklung. Dieser konnte von der Feuerwehr \nlokalisiert und um 10 Uhr gel\u00f6scht werden. Ein offenes Feuer war nicht \nentstanden. <\/p>\n\n\n\n<p>Es entstand ein Sachschaden von ca. 100.000 Euro. <\/p>\n\n\n\n<p>Ein Gro\u00dfaufgebot der Feuerwehr war vor Ort, drei Funkwagenbesatzungen sperrten den Bereich um den Einsatzort ab. <\/p>\n\n\n\n<p>Es kam zu geringen Verkehrsbehinderungen. <\/p>\n\n\n\n<p>Die weiteren Ermittlungen u.a. zur Brandursache \u00fcbernahm der Polizeiposten M\u00fchlhausen. <\/p>\n\n\n\n<h4 class=\"wp-block-heading\">(Sinsheim \/ Rhein-Neckar-Kreis) &#8211; Motorradfahrer bei Unfall schwer verletzt \/ \u00dcber 10.000 Euro Schaden<\/h4>\n\n\n\n<p>Trotz durchgezogener Linie auf der L 533\/D\u00fchrener Stra\u00dfe wendete am  Montag kurz vor 17 Uhr ein 19-J\u00e4hriger seinen VW Golf und kollidierte  dabei mit einem ordnungsgem\u00e4\u00df entgegenkommenden Suzuki-Fahrer. Der  33-j\u00e4hrige aus Sinsheim stammende Motorradfahrer zog sich bei dem Sturz  schwere Verletzungen zu, die durch den Notarzt erstversorgt und danach  in einem Krankenhaus weiterbehandelt werden mussten. <\/p>\n\n\n\n<p>Das nicht \nmehr fahrbereite Motorrad, an dem Schaden von 8.000 Euro entstand, \ntransportierte ein Abschleppunternehmen von der Unfallstelle ab. <\/p>\n\n\n\n<p>Der 19-J\u00e4hrige muss mit einer Anzeige rechnen. <\/p>\n\n\n\n<h4 class=\"wp-block-heading\">(Sinsheim \/ Rhein-Neckar-Kreis) &#8211; Kollision in der Winter-\/Karlsruher Stra\u00dfe<\/h4>\n\n\n\n<p>Die 20-j\u00e4hrige Fahrerin eines Postfahrzeugs verursachte am  Montagvormittag in der Winter-\/Karlsruher Stra\u00dfe einen Verkehrsunfall,  bei dem Gesamtschaden von 5.500 Euro entstand. Im Einm\u00fcndungsbereich  missachtete sie die Vorfahrt einer aus Angelbachtal stammenden Audi A  4-Avant-Fahrerin. Beide Frauen hatten Gl\u00fcck im Ungl\u00fcck und zogen sich  keine Verletzungen zu. <\/p>\n\n\n\n<h4 class=\"wp-block-heading\">(Sinsheim \/ Rhein-Neckar-Kreis) &#8211; \u00dcberhol-\/Ausweichman\u00f6ver auf der B 45 zwischen Hoffenheim und Zuzenhausen \/ Polizei sucht dringend Zeugen<\/h4>\n\n\n\n<p>Dringend Zeugen suchen die Beamten des Polizeireviers Sinsheim zu einem  Vorfall, der sich am Sonntagabend kurz vor 22 Uhr auf der B 45  zugetragen hat. <\/p>\n\n\n\n<p>Drei Autofahrer, u.a. der Fahrer eines wei\u00dfen \nKia, waren von Hoffenheim in Richtung Zuzenhausen unterwegs, als der \nLetzte zum \u00dcberholen der beiden vor ihm fahrenden Autos ansetzte. \nUrpl\u00f6tzlich scherte der Kia-Fahrer ebenfalls nach links aus, so dass der\n Fahrer ein Ausweichman\u00f6ver starten musste, um eine Kollision zu \nverhindern. Dabei touchierte er eine Leitplanke und stoppte wie auch der\n Kia-Fahrer am Ortseingang Zuzenhausen die Fahrt. <\/p>\n\n\n\n<p>Es kam zu einem\n kurzen Dialog, unmittelbar darauf fuhr der ca. 30 &#8211; 40 Jahre alte Mann \nmit seinem Kia davon. Er hatte schwarze Haare, eine auff\u00e4llig leise \nStimme und war s\u00fcdl\u00e4ndischen Typs. <\/p>\n\n\n\n<p>Das Kennzeichen liegt der  Polizei zwar vor, jedoch konnte weder Fahrzeug noch Halter am sp\u00e4ten  Sonntagabend ausfindig bzw. angetroffen werden. Diesbez\u00fcglich dauern die  Ermittlungen noch an. Der dritte beteiligte Autofahrer oder aber  sonstige Zeugen des Geschehens werden dringend gebeten, sich mit den  Beamten des Polizeireviers Sinsheim, Tel.: 07261\/6900, in Verbindung zu  setzen. <\/p>\n\n\n\n<h4 class=\"wp-block-heading\">(Neckarbischofsheim \/ Rhein-Neckar-Kreis) &#8211; 7.000 Euro Schaden bei Unfall<\/h4>\n\n\n\n<p>Im Einm\u00fcndungsbereich von-Hindenburg-Stra\u00dfe\/Flinsbacher Stra\u00dfe kam es  am Sonntagabend zu einem Verkehrsunfall, der Schaden von 7.000 Euro  forderte. Verursacht hatte die Kollision ein 31-j\u00e4hriger Fiat  Ducato-Fahrer, der einer ordnungsgem\u00e4\u00df fahrenden Peugeot-Fahrerin die  Vorfahrt nicht einger\u00e4umt hatte. Verletzt wurde gl\u00fccklicherweise keiner  der Beteiligten; die Autos waren zudem noch fahrbereit. Der Verursacher  sieht einer Anzeige entgegen. <\/p>\n\n\n\n<h4 class=\"wp-block-heading\">(Eberbach \/ Rhein-Neckar-Kreis) &#8211; 82-j\u00e4hrige Frau f\u00e4hrt mit PKW durch Garagenmauer<\/h4>\n\n\n\n<p>Am Sonntagmorgen, gegen 10.30 Uhr, wollte eine 82 Jahre alte Frau in  der Friedrichsdorfer Landstra\u00dfe in Eberbach ihren Audi A3 r\u00fcckw\u00e4rts aus  der Garage fahren. Aus bislang ungekl\u00e4rten Umst\u00e4nden fuhr die Frau  vorw\u00e4rts, durchbrach die Garagenmauer und blieb nach einer halben  Wagenl\u00e4nge in der Garagenmauer stecken. Die Feuerwehr musste die Frau  aus ihrer misslichen Lage befreien. Gl\u00fccklicherweise wurde sie  offensichtlich nicht verletzt, kam jedoch zur Beobachtung ins  Krankenhaus. Die Garage war einsturzgef\u00e4hrdet und wurde durch das THW  Eberbach abgesichert. Die H\u00f6he des entstandenen Sachschadens kann noch  nicht beziffert werden. <\/p>\n\n\n\n<h4 class=\"wp-block-heading\">(Lobbach \/ Rhein-Neckar-Kreis) &#8211; Motorradfahrer bei Sturz schwer verletzt<\/h4>\n\n\n\n<p>Bei seiner Fahrt im Sportplatzweg in Richtung Klosterstra\u00dfe kam am  Sonntagvormittag ein 55-j\u00e4hriger Suzuki-Fahrer aus bislang nicht  bekannter Ursache nach links von der Fahrbahn ab, touchierte mit dem  Vorderrad einen Sandstein und st\u00fcrzte. Dabei zog sich der aus dem  Mosbacher Raum stammende Mann schwere Verletzungen zu, die nach der  Erstbehandlung an der Unfallstelle in einem Heidelberger Krankenhaus  weiterversorgt werden mussten. Um den Abtransport des nicht mehr  fahrbereiten Motorrads, Schaden entstand in H\u00f6he von \u00fcber 2.000 Euro,  k\u00fcmmerte sich die Ehefrau. Die Freiwillige Feuerwehr Lobbach-Lobenfeld  r\u00fcckte mit 9 Mann aus und s\u00e4uberte die mit Betriebsstoffen verunreinigte  Fahrbahn. <\/p>\n\n\n\n<h4 class=\"wp-block-heading\">(Bammental \/ Rhein-Neckar-Kreis) &#8211; Autos nach Crash nicht mehr fahrbereit<\/h4>\n\n\n\n<p>Bereits am Samstagvormittag kam es auf der B 45 zu einem  Verkehrsunfall, der einen Leichtverletzten, Schaden von 7.000 Euro sowie  zwei nicht mehr fahrbereite Autos zur Folge hatte. Eine  Citroen-Fahrerin fuhr vom Tankstellengel\u00e4nde auf die Bundesstra\u00dfe in  Richtung Sinsheim ein, achtete dabei jedoch nicht auf den ordnungsgem\u00e4\u00df  in Richtung Neckargem\u00fcnd fahrenden Opel. Es kam zum Zusammensto\u00df, wobei  beide Autos so stark besch\u00e4digt wurden, dass sie von  Abschleppunternehmen abtransportiert werden mussten. <\/p>\n\n\n\n<p>Ein im Opel  befindliches Kind zog sich Verletzungen zu, die nach der Erstbehandlung  an der Unfallstelle eine station\u00e4re Aufnahme in einem Heidelberger  Krankenhaus erforderlich machten. Die aus dem Stuttgarter Raum stammende  Verursacherin sieht einer Anzeige entgegen. <\/p>\n\n\n\n<h4 class=\"wp-block-heading\">(Neckargem\u00fcnd \/ Rhein-Neckar-Kreis) &#8211; Honda kontra Ford \/ Fast 10.000 Euro Schaden<\/h4>\n\n\n\n<p>Ein 27-j\u00e4hriger Honda-Fahrer war am Sonntag kurz nach 16 Uhr in der  Langenzeller Stra\u00dfe unterwegs und fuhr vermutlich infolge Unachtsamkeit  auf den in den Siedlerweg abbiegenden Ford eines Eberbachers auf. Der  Motorradfahrer st\u00fcrzte und zog sich dabei Verletzungen zu. Nach der  Erstversorgung an der Unfallstelle war eine Einweisung via Rettungswagen  &#8211; ein Transport mit dem ebenfalls vor Ort befindlichen  Rettungshubschrauber war nicht notwendig &#8211; in ein Heidelberger  Krankenhaus erforderlich. Die Honda war nicht mehr fahrbereit und wurde  vor\u00fcbergehend auf dem Areal eines Anwesens in der Langenzeller Stra\u00dfe  abgestellt. An Motorrad und Auto entstand ein Gesamtschaden von fast  10.000 Euro. <\/p>\n\n\n\n<h4 class=\"wp-block-heading\">(Eppelheim \/ Rhein-Neckar-Kreis) &#8211; Frau begrapscht \/ Zeugen gesucht!<\/h4>\n\n\n\n<figure class=\"wp-block-image\"><img decoding=\"async\" src=\"https:\/\/speyer24news.com\/wp-content\/uploads\/2019\/07\/Zeugen-gesucht-Neutral-3.jpg\" alt=\"\" class=\"wp-image-17272\"\/><\/figure>\n\n\n\n<p>Am Montagabend kam es in der Wasserturmstra\u00dfe zu einer sexuellen  Bel\u00e4stigung &#8211; der unbekannte T\u00e4ter fiel bereits am Vortag auf. <\/p>\n\n\n\n<p>Eine\n 20-J\u00e4hrige war am um 20:15 Uhr zu Fu\u00df in der Wasserturmstra\u00dfe \nunterwegs, als pl\u00f6tzlich ein unbekannter Mann von hinten mit einer Hand \nan ihre Brust fasste. Der T\u00e4ter fl\u00fcchtete gleich darauf auf einem \nFahrrad. Kurz darauf sah die junge Dame den Mann erneut im Bereich der \nRudolf-Wild-Halle. Als der T\u00e4ter dies bemerkte, fl\u00fcchtete er in Richtung\n Adalbert-Stifter-Stra\u00dfe. <\/p>\n\n\n\n<p>Die abgegebene Personenbeschreibung deckt sich gr\u00f6\u00dftenteils mit der am gestrigen Vormittag Ver\u00f6ffentlichen (Siehe PM unter dieser) und kann wie folgt erg\u00e4nzt werden: <\/p>\n\n\n\n<ul><li>M\u00e4nnlich<\/li><li>zwischen 17 und 25 Jahren alt<\/li><li>1,70 bis 1,85 m gro\u00df<\/li><li>schlank<\/li><li>brauner Hautteint<\/li><li>indisches Erscheinungsbild<\/li><li>\u00e4ltere dunkle Basecap, trug ein rotes T-Shirt, kurze dunkle Hosen, dunkler Rucksack, neongelbe Sneaker<\/li><li>Der Mann war mit einem dunkelblauen Mountainbike mit wei\u00dfen Schriftz\u00fcgen unterwegs. Es k\u00f6nnte sich um ein Jugendfahrrad handeln<\/li><\/ul>\n\n\n\n<p>Zeugen \ndes Vorfalls, m\u00f6gliche weitere Betroffene oder Hinweisgeber, werden \ngebeten, sich unter 0621 174-4444 an die Ermittler der Kriminalpolizei \nzu wenden. <\/p>\n\n\n\n<h4 class=\"wp-block-heading\">(Eppelheim \/ Rhein-Neckar-Kreis) &#8211; Frau sexuell bel\u00e4stigt \/ Zeugen gesucht<\/h4>\n\n\n\n<div class=\"wp-block-image\"><figure class=\"aligncenter\"><img decoding=\"async\" src=\"https:\/\/speyer24news.com\/wp-content\/uploads\/2019\/07\/Zeugen-gesucht-Neutral-3.jpg\" alt=\"\" class=\"wp-image-17272\"\/><\/figure><\/div>\n\n\n\n<p>Am Sonntagabend wurde eine Spazierg\u00e4ngerin von einem bislang  unbekannten T\u00e4ter sexuell bel\u00e4stigt &#8211; die Kriminaldirektion Heidelberg  hat die Ermittlungen aufgenommen. <\/p>\n\n\n\n<p>Die 18-J\u00e4hrige ging gegen 18:45  Uhr auf dem Maximilian-Kolbe-Weg spazieren, als pl\u00f6tzlich ein  unbekannter Fahrradfahrer an ihr vorbeifuhr und fest an ihre Brust griff. Als die junge Frau die Hand wegschlagen wollte, fl\u00fcchtete der Mann auf seinem Fahrrad. <\/p>\n\n\n\n<p>Der T\u00e4ter kann wie folgt beschrieben  werden: <\/p>\n\n\n\n<ul><li>zwischen 20 und 25 Jahren alt<\/li><li>1,70- 1,75 m gro\u00df<\/li><li>schlank<\/li><li>dunklerer Teint<\/li><li>schwarze Haare<\/li><li>trug eine schwarze Basecap und ein gr\u00fcnes T-Shirt mit hellem Streifen am \u00c4rmelrand, eine lange schwarze Jogginghose, schwarze Schlappen, hatte einen schwarzen Rucksack auf dem R\u00fccken<\/li><li>Der Mann war auf einem Fahrrad mit gro\u00dfer Leuchte unterwegs<\/li><\/ul>\n\n\n\n<p>Zeugen des Vorfalls oder Hinweisgeber, werden gebeten, sich unter 0621 174-4444 an die Beamten der Kriminalpolizei zu wenden. <\/p>\n\n\n\n<h4 class=\"wp-block-heading\">(Dossenheim \/ Rhein-Neckar-Kreis) &#8211; Kontrolle \u00fcber Dienstfahrzeug verloren \/ fast 10.000 Euro Schaden<\/h4>\n\n\n\n<p>Auf Einsatzfahrt befand sich am Sonntagabend ein 26-j\u00e4hriger  Angeh\u00f6riger des DLRG, als er am Ortseingang Dossenheim (B 3\/K 4242)  offenbar aufgrund nicht angepasster Geschwindigkeit die Kontrolle \u00fcber  den Mercedes verlor. Das Auto kollidierte mit einem Laternenmasten und  kam an der am Stra\u00dfenrand befindlichen Leitplanke zum Stehen. Die  Insassen \u00fcberstanden den Unfall zum Gl\u00fcck ohne Verletzungen. Den  Gesamtschaden beziffert die Polizei auf fast 10.000 Euro. Eine Meldung  an die Gemeinde Dossenheim erfolgt. <\/p>\n\n\n\n<h4 class=\"wp-block-heading\">(Ladenburg \/ Rhein-Neckar-Kreis) &#8211; Radfahrer erliegt seinen Verletzungen<\/h4>\n\n\n\n<h4 class=\"wp-block-heading\" style=\"text-align:center\">Pressemeldung 2, vgl. PM vom 08.08.2019, 05:59 Uhr<\/h4>\n\n\n\n<p>Der bei einem Verkehrsunfall am 08.08.2019, gegen 01.20 Uhr an der  Einm\u00fcndung Otto-H\u00e4ussler-Stra\u00dfe\/ Wichernstra\u00dfe verletzte Radfahrer erlag  am Montagnachmittag in einem Krankenhaus seinen schweren Verletzungen. <\/p>\n\n\n\n<p>Die  Ermittlungen des Verkehrsunfallaufnahmedienstes Mannheim dauern an,  weiterhin werden Zeugen des Unfalls gesucht. Diese m\u00f6gen sich unter 0621  174 4045 melden. <\/p>\n\n\n\n<h4 class=\"wp-block-heading\">(Weinheim \/ Rhein-Neckar-Kreis) &#8211; Ruhiger Verlauf der Weinheimer Kerwe 2019<\/h4>\n\n\n\n<p>Einen ruhigen Verlauf registrierte das Polizeirevier Weinheim \u00fcber alle  vier Tage der Weinheimer Kerwe 2019. Einen gro\u00dfen Anteil daran d\u00fcrfte  auch das durchwachsene Wetter gehabt haben. <\/p>\n\n\n\n<p>Insgesamt wurden acht\n K\u00f6rperverletzungsdelikte, f\u00fcnf kleine Auseinandersetzungen am \nEr\u00f6ffnungstag, drei am Abschlusstag, davon zwei gef\u00e4hrliche \nK\u00f6rperverletzungen. <\/p>\n\n\n\n<p>Am folgenschwersten d\u00fcrfte dabei eine \nAuseinandersetzung vor einer Gastst\u00e4tte in der M\u00fcnzgasse am fr\u00fchen \nDienstagmorgen gewesen sein. Nachdem ein 49-J\u00e4hriger zun\u00e4chst aufgrund \nseiner Provokationen gegen\u00fcber einem 56-J\u00e4hrigen zun\u00e4chst rund eine \nStunde vor Kerwe-Schluss aus der Gastst\u00e4tte verwiesen worden war, trafen\n beide Kontrahenten kurz nach 1 Uhr vor der Gastst\u00e4tte wieder \naufeinander. Als der 49-J\u00e4hrige hierbei, so der derzeitige Stand der \nErmittlungen, erneut die k\u00f6rperliche Konfrontation mit dem 56-J\u00e4hrigen \nsuchte, versetzte ihm dieser einen Faustschlag ins Gesicht. <\/p>\n\n\n\n<p>Der \n49-J\u00e4hrige st\u00fcrzte dabei zu Boden und verletzt sich am Kopf, sodass er \nnach seiner not\u00e4rztlichen Behandlung mit einem Rettungswagen in eine \nKlinik transportiert werden m\u00fcsste. <\/p>\n\n\n\n<p>Dem 56-J\u00e4hrigen, der leicht \nalkoholisiert war, wurde eine Blutprobe entnommen. Erste Ermittlungen \ngegen ihn wegen des Verdachts der gef\u00e4hrlichen K\u00f6rperverletzung sind \neingeleitet. <\/p>\n\n\n\n<p>Ein zweiter Vorfall, bei dem das Polizeirevier \nWeinheim Zeugen sucht, ereignete sich bereits kurz nach Mitternacht in \nder Gerbergasse. Aus bislang unbekannten Gr\u00fcnden gingen drei unbekannte \nM\u00e4nner von hinten auf einen 23-J\u00e4hrigen los, traten und schlugen ihn \nmehrfach und rannten anschlie\u00dfend davon. <\/p>\n\n\n\n<p>Der junge Mann wurde dabei verletzt und wollte sich selbst in \u00e4rztliche Behandlung begeben. <\/p>\n\n\n\n<p>W\u00e4hrend\n einer der Angreifer den Ermittlern mittlerweile namentlich bekannt ist,\n liegen noch keine Hinweise zu seinen beiden Komplizen vor. Der eine \nsoll einen sogenannten &#8222;Anglerhut&#8220;, der andere einen&#8220; Ziegenbart&#8220; \ngetragen haben. Auch hier wird wegen des Verdachts der gef\u00e4hrlichen \nK\u00f6rperverletzung ermittelt. <\/p>\n\n\n\n<p>Zeugen, die den Vorfall beobachtet \nhaben und Hinweise zu den beiden noch nicht ermittelten T\u00e4tern geben \nk\u00f6nnen, werden gebeten, sich mit dem Polizeirevier Weinheim, Tel.: \n06201\/1003-0 in Verbindung zu setzen. <\/p>\n\n\n\n<h4 class=\"wp-block-heading\">(Weinheim \/ Rhein-Neckar-Kreis) &#8211; Betrunken mehrere Unf\u00e4lle verursacht und abgehauen. Verursacher konnte rasch ermittelt werden.<\/h4>\n\n\n\n<p>Am Montagabend verursachte ein betrunkener 47-j\u00e4hriger Autofahrer in  Weinheim mehrere Verkehrsunf\u00e4lle. Der Mann wurde von Zeugen dabei  beobachtet, wie er gegen 21.40 Uhr betrunken zu einem Audi, der auf dem  Parkplatz in der Institutsstra\u00dfe abgestellt war, torkelte und  schlie\u00dflich damit davon fuhr. Hier besch\u00e4digte er einen VW Golf und  setzte seine Fahrt in Richtung Peterstra\u00dfe fort, so er zun\u00e4chst mit  einem Renault zusammenstie\u00df und anschlie\u00dfend einen Citroen besch\u00e4digte.  Auf seiner weiteren Fahrt kollidierte er beim Abbiegen in die  Johannisstra\u00dfe mit einem geparkten Mercedes, bevor er seinen Audi an der  Einm\u00fcndung zur N\u00f6rdlichen Hauptstra\u00dfe einparkte. Hier konnte er von  zwischenzeitlich verst\u00e4ndigten Polizeibeamten angetroffen werden. Er kam  auf die Beamten zu und \u00fcbergab seinen F\u00fchrerschein. Er war deutlich  alkoholisiert und lallte. Ein Alkoholtest ergab einen Wert von fast zwei  Promille. Es entstand Sachschaden von rund 10.000 Euro. Am Audi des  47-J\u00e4hrigen entstand Totalschaden; die Vorderachse war gebrochen. <\/p>\n\n\n\n<p>Gegen den Mann wird nun wegen Stra\u00dfenverkehrsgef\u00e4hrdung und Unfallflucht ermittelt. Sein F\u00fchrerschein wurde einbehalten. <\/p>\n\n\n\n<h4 class=\"wp-block-heading\">(Weinheim \/ Rhein-Neckar-Kreis) &#8211; Radfahrer wird von Seat erfasst und leicht verletzt<\/h4>\n\n\n\n<p>Am Montag, gegen 12:20 Uhr, kollidierte in der Bergstra\u00dfe ein  22-j\u00e4hriger Seat-Fahrer mit einem 50-j\u00e4hrigen Radfahrer, welcher sich  bei dem Zusammensto\u00df leichte Verletzungen zuzog. Der Autofahrer war vom  Suezkanalweg in die Bergstra\u00dfe abgebogen und erfasste dabei den  Fahrradfahrer, der den Radweg in Richtung Sulzbach befuhr. Der  50-J\u00e4hrige erlitt u.a. eine Kopfplatzwunde und wurde zur Behandlung mit  einem Rettungswagen in eine Klinik gebracht. Ob am Seat sowie am Zweirad  Sachschaden entstand, ist bislang unklar. <\/p>\n\n\n\n<h4 class=\"wp-block-heading\">(Weinheim \/ Hemsbach \/ A 5 \/ Rhein-Neckar-Kreis) &#8211; Schwerer Verkehrsunfall, mehrere Lkws beteiligt; mehrere Verletzte; Autobahn in beide Richtungen gesperrt<\/h4>\n\n\n\n<h4 class=\"wp-block-heading\" style=\"text-align:center\">Pressemitteilung Nr. 1<\/h4>\n\n\n\n<p>Wegen eines schweren Lkw-Unfalls ist die A5 derzeit zwischen dem  Weinheimer Kreuz und der Anschlussstelle Hemsbach in beide Richtungen  voll gesperrt. <\/p>\n\n\n\n<p>Nach dem momentanen Kenntnisstand kollidierten kurz nach 11 Uhr mehrere Lkws miteinander. <\/p>\n\n\n\n<p>Mindestens eine Person wurde eingeklemmt, mehrere verletzt. Ein Rettungshubschrauber ist im Einsatz. <\/p>\n\n\n\n<p>Der\n Verkehr ist ab dem Kreuz Weinheim in Richtung Frankfurt -die Auffahrt \nin Richtung Frankfurt von der B 38 und der A 659 auch gesperrt-  und an \nder Anschlussstelle Hemsbach in Richtung Heidelberg abgeleitet. <\/p>\n\n\n\n<p>Die Pressestelle wird in wenigen Minuten vor Ort sein. <\/p>\n\n\n\n<p>Es wird nachberichtet. <\/p>\n\n\n\n<h4 class=\"wp-block-heading\">(Weinheim \/ Hemsbach \/ A 5 \/ Rhein-Neckar-Kreis) &#8211; Schwerer Verkehrsunfall; vier Lkws beteiligt; zwei schwerverletzte  Lkw-Fahrer; A 5 in Richtung Frankfurt gesperrt; mehrere 100.000.- Euro  Schaden<\/h4>\n\n\n\n<h4 class=\"wp-block-heading\" style=\"text-align:center\">Pressemitteilung Nr. 2<\/h4>\n\n\n\n<p>Bei dem schweren Lkw-Unfall auf der A 5 zwischen dem Kreuz Weinheim und  der Anschlussstelle Hemsbach wurden zwei Lkw-Fahrer schwer verletzt. Es  entstand ein Sachschaden von mehreren 100.000.- Euro. <\/p>\n\n\n\n<p>Kurz nach \n11 Uhr war der 48-j\u00e4hrige Fahrer eines Autotransporters auf den \nstehenden Lkw eines 60-J\u00e4hrigen an einem Stauende aufgefahren und hatte \ndiesen auf zwei davor stehende Lkw aufgeschoben. Sowohl der 48-J\u00e4hrige \nals auch der 60-J\u00e4hrige wurden in ihren F\u00fchrerh\u00e4usern eingeklemmt und \nschwer verletzt. <\/p>\n\n\n\n<p>W\u00e4hrend der Fahrer des Autotransporters mit \neinem Rettungswagen in eine Klinik gebracht wurde, musste der 60-J\u00e4hrige\n mit einem Rettungshubschrauber abtransportiert werden. <\/p>\n\n\n\n<p>Derzeit \nbeginnen die Aufr\u00e4umarbeiten. Der aufgestaute Verkehr wird zun\u00e4chst in \nRichtung Frankfurt an der Unfallstelle bis zur n\u00e4chsten Ausfahrt \nvorbeigeleitet. Ansonsten bleibt die A5 ab dem Weinheimer Kreuz wie vor \ngesperrt. Die Sperrung in Richtung Heidelberg ist aufgehoben. <\/p>\n\n\n\n<p>Der  Stau war die Folge eines Verkehrsunfalls am fr\u00fchen Montagmorgen auf der  A5 bei Bensheim, der bis kurz vor das Weinheimer Kreuz zur\u00fcckreichte. <\/p>\n\n\n\n<h4 class=\"wp-block-heading\">(Weinheim \/ Hemsbach \/ A 5 \/ Rhein-Neckar-Kreis) &#8211;  Schwerer Verkehrsunfall; vier Lkws beteiligt; zwei schwerverletzte  Lkw-Fahrer; linke Fahrspur wieder freigegeben<\/h4>\n\n\n\n<h4 class=\"wp-block-heading\" style=\"text-align:center\">Pressemitteilung Nr. 3<\/h4>\n\n\n\n<p>Nach dem schweren Lkw-Unfall auf der A 5 zwischen dem Kreuz Weinheim  und der Anschlussstelle Hemsbach wurde zwischenzeitlich die linke  Fahrspur ger\u00e4umt und ist wieder freigegeben. Der Verkehr l\u00e4uft an der  Unfallstelle derzeit einspurig in Richtung Darmstadt. <\/p>\n\n\n\n<p>Derzeit \nwird noch die Fahrbahn gereinigt. Nach Abschluss der Reinigungsarbeiten \nwird in K\u00fcrze auch der rechte Fahrstreifen wieder freigegeben. <\/p>\n","protected":false},"excerpt":{"rendered":"<div class=\"mh-excerpt\"><p>Polizeimeldungen vom Montag &amp; Dienstag (12.08. &amp; 13.08.2019) (Speyer) &#8211; Sicherheitsabstand nicht eingehalten Weil sie offensichtlich den Sicherheitsabstand nicht einhielt, fuhr am Sonntagvormittag eine 24-j\u00e4hrige Speyerin mit ihrem Pkw auf den vor ihr verkehrsbedingt abbremsenden <a class=\"mh-excerpt-more\" href=\"https:\/\/speyer24news.com\/?p=17727\" title=\"Polizei:\">[&#8230;]<\/a><\/p>\n<\/div>","protected":false},"author":3,"featured_media":0,"comment_status":"open","ping_status":"open","sticky":false,"template":"","format":"standard","meta":{"_monsterinsights_skip_tracking":false,"_monsterinsights_sitenote_active":false,"_monsterinsights_sitenote_note":"","_monsterinsights_sitenote_category":0,"footnotes":""},"categories":[12],"tags":[61,2555,63,105,53,102,213,55,103,106,427,62,104,979,1565],"aioseo_notices":[],"amp_enabled":true,"_links":{"self":[{"href":"https:\/\/speyer24news.com\/index.php?rest_route=\/wp\/v2\/posts\/17727"}],"collection":[{"href":"https:\/\/speyer24news.com\/index.php?rest_route=\/wp\/v2\/posts"}],"about":[{"href":"https:\/\/speyer24news.com\/index.php?rest_route=\/wp\/v2\/types\/post"}],"author":[{"embeddable":true,"href":"https:\/\/speyer24news.com\/index.php?rest_route=\/wp\/v2\/users\/3"}],"replies":[{"embeddable":true,"href":"https:\/\/speyer24news.com\/index.php?rest_route=%2Fwp%2Fv2%2Fcomments&post=17727"}],"version-history":[{"count":8,"href":"https:\/\/speyer24news.com\/index.php?rest_route=\/wp\/v2\/posts\/17727\/revisions"}],"predecessor-version":[{"id":17991,"href":"https:\/\/speyer24news.com\/index.php?rest_route=\/wp\/v2\/posts\/17727\/revisions\/17991"}],"wp:attachment":[{"href":"https:\/\/speyer24news.com\/index.php?rest_route=%2Fwp%2Fv2%2Fmedia&parent=17727"}],"wp:term":[{"taxonomy":"category","embeddable":true,"href":"https:\/\/speyer24news.com\/index.php?rest_route=%2Fwp%2Fv2%2Fcategories&post=17727"},{"taxonomy":"post_tag","embeddable":true,"href":"https:\/\/speyer24news.com\/index.php?rest_route=%2Fwp%2Fv2%2Ftags&post=17727"}],"curies":[{"name":"wp","href":"https:\/\/api.w.org\/{rel}","templated":true}]}}