{"id":17734,"date":"2019-08-14T08:34:10","date_gmt":"2019-08-14T07:34:10","guid":{"rendered":"https:\/\/speyer24news.com\/?p=17734"},"modified":"2019-08-18T08:08:18","modified_gmt":"2019-08-18T07:08:18","slug":"vermisstensuche-oeffentichkeitsverhandung","status":"publish","type":"post","link":"https:\/\/speyer24news.com\/?p=17734","title":{"rendered":"Vermisstensuche \/ \u00d6ffentichkeitsverhandung:"},"content":{"rendered":"<style type=\"text\/css\">\r\n\t.ads_top_disp{}\r\n\t.ads_top_corner_disp{ float:left; margin:0px 10px 10px 0px; }\r\n\t.ads_first_p_disp{}\r\n\t.ads_bottom_disp{}\r\n\t<\/style>\n<h2 class=\"wp-block-heading\">(Heidelberg \/ Eppelheim \/ Rhein-Neckar-Kreis) &#8211; Vermisster tot aufgefunden <\/h2>\n\n\n\n<h4 class=\"wp-block-heading\">Pressemeldung 2, vgl. PM vom 13.08.2019, 16.42 Uhr<\/h4>\n\n\n\n<p>Der seit 12. August als Vermisster gesuchte Johann K. wurde am Freitag  gegen 12.30 Uhr tot in einem Waldgebiet in Heidelberg-Handschuhsheim  aufgefunden. <\/p>\n\n\n\n<p>Derzeit gibt es keine Hinweise, die auf eine  Fremdverschuldung Dritter am Tod des Mannes hindeuten. Die Ermittlungen  zur Todesursache der Beamten der Kriminalpolizeidirektion Heidelberg  dauern an. <\/p>\n\n\n\n<p><em>Polizeipr\u00e4sidium Mannheim<br>18.08.2019<\/em><\/p>\n\n\n\n<h2 class=\"wp-block-heading\">Polizei bittet um Mithilfe bei der Suche nach vermisstem Johann K.<\/h2>\n\n\n\n<p><strong>(Heidelberg \/ Eppelheim \/ Rhein-Neckar-Kreis) &#8211; <\/strong>Der 79-j\u00e4hrige Johann K. verlie\u00df am Montagmorgen um kurz vor 8 Uhr sein Zuhause in Eppelheim und kam seither nicht mehr zur\u00fcck. Herr K. wollte in den innerst\u00e4dtischen Bereich Heidelbergs gehen, wo er gegen 9 Uhr vermutlich zuletzt gesehen wurde. Der Vermisste geht bekanntlich gerne zu Fu\u00df und meidet \u00f6ffentliche Verkehrsmittel. <\/p>\n\n\n\n<p>Hinweise auf den Aufenthaltsort des Vermissten sind nicht bekannt. Die Beamten der  Kriminalpolizeidirektion Heidelberg haben die Ermittlungen aufgenommen und bereits umfangreiche Ma\u00dfnahmen getroffen, die jedoch bislang nicht zum Auffinden des 79-J\u00e4hrigen gef\u00fchrt haben. <\/p>\n\n\n\n<p><strong>Johann K. wird beschrieben als:<\/strong><\/p>\n\n\n\n<ul><li>etwa  160-165 cm gro\u00df<\/li><li>von normaler Statur mit Bauchansatz<\/li><li>Er hat wei\u00dfes, kurz geschorenes Haar und <\/li><li>ein osteurop\u00e4isches und altersentsprechendes Erscheinungsbild und <\/li><li>sei zuletzt mit einem dunkelgr\u00fcnen Pullover und einer blauen Hose bekleidet gewesen<\/li><\/ul>\n\n\n\n<p>Bei Herrn K. sind Vorerkrankungen bekannt. Zuletzt hatte er lebensverneinende \u00c4u\u00dferungen get\u00e4tigt. Nach derzeitigem Stand der Ermittlungen kann eine hilflose Lage oder Eigengef\u00e4hrdung des Vermissten nicht ausgeschlossen werden. <\/p>\n\n\n\n<p><strong>Die Polizei bittet um Mithilfe: <\/strong><\/p>\n\n\n\n<p>Personen, die Hinweise zum Aufenthaltsort von Johann K. geben k\u00f6nnen, werden gebeten, diese dem Kriminaldauerdienst Heidelberg unter der  Telefonnummer 0621\/174-4444 mitzuteilen.<\/p>\n\n\n\n<p><em>Polizeipr\u00e4sidium Mannheim<br>14.08.2019<\/em><\/p>\n","protected":false},"excerpt":{"rendered":"<div class=\"mh-excerpt\"><p>(Heidelberg \/ Eppelheim \/ Rhein-Neckar-Kreis) &#8211; Vermisster tot aufgefunden Pressemeldung 2, vgl. PM vom 13.08.2019, 16.42 Uhr Der seit 12. August als Vermisster gesuchte Johann K. wurde am Freitag gegen 12.30 Uhr tot in einem <a class=\"mh-excerpt-more\" href=\"https:\/\/speyer24news.com\/?p=17734\" title=\"Vermisstensuche \/ \u00d6ffentichkeitsverhandung:\">[&#8230;]<\/a><\/p>\n<\/div>","protected":false},"author":3,"featured_media":0,"comment_status":"open","ping_status":"open","sticky":false,"template":"","format":"standard","meta":{"_monsterinsights_skip_tracking":false,"_monsterinsights_sitenote_active":false,"_monsterinsights_sitenote_note":"","_monsterinsights_sitenote_category":0,"footnotes":""},"categories":[12],"tags":[2703,57,2388,103,62,1117,618],"aioseo_notices":[],"amp_enabled":true,"_links":{"self":[{"href":"https:\/\/speyer24news.com\/index.php?rest_route=\/wp\/v2\/posts\/17734"}],"collection":[{"href":"https:\/\/speyer24news.com\/index.php?rest_route=\/wp\/v2\/posts"}],"about":[{"href":"https:\/\/speyer24news.com\/index.php?rest_route=\/wp\/v2\/types\/post"}],"author":[{"embeddable":true,"href":"https:\/\/speyer24news.com\/index.php?rest_route=\/wp\/v2\/users\/3"}],"replies":[{"embeddable":true,"href":"https:\/\/speyer24news.com\/index.php?rest_route=%2Fwp%2Fv2%2Fcomments&post=17734"}],"version-history":[{"count":2,"href":"https:\/\/speyer24news.com\/index.php?rest_route=\/wp\/v2\/posts\/17734\/revisions"}],"predecessor-version":[{"id":17990,"href":"https:\/\/speyer24news.com\/index.php?rest_route=\/wp\/v2\/posts\/17734\/revisions\/17990"}],"wp:attachment":[{"href":"https:\/\/speyer24news.com\/index.php?rest_route=%2Fwp%2Fv2%2Fmedia&parent=17734"}],"wp:term":[{"taxonomy":"category","embeddable":true,"href":"https:\/\/speyer24news.com\/index.php?rest_route=%2Fwp%2Fv2%2Fcategories&post=17734"},{"taxonomy":"post_tag","embeddable":true,"href":"https:\/\/speyer24news.com\/index.php?rest_route=%2Fwp%2Fv2%2Ftags&post=17734"}],"curies":[{"name":"wp","href":"https:\/\/api.w.org\/{rel}","templated":true}]}}