{"id":17777,"date":"2019-08-14T11:49:56","date_gmt":"2019-08-14T10:49:56","guid":{"rendered":"https:\/\/speyer24news.com\/?p=17777"},"modified":"2019-08-14T11:50:32","modified_gmt":"2019-08-14T10:50:32","slug":"1-fc-08-hassloch-hassloch","status":"publish","type":"post","link":"https:\/\/speyer24news.com\/?p=17777","title":{"rendered":"1. FC 08 Ha\u00dfloch:"},"content":{"rendered":"<style type=\"text\/css\">\r\n\t.ads_top_disp{}\r\n\t.ads_top_corner_disp{ float:left; margin:0px 10px 10px 0px; }\r\n\t.ads_first_p_disp{}\r\n\t.ads_bottom_disp{}\r\n\t<\/style>\n<h2 class=\"wp-block-heading\"><strong>1.FC 08 Ha\u00dfloch w\u00e4hlt neuen Jugendleiter<\/strong><\/h2>\n\n\n\n<h3 class=\"wp-block-heading\"><strong>Torsten Quell f\u00fchrt 08-Fu\u00dfballjugend<\/strong><\/h3>\n\n\n\n<p><strong>Ha\u00dfloch &#8211; <\/strong>Der  Jugendausschuss des 1. FC 08 Ha\u00dfloch hat einstimmig Torsten Quell zum  neuen Jugendleiter gew\u00e4hlt. Der bisherige Amtsinhaber Javier Alonso ist  nun sein Stellvertreter. F\u00fcr die Jugendkasse ist Uwe Rudingsdorfer  zust\u00e4ndig und f\u00fcr das Passwesen<\/p>\n\n\n\n<p>Daniela Alonso. Die Fu\u00dfballjugendabteilung der 08er betreut derzeit 250 Kinder und Jugendliche.<\/p>\n\n\n\n<p><em>1. FC 08 Ha\u00dfloch, jh<br>14.08.2019<\/em><\/p>\n\n\n\n<h2 class=\"wp-block-heading\"><strong>1.FC 08 Ha\u00dfloch gegen Ludwigshafener SC 3:0<\/strong><\/h2>\n\n\n\n<h3 class=\"wp-block-heading\"><strong>\u00dcberlegener Sieg der 08er<\/strong><\/h3>\n\n\n\n<div class=\"wp-block-image\"><figure class=\"aligncenter\"><img decoding=\"async\" loading=\"lazy\" width=\"800\" height=\"533\" src=\"https:\/\/speyer24news.com\/wp-content\/uploads\/2019\/08\/783CA63D-7C51-4C93-A7F7-A050AEF3FC23-002.jpg\" alt=\"\" class=\"wp-image-17778\" srcset=\"https:\/\/speyer24news.com\/wp-content\/uploads\/2019\/08\/783CA63D-7C51-4C93-A7F7-A050AEF3FC23-002.jpg 800w, https:\/\/speyer24news.com\/wp-content\/uploads\/2019\/08\/783CA63D-7C51-4C93-A7F7-A050AEF3FC23-002-300x200.jpg 300w, https:\/\/speyer24news.com\/wp-content\/uploads\/2019\/08\/783CA63D-7C51-4C93-A7F7-A050AEF3FC23-002-768x512.jpg 768w\" sizes=\"(max-width: 800px) 100vw, 800px\" \/><\/figure><\/div>\n\n\n\n<p><strong>Ha\u00dfloch &#8211;<\/strong> Im ersten Heimspiel der Bezirksligarunde 2019\/20 war der 1. FC 08 Ha\u00dfloch  von Anfang an die \u00fcberlegene Mannschaft. Bereits in der 5. Spielminute  erzielte Ryan Patrick Allen mit einem direkten Freisto\u00df die 1:0-F\u00fchrung.  In der 18. Spielminute scheiterte der junge Ibrahim Mastrorocco am  Torh\u00fcter der Ludwigshafener, der auch den Nachschuss parierte. Die 08er  hatten jetzt einige gute Chancen, auf 2: 0 zu erh\u00f6hen. Im Abschluss aber  war die Mannschaft von Trainer Andreas Brill noch nicht treffsicher.  Einen sch\u00f6nen Spielzug \u00fcber Patrick Coenen und Ibrahim Mastrorocco  setzte Kaan Temizkan neben den Pfosten. In der 43. Minute war es dann  soweit. Patrick Coenen legte quer auf Ibrahim Mastrorocco, der zum 2:0  einschoss.<\/p>\n\n\n\n<p>Nach der Halbzeitpause das gleiche  Bild. Ha\u00dfloch im Vorw\u00e4rtsgang, die G\u00e4ste um Schadensbegrenzung bem\u00fcht.  Patrick Coenen setzte nach einem Alleingang den Ball an den Pfosten. Der  gleiche Spieler wurde in der 65. Minute dann im Strafraum klar gefoult  und Jannis Faust verwandelte den Elfmeter wieder sicher zum 3:0.&nbsp; Die  restliche Spielzeit in der fairen Partie verlief ohne besondere  Vorkommnisse. Mit diesem Sieg geh\u00f6ren die Ha\u00dflocher zu den vier  Mannschaften, die mit 6 Punkten aus zwei Spielen die Tabelle der  Bezirksliga anf\u00fchren. Am kommenden Sonntag, 18. August, um 15 Uhr,  spielen die 08er beim noch punktlosen FC Lustadt.<\/p>\n\n\n\n<p><em>Text: 1. FC 08 Ha\u00dfloch, hp\/jh Foto: Maurice Zamora<br>14.08.2019<\/em><\/p>\n","protected":false},"excerpt":{"rendered":"<div class=\"mh-excerpt\"><p>1.FC 08 Ha\u00dfloch w\u00e4hlt neuen Jugendleiter Torsten Quell f\u00fchrt 08-Fu\u00dfballjugend Ha\u00dfloch &#8211; Der Jugendausschuss des 1. FC 08 Ha\u00dfloch hat einstimmig Torsten Quell zum neuen Jugendleiter gew\u00e4hlt. Der bisherige Amtsinhaber Javier Alonso ist nun sein <a class=\"mh-excerpt-more\" href=\"https:\/\/speyer24news.com\/?p=17777\" title=\"1. FC 08 Ha\u00dfloch:\">[&#8230;]<\/a><\/p>\n<\/div>","protected":false},"author":3,"featured_media":17319,"comment_status":"open","ping_status":"open","sticky":false,"template":"","format":"standard","meta":{"_monsterinsights_skip_tracking":false,"_monsterinsights_sitenote_active":false,"_monsterinsights_sitenote_note":"","_monsterinsights_sitenote_category":0,"footnotes":""},"categories":[317],"tags":[318,826,180,193],"aioseo_notices":[],"amp_enabled":true,"_links":{"self":[{"href":"https:\/\/speyer24news.com\/index.php?rest_route=\/wp\/v2\/posts\/17777"}],"collection":[{"href":"https:\/\/speyer24news.com\/index.php?rest_route=\/wp\/v2\/posts"}],"about":[{"href":"https:\/\/speyer24news.com\/index.php?rest_route=\/wp\/v2\/types\/post"}],"author":[{"embeddable":true,"href":"https:\/\/speyer24news.com\/index.php?rest_route=\/wp\/v2\/users\/3"}],"replies":[{"embeddable":true,"href":"https:\/\/speyer24news.com\/index.php?rest_route=%2Fwp%2Fv2%2Fcomments&post=17777"}],"version-history":[{"count":2,"href":"https:\/\/speyer24news.com\/index.php?rest_route=\/wp\/v2\/posts\/17777\/revisions"}],"predecessor-version":[{"id":17780,"href":"https:\/\/speyer24news.com\/index.php?rest_route=\/wp\/v2\/posts\/17777\/revisions\/17780"}],"wp:featuredmedia":[{"embeddable":true,"href":"https:\/\/speyer24news.com\/index.php?rest_route=\/wp\/v2\/media\/17319"}],"wp:attachment":[{"href":"https:\/\/speyer24news.com\/index.php?rest_route=%2Fwp%2Fv2%2Fmedia&parent=17777"}],"wp:term":[{"taxonomy":"category","embeddable":true,"href":"https:\/\/speyer24news.com\/index.php?rest_route=%2Fwp%2Fv2%2Fcategories&post=17777"},{"taxonomy":"post_tag","embeddable":true,"href":"https:\/\/speyer24news.com\/index.php?rest_route=%2Fwp%2Fv2%2Ftags&post=17777"}],"curies":[{"name":"wp","href":"https:\/\/api.w.org\/{rel}","templated":true}]}}