{"id":17781,"date":"2019-08-14T12:04:42","date_gmt":"2019-08-14T11:04:42","guid":{"rendered":"https:\/\/speyer24news.com\/?p=17781"},"modified":"2019-08-14T12:04:43","modified_gmt":"2019-08-14T11:04:43","slug":"germersheim-und-landkreis-ger-4","status":"publish","type":"post","link":"https:\/\/speyer24news.com\/?p=17781","title":{"rendered":"Germersheim und Landkreis GER:"},"content":{"rendered":"<style type=\"text\/css\">\r\n\t.ads_top_disp{}\r\n\t.ads_top_corner_disp{ float:left; margin:0px 10px 10px 0px; }\r\n\t.ads_first_p_disp{}\r\n\t.ads_bottom_disp{}\r\n\t<\/style>\n<h2 class=\"wp-block-heading\"><strong>Vor\u00fcbergehendes\nBadeverbot im Mechtersheimer See aufgehoben<\/strong><\/h2>\n\n\n\n<p><strong>Mechtersheim &#8211; <\/strong>Das Badeverbot am Mechtersheimer See wurde aufgehoben. Darauf weist die Kreisverwaltung hin. Neue Messungen haben ergeben, dass die Grenzwert\u00fcberschreitung an Enterokokken nicht mehr besteht und somit das Baden wieder gestattet ist. Die Messungen wurden vom Gesundheitsamt des Rhein-Pfalz-Kreises vorgenommen.<\/p>\n\n\n\n<p>Die unteren Wasserbeh\u00f6rden des Rhein-Pfalz-Kreises und des Landkreises Germersheim haben die anliegenden Gemeinden dar\u00fcber informiert, dass die entsprechenden Warnschilder wieder entfernt werden k\u00f6nnen.<\/p>\n\n\n\n<p><em>Kreisverwaltung Germersheim<br>14.08.2019<\/em><\/p>\n\n\n\n<h2 class=\"wp-block-heading\"><strong>Wahl des Beirats f\u00fcr Migration und\nIntegration im Landkreis Germersheim<\/strong><\/h2>\n\n\n\n<h3 class=\"wp-block-heading\"><strong>Wer kann sich w\u00e4hlen lassen? \u2013 Wer darf w\u00e4hlen?<\/strong><\/h3>\n\n\n\n<p><strong>Landkreis Germersheim &#8211; <\/strong>Die Wahl des Beirats f\u00fcr Migration und Integration des Landkreises Germersheim findet am <strong>Sonntag, 27. Oktober 2019<\/strong>, statt. Der Beirat im Landkreis Germersheim wird aus zehn gew\u00e4hlten Personen bestehen und f\u00fcr f\u00fcnf Jahre gew\u00e4hlt. Gem. \u00a7 49 a LKO ist in Landkreisen, in denen mehr als 5.000 ausl\u00e4ndische Einwohner ihre Hauptwohnung haben, ein Beirat f\u00fcr Migration und Integration einzurichten. Die ma\u00dfgebliche Zahl der ausl\u00e4ndischen Einwohner mit Hauptwohnsitz betrug im Landkreis Germersheim zum Stichtag 30. Juni 2018 16.544. \u201eSehen Sie die Wahl nicht als l\u00e4stige Pflicht, sondern als Chance und als ein Baustein unseres demokratischen Miteinanders an. Stellen Sie sich der Wahl, gehen Sie w\u00e4hlen!\u201c, appelliert der Erste Kreisbeigeordnete, Christoph Buttweiler.<\/p>\n\n\n\n<p>Alle\nB\u00fcrgerinnen und B\u00fcrger ab 16 Jahren, die seit mindestens drei Monaten mit\nerstem Wohnsitz im Landkreis Germersheim gemeldet sind, ungeachtet der\nStaatsangeh\u00f6rigkeit, k\u00f6nnen sich w\u00e4hlen lassen. Die Anmeldefrist f\u00fcr Kandidatinnen und Kandidaten endet am Montag, 9. September 2019.<\/p>\n\n\n\n<p>Wahlberechtigt sind alle gemeldeten ausl\u00e4ndischen Mitb\u00fcrgerinnen und Mitb\u00fcrger im Landkreis Germersheim ab 16 Jahren. Diese sind bereits in die W\u00e4hlerverzeichnisse aufgenommen. Auf Antrag k\u00f6nnen auch alle deutschen B\u00fcrgerinnen und B\u00fcrger mit Migrationshintergrund im Landkreis Germersheim ab 16 Jahren w\u00e4hlen. Deren <strong>Antragsfrist<\/strong>, um ins W\u00e4hlerverzeichnis eingetragen zu werden, ist <strong><em>Sonntag, 6. Oktober<\/em><\/strong>.<\/p>\n\n\n\n<p>Ebenfalls auf Antrag w\u00e4hlen d\u00fcrfen von der Meldepflicht befreite wahlberechtigte Staatsangeh\u00f6rige anderer Mitgliedsstaaten der Europ\u00e4ischen Union ab 16 Jahren. In diesen F\u00e4llen endet die <strong>Antragsfrist <\/strong>f\u00fcr die Eintragung ins W\u00e4hlerverzeichnis am <strong><em>Freitag, 20.\u00a0September<\/em><\/strong>.<\/p>\n\n\n\n<p>F\u00fcr\nalle gilt, dass sie seit mindestens drei Monaten mit erstem Wohnsitz im\nLandkreis Germersheim gemeldet sein m\u00fcssen.<\/p>\n\n\n\n<p>Alle notwendigen Formulare gibt es in den Gemeinde- und Stadtverwaltungen und ab dem 19. August 2019 als Download auf der Homepage des Landkreises Germersheim unter <a href=\"http:\/\/www.kreis-germersheim.de\/wahl-bmi\">www.kreis-germersheim.de\/wahl-bmi<\/a>.<\/p>\n\n\n\n<p><em>Kreisverwaltung Germersheim<br>14.08.2019<\/em><\/p>\n\n\n\n<h2 class=\"wp-block-heading\"><strong>Veranstaltungen der Kreisvolkshochschule Germersheim<\/strong><\/h2>\n\n\n\n<figure class=\"wp-block-image\"><img decoding=\"async\" src=\"https:\/\/speyer24news.com\/wp-content\/uploads\/2019\/08\/KVHS-GER-Logo.png\" alt=\"\" class=\"wp-image-17439\"\/><\/figure>\n\n\n\n<p>Es wird darauf hingewiesen, dass zu\nallen nachstehend aufgef\u00fchrten Kursen und Vortr\u00e4gen eine<strong> Anmeldung unbedingt erforderlich <\/strong>ist. Kontaktadressen sind\nam Ende des Textes zu finden.<\/p>\n\n\n\n<h3 class=\"wp-block-heading\"><strong>2019kv338<\/strong><strong><\/strong><\/h3>\n\n\n\n<p><strong>\u201eItalienisch\nf\u00fcr die Reise\u201c &#8211; <\/strong>Kurs\nmit<strong> Dr.\nCarola Jansen-J\u00f6hnk:<\/strong> Germersheim,\nRitter-von-Schmau\u00df-Str.\/Ecke Paradeplatz,\nSeiteneingang der Berufsbildende Schule, EG,\nSaal E 07. Beginn: Freitag, 23.08.2019, 14:30\n&#8211; 16:00 Uhr. Dauer: 13 Termine,\nKosten: 65,00 Euro\/Person.<\/p>\n\n\n\n<h3 class=\"wp-block-heading\"><strong>2019kv335<\/strong><strong><\/strong><\/h3>\n\n\n\n<p><strong>\u201eEnglisch\n&#8211; f\u00fcr die Reise\u201c &#8211; <\/strong>Kurs\nmit<strong> Dr.\nCarola Jansen-J\u00f6hnk:<\/strong> Germersheim,\nRitter-von-Schmau\u00df-Str.\/Ecke Paradeplatz,\nSeminarraum 1 in der KVHS Gesch\u00e4ftsstelle.\nBeginn: Freitag, 23.08.2019, 16:15 &#8211; 17:45 Uhr. Dauer: 13 Termine, Kosten: 65,00 Euro\/Person.<\/p>\n\n\n\n<h3 class=\"wp-block-heading\"><strong>2019kv245<\/strong><strong><\/strong><\/h3>\n\n\n\n<p><strong>\u201eDeutsch\nC1&nbsp; &#8211; f\u00fcr die Hochschule &#8211; intensiv\u201c\n&#8211; <\/strong>Kurs mit<strong> Mike R\u00f6tzel:<\/strong>\nGermersheim, Ritter-von-Schmau\u00df-Str.\/Ecke Paradeplatz, Seiteneingang der Berufsbildende Schule, EG, Saal E 06. Beginn: Freitag, 23.08.2019,\n16:30 &#8211; 19:30\nUhr. Dauer: 13 Termine, Kosten: 104,00\nEuro\/Person.<\/p>\n\n\n\n<h3 class=\"wp-block-heading\"><strong>2019kv334<\/strong><strong><\/strong><\/h3>\n\n\n\n<p><strong>\u201eEnglish\nBusiness Communication A2\u201c &#8211; <\/strong>Kurs\nmit<strong> Dr.\nCarola Jansen-J\u00f6hnk:<\/strong> Germersheim,\nRitter-von-Schmau\u00df-Str.\/Ecke Paradeplatz,\nSeminarraum 1 in der KVHS Gesch\u00e4ftsstelle.\nBeginn: Freitag, 23.08.2019, 18:00 &#8211; 19:30 Uhr. Dauer: 13 Termine, Kosten: 65,00 Euro\/Person.<\/p>\n\n\n\n<h3 class=\"wp-block-heading\"><strong>2019kv246<\/strong><strong><\/strong><\/h3>\n\n\n\n<p><strong>\u201eEnglisch\nA1 Teil 1\u201c &#8211; <\/strong>Kurs\nmit<strong> Mike\nR\u00f6tzel:<\/strong> Germersheim, Ritter-von-Schmau\u00df-Str.\/Ecke Paradeplatz, Seiteneingang der Berufsbildende Schule, EG, Saal E 06.\nBeginn: Freitag, 23.08.2019, 19:30 &#8211; 21:00 Uhr. Dauer: 13 Termine, Kosten: 65,00 Euro\/Person.<\/p>\n\n\n\n<h3 class=\"wp-block-heading\"><strong>2019kv307<\/strong><strong><\/strong><\/h3>\n\n\n\n<p><strong>\u201eIm\nAu\u00dfenbereich Bewegung aktiv &#8211; f\u00fcr Senioren\u201c &#8211; <\/strong>Kurs mit<strong> Dorothea Manusch:<\/strong> Germersheim, Treffpunkt\nRitter-von-Schmau\u00df-Str.\/Ecke Paradeplatz, . Beginn: Samstag, 24.08.2019,\n10:00 &#8211; 12:00\nUhr. Dauer: 3 Termine, Kosten: 19,00\nEuro\/Person.<\/p>\n\n\n\n<h3 class=\"wp-block-heading\"><strong>2019kv260<\/strong><strong><\/strong><\/h3>\n\n\n\n<p><strong>\u201eDeutsch\nA1 Teil 1\u201c &#8211; <\/strong>Kurs\nmit<strong> Katharina\nWellmann:<\/strong> Germersheim, Ritter-von-Schmau\u00df-Str.\/Ecke Paradeplatz, EDV-Raum in der KVHS Gesch\u00e4ftsstelle. Beginn: Montag, 26.08.2019,\n09:00 &#8211; 12:00\nUhr. Dauer: 20 Termine, Kosten: 120,00\nEuro\/Person.<\/p>\n\n\n\n<h3 class=\"wp-block-heading\"><strong>2019kv314<\/strong><strong><\/strong><\/h3>\n\n\n\n<p><strong>\u201eSpanisch\nA1 Teil 1\u201c &#8211; <\/strong>Kurs\nmit<strong> Norman\nGomez-Hern\u00e1ndez:<\/strong> Germersheim, Ritter-von-Schmau\u00df-Str.\/Ecke Paradeplatz, Seiteneingang der Berufsbildende Schule, 1. OG, Saal\n101. Beginn: Dienstag, 27.08.2019, 17:00\n&#8211; 18:30 Uhr. Dauer: 12 Termine,\nKosten: 60,00 Euro\/Person.<\/p>\n\n\n\n<h3 class=\"wp-block-heading\"><strong>2019kv224<\/strong><strong><\/strong><\/h3>\n\n\n\n<p><strong>\u201eFrau\nund ihre Altersvorsorge &#8211; Vortrag A\u201c &#8211; <\/strong>Kurs mit<strong> Andrea Kalt:<\/strong> Germersheim, Ritter-von-Schmau\u00df-Str.\/Ecke\nParadeplatz, Seminarraum 1 in der KVHS\nGesch\u00e4ftsstelle. Beginn: Mittwoch,\n28.08.2019, 19:00 &#8211; 21:15 Uhr. Dauer: 1 Termin, Kosten: 10,00 Euro\/Person.<\/p>\n\n\n\n<h3 class=\"wp-block-heading\"><strong>2019kv301<\/strong><strong><\/strong><\/h3>\n\n\n\n<p><strong>\u201eFit\nmit K\u00f6pfchen f\u00fcr jeden Tag\u201c &#8211; <\/strong>Kurs\nmit<strong> Ulrike-Ebba\nGr\u00e4fin von Sparr:<\/strong> Germersheim,\nRitter-von-Schmau\u00df-Str.\/Ecke Paradeplatz,\nSeiteneingang der Berufsbildende Schule, EG,\nSaal E 01. Beginn: Freitag, 30.08.2019, 18:15\n&#8211; 21:15 Uhr. Dauer: 2 Termine,\nKosten: 30,00 Euro\/Person.<\/p>\n\n\n\n<h3 class=\"wp-block-heading\"><strong>2019kv319<\/strong><strong><\/strong><\/h3>\n\n\n\n<p><strong>\u201eSpanisch B2 Teil 1\u201c &#8211; <\/strong>Kurs mit<strong> Ra\u00fal Mi\u00f1arro Garrido:<\/strong> Germersheim, August-Keiler-Str.\n34, Goethe-Gymnasium, Ostbau, EG, Saal\n083. Beginn: Freitag, 30.08.2019, 18:30\n&#8211; 20:00 Uhr. Dauer: 13 Termine,\nKosten: 65,00 Euro\/Person.<\/p>\n\n\n\n<p>Eine <strong>Anmeldung<\/strong> ist zu allen Veranstaltungen der Kreisvolkshochschule zwingend <strong>erforderlich. <\/strong>Pers\u00f6nlich\u00a0bei der Gesch\u00e4ftsstelle der KVHS in Germersheim, Ritter-von-Schmau\u00df-Str.\/Ecke Paradeplatz, telefonisch 07274-53334 oder -53382, per E-Mail: <a href=\"mailto:vhs@kreis-germersheim.de\">vhs@kreis-germersheim.de<\/a> oder online \u00fcber ein Buchungsformular auf der Homepage unter <a href=\"http:\/\/www.kreis-germersheim.de\/kv_germersheim\">www.kreis-germersheim.de\/kv_germersheim<\/a>.<\/p>\n\n\n\n<p><strong>Bitte beachten Sie unsere\n\u00d6ffnungszeiten:<\/strong><\/p>\n\n\n\n<p>Montag bis Freitag: 08:30 bis 12:00 Uhr, Dienstag: 13:30 bis 16:00 Uhr, Donnerstag: 13:30 bis 18:00 Uhr,  Annahmeschluss: jeweils\u00a015 Minuten vor Ende der \u00d6ffnungszeit<\/p>\n\n\n\n<p><em>Kreisverwaltung Germersheim<br>14.08.2019<\/em><\/p>\n","protected":false},"excerpt":{"rendered":"<div class=\"mh-excerpt\"><p>Vor\u00fcbergehendes Badeverbot im Mechtersheimer See aufgehoben Mechtersheim &#8211; Das Badeverbot am Mechtersheimer See wurde aufgehoben. Darauf weist die Kreisverwaltung hin. Neue Messungen haben ergeben, dass die Grenzwert\u00fcberschreitung an Enterokokken nicht mehr besteht und somit das <a class=\"mh-excerpt-more\" href=\"https:\/\/speyer24news.com\/?p=17781\" title=\"Germersheim und Landkreis GER:\">[&#8230;]<\/a><\/p>\n<\/div>","protected":false},"author":3,"featured_media":0,"comment_status":"open","ping_status":"open","sticky":false,"template":"","format":"standard","meta":{"_monsterinsights_skip_tracking":false,"_monsterinsights_sitenote_active":false,"_monsterinsights_sitenote_note":"","_monsterinsights_sitenote_category":0,"footnotes":""},"categories":[449],"tags":[1663,2189,210,1664,1665,2602],"aioseo_notices":[],"amp_enabled":true,"_links":{"self":[{"href":"https:\/\/speyer24news.com\/index.php?rest_route=\/wp\/v2\/posts\/17781"}],"collection":[{"href":"https:\/\/speyer24news.com\/index.php?rest_route=\/wp\/v2\/posts"}],"about":[{"href":"https:\/\/speyer24news.com\/index.php?rest_route=\/wp\/v2\/types\/post"}],"author":[{"embeddable":true,"href":"https:\/\/speyer24news.com\/index.php?rest_route=\/wp\/v2\/users\/3"}],"replies":[{"embeddable":true,"href":"https:\/\/speyer24news.com\/index.php?rest_route=%2Fwp%2Fv2%2Fcomments&post=17781"}],"version-history":[{"count":1,"href":"https:\/\/speyer24news.com\/index.php?rest_route=\/wp\/v2\/posts\/17781\/revisions"}],"predecessor-version":[{"id":17782,"href":"https:\/\/speyer24news.com\/index.php?rest_route=\/wp\/v2\/posts\/17781\/revisions\/17782"}],"wp:attachment":[{"href":"https:\/\/speyer24news.com\/index.php?rest_route=%2Fwp%2Fv2%2Fmedia&parent=17781"}],"wp:term":[{"taxonomy":"category","embeddable":true,"href":"https:\/\/speyer24news.com\/index.php?rest_route=%2Fwp%2Fv2%2Fcategories&post=17781"},{"taxonomy":"post_tag","embeddable":true,"href":"https:\/\/speyer24news.com\/index.php?rest_route=%2Fwp%2Fv2%2Ftags&post=17781"}],"curies":[{"name":"wp","href":"https:\/\/api.w.org\/{rel}","templated":true}]}}