{"id":17799,"date":"2019-08-14T16:05:06","date_gmt":"2019-08-14T15:05:06","guid":{"rendered":"https:\/\/speyer24news.com\/?p=17799"},"modified":"2019-08-16T07:28:34","modified_gmt":"2019-08-16T06:28:34","slug":"schifferstadt-17","status":"publish","type":"post","link":"https:\/\/speyer24news.com\/?p=17799","title":{"rendered":"Schifferstadt:"},"content":{"rendered":"<style type=\"text\/css\">\r\n\t.ads_top_disp{}\r\n\t.ads_top_corner_disp{ float:left; margin:0px 10px 10px 0px; }\r\n\t.ads_first_p_disp{}\r\n\t.ads_bottom_disp{}\r\n\t<\/style>\n<h1 class=\"wp-block-heading\" style=\"text-align:center\">Volkshochschulkurse \/ VHS:<\/h1>\n\n\n\n<div class=\"wp-block-image\"><figure class=\"aligncenter\"><img decoding=\"async\" src=\"https:\/\/speyer24news.com\/wp-content\/uploads\/2019\/07\/VHS-2.png\" alt=\"\" class=\"wp-image-17116\"\/><\/figure><\/div>\n\n\n\n<h2 class=\"wp-block-heading\"><strong>T&#8217;ai Chi Ch&#8217;uan f\u00fcr Interessierte mit\nGrundkenntnissen <\/strong><strong><\/strong><\/h2>\n\n\n\n<p>Am <strong>Samstag, 17. August<\/strong> beginnt um 10:15 Uhr der Kurs \u201eT&#8217;ai Chi Ch&#8217;uan\u201c (Taijiquan) f\u00fcr Interessierte mit Grundkenntnissen im Gymnastikraum des Schifferstadter vhs-Bildungszentrums, Neust\u00fcckweg 2. <\/p>\n\n\n\n<p>T&#8217;ai Chi Ch&#8217;uan ist eine\nBewegungs-Kunst aus dem alten China, in welcher der Geist den K\u00f6rper f\u00fchrt. In\nden letzten Jahrzehnten wurde T&#8217;ai Chi auch in der westlichen Welt zunehmend\nbeliebter. Es fasziniert durch die einzigartige Bewegungsweise mit\nGewichtsverlagerungen, die sich positiv auf K\u00f6rper, Geist und Seele auswirkt.\nDie sanften und ruhig flie\u00dfenden Bewegungen aktivieren und st\u00e4rken die\nLebensenergie und verbessern die k\u00f6rperlichen Leistungsf\u00e4higkeiten wie\nMuskelkraft, Beweglichkeit und Atmung. In Verbindung damit steht der meditative\nAspekt: Durch die Konzentration auf die Bewegung, die k\u00f6rperliche und geistige\nHaltung und den langsamen Atemfluss entspannen wir sowohl physisch als auch\nmental. Durch das \u00dcben des \u201eLoslassens\u201c wird ein Handeln erm\u00f6glicht, \u201ebei dem\nwir den Dingen gerecht werden, aber trotzdem frei von ihnen bleiben\u201c (Petra\nKobayashi).<\/p>\n\n\n\n<p>T&#8217;ai Chi eignet sich f\u00fcr Menschen\njeden Alters. Unterrichtet wird die Kurzform des Yang-Stils nach Cheng Man\nChing (Zheng Manqing). N\u00e4here Informationen \u00fcber den Dozenten finden Sie unter\nwww.tai-chi-spi.de. F\u00fcr diesen Kurs m\u00fcssen Grundkenntnisse bereits vorhanden\nsein.<\/p>\n\n\n\n<p>Die Kursdauer betr\u00e4gt sechs Vormittage. Informationen und Anmeldung erhalten Interessierte bei der Stadtverwaltung Schifferstadt unter den Telefonnummern 06235 44-302 oder 44-305.<\/p>\n\n\n\n<h2 class=\"wp-block-heading\"><strong>Einf\u00fchrung in die Fotografie <\/strong><strong><\/strong><\/h2>\n\n\n\n<p>Am <strong>Donnerstag, 22. August 2019<\/strong>, beginnt um 19 Uhr der Kurs \u201eEinf\u00fchrung in die Fotografie\u201c im Schifferstadter vhs-Bildungszentrum, Neust\u00fcckweg 2. <\/p>\n\n\n\n<p>In diesem Kurs lernen Sie die\ntechnischen Grundlagen des Fotografierens kennen. Themen sind beispielsweise\nKameratechnik, Objektive und ihre Anwendung, richtige Belichtung, Licht-,\nFilter sowie Blitztechnik. Willkommen sind alle, die eine Bridge-, System oder\ndigitale Spiegelreflexkamera besitzen oder sich eine solche zulegen m\u00f6chten. <\/p>\n\n\n\n<p>Der Dozent bietet au\u00dferhalb des\nKurses auch Gelegenheit, das Erlernte bei einer Exkursion praktisch anzuwenden.\nDie Kosten daf\u00fcr sind in der Geb\u00fchr nicht enthalten. Der Kurs erstreckt sich\n\u00fcber f\u00fcnf Abende.<\/p>\n\n\n\n<p>Informationen und Anmeldung\nerhalten Interessierte bei der Stadtverwaltung Schifferstadt unter den\nTelefonnummern 06235 44-302 oder 44-305.<\/p>\n\n\n\n<p><em>Stadtverwaltung Schifferstadt \/ Volkshochschule (VHS)<br>14.08.2019<\/em><\/p>\n\n\n\n<h2 class=\"wp-block-heading\"><strong>STADTADELN: Vom Infostand auf den\nDrahtesel<\/strong><strong> <\/strong><strong><\/strong><\/h2>\n\n\n\n<h3 class=\"wp-block-heading\"><strong>Stadtverwaltung informiert auf dem Wochenmarkt und organisiert Radtour<\/strong><\/h3>\n\n\n\n<figure class=\"wp-block-image\"><img decoding=\"async\" src=\"https:\/\/speyer24news.com\/wp-content\/uploads\/2019\/07\/Stadtradeln-Logo-1.png\" alt=\"\" class=\"wp-image-17277\"\/><\/figure>\n\n\n\n<p>Am Freitag, 16. August informieren Klimaschutzmanagerin Nicole D\u00f6rr und B\u00fcrgermeisterin Ilona Volk an einem Stand auf dem Schifferstadter Wochenmarkt auf dem Schillerplatz \u00fcber das Projekt STADTRADELN. Von 10 bis 12 Uhr sind D\u00f6rr und Volk vor Ort und stehen allen Interessierten Rede und Antwort. <strong><em>Vom 24. August bis zum 13. September 2019 <\/em><\/strong>nehmen Schifferstadt und der gesamte Rhein-Pfalz-Kreis erstmalig an der Klima-B\u00fcndnis-Kampagne, bei der mit dem Fahrrad Kilometer f\u00fcr den Klimaschutz gesammelt werden, teil. <\/p>\n\n\n\n<p>Nach der Theorie kommt die\nPraxis: Am Samstag, 24. August von 14 bis 16 Uhr laden Volk und D\u00f6rr zur\nRadtour rund um Schifferstadt ein. Startschuss f\u00fcr die etwa 21 km lange Fahrt\nist um 14 Uhr am Alten Rathaus, Marktplatz 1. <\/p>\n\n\n\n<p><strong>(Schiffer)STADTRADELN<\/strong><\/p>\n\n\n\n<p>Nach der Radtour ist vor der\nRadtour \u2013 bis zum 13. September k\u00f6nnen alle B\u00fcrgerinnen und B\u00fcrger mit dem\nFahrrad Kilometer f\u00fcr den Klimaschutz sammeln und Schifferstadt so vielleicht\nzur fahrradaktivsten Newcomer-Kommune machen. Die Bestplatzierten gewinnen\ntolle Preise \u2013 und tragen ganz nebenbei zu einer lebenswerteren Umwelt bei.<\/p>\n\n\n\n<p>Und so geht\u00b4s: \u00dcber die Website\nhttps:\/\/www.stadtradeln.de\/schifferstadt k\u00f6nnen Sie sich und ggf. ihr\nSTADTRADELN-Team anmelden. Fehlt nur noch die STADTRADELN-App, mit der Sie Ihre\nKilometer tracken k\u00f6nnen. Die gibt\u00b4s f\u00fcr iOS und Android. Damit auch was\nzusammenkommt, organisiert die Stadtverwaltung mehrere Radtouren. Neben dem\nSammeln von klimafreundlichen Kilometern haben Radler au\u00dferdem die M\u00f6glichkeit\ndie Stadtverwaltung \u00fcber die Meldeplattform RADar! auf st\u00f6rende und gef\u00e4hrliche\nStellen im Radwegeverlauf aufmerksam zu machen. Auch die k\u00f6nnen ganz einfach\n\u00fcber die App gemeldet werden.&nbsp; <\/p>\n\n\n\n<p>Mehr Informationen gibt\u00b4s unter <a href=\"http:\/\/www.stadtradeln.de\">www.stadtradeln.de<\/a>, <a href=\"http:\/\/facebook.com\/stadtradeln\">facebook.com\/stadtradeln<\/a> oder <a href=\"http:\/\/twitter.com\/stadtradeln\">twitter.com\/stadtradeln<\/a>.<\/p>\n\n\n\n<p><em>Stadtverwaltung Schifferstadt<br>14.08.2019<\/em><\/p>\n\n\n\n<h2 class=\"wp-block-heading\"><strong>Termin\u00e4nderung: Sprechstunde Radfahrer- und Fu\u00dfg\u00e4ngerbeauftragter<\/strong><\/h2>\n\n\n\n<p>Aus privaten Gr\u00fcnden verschiebt sich die Sprechstunde des Schifferstadter Radfahrer- und Fu\u00dfg\u00e4ngerbeauftragten Markus Dietz <strong>von Donnerstag, 15. August<\/strong> <strong>auf Donnerstag, 22. August<\/strong>. Gerne k\u00f6nnen Sie dann zwischen 17 und 18 Uhr in Zimmer 130 im 1. OG des Rathauses vorbeischauen. Ansonsten erreichen Sie Herrn Dietz telefonisch unter 06235 4554816 oder per E-Mail an <a href=\"rf-beauftragter@schifferstadt.de\">rf-beauftragter@schifferstadt.de<\/a>. <\/p>\n\n\n\n<p><em>Stadtverwaltung Schifferstadt<br>14.08.2019<\/em><\/p>\n\n\n\n<h2 class=\"wp-block-heading\"><strong>\u201eDie 49ziger\u201c \u2013 Musik in der Adlerstube<\/strong><\/h2>\n\n\n\n<p>Am <strong>Dienstag, 20. August<\/strong>, ab 14 Uhr, gastiert das Trio \u201eDie 49ziger\u201c in der Adlerstube, Kirchenstra\u00dfe 17. Beliebte Lieder und alte Schlager werden zu h\u00f6ren sein. Alle Seniorinnen und Senioren sind zu diesem Nachmittag herzlich eingeladen. <\/p>\n\n\n\n<p><em>Stadtverwaltung Schifferstadt<br>14.08.2019<\/em><\/p>\n\n\n\n<h2 class=\"wp-block-heading\"><strong>Gebrauchte M\u00f6bel abzugeben<\/strong><\/h2>\n\n\n\n<p>St\u00fchle, Tische, Betten und Einzelbetten, Wohn- und Schlafzimmerschr\u00e4nke \u2013 der gemeinn\u00fctzige Verein f\u00fcr Fl\u00fcchtlingshilfe in Schifferstadt, Team 31 e.V., bietet B\u00fcrgerinnen und B\u00fcrger, die Sozialleistungen wie Grundsicherung, Hilfe zum Lebensunterhalt oder Job-Center-Leistungen erhalten, gut erhaltene M\u00f6bel an. Wer Bedarf und Interesse hat, kann sich an die Stadtverwaltung Schifferstadt unter den Telefonnummern 06235 44-320 oder 06235 44-323 wenden.<\/p>\n\n\n\n<p><em>Stadtverwaltung Schifferstadt<br>14.08.2019<\/em><\/p>\n","protected":false},"excerpt":{"rendered":"<div class=\"mh-excerpt\"><p>Volkshochschulkurse \/ VHS: T&#8217;ai Chi Ch&#8217;uan f\u00fcr Interessierte mit Grundkenntnissen Am Samstag, 17. August beginnt um 10:15 Uhr der Kurs \u201eT&#8217;ai Chi Ch&#8217;uan\u201c (Taijiquan) f\u00fcr Interessierte mit Grundkenntnissen im Gymnastikraum des Schifferstadter vhs-Bildungszentrums, Neust\u00fcckweg 2. <a class=\"mh-excerpt-more\" href=\"https:\/\/speyer24news.com\/?p=17799\" title=\"Schifferstadt:\">[&#8230;]<\/a><\/p>\n<\/div>","protected":false},"author":3,"featured_media":0,"comment_status":"open","ping_status":"open","sticky":false,"template":"","format":"standard","meta":{"_monsterinsights_skip_tracking":false,"_monsterinsights_sitenote_active":false,"_monsterinsights_sitenote_note":"","_monsterinsights_sitenote_category":0,"footnotes":""},"categories":[126],"tags":[1853,127,1221,1521,523,524,2582],"aioseo_notices":[],"amp_enabled":true,"_links":{"self":[{"href":"https:\/\/speyer24news.com\/index.php?rest_route=\/wp\/v2\/posts\/17799"}],"collection":[{"href":"https:\/\/speyer24news.com\/index.php?rest_route=\/wp\/v2\/posts"}],"about":[{"href":"https:\/\/speyer24news.com\/index.php?rest_route=\/wp\/v2\/types\/post"}],"author":[{"embeddable":true,"href":"https:\/\/speyer24news.com\/index.php?rest_route=\/wp\/v2\/users\/3"}],"replies":[{"embeddable":true,"href":"https:\/\/speyer24news.com\/index.php?rest_route=%2Fwp%2Fv2%2Fcomments&post=17799"}],"version-history":[{"count":3,"href":"https:\/\/speyer24news.com\/index.php?rest_route=\/wp\/v2\/posts\/17799\/revisions"}],"predecessor-version":[{"id":17925,"href":"https:\/\/speyer24news.com\/index.php?rest_route=\/wp\/v2\/posts\/17799\/revisions\/17925"}],"wp:attachment":[{"href":"https:\/\/speyer24news.com\/index.php?rest_route=%2Fwp%2Fv2%2Fmedia&parent=17799"}],"wp:term":[{"taxonomy":"category","embeddable":true,"href":"https:\/\/speyer24news.com\/index.php?rest_route=%2Fwp%2Fv2%2Fcategories&post=17799"},{"taxonomy":"post_tag","embeddable":true,"href":"https:\/\/speyer24news.com\/index.php?rest_route=%2Fwp%2Fv2%2Ftags&post=17799"}],"curies":[{"name":"wp","href":"https:\/\/api.w.org\/{rel}","templated":true}]}}